{"id":6324,"date":"2018-10-07T17:27:53","date_gmt":"2018-10-07T17:27:53","guid":{"rendered":"http:\/\/quehacerpolitico.mx\/grupos-especial-de-la-sspcdmx-vigilara-parques-de-benito-juarez\/"},"modified":"2018-10-07T17:27:53","modified_gmt":"2018-10-07T17:27:53","slug":"grupos-especial-de-la-sspcdmx-vigilara-parques-de-benito-juarez","status":"publish","type":"post","link":"https:\/\/quehacerpolitico.mx\/?p=6324","title":{"rendered":"Grupos especial de la SSPCDMX vigilar\u00e1 parques de Benito Ju\u00e1rez"},"content":{"rendered":"<p>La alcald\u00eda de Benito Ju\u00e1rez contar\u00e1 con un grupos especial de la Secretar\u00eda de Seguridad P\u00fablica de la Ciudad de M\u00e9xico (SSPCDMX), el cual reforzar\u00e1 zonas estrat\u00e9gicas como el <strong>Parque de los Venados, Parque Hundido<\/strong> y los <strong>\u00c1lamos.<\/strong><\/p>\n<p>Santiago Taboada, alcalde de la demarcaci\u00f3n, y Raymundo Collins Flores, titular de la SSPCDMX, pusieron en marcha el dispositivo.<\/p>\n<p>Detallaron que los agentes se integrar\u00e1n a los lugares referidos, y se podr\u00e1 reconocer a cada <strong>oficial<\/strong> porque portar\u00e1n un distintivo que los identifique como parte de la seguridad p\u00fablica de cada zona.<\/p>\n<p>Tambi\u00e9n se designar\u00e1 una gr\u00faa para evitar la obstrucci\u00f3n de espacios, as\u00ed como evitar veh\u00edculos abandonados en \u00e1reas comunes garantizando un mejor tr\u00e1nsito.<\/p>\n<p><img loading=\"lazy\" decoding=\"async\" class=\"alignnone size-full wp-image-251662\" src=\"https:\/\/elbigdata.mx\/wp-content\/uploads\/2018\/10\/WhatsApp-Image-2018-10-05-at-7.43.30-PM-3.jpeg\" sizes=\"auto, (max-width: 1280px) 100vw, 1280px\" srcset=\"https:\/\/elbigdata.mx\/wp-content\/uploads\/2018\/10\/WhatsApp-Image-2018-10-05-at-7.43.30-PM-3.jpeg 1280w, https:\/\/elbigdata.mx\/wp-content\/uploads\/2018\/10\/WhatsApp-Image-2018-10-05-at-7.43.30-PM-3-300x200.jpeg 300w, https:\/\/elbigdata.mx\/wp-content\/uploads\/2018\/10\/WhatsApp-Image-2018-10-05-at-7.43.30-PM-3-768x512.jpeg 768w, https:\/\/elbigdata.mx\/wp-content\/uploads\/2018\/10\/WhatsApp-Image-2018-10-05-at-7.43.30-PM-3-1024x682.jpeg 1024w\" alt=\"\" width=\"1280\" height=\"853\" data-cfsrc=\"https:\/\/elbigdata.mx\/wp-content\/uploads\/2018\/10\/WhatsApp-Image-2018-10-05-at-7.43.30-PM-3.jpeg\" \/><\/p>\n","protected":false},"excerpt":{"rendered":"<p>Grupos especial de la SSPCDMX vigilar\u00e1 parques de Benito Ju\u00e1rez<br \/>\nPor Redacci\u00f3n QP<\/p>\n","protected":false},"author":2,"featured_media":6323,"comment_status":"open","ping_status":"open","sticky":false,"template":"","format":"standard","meta":{"_monsterinsights_skip_tracking":false,"_monsterinsights_sitenote_active":false,"_monsterinsights_sitenote_note":"","_monsterinsights_sitenote_category":0,"footnotes":""},"categories":[55],"tags":[],"class_list":["post-6324","post","type-post","status-publish","format-standard","has-post-thumbnail","hentry","category-cdmx"],"yoast_head":"<!-- This site is optimized with the Yoast SEO plugin v27.3 - https:\/\/yoast.com\/product\/yoast-seo-wordpress\/ -->\n<title>Grupos especial de la SSPCDMX vigilar\u00e1 parques de Benito Ju\u00e1rez -<\/title>\n<meta name=\"robots\" content=\"index, follow, max-snippet:-1, max-image-preview:large, max-video-preview:-1\" \/>\n<link rel=\"canonical\" href=\"https:\/\/quehacerpolitico.mx\/?p=6324\" \/>\n<meta property=\"og:locale\" content=\"es_MX\" \/>\n<meta property=\"og:type\" content=\"article\" \/>\n<meta property=\"og:title\" content=\"Grupos especial de la SSPCDMX vigilar\u00e1 parques de Benito Ju\u00e1rez -\" \/>\n<meta property=\"og:description\" content=\"Grupos especial de la SSPCDMX vigilar\u00e1 parques de Benito Ju\u00e1rez Por Redacci\u00f3n QP\" \/>\n<meta property=\"og:url\" content=\"https:\/\/quehacerpolitico.mx\/?p=6324\" \/>\n<meta property=\"article:published_time\" content=\"2018-10-07T17:27:53+00:00\" \/>\n<meta name=\"author\" content=\"Redacci\u00f3n QP\" \/>\n<meta name=\"twitter:card\" content=\"summary_large_image\" \/>\n<meta name=\"twitter:label1\" content=\"Escrito por\" \/>\n\t<meta name=\"twitter:data1\" content=\"Redacci\u00f3n QP\" \/>\n\t<meta name=\"twitter:label2\" content=\"Tiempo de lectura\" \/>\n\t<meta name=\"twitter:data2\" content=\"1 minuto\" \/>\n<script type=\"application\/ld+json\" class=\"yoast-schema-graph\">{\"@context\":\"https:\\\/\\\/schema.org\",\"@graph\":[{\"@type\":\"Article\",\"@id\":\"https:\\\/\\\/quehacerpolitico.mx\\\/?p=6324#article\",\"isPartOf\":{\"@id\":\"https:\\\/\\\/quehacerpolitico.mx\\\/?p=6324\"},\"author\":{\"name\":\"Redacci\u00f3n QP\",\"@id\":\"https:\\\/\\\/quehacerpolitico.mx\\\/#\\\/schema\\\/person\\\/496d8ad2d1d3f8036101dca7ee39e585\"},\"headline\":\"Grupos especial de la SSPCDMX vigilar\u00e1 parques de Benito Ju\u00e1rez\",\"datePublished\":\"2018-10-07T17:27:53+00:00\",\"mainEntityOfPage\":{\"@id\":\"https:\\\/\\\/quehacerpolitico.mx\\\/?p=6324\"},\"wordCount\":139,\"commentCount\":0,\"image\":{\"@id\":\"https:\\\/\\\/quehacerpolitico.mx\\\/?p=6324#primaryimage\"},\"thumbnailUrl\":\"\",\"articleSection\":[\"CDMX\"],\"inLanguage\":\"es\",\"potentialAction\":[{\"@type\":\"CommentAction\",\"name\":\"Comment\",\"target\":[\"https:\\\/\\\/quehacerpolitico.mx\\\/?p=6324#respond\"]}]},{\"@type\":\"WebPage\",\"@id\":\"https:\\\/\\\/quehacerpolitico.mx\\\/?p=6324\",\"url\":\"https:\\\/\\\/quehacerpolitico.mx\\\/?p=6324\",\"name\":\"Grupos especial de la SSPCDMX vigilar\u00e1 parques de Benito Ju\u00e1rez -\",\"isPartOf\":{\"@id\":\"https:\\\/\\\/quehacerpolitico.mx\\\/#website\"},\"primaryImageOfPage\":{\"@id\":\"https:\\\/\\\/quehacerpolitico.mx\\\/?p=6324#primaryimage\"},\"image\":{\"@id\":\"https:\\\/\\\/quehacerpolitico.mx\\\/?p=6324#primaryimage\"},\"thumbnailUrl\":\"\",\"datePublished\":\"2018-10-07T17:27:53+00:00\",\"author\":{\"@id\":\"https:\\\/\\\/quehacerpolitico.mx\\\/#\\\/schema\\\/person\\\/496d8ad2d1d3f8036101dca7ee39e585\"},\"breadcrumb\":{\"@id\":\"https:\\\/\\\/quehacerpolitico.mx\\\/?p=6324#breadcrumb\"},\"inLanguage\":\"es\",\"potentialAction\":[{\"@type\":\"ReadAction\",\"target\":[\"https:\\\/\\\/quehacerpolitico.mx\\\/?p=6324\"]}]},{\"@type\":\"ImageObject\",\"inLanguage\":\"es\",\"@id\":\"https:\\\/\\\/quehacerpolitico.mx\\\/?p=6324#primaryimage\",\"url\":\"\",\"contentUrl\":\"\"},{\"@type\":\"BreadcrumbList\",\"@id\":\"https:\\\/\\\/quehacerpolitico.mx\\\/?p=6324#breadcrumb\",\"itemListElement\":[{\"@type\":\"ListItem\",\"position\":1,\"name\":\"Inicio\",\"item\":\"https:\\\/\\\/quehacerpolitico.mx\\\/\"},{\"@type\":\"ListItem\",\"position\":2,\"name\":\"Grupos especial de la SSPCDMX vigilar\u00e1 parques de Benito Ju\u00e1rez\"}]},{\"@type\":\"WebSite\",\"@id\":\"https:\\\/\\\/quehacerpolitico.mx\\\/#website\",\"url\":\"https:\\\/\\\/quehacerpolitico.mx\\\/\",\"name\":\"\",\"description\":\"\",\"potentialAction\":[{\"@type\":\"SearchAction\",\"target\":{\"@type\":\"EntryPoint\",\"urlTemplate\":\"https:\\\/\\\/quehacerpolitico.mx\\\/?s={search_term_string}\"},\"query-input\":{\"@type\":\"PropertyValueSpecification\",\"valueRequired\":true,\"valueName\":\"search_term_string\"}}],\"inLanguage\":\"es\"},{\"@type\":\"Person\",\"@id\":\"https:\\\/\\\/quehacerpolitico.mx\\\/#\\\/schema\\\/person\\\/496d8ad2d1d3f8036101dca7ee39e585\",\"name\":\"Redacci\u00f3n QP\",\"image\":{\"@type\":\"ImageObject\",\"inLanguage\":\"es\",\"@id\":\"https:\\\/\\\/secure.gravatar.com\\\/avatar\\\/c7164ed6fdec453195284ad24a5ae5b6e1eed2b848477fa2a4787ba9adf39a41?s=96&d=mm&r=g\",\"url\":\"https:\\\/\\\/secure.gravatar.com\\\/avatar\\\/c7164ed6fdec453195284ad24a5ae5b6e1eed2b848477fa2a4787ba9adf39a41?s=96&d=mm&r=g\",\"contentUrl\":\"https:\\\/\\\/secure.gravatar.com\\\/avatar\\\/c7164ed6fdec453195284ad24a5ae5b6e1eed2b848477fa2a4787ba9adf39a41?s=96&d=mm&r=g\",\"caption\":\"Redacci\u00f3n QP\"},\"url\":\"https:\\\/\\\/quehacerpolitico.mx\\\/?author=2\"}]}<\/script>\n<!-- \/ Yoast SEO plugin. -->","yoast_head_json":{"title":"Grupos especial de la SSPCDMX vigilar\u00e1 parques de Benito Ju\u00e1rez -","robots":{"index":"index","follow":"follow","max-snippet":"max-snippet:-1","max-image-preview":"max-image-preview:large","max-video-preview":"max-video-preview:-1"},"canonical":"https:\/\/quehacerpolitico.mx\/?p=6324","og_locale":"es_MX","og_type":"article","og_title":"Grupos especial de la SSPCDMX vigilar\u00e1 parques de Benito Ju\u00e1rez -","og_description":"Grupos especial de la SSPCDMX vigilar\u00e1 parques de Benito Ju\u00e1rez Por Redacci\u00f3n QP","og_url":"https:\/\/quehacerpolitico.mx\/?p=6324","article_published_time":"2018-10-07T17:27:53+00:00","author":"Redacci\u00f3n QP","twitter_card":"summary_large_image","twitter_misc":{"Escrito por":"Redacci\u00f3n QP","Tiempo de lectura":"1 minuto"},"schema":{"@context":"https:\/\/schema.org","@graph":[{"@type":"Article","@id":"https:\/\/quehacerpolitico.mx\/?p=6324#article","isPartOf":{"@id":"https:\/\/quehacerpolitico.mx\/?p=6324"},"author":{"name":"Redacci\u00f3n QP","@id":"https:\/\/quehacerpolitico.mx\/#\/schema\/person\/496d8ad2d1d3f8036101dca7ee39e585"},"headline":"Grupos especial de la SSPCDMX vigilar\u00e1 parques de Benito Ju\u00e1rez","datePublished":"2018-10-07T17:27:53+00:00","mainEntityOfPage":{"@id":"https:\/\/quehacerpolitico.mx\/?p=6324"},"wordCount":139,"commentCount":0,"image":{"@id":"https:\/\/quehacerpolitico.mx\/?p=6324#primaryimage"},"thumbnailUrl":"","articleSection":["CDMX"],"inLanguage":"es","potentialAction":[{"@type":"CommentAction","name":"Comment","target":["https:\/\/quehacerpolitico.mx\/?p=6324#respond"]}]},{"@type":"WebPage","@id":"https:\/\/quehacerpolitico.mx\/?p=6324","url":"https:\/\/quehacerpolitico.mx\/?p=6324","name":"Grupos especial de la SSPCDMX vigilar\u00e1 parques de Benito Ju\u00e1rez -","isPartOf":{"@id":"https:\/\/quehacerpolitico.mx\/#website"},"primaryImageOfPage":{"@id":"https:\/\/quehacerpolitico.mx\/?p=6324#primaryimage"},"image":{"@id":"https:\/\/quehacerpolitico.mx\/?p=6324#primaryimage"},"thumbnailUrl":"","datePublished":"2018-10-07T17:27:53+00:00","author":{"@id":"https:\/\/quehacerpolitico.mx\/#\/schema\/person\/496d8ad2d1d3f8036101dca7ee39e585"},"breadcrumb":{"@id":"https:\/\/quehacerpolitico.mx\/?p=6324#breadcrumb"},"inLanguage":"es","potentialAction":[{"@type":"ReadAction","target":["https:\/\/quehacerpolitico.mx\/?p=6324"]}]},{"@type":"ImageObject","inLanguage":"es","@id":"https:\/\/quehacerpolitico.mx\/?p=6324#primaryimage","url":"","contentUrl":""},{"@type":"BreadcrumbList","@id":"https:\/\/quehacerpolitico.mx\/?p=6324#breadcrumb","itemListElement":[{"@type":"ListItem","position":1,"name":"Inicio","item":"https:\/\/quehacerpolitico.mx\/"},{"@type":"ListItem","position":2,"name":"Grupos especial de la SSPCDMX vigilar\u00e1 parques de Benito Ju\u00e1rez"}]},{"@type":"WebSite","@id":"https:\/\/quehacerpolitico.mx\/#website","url":"https:\/\/quehacerpolitico.mx\/","name":"","description":"","potentialAction":[{"@type":"SearchAction","target":{"@type":"EntryPoint","urlTemplate":"https:\/\/quehacerpolitico.mx\/?s={search_term_string}"},"query-input":{"@type":"PropertyValueSpecification","valueRequired":true,"valueName":"search_term_string"}}],"inLanguage":"es"},{"@type":"Person","@id":"https:\/\/quehacerpolitico.mx\/#\/schema\/person\/496d8ad2d1d3f8036101dca7ee39e585","name":"Redacci\u00f3n QP","image":{"@type":"ImageObject","inLanguage":"es","@id":"https:\/\/secure.gravatar.com\/avatar\/c7164ed6fdec453195284ad24a5ae5b6e1eed2b848477fa2a4787ba9adf39a41?s=96&d=mm&r=g","url":"https:\/\/secure.gravatar.com\/avatar\/c7164ed6fdec453195284ad24a5ae5b6e1eed2b848477fa2a4787ba9adf39a41?s=96&d=mm&r=g","contentUrl":"https:\/\/secure.gravatar.com\/avatar\/c7164ed6fdec453195284ad24a5ae5b6e1eed2b848477fa2a4787ba9adf39a41?s=96&d=mm&r=g","caption":"Redacci\u00f3n QP"},"url":"https:\/\/quehacerpolitico.mx\/?author=2"}]}},"featured_image_urls":{"full":"","thumbnail":"","medium":"","medium_large":"","large":"","1536x1536":"","2048x2048":"","covernews-featured":"","covernews-medium":""},"author_info":{"display_name":"Redacci\u00f3n QP","author_link":"https:\/\/quehacerpolitico.mx\/?author=2"},"category_info":"<a href=\"https:\/\/quehacerpolitico.mx\/?cat=55\" rel=\"category\">CDMX<\/a>","tag_info":"CDMX","comment_count":"0","_links":{"self":[{"href":"https:\/\/quehacerpolitico.mx\/index.php?rest_route=\/wp\/v2\/posts\/6324","targetHints":{"allow":["GET"]}}],"collection":[{"href":"https:\/\/quehacerpolitico.mx\/index.php?rest_route=\/wp\/v2\/posts"}],"about":[{"href":"https:\/\/quehacerpolitico.mx\/index.php?rest_route=\/wp\/v2\/types\/post"}],"author":[{"embeddable":true,"href":"https:\/\/quehacerpolitico.mx\/index.php?rest_route=\/wp\/v2\/users\/2"}],"replies":[{"embeddable":true,"href":"https:\/\/quehacerpolitico.mx\/index.php?rest_route=%2Fwp%2Fv2%2Fcomments&post=6324"}],"version-history":[{"count":0,"href":"https:\/\/quehacerpolitico.mx\/index.php?rest_route=\/wp\/v2\/posts\/6324\/revisions"}],"wp:featuredmedia":[{"embeddable":true,"href":"https:\/\/quehacerpolitico.mx\/index.php?rest_route=\/"}],"wp:attachment":[{"href":"https:\/\/quehacerpolitico.mx\/index.php?rest_route=%2Fwp%2Fv2%2Fmedia&parent=6324"}],"wp:term":[{"taxonomy":"category","embeddable":true,"href":"https:\/\/quehacerpolitico.mx\/index.php?rest_route=%2Fwp%2Fv2%2Fcategories&post=6324"},{"taxonomy":"post_tag","embeddable":true,"href":"https:\/\/quehacerpolitico.mx\/index.php?rest_route=%2Fwp%2Fv2%2Ftags&post=6324"}],"curies":[{"name":"wp","href":"https:\/\/api.w.org\/{rel}","templated":true}]}}