{"id":6316,"date":"2018-10-07T16:48:48","date_gmt":"2018-10-07T16:48:48","guid":{"rendered":"http:\/\/quehacerpolitico.mx\/vecinos-amigos-y-familiares-de-victimas-de-feminicidas-seriales-convocan-a-marcha-en-ecatepec\/"},"modified":"2018-10-07T16:48:48","modified_gmt":"2018-10-07T16:48:48","slug":"vecinos-amigos-y-familiares-de-victimas-de-feminicidas-seriales-convocan-a-marcha-en-ecatepec","status":"publish","type":"post","link":"https:\/\/quehacerpolitico.mx\/?p=6316","title":{"rendered":"Vecinos, amigos y familiares de v\u00edctimas de feminicidas seriales convocan a marcha en Ecatepec"},"content":{"rendered":"<h3>A trav\u00e9s de redes sociales, los organizadores hicieron un llamado para que la gente acuda vistiendo ropa blanca, flores y veladoras en punto de las 17:00 horas de la tarde en las primeras V\u00edas del Chedraui en Jardines de Morelos.<\/h3>\n<h3>Los organizadores tambi\u00e9n pidieron que la gente lleve cartulinas con las leyendas, #NiUnaM\u00e1s\u00a0#FeminicidioEmergenciaNacional\u00a0#Justicia# ExigimosMasSeguridad.<\/h3>\n<p>Luego del hallazgo de restos de varias mujeres desaparecidas en una casa de la colonia <strong>Jardines de Morelos<\/strong>, en Ecatepec, Estado de M\u00e9xico,\u00a0<strong>vecinos y familiares de las v\u00edctimas<\/strong> convocaron una marcha este domingo en protesta contra los <strong>feminicidios y desapariciones<\/strong> de los \u00faltimos d\u00edas en la zona.<\/p>\n<p>A trav\u00e9s de redes sociales, un grupo indic\u00f3 que\u00a0 saldr\u00e1 en punto de las 16:00 horas de la explanada de Ecatepec.<\/p>\n<p>Familiares y amigos hicieron un llamado para que la gente acuda vistiendo ropa blanca, flores y veladoras en punto de las 17:00 horas de la tarde en las primeras v\u00edas del Chedraui en Jardines de Morelos.<\/p>\n<p>Se estima que a las 17:20 la marcha comience y avance hasta llegar a la esquina con\u00a0la calle de Playa Pie de la Cuesta. Ah\u00ed, guardara un minuto de silencio por las v\u00edctimas y posteriormente gritar\u00e1n por un minuto \u00a1Justicia!.<\/p>\n<p>Los organizadores tambien pidieron que la gente lleve cartulinas con las leyendas, #NiUnaM\u00e1s\u00a0#FeminicidioEmergenciaNacional\u00a0#Justicia# ExigimosMasSeguridad.<\/p>\n<p>\u201cPedimos tu apoyo para que esto no siga sucediendo, luchemos por una colonia m\u00e1s segura, y sobre todo apoyemos a las familias que en este momento est\u00e1n pasando un dif\u00edcil momento\u201d.<\/p>\n<p>Despu\u00e9s de que se localizaran\u00a0restos de mujeres desaparecidas\u00a0en un domicilio de Ecatepec, Estado de M\u00e9xico, autoridades\u00a0informaron ayer sobre la detenci\u00f3n de un\u00a0hombre y una mujer, quienes habr\u00edan asesinado a al menos 10 mujeres y que\u00a0trasladaba sus restos\u00a0en una carriola.<\/p>\n<p>Luego de una serie de investigaciones derivadas de las desapariciones de tres j\u00f3venes\u00a0madres solteras en la colonia Jardines de Morelos, autoridades dieron con un domicilio en calle Playa de la Cuesta, donde vieron a quienes fueron identificados como Juan Carlos \u2018\u2018N\u2019\u2019 y Patricia \u2018\u2018N\u2019\u2019.<\/p>\n<p>\u2018\u2018Ambos son investigados por su participaci\u00f3n en al menos 10 feminicidios. Las investigaciones parten del reporte de la desaparici\u00f3n de 3 mujeres en el municipio de Ecatepec en los meses de julio, abril y septiembre del presente a\u00f1o\u2019\u2019, se\u00f1al\u00f3 el Fiscal del Estado de M\u00e9xico.<\/p>\n<p>\u2018\u2018Las tres mujeres con reporte de desaparici\u00f3n habr\u00edan tenido alg\u00fan tipo de relaci\u00f3n con esta pareja. Ello nos llev\u00f3 a la ubicaci\u00f3n de un domicilio en el que se puso la vigilancia correspondiente\u2019\u2019, indic\u00f3.<\/p>\n<p>En el domicilio que ubicaron, los agentes se dieron cuenta\u00a0que los ahora detenidos llevaban una carriola, y al revisarla notaron que trasladaban restos humanos de mujeres descuartizadas.<\/p>\n<p>Una vez detenidos, los implicados afirmaron que trasladaban los restos a un predio cercano, el cual fue cateado. En la zona se encontraron m\u00e1s partes de cuerpos, al parecer pertenecientes a m\u00e1s mujeres desaparecidas.<\/p>\n<p>Asimismo, dijeron que en al menos dos predios m\u00e1s depositaron restos, los cuales ya son registrados por autoridades para su identificaci\u00f3n.<\/p>\n<p>Tambi\u00e9n a\u00f1adieron que estas personas, quienes son pareja, entregaron al hijo de una de las asesinadas a cambio de una cantidad de dinero a otras dos personas que ya son investigadas; la menor ya se encuentra con su familia.<\/p>\n<p>Una vez en el Ministerio P\u00fablico, el hombre asegur\u00f3 que particip\u00f3 en al menos 10 feminicidios en la misma zona, por lo cual permanecer\u00e1n en custodia en espera de que las investigaciones terminen y su situaci\u00f3n legal sea definida.<\/p>\n","protected":false},"excerpt":{"rendered":"<p>Vecinos, amigos y familiares de v\u00edctimas de feminicidas seriales convocan a marcha en Ecatepec<br \/>\nPor Redacci\u00f3n QP<\/p>\n","protected":false},"author":2,"featured_media":6315,"comment_status":"open","ping_status":"open","sticky":false,"template":"","format":"standard","meta":{"_monsterinsights_skip_tracking":false,"_monsterinsights_sitenote_active":false,"_monsterinsights_sitenote_note":"","_monsterinsights_sitenote_category":0,"footnotes":""},"categories":[2],"tags":[],"class_list":["post-6316","post","type-post","status-publish","format-standard","has-post-thumbnail","hentry","category-noticias"],"yoast_head":"<!-- This site is optimized with the Yoast SEO plugin v27.3 - https:\/\/yoast.com\/product\/yoast-seo-wordpress\/ -->\n<title>Vecinos, amigos y familiares de v\u00edctimas de feminicidas seriales convocan a marcha en Ecatepec -<\/title>\n<meta name=\"robots\" content=\"index, follow, max-snippet:-1, max-image-preview:large, max-video-preview:-1\" \/>\n<link rel=\"canonical\" href=\"https:\/\/quehacerpolitico.mx\/?p=6316\" \/>\n<meta property=\"og:locale\" content=\"es_MX\" \/>\n<meta property=\"og:type\" content=\"article\" \/>\n<meta property=\"og:title\" content=\"Vecinos, amigos y familiares de v\u00edctimas de feminicidas seriales convocan a marcha en Ecatepec -\" \/>\n<meta property=\"og:description\" content=\"Vecinos, amigos y familiares de v\u00edctimas de feminicidas seriales convocan a marcha en Ecatepec Por Redacci\u00f3n QP\" \/>\n<meta property=\"og:url\" content=\"https:\/\/quehacerpolitico.mx\/?p=6316\" \/>\n<meta property=\"article:published_time\" content=\"2018-10-07T16:48:48+00:00\" \/>\n<meta name=\"author\" content=\"Redacci\u00f3n QP\" \/>\n<meta name=\"twitter:card\" content=\"summary_large_image\" \/>\n<meta name=\"twitter:label1\" content=\"Escrito por\" \/>\n\t<meta name=\"twitter:data1\" content=\"Redacci\u00f3n QP\" \/>\n\t<meta name=\"twitter:label2\" content=\"Tiempo de lectura\" \/>\n\t<meta name=\"twitter:data2\" content=\"3 minutos\" \/>\n<script type=\"application\/ld+json\" class=\"yoast-schema-graph\">{\"@context\":\"https:\\\/\\\/schema.org\",\"@graph\":[{\"@type\":\"Article\",\"@id\":\"https:\\\/\\\/quehacerpolitico.mx\\\/?p=6316#article\",\"isPartOf\":{\"@id\":\"https:\\\/\\\/quehacerpolitico.mx\\\/?p=6316\"},\"author\":{\"name\":\"Redacci\u00f3n QP\",\"@id\":\"https:\\\/\\\/quehacerpolitico.mx\\\/#\\\/schema\\\/person\\\/496d8ad2d1d3f8036101dca7ee39e585\"},\"headline\":\"Vecinos, amigos y familiares de v\u00edctimas de feminicidas seriales convocan a marcha en Ecatepec\",\"datePublished\":\"2018-10-07T16:48:48+00:00\",\"mainEntityOfPage\":{\"@id\":\"https:\\\/\\\/quehacerpolitico.mx\\\/?p=6316\"},\"wordCount\":625,\"commentCount\":0,\"image\":{\"@id\":\"https:\\\/\\\/quehacerpolitico.mx\\\/?p=6316#primaryimage\"},\"thumbnailUrl\":\"\",\"articleSection\":[\"Noticias\"],\"inLanguage\":\"es\",\"potentialAction\":[{\"@type\":\"CommentAction\",\"name\":\"Comment\",\"target\":[\"https:\\\/\\\/quehacerpolitico.mx\\\/?p=6316#respond\"]}]},{\"@type\":\"WebPage\",\"@id\":\"https:\\\/\\\/quehacerpolitico.mx\\\/?p=6316\",\"url\":\"https:\\\/\\\/quehacerpolitico.mx\\\/?p=6316\",\"name\":\"Vecinos, amigos y familiares de v\u00edctimas de feminicidas seriales convocan a marcha en Ecatepec -\",\"isPartOf\":{\"@id\":\"https:\\\/\\\/quehacerpolitico.mx\\\/#website\"},\"primaryImageOfPage\":{\"@id\":\"https:\\\/\\\/quehacerpolitico.mx\\\/?p=6316#primaryimage\"},\"image\":{\"@id\":\"https:\\\/\\\/quehacerpolitico.mx\\\/?p=6316#primaryimage\"},\"thumbnailUrl\":\"\",\"datePublished\":\"2018-10-07T16:48:48+00:00\",\"author\":{\"@id\":\"https:\\\/\\\/quehacerpolitico.mx\\\/#\\\/schema\\\/person\\\/496d8ad2d1d3f8036101dca7ee39e585\"},\"breadcrumb\":{\"@id\":\"https:\\\/\\\/quehacerpolitico.mx\\\/?p=6316#breadcrumb\"},\"inLanguage\":\"es\",\"potentialAction\":[{\"@type\":\"ReadAction\",\"target\":[\"https:\\\/\\\/quehacerpolitico.mx\\\/?p=6316\"]}]},{\"@type\":\"ImageObject\",\"inLanguage\":\"es\",\"@id\":\"https:\\\/\\\/quehacerpolitico.mx\\\/?p=6316#primaryimage\",\"url\":\"\",\"contentUrl\":\"\"},{\"@type\":\"BreadcrumbList\",\"@id\":\"https:\\\/\\\/quehacerpolitico.mx\\\/?p=6316#breadcrumb\",\"itemListElement\":[{\"@type\":\"ListItem\",\"position\":1,\"name\":\"Inicio\",\"item\":\"https:\\\/\\\/quehacerpolitico.mx\\\/\"},{\"@type\":\"ListItem\",\"position\":2,\"name\":\"Vecinos, amigos y familiares de v\u00edctimas de feminicidas seriales convocan a marcha en Ecatepec\"}]},{\"@type\":\"WebSite\",\"@id\":\"https:\\\/\\\/quehacerpolitico.mx\\\/#website\",\"url\":\"https:\\\/\\\/quehacerpolitico.mx\\\/\",\"name\":\"\",\"description\":\"\",\"potentialAction\":[{\"@type\":\"SearchAction\",\"target\":{\"@type\":\"EntryPoint\",\"urlTemplate\":\"https:\\\/\\\/quehacerpolitico.mx\\\/?s={search_term_string}\"},\"query-input\":{\"@type\":\"PropertyValueSpecification\",\"valueRequired\":true,\"valueName\":\"search_term_string\"}}],\"inLanguage\":\"es\"},{\"@type\":\"Person\",\"@id\":\"https:\\\/\\\/quehacerpolitico.mx\\\/#\\\/schema\\\/person\\\/496d8ad2d1d3f8036101dca7ee39e585\",\"name\":\"Redacci\u00f3n QP\",\"image\":{\"@type\":\"ImageObject\",\"inLanguage\":\"es\",\"@id\":\"https:\\\/\\\/secure.gravatar.com\\\/avatar\\\/c7164ed6fdec453195284ad24a5ae5b6e1eed2b848477fa2a4787ba9adf39a41?s=96&d=mm&r=g\",\"url\":\"https:\\\/\\\/secure.gravatar.com\\\/avatar\\\/c7164ed6fdec453195284ad24a5ae5b6e1eed2b848477fa2a4787ba9adf39a41?s=96&d=mm&r=g\",\"contentUrl\":\"https:\\\/\\\/secure.gravatar.com\\\/avatar\\\/c7164ed6fdec453195284ad24a5ae5b6e1eed2b848477fa2a4787ba9adf39a41?s=96&d=mm&r=g\",\"caption\":\"Redacci\u00f3n QP\"},\"url\":\"https:\\\/\\\/quehacerpolitico.mx\\\/?author=2\"}]}<\/script>\n<!-- \/ Yoast SEO plugin. -->","yoast_head_json":{"title":"Vecinos, amigos y familiares de v\u00edctimas de feminicidas seriales convocan a marcha en Ecatepec -","robots":{"index":"index","follow":"follow","max-snippet":"max-snippet:-1","max-image-preview":"max-image-preview:large","max-video-preview":"max-video-preview:-1"},"canonical":"https:\/\/quehacerpolitico.mx\/?p=6316","og_locale":"es_MX","og_type":"article","og_title":"Vecinos, amigos y familiares de v\u00edctimas de feminicidas seriales convocan a marcha en Ecatepec -","og_description":"Vecinos, amigos y familiares de v\u00edctimas de feminicidas seriales convocan a marcha en Ecatepec Por Redacci\u00f3n QP","og_url":"https:\/\/quehacerpolitico.mx\/?p=6316","article_published_time":"2018-10-07T16:48:48+00:00","author":"Redacci\u00f3n QP","twitter_card":"summary_large_image","twitter_misc":{"Escrito por":"Redacci\u00f3n QP","Tiempo de lectura":"3 minutos"},"schema":{"@context":"https:\/\/schema.org","@graph":[{"@type":"Article","@id":"https:\/\/quehacerpolitico.mx\/?p=6316#article","isPartOf":{"@id":"https:\/\/quehacerpolitico.mx\/?p=6316"},"author":{"name":"Redacci\u00f3n QP","@id":"https:\/\/quehacerpolitico.mx\/#\/schema\/person\/496d8ad2d1d3f8036101dca7ee39e585"},"headline":"Vecinos, amigos y familiares de v\u00edctimas de feminicidas seriales convocan a marcha en Ecatepec","datePublished":"2018-10-07T16:48:48+00:00","mainEntityOfPage":{"@id":"https:\/\/quehacerpolitico.mx\/?p=6316"},"wordCount":625,"commentCount":0,"image":{"@id":"https:\/\/quehacerpolitico.mx\/?p=6316#primaryimage"},"thumbnailUrl":"","articleSection":["Noticias"],"inLanguage":"es","potentialAction":[{"@type":"CommentAction","name":"Comment","target":["https:\/\/quehacerpolitico.mx\/?p=6316#respond"]}]},{"@type":"WebPage","@id":"https:\/\/quehacerpolitico.mx\/?p=6316","url":"https:\/\/quehacerpolitico.mx\/?p=6316","name":"Vecinos, amigos y familiares de v\u00edctimas de feminicidas seriales convocan a marcha en Ecatepec -","isPartOf":{"@id":"https:\/\/quehacerpolitico.mx\/#website"},"primaryImageOfPage":{"@id":"https:\/\/quehacerpolitico.mx\/?p=6316#primaryimage"},"image":{"@id":"https:\/\/quehacerpolitico.mx\/?p=6316#primaryimage"},"thumbnailUrl":"","datePublished":"2018-10-07T16:48:48+00:00","author":{"@id":"https:\/\/quehacerpolitico.mx\/#\/schema\/person\/496d8ad2d1d3f8036101dca7ee39e585"},"breadcrumb":{"@id":"https:\/\/quehacerpolitico.mx\/?p=6316#breadcrumb"},"inLanguage":"es","potentialAction":[{"@type":"ReadAction","target":["https:\/\/quehacerpolitico.mx\/?p=6316"]}]},{"@type":"ImageObject","inLanguage":"es","@id":"https:\/\/quehacerpolitico.mx\/?p=6316#primaryimage","url":"","contentUrl":""},{"@type":"BreadcrumbList","@id":"https:\/\/quehacerpolitico.mx\/?p=6316#breadcrumb","itemListElement":[{"@type":"ListItem","position":1,"name":"Inicio","item":"https:\/\/quehacerpolitico.mx\/"},{"@type":"ListItem","position":2,"name":"Vecinos, amigos y familiares de v\u00edctimas de feminicidas seriales convocan a marcha en Ecatepec"}]},{"@type":"WebSite","@id":"https:\/\/quehacerpolitico.mx\/#website","url":"https:\/\/quehacerpolitico.mx\/","name":"","description":"","potentialAction":[{"@type":"SearchAction","target":{"@type":"EntryPoint","urlTemplate":"https:\/\/quehacerpolitico.mx\/?s={search_term_string}"},"query-input":{"@type":"PropertyValueSpecification","valueRequired":true,"valueName":"search_term_string"}}],"inLanguage":"es"},{"@type":"Person","@id":"https:\/\/quehacerpolitico.mx\/#\/schema\/person\/496d8ad2d1d3f8036101dca7ee39e585","name":"Redacci\u00f3n QP","image":{"@type":"ImageObject","inLanguage":"es","@id":"https:\/\/secure.gravatar.com\/avatar\/c7164ed6fdec453195284ad24a5ae5b6e1eed2b848477fa2a4787ba9adf39a41?s=96&d=mm&r=g","url":"https:\/\/secure.gravatar.com\/avatar\/c7164ed6fdec453195284ad24a5ae5b6e1eed2b848477fa2a4787ba9adf39a41?s=96&d=mm&r=g","contentUrl":"https:\/\/secure.gravatar.com\/avatar\/c7164ed6fdec453195284ad24a5ae5b6e1eed2b848477fa2a4787ba9adf39a41?s=96&d=mm&r=g","caption":"Redacci\u00f3n QP"},"url":"https:\/\/quehacerpolitico.mx\/?author=2"}]}},"featured_image_urls":{"full":"","thumbnail":"","medium":"","medium_large":"","large":"","1536x1536":"","2048x2048":"","covernews-featured":"","covernews-medium":""},"author_info":{"display_name":"Redacci\u00f3n QP","author_link":"https:\/\/quehacerpolitico.mx\/?author=2"},"category_info":"<a href=\"https:\/\/quehacerpolitico.mx\/?cat=2\" rel=\"category\">Noticias<\/a>","tag_info":"Noticias","comment_count":"0","_links":{"self":[{"href":"https:\/\/quehacerpolitico.mx\/index.php?rest_route=\/wp\/v2\/posts\/6316","targetHints":{"allow":["GET"]}}],"collection":[{"href":"https:\/\/quehacerpolitico.mx\/index.php?rest_route=\/wp\/v2\/posts"}],"about":[{"href":"https:\/\/quehacerpolitico.mx\/index.php?rest_route=\/wp\/v2\/types\/post"}],"author":[{"embeddable":true,"href":"https:\/\/quehacerpolitico.mx\/index.php?rest_route=\/wp\/v2\/users\/2"}],"replies":[{"embeddable":true,"href":"https:\/\/quehacerpolitico.mx\/index.php?rest_route=%2Fwp%2Fv2%2Fcomments&post=6316"}],"version-history":[{"count":0,"href":"https:\/\/quehacerpolitico.mx\/index.php?rest_route=\/wp\/v2\/posts\/6316\/revisions"}],"wp:featuredmedia":[{"embeddable":true,"href":"https:\/\/quehacerpolitico.mx\/index.php?rest_route=\/"}],"wp:attachment":[{"href":"https:\/\/quehacerpolitico.mx\/index.php?rest_route=%2Fwp%2Fv2%2Fmedia&parent=6316"}],"wp:term":[{"taxonomy":"category","embeddable":true,"href":"https:\/\/quehacerpolitico.mx\/index.php?rest_route=%2Fwp%2Fv2%2Fcategories&post=6316"},{"taxonomy":"post_tag","embeddable":true,"href":"https:\/\/quehacerpolitico.mx\/index.php?rest_route=%2Fwp%2Fv2%2Ftags&post=6316"}],"curies":[{"name":"wp","href":"https:\/\/api.w.org\/{rel}","templated":true}]}}