{"id":6314,"date":"2018-10-07T16:42:56","date_gmt":"2018-10-07T16:42:56","guid":{"rendered":"http:\/\/quehacerpolitico.mx\/amlo-se-reune-con-el-gobernador-de-zacatecas-por-la-tarde-viajara-a-aguascalientes\/"},"modified":"2018-10-07T16:42:56","modified_gmt":"2018-10-07T16:42:56","slug":"amlo-se-reune-con-el-gobernador-de-zacatecas-por-la-tarde-viajara-a-aguascalientes","status":"publish","type":"post","link":"https:\/\/quehacerpolitico.mx\/?p=6314","title":{"rendered":"AMLO se re\u00fane con el Gobernador de Zacatecas; por la tarde viajar\u00e1 a Aguascalientes"},"content":{"rendered":"<h3>El Presidente electo viaj\u00f3 esta domingo a Zacatecas acompa\u00f1ado del coordinador de los Senadores de Morena y ex Gobernador de esa entidad, Ricardo Monreal; as\u00ed como del futuro Secretario de Comunicaciones y Transportes (SCT), Javier Jim\u00e9nez Spri\u00fa.<\/h3>\n<p>El Presidente electo, <strong>Andr\u00e9s Manuel L\u00f3pez Obrador<\/strong>, se <strong>re\u00fane<\/strong> esta ma\u00f1ana con el <strong>Gobernador de Zacatecas<\/strong>, Alejandro Tello.<\/p>\n<p>A trav\u00e9s de su cuenta de Twitter, Tello inform\u00f3 que durante el encuentro presentar\u00e1 a L\u00f3pez Obrador las principales necesidades y proyectos del estado.<\/p>\n<blockquote>\n<p>\u201cHoy tenemos un compromiso compartido y #Zacatecas debe ser nuestra prioridad, le estar\u00e9 presentando las principales necesidades y proyectos para los pr\u00f3ximos a\u00f1os al Presidente Electo @lopezobrador_\u201d, escribi\u00f3.<\/p>\n<p>Se prev\u00e9 que al finalizar el encuentro, L\u00f3pez Obrador encabece un mitin en Zacatecas y luego, por la tarde, se traslade a Aguascalientes.<\/p>\n<p>El Presidente electo viaj\u00f3 esta domingo a Zacatecas acompa\u00f1ado del coordinador de los Senadores de Morena y ex Gobernador de esa entidad, Ricardo Monreal; as\u00ed como del futuro Secretario de Comunicaciones y Transportes (SCT), Javier Jim\u00e9nez Spri\u00fa.<\/p>\n<p>Antes de su encuentro con el Gobernador Tello, L\u00f3pez Obrador y sus acompa\u00f1antes desayunaron gorditas en el restaurante Las Cazuelas en ese estado, de acuerdo con unas fotograf\u00edas que comparti\u00f3 el Senador Monreal.<\/p>\n<blockquote class=\"twitter-tweet\" data-width=\"550\" data-dnt=\"true\">\n<p lang=\"es\" dir=\"ltr\">Antes del evento de agradecimiento de <a href=\"https:\/\/twitter.com\/hashtag\/AMLO?src=hash&amp;ref_src=twsrc%5Etfw\">#AMLO<\/a>, desayunamos unas ricas gorditas en \u201cLas Cazuelas\u201d, visita que se ha vuelto obligada cada vez que acudimos a <a href=\"https:\/\/twitter.com\/hashtag\/Zacatecas?src=hash&amp;ref_src=twsrc%5Etfw\">#Zacatecas<\/a>. Gracias por sus atenciones, Ramona Ibarra y Juan Jos\u00e9 Mac\u00edas, due\u00f1os del lugar. <a href=\"https:\/\/t.co\/oKo6Qn1Tha\">pic.twitter.com\/oKo6Qn1Tha<\/a><\/p>\n<p>&mdash; Ricardo Monreal A. (@RicardoMonrealA) <a href=\"https:\/\/twitter.com\/RicardoMonrealA\/status\/1048930929555779584?ref_src=twsrc%5Etfw\">October 7, 2018<\/a><\/p><\/blockquote>\n<p><script async src=\"https:\/\/platform.twitter.com\/widgets.js\" charset=\"utf-8\"><\/script><\/p>\n<p>\u00a0<\/p>\n<\/blockquote>\n","protected":false},"excerpt":{"rendered":"<p>AMLO se re\u00fane con el Gobernador de Zacatecas; por la tarde viajar\u00e1 a Aguascalientes<br \/>\nPor Redacci\u00f3n QP<\/p>\n","protected":false},"author":2,"featured_media":6313,"comment_status":"open","ping_status":"open","sticky":false,"template":"","format":"standard","meta":{"_monsterinsights_skip_tracking":false,"_monsterinsights_sitenote_active":false,"_monsterinsights_sitenote_note":"","_monsterinsights_sitenote_category":0,"footnotes":""},"categories":[2],"tags":[],"class_list":["post-6314","post","type-post","status-publish","format-standard","has-post-thumbnail","hentry","category-noticias"],"yoast_head":"<!-- This site is optimized with the Yoast SEO plugin v27.3 - https:\/\/yoast.com\/product\/yoast-seo-wordpress\/ -->\n<title>AMLO se re\u00fane con el Gobernador de Zacatecas; por la tarde viajar\u00e1 a Aguascalientes -<\/title>\n<meta name=\"robots\" content=\"index, follow, max-snippet:-1, max-image-preview:large, max-video-preview:-1\" \/>\n<link rel=\"canonical\" href=\"https:\/\/quehacerpolitico.mx\/?p=6314\" \/>\n<meta property=\"og:locale\" content=\"es_MX\" \/>\n<meta property=\"og:type\" content=\"article\" \/>\n<meta property=\"og:title\" content=\"AMLO se re\u00fane con el Gobernador de Zacatecas; por la tarde viajar\u00e1 a Aguascalientes -\" \/>\n<meta property=\"og:description\" content=\"AMLO se re\u00fane con el Gobernador de Zacatecas; por la tarde viajar\u00e1 a Aguascalientes Por Redacci\u00f3n QP\" \/>\n<meta property=\"og:url\" content=\"https:\/\/quehacerpolitico.mx\/?p=6314\" \/>\n<meta property=\"article:published_time\" content=\"2018-10-07T16:42:56+00:00\" \/>\n<meta name=\"author\" content=\"Redacci\u00f3n QP\" \/>\n<meta name=\"twitter:card\" content=\"summary_large_image\" \/>\n<meta name=\"twitter:label1\" content=\"Escrito por\" \/>\n\t<meta name=\"twitter:data1\" content=\"Redacci\u00f3n QP\" \/>\n\t<meta name=\"twitter:label2\" content=\"Tiempo de lectura\" \/>\n\t<meta name=\"twitter:data2\" content=\"1 minuto\" \/>\n<script type=\"application\/ld+json\" class=\"yoast-schema-graph\">{\"@context\":\"https:\\\/\\\/schema.org\",\"@graph\":[{\"@type\":\"Article\",\"@id\":\"https:\\\/\\\/quehacerpolitico.mx\\\/?p=6314#article\",\"isPartOf\":{\"@id\":\"https:\\\/\\\/quehacerpolitico.mx\\\/?p=6314\"},\"author\":{\"name\":\"Redacci\u00f3n QP\",\"@id\":\"https:\\\/\\\/quehacerpolitico.mx\\\/#\\\/schema\\\/person\\\/496d8ad2d1d3f8036101dca7ee39e585\"},\"headline\":\"AMLO se re\u00fane con el Gobernador de Zacatecas; por la tarde viajar\u00e1 a Aguascalientes\",\"datePublished\":\"2018-10-07T16:42:56+00:00\",\"mainEntityOfPage\":{\"@id\":\"https:\\\/\\\/quehacerpolitico.mx\\\/?p=6314\"},\"wordCount\":237,\"commentCount\":0,\"image\":{\"@id\":\"https:\\\/\\\/quehacerpolitico.mx\\\/?p=6314#primaryimage\"},\"thumbnailUrl\":\"\",\"articleSection\":[\"Noticias\"],\"inLanguage\":\"es\",\"potentialAction\":[{\"@type\":\"CommentAction\",\"name\":\"Comment\",\"target\":[\"https:\\\/\\\/quehacerpolitico.mx\\\/?p=6314#respond\"]}]},{\"@type\":\"WebPage\",\"@id\":\"https:\\\/\\\/quehacerpolitico.mx\\\/?p=6314\",\"url\":\"https:\\\/\\\/quehacerpolitico.mx\\\/?p=6314\",\"name\":\"AMLO se re\u00fane con el Gobernador de Zacatecas; por la tarde viajar\u00e1 a Aguascalientes -\",\"isPartOf\":{\"@id\":\"https:\\\/\\\/quehacerpolitico.mx\\\/#website\"},\"primaryImageOfPage\":{\"@id\":\"https:\\\/\\\/quehacerpolitico.mx\\\/?p=6314#primaryimage\"},\"image\":{\"@id\":\"https:\\\/\\\/quehacerpolitico.mx\\\/?p=6314#primaryimage\"},\"thumbnailUrl\":\"\",\"datePublished\":\"2018-10-07T16:42:56+00:00\",\"author\":{\"@id\":\"https:\\\/\\\/quehacerpolitico.mx\\\/#\\\/schema\\\/person\\\/496d8ad2d1d3f8036101dca7ee39e585\"},\"breadcrumb\":{\"@id\":\"https:\\\/\\\/quehacerpolitico.mx\\\/?p=6314#breadcrumb\"},\"inLanguage\":\"es\",\"potentialAction\":[{\"@type\":\"ReadAction\",\"target\":[\"https:\\\/\\\/quehacerpolitico.mx\\\/?p=6314\"]}]},{\"@type\":\"ImageObject\",\"inLanguage\":\"es\",\"@id\":\"https:\\\/\\\/quehacerpolitico.mx\\\/?p=6314#primaryimage\",\"url\":\"\",\"contentUrl\":\"\"},{\"@type\":\"BreadcrumbList\",\"@id\":\"https:\\\/\\\/quehacerpolitico.mx\\\/?p=6314#breadcrumb\",\"itemListElement\":[{\"@type\":\"ListItem\",\"position\":1,\"name\":\"Inicio\",\"item\":\"https:\\\/\\\/quehacerpolitico.mx\\\/\"},{\"@type\":\"ListItem\",\"position\":2,\"name\":\"AMLO se re\u00fane con el Gobernador de Zacatecas; por la tarde viajar\u00e1 a Aguascalientes\"}]},{\"@type\":\"WebSite\",\"@id\":\"https:\\\/\\\/quehacerpolitico.mx\\\/#website\",\"url\":\"https:\\\/\\\/quehacerpolitico.mx\\\/\",\"name\":\"\",\"description\":\"\",\"potentialAction\":[{\"@type\":\"SearchAction\",\"target\":{\"@type\":\"EntryPoint\",\"urlTemplate\":\"https:\\\/\\\/quehacerpolitico.mx\\\/?s={search_term_string}\"},\"query-input\":{\"@type\":\"PropertyValueSpecification\",\"valueRequired\":true,\"valueName\":\"search_term_string\"}}],\"inLanguage\":\"es\"},{\"@type\":\"Person\",\"@id\":\"https:\\\/\\\/quehacerpolitico.mx\\\/#\\\/schema\\\/person\\\/496d8ad2d1d3f8036101dca7ee39e585\",\"name\":\"Redacci\u00f3n QP\",\"image\":{\"@type\":\"ImageObject\",\"inLanguage\":\"es\",\"@id\":\"https:\\\/\\\/secure.gravatar.com\\\/avatar\\\/c7164ed6fdec453195284ad24a5ae5b6e1eed2b848477fa2a4787ba9adf39a41?s=96&d=mm&r=g\",\"url\":\"https:\\\/\\\/secure.gravatar.com\\\/avatar\\\/c7164ed6fdec453195284ad24a5ae5b6e1eed2b848477fa2a4787ba9adf39a41?s=96&d=mm&r=g\",\"contentUrl\":\"https:\\\/\\\/secure.gravatar.com\\\/avatar\\\/c7164ed6fdec453195284ad24a5ae5b6e1eed2b848477fa2a4787ba9adf39a41?s=96&d=mm&r=g\",\"caption\":\"Redacci\u00f3n QP\"},\"url\":\"https:\\\/\\\/quehacerpolitico.mx\\\/?author=2\"}]}<\/script>\n<!-- \/ Yoast SEO plugin. -->","yoast_head_json":{"title":"AMLO se re\u00fane con el Gobernador de Zacatecas; por la tarde viajar\u00e1 a Aguascalientes -","robots":{"index":"index","follow":"follow","max-snippet":"max-snippet:-1","max-image-preview":"max-image-preview:large","max-video-preview":"max-video-preview:-1"},"canonical":"https:\/\/quehacerpolitico.mx\/?p=6314","og_locale":"es_MX","og_type":"article","og_title":"AMLO se re\u00fane con el Gobernador de Zacatecas; por la tarde viajar\u00e1 a Aguascalientes -","og_description":"AMLO se re\u00fane con el Gobernador de Zacatecas; por la tarde viajar\u00e1 a Aguascalientes Por Redacci\u00f3n QP","og_url":"https:\/\/quehacerpolitico.mx\/?p=6314","article_published_time":"2018-10-07T16:42:56+00:00","author":"Redacci\u00f3n QP","twitter_card":"summary_large_image","twitter_misc":{"Escrito por":"Redacci\u00f3n QP","Tiempo de lectura":"1 minuto"},"schema":{"@context":"https:\/\/schema.org","@graph":[{"@type":"Article","@id":"https:\/\/quehacerpolitico.mx\/?p=6314#article","isPartOf":{"@id":"https:\/\/quehacerpolitico.mx\/?p=6314"},"author":{"name":"Redacci\u00f3n QP","@id":"https:\/\/quehacerpolitico.mx\/#\/schema\/person\/496d8ad2d1d3f8036101dca7ee39e585"},"headline":"AMLO se re\u00fane con el Gobernador de Zacatecas; por la tarde viajar\u00e1 a Aguascalientes","datePublished":"2018-10-07T16:42:56+00:00","mainEntityOfPage":{"@id":"https:\/\/quehacerpolitico.mx\/?p=6314"},"wordCount":237,"commentCount":0,"image":{"@id":"https:\/\/quehacerpolitico.mx\/?p=6314#primaryimage"},"thumbnailUrl":"","articleSection":["Noticias"],"inLanguage":"es","potentialAction":[{"@type":"CommentAction","name":"Comment","target":["https:\/\/quehacerpolitico.mx\/?p=6314#respond"]}]},{"@type":"WebPage","@id":"https:\/\/quehacerpolitico.mx\/?p=6314","url":"https:\/\/quehacerpolitico.mx\/?p=6314","name":"AMLO se re\u00fane con el Gobernador de Zacatecas; por la tarde viajar\u00e1 a Aguascalientes -","isPartOf":{"@id":"https:\/\/quehacerpolitico.mx\/#website"},"primaryImageOfPage":{"@id":"https:\/\/quehacerpolitico.mx\/?p=6314#primaryimage"},"image":{"@id":"https:\/\/quehacerpolitico.mx\/?p=6314#primaryimage"},"thumbnailUrl":"","datePublished":"2018-10-07T16:42:56+00:00","author":{"@id":"https:\/\/quehacerpolitico.mx\/#\/schema\/person\/496d8ad2d1d3f8036101dca7ee39e585"},"breadcrumb":{"@id":"https:\/\/quehacerpolitico.mx\/?p=6314#breadcrumb"},"inLanguage":"es","potentialAction":[{"@type":"ReadAction","target":["https:\/\/quehacerpolitico.mx\/?p=6314"]}]},{"@type":"ImageObject","inLanguage":"es","@id":"https:\/\/quehacerpolitico.mx\/?p=6314#primaryimage","url":"","contentUrl":""},{"@type":"BreadcrumbList","@id":"https:\/\/quehacerpolitico.mx\/?p=6314#breadcrumb","itemListElement":[{"@type":"ListItem","position":1,"name":"Inicio","item":"https:\/\/quehacerpolitico.mx\/"},{"@type":"ListItem","position":2,"name":"AMLO se re\u00fane con el Gobernador de Zacatecas; por la tarde viajar\u00e1 a Aguascalientes"}]},{"@type":"WebSite","@id":"https:\/\/quehacerpolitico.mx\/#website","url":"https:\/\/quehacerpolitico.mx\/","name":"","description":"","potentialAction":[{"@type":"SearchAction","target":{"@type":"EntryPoint","urlTemplate":"https:\/\/quehacerpolitico.mx\/?s={search_term_string}"},"query-input":{"@type":"PropertyValueSpecification","valueRequired":true,"valueName":"search_term_string"}}],"inLanguage":"es"},{"@type":"Person","@id":"https:\/\/quehacerpolitico.mx\/#\/schema\/person\/496d8ad2d1d3f8036101dca7ee39e585","name":"Redacci\u00f3n QP","image":{"@type":"ImageObject","inLanguage":"es","@id":"https:\/\/secure.gravatar.com\/avatar\/c7164ed6fdec453195284ad24a5ae5b6e1eed2b848477fa2a4787ba9adf39a41?s=96&d=mm&r=g","url":"https:\/\/secure.gravatar.com\/avatar\/c7164ed6fdec453195284ad24a5ae5b6e1eed2b848477fa2a4787ba9adf39a41?s=96&d=mm&r=g","contentUrl":"https:\/\/secure.gravatar.com\/avatar\/c7164ed6fdec453195284ad24a5ae5b6e1eed2b848477fa2a4787ba9adf39a41?s=96&d=mm&r=g","caption":"Redacci\u00f3n QP"},"url":"https:\/\/quehacerpolitico.mx\/?author=2"}]}},"featured_image_urls":{"full":"","thumbnail":"","medium":"","medium_large":"","large":"","1536x1536":"","2048x2048":"","covernews-featured":"","covernews-medium":""},"author_info":{"display_name":"Redacci\u00f3n QP","author_link":"https:\/\/quehacerpolitico.mx\/?author=2"},"category_info":"<a href=\"https:\/\/quehacerpolitico.mx\/?cat=2\" rel=\"category\">Noticias<\/a>","tag_info":"Noticias","comment_count":"0","_links":{"self":[{"href":"https:\/\/quehacerpolitico.mx\/index.php?rest_route=\/wp\/v2\/posts\/6314","targetHints":{"allow":["GET"]}}],"collection":[{"href":"https:\/\/quehacerpolitico.mx\/index.php?rest_route=\/wp\/v2\/posts"}],"about":[{"href":"https:\/\/quehacerpolitico.mx\/index.php?rest_route=\/wp\/v2\/types\/post"}],"author":[{"embeddable":true,"href":"https:\/\/quehacerpolitico.mx\/index.php?rest_route=\/wp\/v2\/users\/2"}],"replies":[{"embeddable":true,"href":"https:\/\/quehacerpolitico.mx\/index.php?rest_route=%2Fwp%2Fv2%2Fcomments&post=6314"}],"version-history":[{"count":0,"href":"https:\/\/quehacerpolitico.mx\/index.php?rest_route=\/wp\/v2\/posts\/6314\/revisions"}],"wp:featuredmedia":[{"embeddable":true,"href":"https:\/\/quehacerpolitico.mx\/index.php?rest_route=\/"}],"wp:attachment":[{"href":"https:\/\/quehacerpolitico.mx\/index.php?rest_route=%2Fwp%2Fv2%2Fmedia&parent=6314"}],"wp:term":[{"taxonomy":"category","embeddable":true,"href":"https:\/\/quehacerpolitico.mx\/index.php?rest_route=%2Fwp%2Fv2%2Fcategories&post=6314"},{"taxonomy":"post_tag","embeddable":true,"href":"https:\/\/quehacerpolitico.mx\/index.php?rest_route=%2Fwp%2Fv2%2Ftags&post=6314"}],"curies":[{"name":"wp","href":"https:\/\/api.w.org\/{rel}","templated":true}]}}