{"id":6304,"date":"2018-10-07T15:16:32","date_gmt":"2018-10-07T15:16:32","guid":{"rendered":"http:\/\/quehacerpolitico.mx\/juan-carlos-y-patricia-feminicidas-seriales-tenian-ocho-cubetas-de-plastico-con-restos-de-mujeres-en-ecatepec\/"},"modified":"2018-10-07T15:16:32","modified_gmt":"2018-10-07T15:16:32","slug":"juan-carlos-y-patricia-feminicidas-seriales-tenian-ocho-cubetas-de-plastico-con-restos-de-mujeres-en-ecatepec","status":"publish","type":"post","link":"https:\/\/quehacerpolitico.mx\/?p=6304","title":{"rendered":"Juan Carlos y Patricia, feminicidas seriales, ten\u00edan ocho cubetas de pl\u00e1stico con restos de mujeres en Ecatepec"},"content":{"rendered":"<h3><strong>Juan Carlos \u2018\u2018N\u2019\u2019 y Patricia \u2018\u2018N\u2019\u2019 utilizaban cubetas para guardar los restos de las mujeres que mataban en Jardines de Morelos, en el municipio de Ecatepec.\u00a0<\/strong><\/h3>\n<p>La <strong>Fiscal\u00eda General de Justicia del Estado de M\u00e9xico (FGJEM)<\/strong> inform\u00f3 hoy que elementos de la instituci\u00f3n localizaron<strong> restos humanos<\/strong> en dos inmuebles ubicados en el municipio de <strong>Ecatepec<\/strong>, colindante con la Ciudad de M\u00e9xico.<\/p>\n<blockquote>\n<p>El hallazgo result\u00f3 derivado de la <strong>detenci\u00f3n de una pareja<\/strong> que fue detenida el pasado jueves cuando llevaban restos humanos en una carriola.<\/p>\n<\/blockquote>\n<p>En las dos revisiones fueron localizadas ocho cubetas de pl\u00e1stico, de 20 litros cada una, en cuyo interior fueron encontrados restos humanos cubiertos con cemento, indic\u00f3 la Fiscal\u00eda mediante un comunicado.<\/p>\n<p>De igual manera, en un refrigerador fueron ubicados m\u00e1s restos congelados, envueltos en bolsas pl\u00e1sticas, a\u00f1adi\u00f3 la nota.<\/p>\n<blockquote>\n<p>Las diligencias se llevaron a cabo la noche de viernes y en ellas participaron polic\u00edas de investigaci\u00f3n, ministerios p\u00fablicos y peritos de la Fiscal\u00eda.<\/p>\n<\/blockquote>\n<p>Los restos se trasladaron a la coordinaci\u00f3n de servicios periciales de la instituci\u00f3n para llevar a cabo an\u00e1lisis gen\u00e9ticos, qu\u00edmicos, odontol\u00f3gicos y antropol\u00f3gicos, mediante los cuales se buscar\u00e1 determinar si corresponden a hombres o mujeres, n\u00famero de personas y su posterior identificaci\u00f3n.<\/p>\n<p>La Fiscal\u00eda inform\u00f3 de los hallazgos a la Procuradur\u00eda (Fiscal\u00eda) General de la Rep\u00fablica (PGR) de M\u00e9xico y a la Polic\u00eda Federal para que las \u00e1reas periciales de ambas dependencias colaboren con los an\u00e1lisis correspondientes.<\/p>\n<p>https:\/\/youtu.be\/rRO4ua20e9c<\/p>\n<p>En las diligencias participaron elementos de la Secretaria de Seguridad Ciudadana del Estado de M\u00e9xico y de la Comisi\u00f3n Estatal de B\u00fasqueda adem\u00e1s de la Comisi\u00f3n Ejecutiva de Atenci\u00f3n a V\u00edctimas Estatal, en acompa\u00f1amiento a los familiares de las personas que fueron reportadas como desaparecidas en los meses de abril, julio y septiembre, lo cual dio origen a la indagatoria.<\/p>\n<p>El d\u00eda de su detenci\u00f3n, la pareja fue observada al salir de su domicilio y personal de la Fiscal\u00eda los cuestion\u00f3 sobre la desaparici\u00f3n de tres mujeres.<\/p>\n<p>Tras realizar una revisi\u00f3n fueron descubiertos que trasladaban restos humanos en una carriola.<\/p>\n<p>Ambos se\u00f1alaron que m\u00e1s restos humanos hab\u00edan sido depositados en un lote bald\u00edo cercano al lugar, sitio al que se trasladaron elementos de la Fiscal\u00eda, donde los localizaron.<\/p>\n<div id=\"attachment_3480860\" class=\"wp-caption alignnone\"><img loading=\"lazy\" decoding=\"async\" class=\"wp-image-3480860 size-full\" src=\"http:\/\/www.sinembargo.mx\/wp-content\/uploads\/2018\/10\/ecatepec-dos-mujeres-700-1.jpg\" sizes=\"auto, (max-width: 700px) 100vw, 700px\" srcset=\"http:\/\/www.sinembargo.mx\/wp-content\/uploads\/2018\/10\/ecatepec-dos-mujeres-700-1.jpg 700w, http:\/\/www.sinembargo.mx\/wp-content\/uploads\/2018\/10\/ecatepec-dos-mujeres-700-1-273x300.jpg 273w\" alt=\"\" width=\"700\" height=\"770\" \/><\/p>\n<p class=\"wp-caption-text\">Despu\u00e9s de que se localizaran restos de mujeres desaparecidas en un domicilio de Ecatepec, Estado de M\u00e9xico, autoridades\u00a0informaron sobre la detenci\u00f3n de un hombre y una mujer. Foto: A Fondo Edomex.<\/p>\n<\/div>\n<p>En su declaraci\u00f3n ante el Ministerio P\u00fablico, en la cual el hombre detenido estuvo asistido por un defensor, reconoci\u00f3 su participaci\u00f3n en por lo menos 10 feminicidios.<\/p>\n<p>Este s\u00e1bado ambas personas fueron ingresadas al Centro Penitenciario y de Reinserci\u00f3n Social de Ecatepec, donde quedaron a disposici\u00f3n de la autoridad judicial, quien resolver\u00e1 su situaci\u00f3n legal.<\/p>\n<p>El municipio de Ecatepec es uno de los m\u00e1s violentos en M\u00e9xico y en el que los \u00edndices de diversos delitos, entre ellos desapariciones y feminicidios, han ido en aumento en los \u00faltimos a\u00f1os.<\/p>\n<p>Con Informaci\u00f3n de EFE<\/p>\n","protected":false},"excerpt":{"rendered":"<p>Juan Carlos y Patricia, feminicidas seriales, ten\u00edan ocho cubetas de pl\u00e1stico con restos de mujeres en Ecatepec<br \/>\nPor Redacci\u00f3n QP<\/p>\n","protected":false},"author":2,"featured_media":6303,"comment_status":"open","ping_status":"open","sticky":false,"template":"","format":"standard","meta":{"_monsterinsights_skip_tracking":false,"_monsterinsights_sitenote_active":false,"_monsterinsights_sitenote_note":"","_monsterinsights_sitenote_category":0,"footnotes":""},"categories":[2],"tags":[],"class_list":["post-6304","post","type-post","status-publish","format-standard","has-post-thumbnail","hentry","category-noticias"],"yoast_head":"<!-- This site is optimized with the Yoast SEO plugin v27.3 - https:\/\/yoast.com\/product\/yoast-seo-wordpress\/ -->\n<title>Juan Carlos y Patricia, feminicidas seriales, ten\u00edan ocho cubetas de pl\u00e1stico con restos de mujeres en Ecatepec -<\/title>\n<meta name=\"robots\" content=\"index, follow, max-snippet:-1, max-image-preview:large, max-video-preview:-1\" \/>\n<link rel=\"canonical\" href=\"https:\/\/quehacerpolitico.mx\/?p=6304\" \/>\n<meta property=\"og:locale\" content=\"es_MX\" \/>\n<meta property=\"og:type\" content=\"article\" \/>\n<meta property=\"og:title\" content=\"Juan Carlos y Patricia, feminicidas seriales, ten\u00edan ocho cubetas de pl\u00e1stico con restos de mujeres en Ecatepec -\" \/>\n<meta property=\"og:description\" content=\"Juan Carlos y Patricia, feminicidas seriales, ten\u00edan ocho cubetas de pl\u00e1stico con restos de mujeres en Ecatepec Por Redacci\u00f3n QP\" \/>\n<meta property=\"og:url\" content=\"https:\/\/quehacerpolitico.mx\/?p=6304\" \/>\n<meta property=\"article:published_time\" content=\"2018-10-07T15:16:32+00:00\" \/>\n<meta name=\"author\" content=\"Redacci\u00f3n QP\" \/>\n<meta name=\"twitter:card\" content=\"summary_large_image\" \/>\n<meta name=\"twitter:label1\" content=\"Escrito por\" \/>\n\t<meta name=\"twitter:data1\" content=\"Redacci\u00f3n QP\" \/>\n\t<meta name=\"twitter:label2\" content=\"Tiempo de lectura\" \/>\n\t<meta name=\"twitter:data2\" content=\"3 minutos\" \/>\n<script type=\"application\/ld+json\" class=\"yoast-schema-graph\">{\"@context\":\"https:\\\/\\\/schema.org\",\"@graph\":[{\"@type\":\"Article\",\"@id\":\"https:\\\/\\\/quehacerpolitico.mx\\\/?p=6304#article\",\"isPartOf\":{\"@id\":\"https:\\\/\\\/quehacerpolitico.mx\\\/?p=6304\"},\"author\":{\"name\":\"Redacci\u00f3n QP\",\"@id\":\"https:\\\/\\\/quehacerpolitico.mx\\\/#\\\/schema\\\/person\\\/496d8ad2d1d3f8036101dca7ee39e585\"},\"headline\":\"Juan Carlos y Patricia, feminicidas seriales, ten\u00edan ocho cubetas de pl\u00e1stico con restos de mujeres en Ecatepec\",\"datePublished\":\"2018-10-07T15:16:32+00:00\",\"mainEntityOfPage\":{\"@id\":\"https:\\\/\\\/quehacerpolitico.mx\\\/?p=6304\"},\"wordCount\":573,\"commentCount\":0,\"image\":{\"@id\":\"https:\\\/\\\/quehacerpolitico.mx\\\/?p=6304#primaryimage\"},\"thumbnailUrl\":\"\",\"articleSection\":[\"Noticias\"],\"inLanguage\":\"es\",\"potentialAction\":[{\"@type\":\"CommentAction\",\"name\":\"Comment\",\"target\":[\"https:\\\/\\\/quehacerpolitico.mx\\\/?p=6304#respond\"]}]},{\"@type\":\"WebPage\",\"@id\":\"https:\\\/\\\/quehacerpolitico.mx\\\/?p=6304\",\"url\":\"https:\\\/\\\/quehacerpolitico.mx\\\/?p=6304\",\"name\":\"Juan Carlos y Patricia, feminicidas seriales, ten\u00edan ocho cubetas de pl\u00e1stico con restos de mujeres en Ecatepec -\",\"isPartOf\":{\"@id\":\"https:\\\/\\\/quehacerpolitico.mx\\\/#website\"},\"primaryImageOfPage\":{\"@id\":\"https:\\\/\\\/quehacerpolitico.mx\\\/?p=6304#primaryimage\"},\"image\":{\"@id\":\"https:\\\/\\\/quehacerpolitico.mx\\\/?p=6304#primaryimage\"},\"thumbnailUrl\":\"\",\"datePublished\":\"2018-10-07T15:16:32+00:00\",\"author\":{\"@id\":\"https:\\\/\\\/quehacerpolitico.mx\\\/#\\\/schema\\\/person\\\/496d8ad2d1d3f8036101dca7ee39e585\"},\"breadcrumb\":{\"@id\":\"https:\\\/\\\/quehacerpolitico.mx\\\/?p=6304#breadcrumb\"},\"inLanguage\":\"es\",\"potentialAction\":[{\"@type\":\"ReadAction\",\"target\":[\"https:\\\/\\\/quehacerpolitico.mx\\\/?p=6304\"]}]},{\"@type\":\"ImageObject\",\"inLanguage\":\"es\",\"@id\":\"https:\\\/\\\/quehacerpolitico.mx\\\/?p=6304#primaryimage\",\"url\":\"\",\"contentUrl\":\"\"},{\"@type\":\"BreadcrumbList\",\"@id\":\"https:\\\/\\\/quehacerpolitico.mx\\\/?p=6304#breadcrumb\",\"itemListElement\":[{\"@type\":\"ListItem\",\"position\":1,\"name\":\"Inicio\",\"item\":\"https:\\\/\\\/quehacerpolitico.mx\\\/\"},{\"@type\":\"ListItem\",\"position\":2,\"name\":\"Juan Carlos y Patricia, feminicidas seriales, ten\u00edan ocho cubetas de pl\u00e1stico con restos de mujeres en Ecatepec\"}]},{\"@type\":\"WebSite\",\"@id\":\"https:\\\/\\\/quehacerpolitico.mx\\\/#website\",\"url\":\"https:\\\/\\\/quehacerpolitico.mx\\\/\",\"name\":\"\",\"description\":\"\",\"potentialAction\":[{\"@type\":\"SearchAction\",\"target\":{\"@type\":\"EntryPoint\",\"urlTemplate\":\"https:\\\/\\\/quehacerpolitico.mx\\\/?s={search_term_string}\"},\"query-input\":{\"@type\":\"PropertyValueSpecification\",\"valueRequired\":true,\"valueName\":\"search_term_string\"}}],\"inLanguage\":\"es\"},{\"@type\":\"Person\",\"@id\":\"https:\\\/\\\/quehacerpolitico.mx\\\/#\\\/schema\\\/person\\\/496d8ad2d1d3f8036101dca7ee39e585\",\"name\":\"Redacci\u00f3n QP\",\"image\":{\"@type\":\"ImageObject\",\"inLanguage\":\"es\",\"@id\":\"https:\\\/\\\/secure.gravatar.com\\\/avatar\\\/c7164ed6fdec453195284ad24a5ae5b6e1eed2b848477fa2a4787ba9adf39a41?s=96&d=mm&r=g\",\"url\":\"https:\\\/\\\/secure.gravatar.com\\\/avatar\\\/c7164ed6fdec453195284ad24a5ae5b6e1eed2b848477fa2a4787ba9adf39a41?s=96&d=mm&r=g\",\"contentUrl\":\"https:\\\/\\\/secure.gravatar.com\\\/avatar\\\/c7164ed6fdec453195284ad24a5ae5b6e1eed2b848477fa2a4787ba9adf39a41?s=96&d=mm&r=g\",\"caption\":\"Redacci\u00f3n QP\"},\"url\":\"https:\\\/\\\/quehacerpolitico.mx\\\/?author=2\"}]}<\/script>\n<!-- \/ Yoast SEO plugin. -->","yoast_head_json":{"title":"Juan Carlos y Patricia, feminicidas seriales, ten\u00edan ocho cubetas de pl\u00e1stico con restos de mujeres en Ecatepec -","robots":{"index":"index","follow":"follow","max-snippet":"max-snippet:-1","max-image-preview":"max-image-preview:large","max-video-preview":"max-video-preview:-1"},"canonical":"https:\/\/quehacerpolitico.mx\/?p=6304","og_locale":"es_MX","og_type":"article","og_title":"Juan Carlos y Patricia, feminicidas seriales, ten\u00edan ocho cubetas de pl\u00e1stico con restos de mujeres en Ecatepec -","og_description":"Juan Carlos y Patricia, feminicidas seriales, ten\u00edan ocho cubetas de pl\u00e1stico con restos de mujeres en Ecatepec Por Redacci\u00f3n QP","og_url":"https:\/\/quehacerpolitico.mx\/?p=6304","article_published_time":"2018-10-07T15:16:32+00:00","author":"Redacci\u00f3n QP","twitter_card":"summary_large_image","twitter_misc":{"Escrito por":"Redacci\u00f3n QP","Tiempo de lectura":"3 minutos"},"schema":{"@context":"https:\/\/schema.org","@graph":[{"@type":"Article","@id":"https:\/\/quehacerpolitico.mx\/?p=6304#article","isPartOf":{"@id":"https:\/\/quehacerpolitico.mx\/?p=6304"},"author":{"name":"Redacci\u00f3n QP","@id":"https:\/\/quehacerpolitico.mx\/#\/schema\/person\/496d8ad2d1d3f8036101dca7ee39e585"},"headline":"Juan Carlos y Patricia, feminicidas seriales, ten\u00edan ocho cubetas de pl\u00e1stico con restos de mujeres en Ecatepec","datePublished":"2018-10-07T15:16:32+00:00","mainEntityOfPage":{"@id":"https:\/\/quehacerpolitico.mx\/?p=6304"},"wordCount":573,"commentCount":0,"image":{"@id":"https:\/\/quehacerpolitico.mx\/?p=6304#primaryimage"},"thumbnailUrl":"","articleSection":["Noticias"],"inLanguage":"es","potentialAction":[{"@type":"CommentAction","name":"Comment","target":["https:\/\/quehacerpolitico.mx\/?p=6304#respond"]}]},{"@type":"WebPage","@id":"https:\/\/quehacerpolitico.mx\/?p=6304","url":"https:\/\/quehacerpolitico.mx\/?p=6304","name":"Juan Carlos y Patricia, feminicidas seriales, ten\u00edan ocho cubetas de pl\u00e1stico con restos de mujeres en Ecatepec -","isPartOf":{"@id":"https:\/\/quehacerpolitico.mx\/#website"},"primaryImageOfPage":{"@id":"https:\/\/quehacerpolitico.mx\/?p=6304#primaryimage"},"image":{"@id":"https:\/\/quehacerpolitico.mx\/?p=6304#primaryimage"},"thumbnailUrl":"","datePublished":"2018-10-07T15:16:32+00:00","author":{"@id":"https:\/\/quehacerpolitico.mx\/#\/schema\/person\/496d8ad2d1d3f8036101dca7ee39e585"},"breadcrumb":{"@id":"https:\/\/quehacerpolitico.mx\/?p=6304#breadcrumb"},"inLanguage":"es","potentialAction":[{"@type":"ReadAction","target":["https:\/\/quehacerpolitico.mx\/?p=6304"]}]},{"@type":"ImageObject","inLanguage":"es","@id":"https:\/\/quehacerpolitico.mx\/?p=6304#primaryimage","url":"","contentUrl":""},{"@type":"BreadcrumbList","@id":"https:\/\/quehacerpolitico.mx\/?p=6304#breadcrumb","itemListElement":[{"@type":"ListItem","position":1,"name":"Inicio","item":"https:\/\/quehacerpolitico.mx\/"},{"@type":"ListItem","position":2,"name":"Juan Carlos y Patricia, feminicidas seriales, ten\u00edan ocho cubetas de pl\u00e1stico con restos de mujeres en Ecatepec"}]},{"@type":"WebSite","@id":"https:\/\/quehacerpolitico.mx\/#website","url":"https:\/\/quehacerpolitico.mx\/","name":"","description":"","potentialAction":[{"@type":"SearchAction","target":{"@type":"EntryPoint","urlTemplate":"https:\/\/quehacerpolitico.mx\/?s={search_term_string}"},"query-input":{"@type":"PropertyValueSpecification","valueRequired":true,"valueName":"search_term_string"}}],"inLanguage":"es"},{"@type":"Person","@id":"https:\/\/quehacerpolitico.mx\/#\/schema\/person\/496d8ad2d1d3f8036101dca7ee39e585","name":"Redacci\u00f3n QP","image":{"@type":"ImageObject","inLanguage":"es","@id":"https:\/\/secure.gravatar.com\/avatar\/c7164ed6fdec453195284ad24a5ae5b6e1eed2b848477fa2a4787ba9adf39a41?s=96&d=mm&r=g","url":"https:\/\/secure.gravatar.com\/avatar\/c7164ed6fdec453195284ad24a5ae5b6e1eed2b848477fa2a4787ba9adf39a41?s=96&d=mm&r=g","contentUrl":"https:\/\/secure.gravatar.com\/avatar\/c7164ed6fdec453195284ad24a5ae5b6e1eed2b848477fa2a4787ba9adf39a41?s=96&d=mm&r=g","caption":"Redacci\u00f3n QP"},"url":"https:\/\/quehacerpolitico.mx\/?author=2"}]}},"featured_image_urls":{"full":"","thumbnail":"","medium":"","medium_large":"","large":"","1536x1536":"","2048x2048":"","covernews-featured":"","covernews-medium":""},"author_info":{"display_name":"Redacci\u00f3n QP","author_link":"https:\/\/quehacerpolitico.mx\/?author=2"},"category_info":"<a href=\"https:\/\/quehacerpolitico.mx\/?cat=2\" rel=\"category\">Noticias<\/a>","tag_info":"Noticias","comment_count":"0","_links":{"self":[{"href":"https:\/\/quehacerpolitico.mx\/index.php?rest_route=\/wp\/v2\/posts\/6304","targetHints":{"allow":["GET"]}}],"collection":[{"href":"https:\/\/quehacerpolitico.mx\/index.php?rest_route=\/wp\/v2\/posts"}],"about":[{"href":"https:\/\/quehacerpolitico.mx\/index.php?rest_route=\/wp\/v2\/types\/post"}],"author":[{"embeddable":true,"href":"https:\/\/quehacerpolitico.mx\/index.php?rest_route=\/wp\/v2\/users\/2"}],"replies":[{"embeddable":true,"href":"https:\/\/quehacerpolitico.mx\/index.php?rest_route=%2Fwp%2Fv2%2Fcomments&post=6304"}],"version-history":[{"count":0,"href":"https:\/\/quehacerpolitico.mx\/index.php?rest_route=\/wp\/v2\/posts\/6304\/revisions"}],"wp:featuredmedia":[{"embeddable":true,"href":"https:\/\/quehacerpolitico.mx\/index.php?rest_route=\/"}],"wp:attachment":[{"href":"https:\/\/quehacerpolitico.mx\/index.php?rest_route=%2Fwp%2Fv2%2Fmedia&parent=6304"}],"wp:term":[{"taxonomy":"category","embeddable":true,"href":"https:\/\/quehacerpolitico.mx\/index.php?rest_route=%2Fwp%2Fv2%2Fcategories&post=6304"},{"taxonomy":"post_tag","embeddable":true,"href":"https:\/\/quehacerpolitico.mx\/index.php?rest_route=%2Fwp%2Fv2%2Ftags&post=6304"}],"curies":[{"name":"wp","href":"https:\/\/api.w.org\/{rel}","templated":true}]}}