{"id":6302,"date":"2018-10-07T15:08:14","date_gmt":"2018-10-07T15:08:14","guid":{"rendered":"http:\/\/quehacerpolitico.mx\/amlo-te-equivocas-el-fracking-es-la-solucion-a-la-pobreza-convertira-a-mexico-en-potencia-fox-video\/"},"modified":"2018-10-07T15:08:14","modified_gmt":"2018-10-07T15:08:14","slug":"amlo-te-equivocas-el-fracking-es-la-solucion-a-la-pobreza-convertira-a-mexico-en-potencia-fox-video","status":"publish","type":"post","link":"https:\/\/quehacerpolitico.mx\/?p=6302","title":{"rendered":"\u201cAMLO, te equivocas. El fracking es la soluci\u00f3n a la pobreza; convertir\u00e1 a M\u00e9xico en potencia\u201d: Fox (VIDEO)"},"content":{"rendered":"<h3><strong>\u201cL\u00f3pez Obrador, en esta ocasi\u00f3n, es incorrecta la informaci\u00f3n que tiene. Debe de rectificar y debe avanzar a toda velocidad. En muy corto plazo, M\u00e9xico puede ser el gran productor de petr\u00f3leo y gas natural que siempre fue\u201d, dijo hoy\u00a0Vicente Fox Quesada\u2026<\/strong><\/h3>\n<blockquote class=\"twitter-tweet\" data-width=\"550\" data-dnt=\"true\">\n<p lang=\"es\" dir=\"ltr\">No dejemos ir esta oportunidad para M\u00e9xico. Podemos y debemos ocupar los primeros lugares a nivel mundial, \u00bfc\u00f3mo? Recuperando nuestra capacidad petrolera y el fracking es el camino a ello. <a href=\"https:\/\/t.co\/LHXT0bX88s\">pic.twitter.com\/LHXT0bX88s<\/a><\/p>\n<p>&mdash; Vicente Fox Quesada (@VicenteFoxQue) <a href=\"https:\/\/twitter.com\/VicenteFoxQue\/status\/1048584937656524801?ref_src=twsrc%5Etfw\">October 6, 2018<\/a><\/p><\/blockquote>\n<p><script async src=\"https:\/\/platform.twitter.com\/widgets.js\" charset=\"utf-8\"><\/script><\/p>\n<p><strong>Andr\u00e9s Manuel L\u00f3pez Obrador<\/strong>, Presidente electo de M\u00e9xico, se equivoca: el <strong>fracking<\/strong> es la soluci\u00f3n a la pobreza y convertir\u00e1 al pa\u00eds en una potencia petrolera, dice<strong> Vicente Fox Quesada<\/strong>\u2026<\/p>\n<p>Un d\u00eda despu\u00e9s de que el tabasque\u00f1o asegura que durante su sexenio no se utilizar\u00e1 el fracking,<strong> Fox comparti\u00f3 un \u201cvideo-selfie\u201d<\/strong> en el que defiende la t\u00e9cnica.<\/p>\n<blockquote>\n<p>\u201cL\u00f3pez Obrador, en esta ocasi\u00f3n, es incorrecta la informaci\u00f3n que tiene. Debe de rectificar y debe avanzar a toda velocidad. En muy corto plazo, M\u00e9xico puede ser el gran productor de petr\u00f3leo y gas natural que siempre fue\u201d, dijo el ex mandatario mexicano.<\/p>\n<\/blockquote>\n<p>\u201cHoy, el estado de <strong>Texas se ha convertido en el tercer productor de gas natural del mundo<\/strong>. Est\u00e1 por encima de lo que produce M\u00e9xico.\u00a0Es urgente recuperar nuestra capacidad para producir petr\u00f3leo. Es urgente aprovechar los grandes yacimientos que tenemos en el norte del pa\u00eds. Es urgente aprovechar el fracking como tecnolog\u00eda moderna\u201d, indic\u00f3.<\/p>\n<blockquote>\n<p>A\u00f1adi\u00f3: \u201cEs falso que afecta a los recursos naturales y al ambiente. Hoy, con tecnolog\u00eda, se logran las dos cosas: generar riqueza y, a la vez, proteger el medio ambiente.\u00a0Ah\u00ed est\u00e1 nuestro nuevo Cantarell. En este proceso podemos resolver y vamos a resolver la pobreza en M\u00e9xico\u201d.<\/p>\n<\/blockquote>\n<p>\u201cEs muy desafortunado que ahora importamos gas, ahora importamos gasolina, y estamos a punto de importar petr\u00f3leo. \u00a1Incre\u00edble!\u00a0Se\u00f1or L\u00f3pez Obrador, es de sabios rectificar. El fracking es nuestro Cantarell en el norte. Miles de empleos, generaci\u00f3n de riqueza, soluci\u00f3n de pobreza, eso es fracking\u201d, concluy\u00f3.<\/p>\n<p>\u00bfQu\u00e9 es la fracturaci\u00f3n hidr\u00e1ulica?<\/p>\n<p>La<strong>\u00a0fractura\u00a0<\/strong><b>hidr\u00e1ulica<\/b>\u00a0es una t\u00e9cnica que se basa en la inyecci\u00f3n a alta presi\u00f3n de agua y qu\u00edmicos t\u00f3xicos en pozos extractivos, con el fin de arreciar las fracturas de los sustratos rocosos y as\u00ed extraer gas o petr\u00f3leo.<\/p>\n<p>No es una actividad reciente; se utiliza en M\u00e9xico al menos desde 1980.<\/p>\n<p>El\u00a0<em>boom<\/em>\u00a0del fracking en Estados Unidos se ha esparcido a Latinoam\u00e9rica, pero la informaci\u00f3n a\u00fan es opaca en M\u00e9xico.<\/p>\n<p>\u201cNo vamos a utilizar el famoso\u00a0fracking\u00a0para explotar este\u00a0<strong>petr\u00f3leo<\/strong>. No vamos a usar esos m\u00e9todos de extracci\u00f3n de petr\u00f3leo, de gas. Eso no se va a aplicar\u201d, se\u00f1al\u00f3 AMLO ayer, despu\u00e9s de reunirse con Juan Manuel Carrera, Gobernador de San Luis Potos\u00ed.<\/p>\n","protected":false},"excerpt":{"rendered":"<p>\u201cAMLO, te equivocas. El fracking es la soluci\u00f3n a la pobreza; convertir\u00e1 a M\u00e9xico en potencia\u201d: Fox (VIDEO)<br \/>\nPor Redacci\u00f3n QP<\/p>\n","protected":false},"author":2,"featured_media":6301,"comment_status":"open","ping_status":"open","sticky":false,"template":"","format":"standard","meta":{"_monsterinsights_skip_tracking":false,"_monsterinsights_sitenote_active":false,"_monsterinsights_sitenote_note":"","_monsterinsights_sitenote_category":0,"footnotes":""},"categories":[2],"tags":[],"class_list":["post-6302","post","type-post","status-publish","format-standard","has-post-thumbnail","hentry","category-noticias"],"yoast_head":"<!-- This site is optimized with the Yoast SEO plugin v27.3 - https:\/\/yoast.com\/product\/yoast-seo-wordpress\/ -->\n<title>\u201cAMLO, te equivocas. El fracking es la soluci\u00f3n a la pobreza; convertir\u00e1 a M\u00e9xico en potencia\u201d: Fox (VIDEO) -<\/title>\n<meta name=\"robots\" content=\"index, follow, max-snippet:-1, max-image-preview:large, max-video-preview:-1\" \/>\n<link rel=\"canonical\" href=\"https:\/\/quehacerpolitico.mx\/?p=6302\" \/>\n<meta property=\"og:locale\" content=\"es_MX\" \/>\n<meta property=\"og:type\" content=\"article\" \/>\n<meta property=\"og:title\" content=\"\u201cAMLO, te equivocas. El fracking es la soluci\u00f3n a la pobreza; convertir\u00e1 a M\u00e9xico en potencia\u201d: Fox (VIDEO) -\" \/>\n<meta property=\"og:description\" content=\"\u201cAMLO, te equivocas. El fracking es la soluci\u00f3n a la pobreza; convertir\u00e1 a M\u00e9xico en potencia\u201d: Fox (VIDEO) Por Redacci\u00f3n QP\" \/>\n<meta property=\"og:url\" content=\"https:\/\/quehacerpolitico.mx\/?p=6302\" \/>\n<meta property=\"article:published_time\" content=\"2018-10-07T15:08:14+00:00\" \/>\n<meta name=\"author\" content=\"Redacci\u00f3n QP\" \/>\n<meta name=\"twitter:card\" content=\"summary_large_image\" \/>\n<meta name=\"twitter:label1\" content=\"Escrito por\" \/>\n\t<meta name=\"twitter:data1\" content=\"Redacci\u00f3n QP\" \/>\n\t<meta name=\"twitter:label2\" content=\"Tiempo de lectura\" \/>\n\t<meta name=\"twitter:data2\" content=\"2 minutos\" \/>\n<script type=\"application\/ld+json\" class=\"yoast-schema-graph\">{\"@context\":\"https:\\\/\\\/schema.org\",\"@graph\":[{\"@type\":\"Article\",\"@id\":\"https:\\\/\\\/quehacerpolitico.mx\\\/?p=6302#article\",\"isPartOf\":{\"@id\":\"https:\\\/\\\/quehacerpolitico.mx\\\/?p=6302\"},\"author\":{\"name\":\"Redacci\u00f3n QP\",\"@id\":\"https:\\\/\\\/quehacerpolitico.mx\\\/#\\\/schema\\\/person\\\/496d8ad2d1d3f8036101dca7ee39e585\"},\"headline\":\"\u201cAMLO, te equivocas. El fracking es la soluci\u00f3n a la pobreza; convertir\u00e1 a M\u00e9xico en potencia\u201d: Fox (VIDEO)\",\"datePublished\":\"2018-10-07T15:08:14+00:00\",\"mainEntityOfPage\":{\"@id\":\"https:\\\/\\\/quehacerpolitico.mx\\\/?p=6302\"},\"wordCount\":491,\"commentCount\":0,\"image\":{\"@id\":\"https:\\\/\\\/quehacerpolitico.mx\\\/?p=6302#primaryimage\"},\"thumbnailUrl\":\"\",\"articleSection\":[\"Noticias\"],\"inLanguage\":\"es\",\"potentialAction\":[{\"@type\":\"CommentAction\",\"name\":\"Comment\",\"target\":[\"https:\\\/\\\/quehacerpolitico.mx\\\/?p=6302#respond\"]}]},{\"@type\":\"WebPage\",\"@id\":\"https:\\\/\\\/quehacerpolitico.mx\\\/?p=6302\",\"url\":\"https:\\\/\\\/quehacerpolitico.mx\\\/?p=6302\",\"name\":\"\u201cAMLO, te equivocas. El fracking es la soluci\u00f3n a la pobreza; convertir\u00e1 a M\u00e9xico en potencia\u201d: Fox (VIDEO) -\",\"isPartOf\":{\"@id\":\"https:\\\/\\\/quehacerpolitico.mx\\\/#website\"},\"primaryImageOfPage\":{\"@id\":\"https:\\\/\\\/quehacerpolitico.mx\\\/?p=6302#primaryimage\"},\"image\":{\"@id\":\"https:\\\/\\\/quehacerpolitico.mx\\\/?p=6302#primaryimage\"},\"thumbnailUrl\":\"\",\"datePublished\":\"2018-10-07T15:08:14+00:00\",\"author\":{\"@id\":\"https:\\\/\\\/quehacerpolitico.mx\\\/#\\\/schema\\\/person\\\/496d8ad2d1d3f8036101dca7ee39e585\"},\"breadcrumb\":{\"@id\":\"https:\\\/\\\/quehacerpolitico.mx\\\/?p=6302#breadcrumb\"},\"inLanguage\":\"es\",\"potentialAction\":[{\"@type\":\"ReadAction\",\"target\":[\"https:\\\/\\\/quehacerpolitico.mx\\\/?p=6302\"]}]},{\"@type\":\"ImageObject\",\"inLanguage\":\"es\",\"@id\":\"https:\\\/\\\/quehacerpolitico.mx\\\/?p=6302#primaryimage\",\"url\":\"\",\"contentUrl\":\"\"},{\"@type\":\"BreadcrumbList\",\"@id\":\"https:\\\/\\\/quehacerpolitico.mx\\\/?p=6302#breadcrumb\",\"itemListElement\":[{\"@type\":\"ListItem\",\"position\":1,\"name\":\"Inicio\",\"item\":\"https:\\\/\\\/quehacerpolitico.mx\\\/\"},{\"@type\":\"ListItem\",\"position\":2,\"name\":\"\u201cAMLO, te equivocas. El fracking es la soluci\u00f3n a la pobreza; convertir\u00e1 a M\u00e9xico en potencia\u201d: Fox (VIDEO)\"}]},{\"@type\":\"WebSite\",\"@id\":\"https:\\\/\\\/quehacerpolitico.mx\\\/#website\",\"url\":\"https:\\\/\\\/quehacerpolitico.mx\\\/\",\"name\":\"\",\"description\":\"\",\"potentialAction\":[{\"@type\":\"SearchAction\",\"target\":{\"@type\":\"EntryPoint\",\"urlTemplate\":\"https:\\\/\\\/quehacerpolitico.mx\\\/?s={search_term_string}\"},\"query-input\":{\"@type\":\"PropertyValueSpecification\",\"valueRequired\":true,\"valueName\":\"search_term_string\"}}],\"inLanguage\":\"es\"},{\"@type\":\"Person\",\"@id\":\"https:\\\/\\\/quehacerpolitico.mx\\\/#\\\/schema\\\/person\\\/496d8ad2d1d3f8036101dca7ee39e585\",\"name\":\"Redacci\u00f3n QP\",\"image\":{\"@type\":\"ImageObject\",\"inLanguage\":\"es\",\"@id\":\"https:\\\/\\\/secure.gravatar.com\\\/avatar\\\/c7164ed6fdec453195284ad24a5ae5b6e1eed2b848477fa2a4787ba9adf39a41?s=96&d=mm&r=g\",\"url\":\"https:\\\/\\\/secure.gravatar.com\\\/avatar\\\/c7164ed6fdec453195284ad24a5ae5b6e1eed2b848477fa2a4787ba9adf39a41?s=96&d=mm&r=g\",\"contentUrl\":\"https:\\\/\\\/secure.gravatar.com\\\/avatar\\\/c7164ed6fdec453195284ad24a5ae5b6e1eed2b848477fa2a4787ba9adf39a41?s=96&d=mm&r=g\",\"caption\":\"Redacci\u00f3n QP\"},\"url\":\"https:\\\/\\\/quehacerpolitico.mx\\\/?author=2\"}]}<\/script>\n<!-- \/ Yoast SEO plugin. -->","yoast_head_json":{"title":"\u201cAMLO, te equivocas. El fracking es la soluci\u00f3n a la pobreza; convertir\u00e1 a M\u00e9xico en potencia\u201d: Fox (VIDEO) -","robots":{"index":"index","follow":"follow","max-snippet":"max-snippet:-1","max-image-preview":"max-image-preview:large","max-video-preview":"max-video-preview:-1"},"canonical":"https:\/\/quehacerpolitico.mx\/?p=6302","og_locale":"es_MX","og_type":"article","og_title":"\u201cAMLO, te equivocas. El fracking es la soluci\u00f3n a la pobreza; convertir\u00e1 a M\u00e9xico en potencia\u201d: Fox (VIDEO) -","og_description":"\u201cAMLO, te equivocas. El fracking es la soluci\u00f3n a la pobreza; convertir\u00e1 a M\u00e9xico en potencia\u201d: Fox (VIDEO) Por Redacci\u00f3n QP","og_url":"https:\/\/quehacerpolitico.mx\/?p=6302","article_published_time":"2018-10-07T15:08:14+00:00","author":"Redacci\u00f3n QP","twitter_card":"summary_large_image","twitter_misc":{"Escrito por":"Redacci\u00f3n QP","Tiempo de lectura":"2 minutos"},"schema":{"@context":"https:\/\/schema.org","@graph":[{"@type":"Article","@id":"https:\/\/quehacerpolitico.mx\/?p=6302#article","isPartOf":{"@id":"https:\/\/quehacerpolitico.mx\/?p=6302"},"author":{"name":"Redacci\u00f3n QP","@id":"https:\/\/quehacerpolitico.mx\/#\/schema\/person\/496d8ad2d1d3f8036101dca7ee39e585"},"headline":"\u201cAMLO, te equivocas. El fracking es la soluci\u00f3n a la pobreza; convertir\u00e1 a M\u00e9xico en potencia\u201d: Fox (VIDEO)","datePublished":"2018-10-07T15:08:14+00:00","mainEntityOfPage":{"@id":"https:\/\/quehacerpolitico.mx\/?p=6302"},"wordCount":491,"commentCount":0,"image":{"@id":"https:\/\/quehacerpolitico.mx\/?p=6302#primaryimage"},"thumbnailUrl":"","articleSection":["Noticias"],"inLanguage":"es","potentialAction":[{"@type":"CommentAction","name":"Comment","target":["https:\/\/quehacerpolitico.mx\/?p=6302#respond"]}]},{"@type":"WebPage","@id":"https:\/\/quehacerpolitico.mx\/?p=6302","url":"https:\/\/quehacerpolitico.mx\/?p=6302","name":"\u201cAMLO, te equivocas. El fracking es la soluci\u00f3n a la pobreza; convertir\u00e1 a M\u00e9xico en potencia\u201d: Fox (VIDEO) -","isPartOf":{"@id":"https:\/\/quehacerpolitico.mx\/#website"},"primaryImageOfPage":{"@id":"https:\/\/quehacerpolitico.mx\/?p=6302#primaryimage"},"image":{"@id":"https:\/\/quehacerpolitico.mx\/?p=6302#primaryimage"},"thumbnailUrl":"","datePublished":"2018-10-07T15:08:14+00:00","author":{"@id":"https:\/\/quehacerpolitico.mx\/#\/schema\/person\/496d8ad2d1d3f8036101dca7ee39e585"},"breadcrumb":{"@id":"https:\/\/quehacerpolitico.mx\/?p=6302#breadcrumb"},"inLanguage":"es","potentialAction":[{"@type":"ReadAction","target":["https:\/\/quehacerpolitico.mx\/?p=6302"]}]},{"@type":"ImageObject","inLanguage":"es","@id":"https:\/\/quehacerpolitico.mx\/?p=6302#primaryimage","url":"","contentUrl":""},{"@type":"BreadcrumbList","@id":"https:\/\/quehacerpolitico.mx\/?p=6302#breadcrumb","itemListElement":[{"@type":"ListItem","position":1,"name":"Inicio","item":"https:\/\/quehacerpolitico.mx\/"},{"@type":"ListItem","position":2,"name":"\u201cAMLO, te equivocas. El fracking es la soluci\u00f3n a la pobreza; convertir\u00e1 a M\u00e9xico en potencia\u201d: Fox (VIDEO)"}]},{"@type":"WebSite","@id":"https:\/\/quehacerpolitico.mx\/#website","url":"https:\/\/quehacerpolitico.mx\/","name":"","description":"","potentialAction":[{"@type":"SearchAction","target":{"@type":"EntryPoint","urlTemplate":"https:\/\/quehacerpolitico.mx\/?s={search_term_string}"},"query-input":{"@type":"PropertyValueSpecification","valueRequired":true,"valueName":"search_term_string"}}],"inLanguage":"es"},{"@type":"Person","@id":"https:\/\/quehacerpolitico.mx\/#\/schema\/person\/496d8ad2d1d3f8036101dca7ee39e585","name":"Redacci\u00f3n QP","image":{"@type":"ImageObject","inLanguage":"es","@id":"https:\/\/secure.gravatar.com\/avatar\/c7164ed6fdec453195284ad24a5ae5b6e1eed2b848477fa2a4787ba9adf39a41?s=96&d=mm&r=g","url":"https:\/\/secure.gravatar.com\/avatar\/c7164ed6fdec453195284ad24a5ae5b6e1eed2b848477fa2a4787ba9adf39a41?s=96&d=mm&r=g","contentUrl":"https:\/\/secure.gravatar.com\/avatar\/c7164ed6fdec453195284ad24a5ae5b6e1eed2b848477fa2a4787ba9adf39a41?s=96&d=mm&r=g","caption":"Redacci\u00f3n QP"},"url":"https:\/\/quehacerpolitico.mx\/?author=2"}]}},"featured_image_urls":{"full":"","thumbnail":"","medium":"","medium_large":"","large":"","1536x1536":"","2048x2048":"","covernews-featured":"","covernews-medium":""},"author_info":{"display_name":"Redacci\u00f3n QP","author_link":"https:\/\/quehacerpolitico.mx\/?author=2"},"category_info":"<a href=\"https:\/\/quehacerpolitico.mx\/?cat=2\" rel=\"category\">Noticias<\/a>","tag_info":"Noticias","comment_count":"0","_links":{"self":[{"href":"https:\/\/quehacerpolitico.mx\/index.php?rest_route=\/wp\/v2\/posts\/6302","targetHints":{"allow":["GET"]}}],"collection":[{"href":"https:\/\/quehacerpolitico.mx\/index.php?rest_route=\/wp\/v2\/posts"}],"about":[{"href":"https:\/\/quehacerpolitico.mx\/index.php?rest_route=\/wp\/v2\/types\/post"}],"author":[{"embeddable":true,"href":"https:\/\/quehacerpolitico.mx\/index.php?rest_route=\/wp\/v2\/users\/2"}],"replies":[{"embeddable":true,"href":"https:\/\/quehacerpolitico.mx\/index.php?rest_route=%2Fwp%2Fv2%2Fcomments&post=6302"}],"version-history":[{"count":0,"href":"https:\/\/quehacerpolitico.mx\/index.php?rest_route=\/wp\/v2\/posts\/6302\/revisions"}],"wp:featuredmedia":[{"embeddable":true,"href":"https:\/\/quehacerpolitico.mx\/index.php?rest_route=\/"}],"wp:attachment":[{"href":"https:\/\/quehacerpolitico.mx\/index.php?rest_route=%2Fwp%2Fv2%2Fmedia&parent=6302"}],"wp:term":[{"taxonomy":"category","embeddable":true,"href":"https:\/\/quehacerpolitico.mx\/index.php?rest_route=%2Fwp%2Fv2%2Fcategories&post=6302"},{"taxonomy":"post_tag","embeddable":true,"href":"https:\/\/quehacerpolitico.mx\/index.php?rest_route=%2Fwp%2Fv2%2Ftags&post=6302"}],"curies":[{"name":"wp","href":"https:\/\/api.w.org\/{rel}","templated":true}]}}