{"id":62889,"date":"2020-08-12T22:00:34","date_gmt":"2020-08-13T03:00:34","guid":{"rendered":"http:\/\/quehacerpolitico.mx\/?p=62889"},"modified":"2020-08-12T22:00:34","modified_gmt":"2020-08-13T03:00:34","slug":"mexico-llega-a-los-498-mil-casos-de-covid-19-con-mas-de-54-mil-muertes","status":"publish","type":"post","link":"https:\/\/quehacerpolitico.mx\/?p=62889","title":{"rendered":"M\u00e9xico llega a los 498 mil casos de COVID-19, con m\u00e1s de 54 mil muertes"},"content":{"rendered":"<h1 class=\"news-title\">M\u00e9xico llega a los 498 mil casos de COVID-19, con m\u00e1s de 54 mil muertes<br \/>\nPor Redacci\u00f3n QP<\/h1>\n<p>En las \u00faltimas 24 horas se notificaron cinco mil 858 contagios, as\u00ed como 737 fallecimientos<\/p>\n<p>La Secretaria de Salud\u00a0inform\u00f3, durante la presentaci\u00f3n del informe t\u00e9cnico sobre la emergencia sanitaria a causa del COVID-19, que la cifra de personas estudiadas asciende a un mill\u00f3n 127 mil 115 personas, donde 498 mil 380 son casos confirmados, 83 mil 473 son casos que permanecen en sospecha y los decesos a causa del virus suman 54 mil 666 personas.<\/p>\n<blockquote class=\"twitter-tweet\" data-width=\"550\" data-dnt=\"true\">\n<p lang=\"es\" dir=\"ltr\">Comunicado T\u00e9cnico Diario: Nuevo Coronavirus en el Mundo <a href=\"https:\/\/twitter.com\/hashtag\/COVID19?src=hash&amp;ref_src=twsrc%5Etfw\">#COVID19<\/a> | 12 de agosto de 2020<\/p>\n<p>\u27a1\ufe0f <a href=\"https:\/\/t.co\/vEssBnNzL6\">https:\/\/t.co\/vEssBnNzL6<\/a> <a href=\"https:\/\/t.co\/13XJDFzShX\">pic.twitter.com\/13XJDFzShX<\/a><\/p>\n<p>&mdash; SALUD M\u00e9xico (@SSalud_mx) <a href=\"https:\/\/twitter.com\/SSalud_mx\/status\/1293722061395955712?ref_src=twsrc%5Etfw\">August 13, 2020<\/a><\/p><\/blockquote>\n<p><script async src=\"https:\/\/platform.twitter.com\/widgets.js\" charset=\"utf-8\"><\/script><\/p>\n<p>As\u00ed lo inform\u00f3 Jos\u00e9 Luis Alom\u00eda Zegarra, director general de Epidemiolog\u00eda, en la conferencia de prensa n\u00famero 166 transmitida desde Palacio Nacional, donde el funcionario actualiz\u00f3 las cifras a nivel nacional y afirm\u00f3 que <strong>la curva de contagios en las dos \u00faltimas semana presenta una reducci\u00f3n tras dos semanas de permanecer en una meseta.<\/strong><\/p>\n<p>El funcionario agreg\u00f3 que en las estimaciones a nivel nacional de contagios por semana a causa de Sars-Cov2 suman 535 mil 461 casos, de los cuales 42 mil 530 representan casos estimados activos.<\/p>\n<p>Alom\u00eda Zegarra precis\u00f3 sobre la ocupaci\u00f3n hospitalaria general de las 31 mil 450 camas disponibles, 12 mil 765 est\u00e1n ocupadas, es decir el 41% y el resto, 18 mil 685, se encuentran disponibles.<\/p>\n<blockquote class=\"twitter-tweet\" data-width=\"550\" data-dnt=\"true\">\n<p lang=\"es\" dir=\"ltr\">A nivel nacional, 59% de camas de hospitalizaci\u00f3n general est\u00e1n disponibles y 41% ocupadas. En camas con ventiladores, 65% est\u00e1n disponibles y 35% ocupadas. 2\/2 <a href=\"https:\/\/t.co\/JVeYVjQaxX\">pic.twitter.com\/JVeYVjQaxX<\/a><\/p>\n<p>&mdash; Hugo L\u00f3pez-Gatell Ram\u00edrez (@HLGatell) <a href=\"https:\/\/twitter.com\/HLGatell\/status\/1293705313972084738?ref_src=twsrc%5Etfw\">August 13, 2020<\/a><\/p><\/blockquote>\n<p><script async src=\"https:\/\/platform.twitter.com\/widgets.js\" charset=\"utf-8\"><\/script><\/p>\n<p>Entre las entidades con menor disponibilidad siguen figurando estados como Nuevo Le\u00f3n con solo el 31% disponibles, Nayarit con el 34%, Colima con 37%, Coahuila con 42% y Puebla con 48 por ciento.<\/p>\n<p>Cabe mencionar que todas las entidades de la Federaci\u00f3n ya cuentan con el nivel de seguridad en disponibilidad hospitalaria determinado por las autoridades sanitarias en al menos 30 por ciento.<\/p>\n<p>Sobre la disponibilidad de camas con ventilador, Jos\u00e9 Luis Alom\u00eda puntualiz\u00f3 que de las 10 mil 710 totales, tres mil 775 est\u00e1n ocupadas, es decir el 35%, lo que representa una disminuci\u00f3n de un punto porcentual, y las disponibles suman seis mil 935 camas.<\/p>\n<blockquote class=\"twitter-tweet\" data-width=\"550\" data-dnt=\"true\">\n<p lang=\"es\" dir=\"ltr\">Comunicado T\u00e9cnico Diario: Nuevo Coronavirus en el Mundo <a href=\"https:\/\/twitter.com\/hashtag\/COVID19?src=hash&amp;ref_src=twsrc%5Etfw\">#COVID19<\/a> | 12 de agosto de 2020<\/p>\n<p>\u27a1\ufe0f <a href=\"https:\/\/t.co\/vEssBnNzL6\">https:\/\/t.co\/vEssBnNzL6<\/a> <a href=\"https:\/\/t.co\/QDrYQKbdW3\">pic.twitter.com\/QDrYQKbdW3<\/a><\/p>\n<p>&mdash; SALUD M\u00e9xico (@SSalud_mx) <a href=\"https:\/\/twitter.com\/SSalud_mx\/status\/1293715281483911168?ref_src=twsrc%5Etfw\">August 13, 2020<\/a><\/p><\/blockquote>\n<p><script async src=\"https:\/\/platform.twitter.com\/widgets.js\" charset=\"utf-8\"><\/script><\/p>\n<p>Colima se sit\u00faa como el estado con menor disponibilidad con solo 33% de camas, seguido de Nuevo Le\u00f3n con 43%, Aguascalientes con 50%, Baja California con 52% y la Ciudad de M\u00e9xico con el 54 por ciento.<\/p>\n<blockquote class=\"twitter-tweet\" data-width=\"550\" data-dnt=\"true\">\n<p lang=\"pt\" dir=\"ltr\">Conferencia de Prensa <a href=\"https:\/\/twitter.com\/hashtag\/COVID19?src=hash&amp;ref_src=twsrc%5Etfw\">#COVID19<\/a> | 12 de agosto de 2020 <a href=\"https:\/\/twitter.com\/hashtag\/GraciasPorCuidarnos?src=hash&amp;ref_src=twsrc%5Etfw\">#GraciasPorCuidarnos<\/a> <a href=\"https:\/\/t.co\/M8xuaQnm26\">https:\/\/t.co\/M8xuaQnm26<\/a><\/p>\n<p>&mdash; SALUD M\u00e9xico (@SSalud_mx) <a href=\"https:\/\/twitter.com\/SSalud_mx\/status\/1293697898715049985?ref_src=twsrc%5Etfw\">August 12, 2020<\/a><\/p><\/blockquote>\n<p><script async src=\"https:\/\/platform.twitter.com\/widgets.js\" charset=\"utf-8\"><\/script><\/p>\n<p>Con informaci\u00f3n de SUN<\/p>\n","protected":false},"excerpt":{"rendered":"<p>M\u00e9xico llega a los 498 mil casos de COVID-19, con m\u00e1s de 54 mil muertes&#8230;<\/p>\n","protected":false},"author":2,"featured_media":62894,"comment_status":"open","ping_status":"open","sticky":false,"template":"","format":"standard","meta":{"_monsterinsights_skip_tracking":false,"_monsterinsights_sitenote_active":false,"_monsterinsights_sitenote_note":"","_monsterinsights_sitenote_category":0,"footnotes":""},"categories":[2],"tags":[],"class_list":["post-62889","post","type-post","status-publish","format-standard","has-post-thumbnail","hentry","category-noticias"],"yoast_head":"<!-- This site is optimized with the Yoast SEO plugin v27.3 - https:\/\/yoast.com\/product\/yoast-seo-wordpress\/ -->\n<title>M\u00e9xico llega a los 498 mil casos de COVID-19, con m\u00e1s de 54 mil muertes -<\/title>\n<meta name=\"robots\" content=\"index, follow, max-snippet:-1, max-image-preview:large, max-video-preview:-1\" \/>\n<link rel=\"canonical\" href=\"https:\/\/quehacerpolitico.mx\/?p=62889\" \/>\n<meta property=\"og:locale\" content=\"es_MX\" \/>\n<meta property=\"og:type\" content=\"article\" \/>\n<meta property=\"og:title\" content=\"M\u00e9xico llega a los 498 mil casos de COVID-19, con m\u00e1s de 54 mil muertes -\" \/>\n<meta property=\"og:description\" content=\"M\u00e9xico llega a los 498 mil casos de COVID-19, con m\u00e1s de 54 mil muertes...\" \/>\n<meta property=\"og:url\" content=\"https:\/\/quehacerpolitico.mx\/?p=62889\" \/>\n<meta property=\"article:published_time\" content=\"2020-08-13T03:00:34+00:00\" \/>\n<meta property=\"og:image\" content=\"https:\/\/quehacerpolitico.mx\/wp-content\/uploads\/2020\/08\/6E7F651B-3E42-4A39-AACA-268C9A06FA4E.jpeg\" \/>\n\t<meta property=\"og:image:width\" content=\"1242\" \/>\n\t<meta property=\"og:image:height\" content=\"670\" \/>\n\t<meta property=\"og:image:type\" content=\"image\/jpeg\" \/>\n<meta name=\"author\" content=\"Redacci\u00f3n QP\" \/>\n<meta name=\"twitter:card\" content=\"summary_large_image\" \/>\n<meta name=\"twitter:label1\" content=\"Escrito por\" \/>\n\t<meta name=\"twitter:data1\" content=\"Redacci\u00f3n QP\" \/>\n\t<meta name=\"twitter:label2\" content=\"Tiempo de lectura\" \/>\n\t<meta name=\"twitter:data2\" content=\"2 minutos\" \/>\n<script type=\"application\/ld+json\" class=\"yoast-schema-graph\">{\"@context\":\"https:\\\/\\\/schema.org\",\"@graph\":[{\"@type\":\"Article\",\"@id\":\"https:\\\/\\\/quehacerpolitico.mx\\\/?p=62889#article\",\"isPartOf\":{\"@id\":\"https:\\\/\\\/quehacerpolitico.mx\\\/?p=62889\"},\"author\":{\"name\":\"Redacci\u00f3n QP\",\"@id\":\"https:\\\/\\\/quehacerpolitico.mx\\\/#\\\/schema\\\/person\\\/496d8ad2d1d3f8036101dca7ee39e585\"},\"headline\":\"M\u00e9xico llega a los 498 mil casos de COVID-19, con m\u00e1s de 54 mil muertes\",\"datePublished\":\"2020-08-13T03:00:34+00:00\",\"mainEntityOfPage\":{\"@id\":\"https:\\\/\\\/quehacerpolitico.mx\\\/?p=62889\"},\"wordCount\":385,\"commentCount\":0,\"image\":{\"@id\":\"https:\\\/\\\/quehacerpolitico.mx\\\/?p=62889#primaryimage\"},\"thumbnailUrl\":\"https:\\\/\\\/quehacerpolitico.mx\\\/wp-content\\\/uploads\\\/2020\\\/08\\\/6E7F651B-3E42-4A39-AACA-268C9A06FA4E.jpeg\",\"articleSection\":[\"Noticias\"],\"inLanguage\":\"es\",\"potentialAction\":[{\"@type\":\"CommentAction\",\"name\":\"Comment\",\"target\":[\"https:\\\/\\\/quehacerpolitico.mx\\\/?p=62889#respond\"]}]},{\"@type\":\"WebPage\",\"@id\":\"https:\\\/\\\/quehacerpolitico.mx\\\/?p=62889\",\"url\":\"https:\\\/\\\/quehacerpolitico.mx\\\/?p=62889\",\"name\":\"M\u00e9xico llega a los 498 mil casos de COVID-19, con m\u00e1s de 54 mil muertes -\",\"isPartOf\":{\"@id\":\"https:\\\/\\\/quehacerpolitico.mx\\\/#website\"},\"primaryImageOfPage\":{\"@id\":\"https:\\\/\\\/quehacerpolitico.mx\\\/?p=62889#primaryimage\"},\"image\":{\"@id\":\"https:\\\/\\\/quehacerpolitico.mx\\\/?p=62889#primaryimage\"},\"thumbnailUrl\":\"https:\\\/\\\/quehacerpolitico.mx\\\/wp-content\\\/uploads\\\/2020\\\/08\\\/6E7F651B-3E42-4A39-AACA-268C9A06FA4E.jpeg\",\"datePublished\":\"2020-08-13T03:00:34+00:00\",\"author\":{\"@id\":\"https:\\\/\\\/quehacerpolitico.mx\\\/#\\\/schema\\\/person\\\/496d8ad2d1d3f8036101dca7ee39e585\"},\"breadcrumb\":{\"@id\":\"https:\\\/\\\/quehacerpolitico.mx\\\/?p=62889#breadcrumb\"},\"inLanguage\":\"es\",\"potentialAction\":[{\"@type\":\"ReadAction\",\"target\":[\"https:\\\/\\\/quehacerpolitico.mx\\\/?p=62889\"]}]},{\"@type\":\"ImageObject\",\"inLanguage\":\"es\",\"@id\":\"https:\\\/\\\/quehacerpolitico.mx\\\/?p=62889#primaryimage\",\"url\":\"https:\\\/\\\/quehacerpolitico.mx\\\/wp-content\\\/uploads\\\/2020\\\/08\\\/6E7F651B-3E42-4A39-AACA-268C9A06FA4E.jpeg\",\"contentUrl\":\"https:\\\/\\\/quehacerpolitico.mx\\\/wp-content\\\/uploads\\\/2020\\\/08\\\/6E7F651B-3E42-4A39-AACA-268C9A06FA4E.jpeg\",\"width\":1242,\"height\":670},{\"@type\":\"BreadcrumbList\",\"@id\":\"https:\\\/\\\/quehacerpolitico.mx\\\/?p=62889#breadcrumb\",\"itemListElement\":[{\"@type\":\"ListItem\",\"position\":1,\"name\":\"Inicio\",\"item\":\"https:\\\/\\\/quehacerpolitico.mx\\\/\"},{\"@type\":\"ListItem\",\"position\":2,\"name\":\"M\u00e9xico llega a los 498 mil casos de COVID-19, con m\u00e1s de 54 mil muertes\"}]},{\"@type\":\"WebSite\",\"@id\":\"https:\\\/\\\/quehacerpolitico.mx\\\/#website\",\"url\":\"https:\\\/\\\/quehacerpolitico.mx\\\/\",\"name\":\"\",\"description\":\"\",\"potentialAction\":[{\"@type\":\"SearchAction\",\"target\":{\"@type\":\"EntryPoint\",\"urlTemplate\":\"https:\\\/\\\/quehacerpolitico.mx\\\/?s={search_term_string}\"},\"query-input\":{\"@type\":\"PropertyValueSpecification\",\"valueRequired\":true,\"valueName\":\"search_term_string\"}}],\"inLanguage\":\"es\"},{\"@type\":\"Person\",\"@id\":\"https:\\\/\\\/quehacerpolitico.mx\\\/#\\\/schema\\\/person\\\/496d8ad2d1d3f8036101dca7ee39e585\",\"name\":\"Redacci\u00f3n QP\",\"image\":{\"@type\":\"ImageObject\",\"inLanguage\":\"es\",\"@id\":\"https:\\\/\\\/secure.gravatar.com\\\/avatar\\\/c7164ed6fdec453195284ad24a5ae5b6e1eed2b848477fa2a4787ba9adf39a41?s=96&d=mm&r=g\",\"url\":\"https:\\\/\\\/secure.gravatar.com\\\/avatar\\\/c7164ed6fdec453195284ad24a5ae5b6e1eed2b848477fa2a4787ba9adf39a41?s=96&d=mm&r=g\",\"contentUrl\":\"https:\\\/\\\/secure.gravatar.com\\\/avatar\\\/c7164ed6fdec453195284ad24a5ae5b6e1eed2b848477fa2a4787ba9adf39a41?s=96&d=mm&r=g\",\"caption\":\"Redacci\u00f3n QP\"},\"url\":\"https:\\\/\\\/quehacerpolitico.mx\\\/?author=2\"}]}<\/script>\n<!-- \/ Yoast SEO plugin. -->","yoast_head_json":{"title":"M\u00e9xico llega a los 498 mil casos de COVID-19, con m\u00e1s de 54 mil muertes -","robots":{"index":"index","follow":"follow","max-snippet":"max-snippet:-1","max-image-preview":"max-image-preview:large","max-video-preview":"max-video-preview:-1"},"canonical":"https:\/\/quehacerpolitico.mx\/?p=62889","og_locale":"es_MX","og_type":"article","og_title":"M\u00e9xico llega a los 498 mil casos de COVID-19, con m\u00e1s de 54 mil muertes -","og_description":"M\u00e9xico llega a los 498 mil casos de COVID-19, con m\u00e1s de 54 mil muertes...","og_url":"https:\/\/quehacerpolitico.mx\/?p=62889","article_published_time":"2020-08-13T03:00:34+00:00","og_image":[{"width":1242,"height":670,"url":"https:\/\/quehacerpolitico.mx\/wp-content\/uploads\/2020\/08\/6E7F651B-3E42-4A39-AACA-268C9A06FA4E.jpeg","type":"image\/jpeg"}],"author":"Redacci\u00f3n QP","twitter_card":"summary_large_image","twitter_misc":{"Escrito por":"Redacci\u00f3n QP","Tiempo de lectura":"2 minutos"},"schema":{"@context":"https:\/\/schema.org","@graph":[{"@type":"Article","@id":"https:\/\/quehacerpolitico.mx\/?p=62889#article","isPartOf":{"@id":"https:\/\/quehacerpolitico.mx\/?p=62889"},"author":{"name":"Redacci\u00f3n QP","@id":"https:\/\/quehacerpolitico.mx\/#\/schema\/person\/496d8ad2d1d3f8036101dca7ee39e585"},"headline":"M\u00e9xico llega a los 498 mil casos de COVID-19, con m\u00e1s de 54 mil muertes","datePublished":"2020-08-13T03:00:34+00:00","mainEntityOfPage":{"@id":"https:\/\/quehacerpolitico.mx\/?p=62889"},"wordCount":385,"commentCount":0,"image":{"@id":"https:\/\/quehacerpolitico.mx\/?p=62889#primaryimage"},"thumbnailUrl":"https:\/\/quehacerpolitico.mx\/wp-content\/uploads\/2020\/08\/6E7F651B-3E42-4A39-AACA-268C9A06FA4E.jpeg","articleSection":["Noticias"],"inLanguage":"es","potentialAction":[{"@type":"CommentAction","name":"Comment","target":["https:\/\/quehacerpolitico.mx\/?p=62889#respond"]}]},{"@type":"WebPage","@id":"https:\/\/quehacerpolitico.mx\/?p=62889","url":"https:\/\/quehacerpolitico.mx\/?p=62889","name":"M\u00e9xico llega a los 498 mil casos de COVID-19, con m\u00e1s de 54 mil muertes -","isPartOf":{"@id":"https:\/\/quehacerpolitico.mx\/#website"},"primaryImageOfPage":{"@id":"https:\/\/quehacerpolitico.mx\/?p=62889#primaryimage"},"image":{"@id":"https:\/\/quehacerpolitico.mx\/?p=62889#primaryimage"},"thumbnailUrl":"https:\/\/quehacerpolitico.mx\/wp-content\/uploads\/2020\/08\/6E7F651B-3E42-4A39-AACA-268C9A06FA4E.jpeg","datePublished":"2020-08-13T03:00:34+00:00","author":{"@id":"https:\/\/quehacerpolitico.mx\/#\/schema\/person\/496d8ad2d1d3f8036101dca7ee39e585"},"breadcrumb":{"@id":"https:\/\/quehacerpolitico.mx\/?p=62889#breadcrumb"},"inLanguage":"es","potentialAction":[{"@type":"ReadAction","target":["https:\/\/quehacerpolitico.mx\/?p=62889"]}]},{"@type":"ImageObject","inLanguage":"es","@id":"https:\/\/quehacerpolitico.mx\/?p=62889#primaryimage","url":"https:\/\/quehacerpolitico.mx\/wp-content\/uploads\/2020\/08\/6E7F651B-3E42-4A39-AACA-268C9A06FA4E.jpeg","contentUrl":"https:\/\/quehacerpolitico.mx\/wp-content\/uploads\/2020\/08\/6E7F651B-3E42-4A39-AACA-268C9A06FA4E.jpeg","width":1242,"height":670},{"@type":"BreadcrumbList","@id":"https:\/\/quehacerpolitico.mx\/?p=62889#breadcrumb","itemListElement":[{"@type":"ListItem","position":1,"name":"Inicio","item":"https:\/\/quehacerpolitico.mx\/"},{"@type":"ListItem","position":2,"name":"M\u00e9xico llega a los 498 mil casos de COVID-19, con m\u00e1s de 54 mil muertes"}]},{"@type":"WebSite","@id":"https:\/\/quehacerpolitico.mx\/#website","url":"https:\/\/quehacerpolitico.mx\/","name":"","description":"","potentialAction":[{"@type":"SearchAction","target":{"@type":"EntryPoint","urlTemplate":"https:\/\/quehacerpolitico.mx\/?s={search_term_string}"},"query-input":{"@type":"PropertyValueSpecification","valueRequired":true,"valueName":"search_term_string"}}],"inLanguage":"es"},{"@type":"Person","@id":"https:\/\/quehacerpolitico.mx\/#\/schema\/person\/496d8ad2d1d3f8036101dca7ee39e585","name":"Redacci\u00f3n QP","image":{"@type":"ImageObject","inLanguage":"es","@id":"https:\/\/secure.gravatar.com\/avatar\/c7164ed6fdec453195284ad24a5ae5b6e1eed2b848477fa2a4787ba9adf39a41?s=96&d=mm&r=g","url":"https:\/\/secure.gravatar.com\/avatar\/c7164ed6fdec453195284ad24a5ae5b6e1eed2b848477fa2a4787ba9adf39a41?s=96&d=mm&r=g","contentUrl":"https:\/\/secure.gravatar.com\/avatar\/c7164ed6fdec453195284ad24a5ae5b6e1eed2b848477fa2a4787ba9adf39a41?s=96&d=mm&r=g","caption":"Redacci\u00f3n QP"},"url":"https:\/\/quehacerpolitico.mx\/?author=2"}]}},"featured_image_urls":{"full":["https:\/\/quehacerpolitico.mx\/wp-content\/uploads\/2020\/08\/6E7F651B-3E42-4A39-AACA-268C9A06FA4E.jpeg",1242,670,false],"thumbnail":["https:\/\/quehacerpolitico.mx\/wp-content\/uploads\/2020\/08\/6E7F651B-3E42-4A39-AACA-268C9A06FA4E-150x150.jpeg",150,150,true],"medium":["https:\/\/quehacerpolitico.mx\/wp-content\/uploads\/2020\/08\/6E7F651B-3E42-4A39-AACA-268C9A06FA4E-300x162.jpeg",300,162,true],"medium_large":["https:\/\/quehacerpolitico.mx\/wp-content\/uploads\/2020\/08\/6E7F651B-3E42-4A39-AACA-268C9A06FA4E-768x414.jpeg",640,345,true],"large":["https:\/\/quehacerpolitico.mx\/wp-content\/uploads\/2020\/08\/6E7F651B-3E42-4A39-AACA-268C9A06FA4E-1024x552.jpeg",640,345,true],"1536x1536":["https:\/\/quehacerpolitico.mx\/wp-content\/uploads\/2020\/08\/6E7F651B-3E42-4A39-AACA-268C9A06FA4E.jpeg",1242,670,false],"2048x2048":["https:\/\/quehacerpolitico.mx\/wp-content\/uploads\/2020\/08\/6E7F651B-3E42-4A39-AACA-268C9A06FA4E.jpeg",1242,670,false],"covernews-featured":["https:\/\/quehacerpolitico.mx\/wp-content\/uploads\/2020\/08\/6E7F651B-3E42-4A39-AACA-268C9A06FA4E.jpeg",1024,552,false],"covernews-medium":["https:\/\/quehacerpolitico.mx\/wp-content\/uploads\/2020\/08\/6E7F651B-3E42-4A39-AACA-268C9A06FA4E.jpeg",540,291,false]},"author_info":{"display_name":"Redacci\u00f3n QP","author_link":"https:\/\/quehacerpolitico.mx\/?author=2"},"category_info":"<a href=\"https:\/\/quehacerpolitico.mx\/?cat=2\" rel=\"category\">Noticias<\/a>","tag_info":"Noticias","comment_count":"0","_links":{"self":[{"href":"https:\/\/quehacerpolitico.mx\/index.php?rest_route=\/wp\/v2\/posts\/62889","targetHints":{"allow":["GET"]}}],"collection":[{"href":"https:\/\/quehacerpolitico.mx\/index.php?rest_route=\/wp\/v2\/posts"}],"about":[{"href":"https:\/\/quehacerpolitico.mx\/index.php?rest_route=\/wp\/v2\/types\/post"}],"author":[{"embeddable":true,"href":"https:\/\/quehacerpolitico.mx\/index.php?rest_route=\/wp\/v2\/users\/2"}],"replies":[{"embeddable":true,"href":"https:\/\/quehacerpolitico.mx\/index.php?rest_route=%2Fwp%2Fv2%2Fcomments&post=62889"}],"version-history":[{"count":0,"href":"https:\/\/quehacerpolitico.mx\/index.php?rest_route=\/wp\/v2\/posts\/62889\/revisions"}],"wp:featuredmedia":[{"embeddable":true,"href":"https:\/\/quehacerpolitico.mx\/index.php?rest_route=\/wp\/v2\/media\/62894"}],"wp:attachment":[{"href":"https:\/\/quehacerpolitico.mx\/index.php?rest_route=%2Fwp%2Fv2%2Fmedia&parent=62889"}],"wp:term":[{"taxonomy":"category","embeddable":true,"href":"https:\/\/quehacerpolitico.mx\/index.php?rest_route=%2Fwp%2Fv2%2Fcategories&post=62889"},{"taxonomy":"post_tag","embeddable":true,"href":"https:\/\/quehacerpolitico.mx\/index.php?rest_route=%2Fwp%2Fv2%2Ftags&post=62889"}],"curies":[{"name":"wp","href":"https:\/\/api.w.org\/{rel}","templated":true}]}}