{"id":62883,"date":"2020-08-12T21:37:16","date_gmt":"2020-08-13T02:37:16","guid":{"rendered":"http:\/\/quehacerpolitico.mx\/?p=62883"},"modified":"2020-08-12T21:37:16","modified_gmt":"2020-08-13T02:37:16","slug":"mexico-y-argentina-produciran-vacuna-de-astrazeneca-para-al-presidente-fernandez","status":"publish","type":"post","link":"https:\/\/quehacerpolitico.mx\/?p=62883","title":{"rendered":"M\u00e9xico y Argentina producir\u00e1n vacuna de AstraZeneca para AL: presidente Fern\u00e1ndez"},"content":{"rendered":"<h1 class=\"news-title\">M\u00e9xico y Argentina producir\u00e1n vacuna de AstraZeneca para AL: presidente Fern\u00e1ndez<br \/>\nPor Redacci\u00f3n QP<\/h1>\n<p>Mandatario\u00a0argentino anticipa que podr\u00e1\u00a0estar disponible\u00a0para el primer semestre de 2021<\/p>\n<p>El presidente de Argentina,\u00a0Alberto Fern\u00e1ndez, anunci\u00f3 este mi\u00e9rcoles que su pa\u00eds,<strong> junto con M\u00e9xico, producir\u00e1 para Latinoam\u00e9rica la vacuna<\/strong> contra el nuevo coronavirus desarrollada por el laboratorio Astra Zeneca en colaboraci\u00f3n con la universidad brit\u00e1nica de Oxford.<\/p>\n<p><iframe loading=\"lazy\" title=\"Argentina producir\u00e1 la vacuna contra el coronavirus: el anuncio completo de Alberto Fern\u00e1ndez\" width=\"640\" height=\"360\" src=\"https:\/\/www.youtube.com\/embed\/6B-yh1rZiRc?feature=oembed\" frameborder=\"0\" allow=\"accelerometer; autoplay; clipboard-write; encrypted-media; gyroscope; picture-in-picture; web-share\" referrerpolicy=\"strict-origin-when-cross-origin\" allowfullscreen><\/iframe><\/p>\n<p>&#8220;El laboratorio AstraZeneca ha firmado un <strong>acuerdo con la Fundaci\u00f3n Slim <\/strong>para producir entre 150 y 250 millones de vacunas destinadas a toda Latinoam\u00e9rica con excepci\u00f3n de Brasil, que van a estar disponibles para el primer semestre de 2021 y se va a distribuir equitativamente entre los pa\u00edses a solicitud de los gobiernos&#8221;, declar\u00f3 Fern\u00e1ndez en rueda de prensa.<\/p>\n<p>&#8220;La producci\u00f3n latinoamericana va a estar a cargo de la Argentina y de M\u00e9xico y eso va a permitir acceso oportuno y eficiente para todos los pa\u00edses de la regi\u00f3n&#8221;, agreg\u00f3.<\/p>\n<p>El pa\u00eds sudamericano tendr\u00e1 bajo su \u00f3rbita la fabricaci\u00f3n de la vacuna, mientras que M\u00e9xico se ocupar\u00e1 de envasado y distribuci\u00f3n &#8220;equitativa&#8221;\u00a0en toda la regi\u00f3n, detall\u00f3 Fern\u00e1ndez<\/p>\n<p>El mandatario argentino anticip\u00f3 que en breve se comunicar\u00e1 con el Presidente mexicano, Andr\u00e9s Manuel L\u00f3pez Obrador<\/p>\n<blockquote class=\"twitter-tweet\" data-width=\"550\" data-dnt=\"true\">\n<p lang=\"es\" dir=\"ltr\">Ma\u00f1ana daremos a conocer con el Secretario de Salud los acuerdos alcanzados para producir en M\u00e9xico y Argentina, con apoyo crucial de la Fundaci\u00f3n Carlos Slim, entre 150 y 250 millones de dosis de la vacuna desarrollada por Alestra-Zeneca para hacer frente al Covid-19.<\/p>\n<p>&mdash; Marcelo Ebrard C. (@m_ebrard) <a href=\"https:\/\/twitter.com\/m_ebrard\/status\/1293706506463072257?ref_src=twsrc%5Etfw\">August 13, 2020<\/a><\/p><\/blockquote>\n<p><script async src=\"https:\/\/platform.twitter.com\/widgets.js\" charset=\"utf-8\"><\/script><\/p>\n<p>La vacuna en cuesti\u00f3n\u00a0es una de casi una veintena de iniciativas que se encuentran en <strong>diversas etapas de ensayo <\/strong>en seres humanos en todo el mundo. Rusia se convirti\u00f3 el martes en el primer pa\u00eds en aprobar una vacuna contra el coronavirus y declararla lista para su uso, aunque sus autoridades todav\u00eda no han ofrecido ninguna prueba de seguridad o eficacia.<\/p>\n<blockquote class=\"twitter-tweet\" data-width=\"550\" data-dnt=\"true\">\n<p lang=\"es\" dir=\"ltr\">Debe decir AstraZeneca no Alestra, gracias por hac\u00e9rmelo notar.<\/p>\n<p>&mdash; Marcelo Ebrard C. (@m_ebrard) <a href=\"https:\/\/twitter.com\/m_ebrard\/status\/1293721634067623937?ref_src=twsrc%5Etfw\">August 13, 2020<\/a><\/p><\/blockquote>\n<p><script async src=\"https:\/\/platform.twitter.com\/widgets.js\" charset=\"utf-8\"><\/script><\/p>\n<p>A fines de julio, AstraZeneca dijo que est\u00e1 dispuesto a producir dos mil millones de dosis de la vacuna a un precio bajo por dosis. Se espera que los costos de fabricaci\u00f3n sean compensados a trav\u00e9s de financiamiento de los gobiernos y privados.<\/p>\n<p>El convenio con M\u00e9xico y Argentina ser\u00e1 financiado por la fundaci\u00f3n del magnate mexicano Carlos Slim.<\/p>\n<p>Fern\u00e1ndez estim\u00f3 que la vacuna tendr\u00e1 un valor de <strong>entre tres y cuatro d\u00f3lares<\/strong>, lo cual &#8220;es muy significativo para Am\u00e9rica Latina porque permite a todos los pa\u00edses acceder a ella&#8221;.<\/p>\n<p>AstraZeneca cerr\u00f3 una serie de acuerdos similares en todo el mundo para distribuir la vacuna experimental contra el COVID-19, la cual ha tenido resultados prometedores en las primeras fases de pruebas.<\/p>\n<p>Sus convenios incluyen a Estados Unidos, Gran Breta\u00f1a y la Uni\u00f3n Europea, as\u00ed como con la Coalici\u00f3n para las Innovaciones en Preparaci\u00f3n para Epidemias -una coalici\u00f3n p\u00fablico-privada con sede en Noruega-, y la Alianza de Vacunas GAVI, una asociaci\u00f3n p\u00fablico-privada establecida en Ginebra.<\/p>\n<p>Tambi\u00e9n con laboratorios de India, Rusia y Corea del Sur.<\/p>\n<p>Brasil firm\u00f3 un acuerdo diferente con AstraZeneca para ensayos de su vacuna.<\/p>\n<p>&#8220;Esta vacuna <strong>viene a la delantera <\/strong>en cuanto al momento de la fase cl\u00ednica en que est\u00e1. Hay publicaciones de julio que le dan extraordinaria capacidad de inmunidad con una sola dosis&#8221;,\u00a0enfatiz\u00f3 el ministro argentino de Salud, Gin\u00e9s Gonz\u00e1lez Garc\u00eda.<\/p>\n<p>Los llamados ensayos de fase 3, que suelen durar meses e implican a miles de personas, son la \u00fanica forma de demostrar si una vacuna experimental es segura y si realmente funciona.<\/p>\n<p>La Organizaci\u00f3n Mundial de la Salud dice que todas las posibles vacunas deben completar las fases de ensayo antes de ser distribuidas. Los expertos han advertido que si no cumplen con los protocolos pueden provocar un impacto negativo en la salud y crear una falsa sensaci\u00f3n de seguridad o socavar la confianza en las vacunas.<\/p>\n<p>Con informaci\u00f3n de AFP\/AP\/EFE<\/p>\n","protected":false},"excerpt":{"rendered":"<p>M\u00e9xico y Argentina producir\u00e1n vacuna de AstraZeneca para AL: presidente Fern\u00e1ndez Por Redacci\u00f3n QP Mandatario\u00a0argentino&#8230;<\/p>\n","protected":false},"author":2,"featured_media":62887,"comment_status":"open","ping_status":"open","sticky":false,"template":"","format":"standard","meta":{"_monsterinsights_skip_tracking":false,"_monsterinsights_sitenote_active":false,"_monsterinsights_sitenote_note":"","_monsterinsights_sitenote_category":0,"footnotes":""},"categories":[2],"tags":[],"class_list":["post-62883","post","type-post","status-publish","format-standard","has-post-thumbnail","hentry","category-noticias"],"yoast_head":"<!-- This site is optimized with the Yoast SEO plugin v27.3 - https:\/\/yoast.com\/product\/yoast-seo-wordpress\/ -->\n<title>M\u00e9xico y Argentina producir\u00e1n vacuna de AstraZeneca para AL: presidente Fern\u00e1ndez -<\/title>\n<meta name=\"robots\" content=\"index, follow, max-snippet:-1, max-image-preview:large, max-video-preview:-1\" \/>\n<link rel=\"canonical\" href=\"https:\/\/quehacerpolitico.mx\/?p=62883\" \/>\n<meta property=\"og:locale\" content=\"es_MX\" \/>\n<meta property=\"og:type\" content=\"article\" \/>\n<meta property=\"og:title\" content=\"M\u00e9xico y Argentina producir\u00e1n vacuna de AstraZeneca para AL: presidente Fern\u00e1ndez -\" \/>\n<meta property=\"og:description\" content=\"M\u00e9xico y Argentina producir\u00e1n vacuna de AstraZeneca para AL: presidente Fern\u00e1ndez Por Redacci\u00f3n QP Mandatario\u00a0argentino...\" \/>\n<meta property=\"og:url\" content=\"https:\/\/quehacerpolitico.mx\/?p=62883\" \/>\n<meta property=\"article:published_time\" content=\"2020-08-13T02:37:16+00:00\" \/>\n<meta property=\"og:image\" content=\"https:\/\/quehacerpolitico.mx\/wp-content\/uploads\/2020\/08\/AB76CBDB-6F4F-403A-9421-D5FFFD619EF5.jpeg\" \/>\n\t<meta property=\"og:image:width\" content=\"1980\" \/>\n\t<meta property=\"og:image:height\" content=\"1184\" \/>\n\t<meta property=\"og:image:type\" content=\"image\/jpeg\" \/>\n<meta name=\"author\" content=\"Redacci\u00f3n QP\" \/>\n<meta name=\"twitter:card\" content=\"summary_large_image\" \/>\n<meta name=\"twitter:label1\" content=\"Escrito por\" \/>\n\t<meta name=\"twitter:data1\" content=\"Redacci\u00f3n QP\" \/>\n\t<meta name=\"twitter:label2\" content=\"Tiempo de lectura\" \/>\n\t<meta name=\"twitter:data2\" content=\"3 minutos\" \/>\n<script type=\"application\/ld+json\" class=\"yoast-schema-graph\">{\"@context\":\"https:\\\/\\\/schema.org\",\"@graph\":[{\"@type\":\"Article\",\"@id\":\"https:\\\/\\\/quehacerpolitico.mx\\\/?p=62883#article\",\"isPartOf\":{\"@id\":\"https:\\\/\\\/quehacerpolitico.mx\\\/?p=62883\"},\"author\":{\"name\":\"Redacci\u00f3n QP\",\"@id\":\"https:\\\/\\\/quehacerpolitico.mx\\\/#\\\/schema\\\/person\\\/496d8ad2d1d3f8036101dca7ee39e585\"},\"headline\":\"M\u00e9xico y Argentina producir\u00e1n vacuna de AstraZeneca para AL: presidente Fern\u00e1ndez\",\"datePublished\":\"2020-08-13T02:37:16+00:00\",\"mainEntityOfPage\":{\"@id\":\"https:\\\/\\\/quehacerpolitico.mx\\\/?p=62883\"},\"wordCount\":665,\"commentCount\":0,\"image\":{\"@id\":\"https:\\\/\\\/quehacerpolitico.mx\\\/?p=62883#primaryimage\"},\"thumbnailUrl\":\"https:\\\/\\\/quehacerpolitico.mx\\\/wp-content\\\/uploads\\\/2020\\\/08\\\/AB76CBDB-6F4F-403A-9421-D5FFFD619EF5.jpeg\",\"articleSection\":[\"Noticias\"],\"inLanguage\":\"es\",\"potentialAction\":[{\"@type\":\"CommentAction\",\"name\":\"Comment\",\"target\":[\"https:\\\/\\\/quehacerpolitico.mx\\\/?p=62883#respond\"]}]},{\"@type\":\"WebPage\",\"@id\":\"https:\\\/\\\/quehacerpolitico.mx\\\/?p=62883\",\"url\":\"https:\\\/\\\/quehacerpolitico.mx\\\/?p=62883\",\"name\":\"M\u00e9xico y Argentina producir\u00e1n vacuna de AstraZeneca para AL: presidente Fern\u00e1ndez -\",\"isPartOf\":{\"@id\":\"https:\\\/\\\/quehacerpolitico.mx\\\/#website\"},\"primaryImageOfPage\":{\"@id\":\"https:\\\/\\\/quehacerpolitico.mx\\\/?p=62883#primaryimage\"},\"image\":{\"@id\":\"https:\\\/\\\/quehacerpolitico.mx\\\/?p=62883#primaryimage\"},\"thumbnailUrl\":\"https:\\\/\\\/quehacerpolitico.mx\\\/wp-content\\\/uploads\\\/2020\\\/08\\\/AB76CBDB-6F4F-403A-9421-D5FFFD619EF5.jpeg\",\"datePublished\":\"2020-08-13T02:37:16+00:00\",\"author\":{\"@id\":\"https:\\\/\\\/quehacerpolitico.mx\\\/#\\\/schema\\\/person\\\/496d8ad2d1d3f8036101dca7ee39e585\"},\"breadcrumb\":{\"@id\":\"https:\\\/\\\/quehacerpolitico.mx\\\/?p=62883#breadcrumb\"},\"inLanguage\":\"es\",\"potentialAction\":[{\"@type\":\"ReadAction\",\"target\":[\"https:\\\/\\\/quehacerpolitico.mx\\\/?p=62883\"]}]},{\"@type\":\"ImageObject\",\"inLanguage\":\"es\",\"@id\":\"https:\\\/\\\/quehacerpolitico.mx\\\/?p=62883#primaryimage\",\"url\":\"https:\\\/\\\/quehacerpolitico.mx\\\/wp-content\\\/uploads\\\/2020\\\/08\\\/AB76CBDB-6F4F-403A-9421-D5FFFD619EF5.jpeg\",\"contentUrl\":\"https:\\\/\\\/quehacerpolitico.mx\\\/wp-content\\\/uploads\\\/2020\\\/08\\\/AB76CBDB-6F4F-403A-9421-D5FFFD619EF5.jpeg\",\"width\":1980,\"height\":1184},{\"@type\":\"BreadcrumbList\",\"@id\":\"https:\\\/\\\/quehacerpolitico.mx\\\/?p=62883#breadcrumb\",\"itemListElement\":[{\"@type\":\"ListItem\",\"position\":1,\"name\":\"Inicio\",\"item\":\"https:\\\/\\\/quehacerpolitico.mx\\\/\"},{\"@type\":\"ListItem\",\"position\":2,\"name\":\"M\u00e9xico y Argentina producir\u00e1n vacuna de AstraZeneca para AL: presidente Fern\u00e1ndez\"}]},{\"@type\":\"WebSite\",\"@id\":\"https:\\\/\\\/quehacerpolitico.mx\\\/#website\",\"url\":\"https:\\\/\\\/quehacerpolitico.mx\\\/\",\"name\":\"\",\"description\":\"\",\"potentialAction\":[{\"@type\":\"SearchAction\",\"target\":{\"@type\":\"EntryPoint\",\"urlTemplate\":\"https:\\\/\\\/quehacerpolitico.mx\\\/?s={search_term_string}\"},\"query-input\":{\"@type\":\"PropertyValueSpecification\",\"valueRequired\":true,\"valueName\":\"search_term_string\"}}],\"inLanguage\":\"es\"},{\"@type\":\"Person\",\"@id\":\"https:\\\/\\\/quehacerpolitico.mx\\\/#\\\/schema\\\/person\\\/496d8ad2d1d3f8036101dca7ee39e585\",\"name\":\"Redacci\u00f3n QP\",\"image\":{\"@type\":\"ImageObject\",\"inLanguage\":\"es\",\"@id\":\"https:\\\/\\\/secure.gravatar.com\\\/avatar\\\/c7164ed6fdec453195284ad24a5ae5b6e1eed2b848477fa2a4787ba9adf39a41?s=96&d=mm&r=g\",\"url\":\"https:\\\/\\\/secure.gravatar.com\\\/avatar\\\/c7164ed6fdec453195284ad24a5ae5b6e1eed2b848477fa2a4787ba9adf39a41?s=96&d=mm&r=g\",\"contentUrl\":\"https:\\\/\\\/secure.gravatar.com\\\/avatar\\\/c7164ed6fdec453195284ad24a5ae5b6e1eed2b848477fa2a4787ba9adf39a41?s=96&d=mm&r=g\",\"caption\":\"Redacci\u00f3n QP\"},\"url\":\"https:\\\/\\\/quehacerpolitico.mx\\\/?author=2\"}]}<\/script>\n<!-- \/ Yoast SEO plugin. -->","yoast_head_json":{"title":"M\u00e9xico y Argentina producir\u00e1n vacuna de AstraZeneca para AL: presidente Fern\u00e1ndez -","robots":{"index":"index","follow":"follow","max-snippet":"max-snippet:-1","max-image-preview":"max-image-preview:large","max-video-preview":"max-video-preview:-1"},"canonical":"https:\/\/quehacerpolitico.mx\/?p=62883","og_locale":"es_MX","og_type":"article","og_title":"M\u00e9xico y Argentina producir\u00e1n vacuna de AstraZeneca para AL: presidente Fern\u00e1ndez -","og_description":"M\u00e9xico y Argentina producir\u00e1n vacuna de AstraZeneca para AL: presidente Fern\u00e1ndez Por Redacci\u00f3n QP Mandatario\u00a0argentino...","og_url":"https:\/\/quehacerpolitico.mx\/?p=62883","article_published_time":"2020-08-13T02:37:16+00:00","og_image":[{"width":1980,"height":1184,"url":"https:\/\/quehacerpolitico.mx\/wp-content\/uploads\/2020\/08\/AB76CBDB-6F4F-403A-9421-D5FFFD619EF5.jpeg","type":"image\/jpeg"}],"author":"Redacci\u00f3n QP","twitter_card":"summary_large_image","twitter_misc":{"Escrito por":"Redacci\u00f3n QP","Tiempo de lectura":"3 minutos"},"schema":{"@context":"https:\/\/schema.org","@graph":[{"@type":"Article","@id":"https:\/\/quehacerpolitico.mx\/?p=62883#article","isPartOf":{"@id":"https:\/\/quehacerpolitico.mx\/?p=62883"},"author":{"name":"Redacci\u00f3n QP","@id":"https:\/\/quehacerpolitico.mx\/#\/schema\/person\/496d8ad2d1d3f8036101dca7ee39e585"},"headline":"M\u00e9xico y Argentina producir\u00e1n vacuna de AstraZeneca para AL: presidente Fern\u00e1ndez","datePublished":"2020-08-13T02:37:16+00:00","mainEntityOfPage":{"@id":"https:\/\/quehacerpolitico.mx\/?p=62883"},"wordCount":665,"commentCount":0,"image":{"@id":"https:\/\/quehacerpolitico.mx\/?p=62883#primaryimage"},"thumbnailUrl":"https:\/\/quehacerpolitico.mx\/wp-content\/uploads\/2020\/08\/AB76CBDB-6F4F-403A-9421-D5FFFD619EF5.jpeg","articleSection":["Noticias"],"inLanguage":"es","potentialAction":[{"@type":"CommentAction","name":"Comment","target":["https:\/\/quehacerpolitico.mx\/?p=62883#respond"]}]},{"@type":"WebPage","@id":"https:\/\/quehacerpolitico.mx\/?p=62883","url":"https:\/\/quehacerpolitico.mx\/?p=62883","name":"M\u00e9xico y Argentina producir\u00e1n vacuna de AstraZeneca para AL: presidente Fern\u00e1ndez -","isPartOf":{"@id":"https:\/\/quehacerpolitico.mx\/#website"},"primaryImageOfPage":{"@id":"https:\/\/quehacerpolitico.mx\/?p=62883#primaryimage"},"image":{"@id":"https:\/\/quehacerpolitico.mx\/?p=62883#primaryimage"},"thumbnailUrl":"https:\/\/quehacerpolitico.mx\/wp-content\/uploads\/2020\/08\/AB76CBDB-6F4F-403A-9421-D5FFFD619EF5.jpeg","datePublished":"2020-08-13T02:37:16+00:00","author":{"@id":"https:\/\/quehacerpolitico.mx\/#\/schema\/person\/496d8ad2d1d3f8036101dca7ee39e585"},"breadcrumb":{"@id":"https:\/\/quehacerpolitico.mx\/?p=62883#breadcrumb"},"inLanguage":"es","potentialAction":[{"@type":"ReadAction","target":["https:\/\/quehacerpolitico.mx\/?p=62883"]}]},{"@type":"ImageObject","inLanguage":"es","@id":"https:\/\/quehacerpolitico.mx\/?p=62883#primaryimage","url":"https:\/\/quehacerpolitico.mx\/wp-content\/uploads\/2020\/08\/AB76CBDB-6F4F-403A-9421-D5FFFD619EF5.jpeg","contentUrl":"https:\/\/quehacerpolitico.mx\/wp-content\/uploads\/2020\/08\/AB76CBDB-6F4F-403A-9421-D5FFFD619EF5.jpeg","width":1980,"height":1184},{"@type":"BreadcrumbList","@id":"https:\/\/quehacerpolitico.mx\/?p=62883#breadcrumb","itemListElement":[{"@type":"ListItem","position":1,"name":"Inicio","item":"https:\/\/quehacerpolitico.mx\/"},{"@type":"ListItem","position":2,"name":"M\u00e9xico y Argentina producir\u00e1n vacuna de AstraZeneca para AL: presidente Fern\u00e1ndez"}]},{"@type":"WebSite","@id":"https:\/\/quehacerpolitico.mx\/#website","url":"https:\/\/quehacerpolitico.mx\/","name":"","description":"","potentialAction":[{"@type":"SearchAction","target":{"@type":"EntryPoint","urlTemplate":"https:\/\/quehacerpolitico.mx\/?s={search_term_string}"},"query-input":{"@type":"PropertyValueSpecification","valueRequired":true,"valueName":"search_term_string"}}],"inLanguage":"es"},{"@type":"Person","@id":"https:\/\/quehacerpolitico.mx\/#\/schema\/person\/496d8ad2d1d3f8036101dca7ee39e585","name":"Redacci\u00f3n QP","image":{"@type":"ImageObject","inLanguage":"es","@id":"https:\/\/secure.gravatar.com\/avatar\/c7164ed6fdec453195284ad24a5ae5b6e1eed2b848477fa2a4787ba9adf39a41?s=96&d=mm&r=g","url":"https:\/\/secure.gravatar.com\/avatar\/c7164ed6fdec453195284ad24a5ae5b6e1eed2b848477fa2a4787ba9adf39a41?s=96&d=mm&r=g","contentUrl":"https:\/\/secure.gravatar.com\/avatar\/c7164ed6fdec453195284ad24a5ae5b6e1eed2b848477fa2a4787ba9adf39a41?s=96&d=mm&r=g","caption":"Redacci\u00f3n QP"},"url":"https:\/\/quehacerpolitico.mx\/?author=2"}]}},"featured_image_urls":{"full":["https:\/\/quehacerpolitico.mx\/wp-content\/uploads\/2020\/08\/AB76CBDB-6F4F-403A-9421-D5FFFD619EF5.jpeg",1980,1184,false],"thumbnail":["https:\/\/quehacerpolitico.mx\/wp-content\/uploads\/2020\/08\/AB76CBDB-6F4F-403A-9421-D5FFFD619EF5-150x150.jpeg",150,150,true],"medium":["https:\/\/quehacerpolitico.mx\/wp-content\/uploads\/2020\/08\/AB76CBDB-6F4F-403A-9421-D5FFFD619EF5-300x179.jpeg",300,179,true],"medium_large":["https:\/\/quehacerpolitico.mx\/wp-content\/uploads\/2020\/08\/AB76CBDB-6F4F-403A-9421-D5FFFD619EF5-768x459.jpeg",640,383,true],"large":["https:\/\/quehacerpolitico.mx\/wp-content\/uploads\/2020\/08\/AB76CBDB-6F4F-403A-9421-D5FFFD619EF5-1024x612.jpeg",640,383,true],"1536x1536":["https:\/\/quehacerpolitico.mx\/wp-content\/uploads\/2020\/08\/AB76CBDB-6F4F-403A-9421-D5FFFD619EF5-1536x918.jpeg",1536,918,true],"2048x2048":["https:\/\/quehacerpolitico.mx\/wp-content\/uploads\/2020\/08\/AB76CBDB-6F4F-403A-9421-D5FFFD619EF5.jpeg",1980,1184,false],"covernews-featured":["https:\/\/quehacerpolitico.mx\/wp-content\/uploads\/2020\/08\/AB76CBDB-6F4F-403A-9421-D5FFFD619EF5.jpeg",1024,612,false],"covernews-medium":["https:\/\/quehacerpolitico.mx\/wp-content\/uploads\/2020\/08\/AB76CBDB-6F4F-403A-9421-D5FFFD619EF5.jpeg",540,323,false]},"author_info":{"display_name":"Redacci\u00f3n QP","author_link":"https:\/\/quehacerpolitico.mx\/?author=2"},"category_info":"<a href=\"https:\/\/quehacerpolitico.mx\/?cat=2\" rel=\"category\">Noticias<\/a>","tag_info":"Noticias","comment_count":"0","_links":{"self":[{"href":"https:\/\/quehacerpolitico.mx\/index.php?rest_route=\/wp\/v2\/posts\/62883","targetHints":{"allow":["GET"]}}],"collection":[{"href":"https:\/\/quehacerpolitico.mx\/index.php?rest_route=\/wp\/v2\/posts"}],"about":[{"href":"https:\/\/quehacerpolitico.mx\/index.php?rest_route=\/wp\/v2\/types\/post"}],"author":[{"embeddable":true,"href":"https:\/\/quehacerpolitico.mx\/index.php?rest_route=\/wp\/v2\/users\/2"}],"replies":[{"embeddable":true,"href":"https:\/\/quehacerpolitico.mx\/index.php?rest_route=%2Fwp%2Fv2%2Fcomments&post=62883"}],"version-history":[{"count":0,"href":"https:\/\/quehacerpolitico.mx\/index.php?rest_route=\/wp\/v2\/posts\/62883\/revisions"}],"wp:featuredmedia":[{"embeddable":true,"href":"https:\/\/quehacerpolitico.mx\/index.php?rest_route=\/wp\/v2\/media\/62887"}],"wp:attachment":[{"href":"https:\/\/quehacerpolitico.mx\/index.php?rest_route=%2Fwp%2Fv2%2Fmedia&parent=62883"}],"wp:term":[{"taxonomy":"category","embeddable":true,"href":"https:\/\/quehacerpolitico.mx\/index.php?rest_route=%2Fwp%2Fv2%2Fcategories&post=62883"},{"taxonomy":"post_tag","embeddable":true,"href":"https:\/\/quehacerpolitico.mx\/index.php?rest_route=%2Fwp%2Fv2%2Ftags&post=62883"}],"curies":[{"name":"wp","href":"https:\/\/api.w.org\/{rel}","templated":true}]}}