{"id":62874,"date":"2020-08-12T20:18:55","date_gmt":"2020-08-13T01:18:55","guid":{"rendered":"http:\/\/quehacerpolitico.mx\/?p=62874"},"modified":"2020-08-12T20:18:55","modified_gmt":"2020-08-13T01:18:55","slug":"elida-pierde-fuerza-lejos-de-las-costas-mexicanas","status":"publish","type":"post","link":"https:\/\/quehacerpolitico.mx\/?p=62874","title":{"rendered":"&#8220;Elida&#8221; pierde fuerza lejos de las costas mexicanas"},"content":{"rendered":"<h1 class=\"news-title\">&#8220;Elida&#8221; pierde fuerza lejos de las costas mexicanas<br \/>\nPor Redacci\u00f3n QP<\/h1>\n<div class=\"news-subtitle\">\n<p>Pierde\u00a0fuerza en las \u00faltimas horas hasta convertirse en tormenta tropical<\/p>\n<\/div>\n<div class=\"social-share-box normal\">\n<p>El cicl\u00f3n &#8220;Elida&#8221;, que <strong>perdi\u00f3 fuerza en las \u00faltimas horas hasta convertirse en tormenta tropical<\/strong>, se aleja de las costas mexicanas sin causar apenas precipitaciones u oleaje, report\u00f3 este mi\u00e9rcoles el Servicio Metereol\u00f3gico Nacional (SMN).<\/p>\n<p>&#8220;&#8216;Elida&#8217;, ahora como tormenta tropical, <strong>se localiza al oeste de la Pen\u00ednsula de Baja California, sin embargo, ocasiona oleaje de hasta 2 metros en la costa oeste de Baja California Sur&#8221;<\/strong>, se\u00f1al\u00f3 el Meteorol\u00f3gico en su \u00faltimo reporte de las 10.00 horas local (15.00 GMT).<\/p>\n<p>El meteoro <strong>se localiza a 600 kil\u00f3metros al suroeste de Punta Eugenia, Baja California Sur<\/strong>.<\/p>\n<p>Su desplazamiento actual es con direcci\u00f3n oeste-noroeste a una velocidad de 19 kil\u00f3metros por hora. Y registra vientos sostenidos de 100 kil\u00f3metros por hora y rachas de hasta 120 kil\u00f3metros por hora.<\/p>\n<blockquote class=\"twitter-tweet\" data-width=\"550\" data-dnt=\"true\">\n<p lang=\"es\" dir=\"ltr\"><a href=\"https:\/\/twitter.com\/hashtag\/Elida?src=hash&amp;ref_src=twsrc%5Etfw\">#Elida<\/a> se debilita a <a href=\"https:\/\/twitter.com\/hashtag\/TormentaTropical?src=hash&amp;ref_src=twsrc%5Etfw\">#TormentaTropical<\/a> y se aleja de costas mexicanas. <a href=\"https:\/\/t.co\/tsv2jeiyF0\">pic.twitter.com\/tsv2jeiyF0<\/a><\/p>\n<p>&mdash; CONAGUA Clima (@conagua_clima) <a href=\"https:\/\/twitter.com\/conagua_clima\/status\/1293566625363324928?ref_src=twsrc%5Etfw\">August 12, 2020<\/a><\/p><\/blockquote>\n<p><script async src=\"https:\/\/platform.twitter.com\/widgets.js\" charset=\"utf-8\"><\/script><\/p>\n<p>A pesar de su distanciamiento del territorio mexicano, <strong>las autoridades han recomendado a la poblaci\u00f3n a extremar precauciones por lluvias<\/strong>, viento y oleaje, incluida la navegaci\u00f3n mar\u00edtima y estar a las recomendaciones de las autoridades de Protecci\u00f3n Civil.<\/p>\n<p>El pron\u00f3stico para las pr\u00f3ximas horas se\u00f1ala que &#8220;Elida&#8221; <strong>se mantendr\u00e1 como tormenta tropical la noche de este mi\u00e9rcoles<\/strong> cuando se encuentre a unos 615 kil\u00f3metros al suroeste de Punta Eugenia, Baja California Sur.<\/p>\n<p><strong>Mientras que para el 13 de agosto<\/strong>, el Meteorol\u00f3gico pronostic\u00f3 que <strong>se reducir\u00e1 a una baja presi\u00f3n remanente<\/strong>.<\/p>\n<blockquote class=\"twitter-tweet\" data-width=\"550\" data-dnt=\"true\">\n<p lang=\"es\" dir=\"ltr\">Consulta el <a href=\"https:\/\/twitter.com\/hashtag\/Pron%C3%B3stico?src=hash&amp;ref_src=twsrc%5Etfw\">#Pron\u00f3stico<\/a> de <a href=\"https:\/\/twitter.com\/hashtag\/Lluvias?src=hash&amp;ref_src=twsrc%5Etfw\">#Lluvias<\/a> para esta tarde en <a href=\"https:\/\/twitter.com\/hashtag\/M%C3%A9xico?src=hash&amp;ref_src=twsrc%5Etfw\">#M\u00e9xico<\/a> \ud83d\udd3d\u2602\ufe0f <a href=\"https:\/\/t.co\/DDh9putNzi\">pic.twitter.com\/DDh9putNzi<\/a><\/p>\n<p>&mdash; CONAGUA Clima (@conagua_clima) <a href=\"https:\/\/twitter.com\/conagua_clima\/status\/1293600156680519680?ref_src=twsrc%5Etfw\">August 12, 2020<\/a><\/p><\/blockquote>\n<p><script async src=\"https:\/\/platform.twitter.com\/widgets.js\" charset=\"utf-8\"><\/script><\/p>\n<div>\n<div id=\"twitter-6\" class=\"ck-twitter\">\n<p>En el Pac\u00edfico se han presentado hasta el momento cinco ciclones, las tormentas tropicales &#8220;Amanda&#8221;, &#8220;Boris&#8221; y &#8220;Cristina&#8221; y los huracanes &#8220;Dougla&#8221;s (con intensidad de tres a cinco) y &#8220;Elida&#8221; (intensidad 1-2) ambos en la categor\u00eda Saffir Simpson.<\/p>\n<p>Las autoridades han pronosticado entre 15 y 18 ciclones para la temporada del Pac\u00edfico, de los cuales entre 7 y 8 ser\u00e1n tormentas tropicales y entre ocho a diez alcanzar\u00e1n los vientos de un hurac\u00e1n, la mitad de ellos superar\u00e1n la categor\u00eda 2 de Saffir Simpson.<\/p>\n<p>El Meteorol\u00f3gico report\u00f3 que actualmente hay una zona de baja presi\u00f3n que se localiza al sur del estado de Guerrero, con 60 % de probabilidad para desarrollo cicl\u00f3nico en las pr\u00f3ximas 48 horas.<\/p>\n<p>Con Informaci\u00f3n de EFE<\/p>\n<\/div>\n<\/div>\n<\/div>\n","protected":false},"excerpt":{"rendered":"<p>&#8220;Elida&#8221; pierde fuerza lejos de las costas mexicanas Por Redacci\u00f3n QP Pierde\u00a0fuerza en las \u00faltimas&#8230;<\/p>\n","protected":false},"author":2,"featured_media":62877,"comment_status":"open","ping_status":"open","sticky":false,"template":"","format":"standard","meta":{"_monsterinsights_skip_tracking":false,"_monsterinsights_sitenote_active":false,"_monsterinsights_sitenote_note":"","_monsterinsights_sitenote_category":0,"footnotes":""},"categories":[2],"tags":[],"class_list":["post-62874","post","type-post","status-publish","format-standard","has-post-thumbnail","hentry","category-noticias"],"yoast_head":"<!-- This site is optimized with the Yoast SEO plugin v27.3 - https:\/\/yoast.com\/product\/yoast-seo-wordpress\/ -->\n<title>&quot;Elida&quot; pierde fuerza lejos de las costas mexicanas -<\/title>\n<meta name=\"robots\" content=\"index, follow, max-snippet:-1, max-image-preview:large, max-video-preview:-1\" \/>\n<link rel=\"canonical\" href=\"https:\/\/quehacerpolitico.mx\/?p=62874\" \/>\n<meta property=\"og:locale\" content=\"es_MX\" \/>\n<meta property=\"og:type\" content=\"article\" \/>\n<meta property=\"og:title\" content=\"&quot;Elida&quot; pierde fuerza lejos de las costas mexicanas -\" \/>\n<meta property=\"og:description\" content=\"&#8220;Elida&#8221; pierde fuerza lejos de las costas mexicanas Por Redacci\u00f3n QP Pierde\u00a0fuerza en las \u00faltimas...\" \/>\n<meta property=\"og:url\" content=\"https:\/\/quehacerpolitico.mx\/?p=62874\" \/>\n<meta property=\"article:published_time\" content=\"2020-08-13T01:18:55+00:00\" \/>\n<meta property=\"og:image\" content=\"https:\/\/quehacerpolitico.mx\/wp-content\/uploads\/2020\/08\/A791F078-0F7C-453B-9D97-A0FAA71F60F9.jpeg\" \/>\n\t<meta property=\"og:image:width\" content=\"320\" \/>\n\t<meta property=\"og:image:height\" content=\"305\" \/>\n\t<meta property=\"og:image:type\" content=\"image\/jpeg\" \/>\n<meta name=\"author\" content=\"Redacci\u00f3n QP\" \/>\n<meta name=\"twitter:card\" content=\"summary_large_image\" \/>\n<meta name=\"twitter:label1\" content=\"Escrito por\" \/>\n\t<meta name=\"twitter:data1\" content=\"Redacci\u00f3n QP\" \/>\n\t<meta name=\"twitter:label2\" content=\"Tiempo de lectura\" \/>\n\t<meta name=\"twitter:data2\" content=\"2 minutos\" \/>\n<script type=\"application\/ld+json\" class=\"yoast-schema-graph\">{\"@context\":\"https:\\\/\\\/schema.org\",\"@graph\":[{\"@type\":\"Article\",\"@id\":\"https:\\\/\\\/quehacerpolitico.mx\\\/?p=62874#article\",\"isPartOf\":{\"@id\":\"https:\\\/\\\/quehacerpolitico.mx\\\/?p=62874\"},\"author\":{\"name\":\"Redacci\u00f3n QP\",\"@id\":\"https:\\\/\\\/quehacerpolitico.mx\\\/#\\\/schema\\\/person\\\/496d8ad2d1d3f8036101dca7ee39e585\"},\"headline\":\"&#8220;Elida&#8221; pierde fuerza lejos de las costas mexicanas\",\"datePublished\":\"2020-08-13T01:18:55+00:00\",\"mainEntityOfPage\":{\"@id\":\"https:\\\/\\\/quehacerpolitico.mx\\\/?p=62874\"},\"wordCount\":402,\"commentCount\":0,\"image\":{\"@id\":\"https:\\\/\\\/quehacerpolitico.mx\\\/?p=62874#primaryimage\"},\"thumbnailUrl\":\"https:\\\/\\\/quehacerpolitico.mx\\\/wp-content\\\/uploads\\\/2020\\\/08\\\/A791F078-0F7C-453B-9D97-A0FAA71F60F9.jpeg\",\"articleSection\":[\"Noticias\"],\"inLanguage\":\"es\",\"potentialAction\":[{\"@type\":\"CommentAction\",\"name\":\"Comment\",\"target\":[\"https:\\\/\\\/quehacerpolitico.mx\\\/?p=62874#respond\"]}]},{\"@type\":\"WebPage\",\"@id\":\"https:\\\/\\\/quehacerpolitico.mx\\\/?p=62874\",\"url\":\"https:\\\/\\\/quehacerpolitico.mx\\\/?p=62874\",\"name\":\"\\\"Elida\\\" pierde fuerza lejos de las costas mexicanas -\",\"isPartOf\":{\"@id\":\"https:\\\/\\\/quehacerpolitico.mx\\\/#website\"},\"primaryImageOfPage\":{\"@id\":\"https:\\\/\\\/quehacerpolitico.mx\\\/?p=62874#primaryimage\"},\"image\":{\"@id\":\"https:\\\/\\\/quehacerpolitico.mx\\\/?p=62874#primaryimage\"},\"thumbnailUrl\":\"https:\\\/\\\/quehacerpolitico.mx\\\/wp-content\\\/uploads\\\/2020\\\/08\\\/A791F078-0F7C-453B-9D97-A0FAA71F60F9.jpeg\",\"datePublished\":\"2020-08-13T01:18:55+00:00\",\"author\":{\"@id\":\"https:\\\/\\\/quehacerpolitico.mx\\\/#\\\/schema\\\/person\\\/496d8ad2d1d3f8036101dca7ee39e585\"},\"breadcrumb\":{\"@id\":\"https:\\\/\\\/quehacerpolitico.mx\\\/?p=62874#breadcrumb\"},\"inLanguage\":\"es\",\"potentialAction\":[{\"@type\":\"ReadAction\",\"target\":[\"https:\\\/\\\/quehacerpolitico.mx\\\/?p=62874\"]}]},{\"@type\":\"ImageObject\",\"inLanguage\":\"es\",\"@id\":\"https:\\\/\\\/quehacerpolitico.mx\\\/?p=62874#primaryimage\",\"url\":\"https:\\\/\\\/quehacerpolitico.mx\\\/wp-content\\\/uploads\\\/2020\\\/08\\\/A791F078-0F7C-453B-9D97-A0FAA71F60F9.jpeg\",\"contentUrl\":\"https:\\\/\\\/quehacerpolitico.mx\\\/wp-content\\\/uploads\\\/2020\\\/08\\\/A791F078-0F7C-453B-9D97-A0FAA71F60F9.jpeg\",\"width\":320,\"height\":305},{\"@type\":\"BreadcrumbList\",\"@id\":\"https:\\\/\\\/quehacerpolitico.mx\\\/?p=62874#breadcrumb\",\"itemListElement\":[{\"@type\":\"ListItem\",\"position\":1,\"name\":\"Inicio\",\"item\":\"https:\\\/\\\/quehacerpolitico.mx\\\/\"},{\"@type\":\"ListItem\",\"position\":2,\"name\":\"&#8220;Elida&#8221; pierde fuerza lejos de las costas mexicanas\"}]},{\"@type\":\"WebSite\",\"@id\":\"https:\\\/\\\/quehacerpolitico.mx\\\/#website\",\"url\":\"https:\\\/\\\/quehacerpolitico.mx\\\/\",\"name\":\"\",\"description\":\"\",\"potentialAction\":[{\"@type\":\"SearchAction\",\"target\":{\"@type\":\"EntryPoint\",\"urlTemplate\":\"https:\\\/\\\/quehacerpolitico.mx\\\/?s={search_term_string}\"},\"query-input\":{\"@type\":\"PropertyValueSpecification\",\"valueRequired\":true,\"valueName\":\"search_term_string\"}}],\"inLanguage\":\"es\"},{\"@type\":\"Person\",\"@id\":\"https:\\\/\\\/quehacerpolitico.mx\\\/#\\\/schema\\\/person\\\/496d8ad2d1d3f8036101dca7ee39e585\",\"name\":\"Redacci\u00f3n QP\",\"image\":{\"@type\":\"ImageObject\",\"inLanguage\":\"es\",\"@id\":\"https:\\\/\\\/secure.gravatar.com\\\/avatar\\\/c7164ed6fdec453195284ad24a5ae5b6e1eed2b848477fa2a4787ba9adf39a41?s=96&d=mm&r=g\",\"url\":\"https:\\\/\\\/secure.gravatar.com\\\/avatar\\\/c7164ed6fdec453195284ad24a5ae5b6e1eed2b848477fa2a4787ba9adf39a41?s=96&d=mm&r=g\",\"contentUrl\":\"https:\\\/\\\/secure.gravatar.com\\\/avatar\\\/c7164ed6fdec453195284ad24a5ae5b6e1eed2b848477fa2a4787ba9adf39a41?s=96&d=mm&r=g\",\"caption\":\"Redacci\u00f3n QP\"},\"url\":\"https:\\\/\\\/quehacerpolitico.mx\\\/?author=2\"}]}<\/script>\n<!-- \/ Yoast SEO plugin. -->","yoast_head_json":{"title":"\"Elida\" pierde fuerza lejos de las costas mexicanas -","robots":{"index":"index","follow":"follow","max-snippet":"max-snippet:-1","max-image-preview":"max-image-preview:large","max-video-preview":"max-video-preview:-1"},"canonical":"https:\/\/quehacerpolitico.mx\/?p=62874","og_locale":"es_MX","og_type":"article","og_title":"\"Elida\" pierde fuerza lejos de las costas mexicanas -","og_description":"&#8220;Elida&#8221; pierde fuerza lejos de las costas mexicanas Por Redacci\u00f3n QP Pierde\u00a0fuerza en las \u00faltimas...","og_url":"https:\/\/quehacerpolitico.mx\/?p=62874","article_published_time":"2020-08-13T01:18:55+00:00","og_image":[{"width":320,"height":305,"url":"https:\/\/quehacerpolitico.mx\/wp-content\/uploads\/2020\/08\/A791F078-0F7C-453B-9D97-A0FAA71F60F9.jpeg","type":"image\/jpeg"}],"author":"Redacci\u00f3n QP","twitter_card":"summary_large_image","twitter_misc":{"Escrito por":"Redacci\u00f3n QP","Tiempo de lectura":"2 minutos"},"schema":{"@context":"https:\/\/schema.org","@graph":[{"@type":"Article","@id":"https:\/\/quehacerpolitico.mx\/?p=62874#article","isPartOf":{"@id":"https:\/\/quehacerpolitico.mx\/?p=62874"},"author":{"name":"Redacci\u00f3n QP","@id":"https:\/\/quehacerpolitico.mx\/#\/schema\/person\/496d8ad2d1d3f8036101dca7ee39e585"},"headline":"&#8220;Elida&#8221; pierde fuerza lejos de las costas mexicanas","datePublished":"2020-08-13T01:18:55+00:00","mainEntityOfPage":{"@id":"https:\/\/quehacerpolitico.mx\/?p=62874"},"wordCount":402,"commentCount":0,"image":{"@id":"https:\/\/quehacerpolitico.mx\/?p=62874#primaryimage"},"thumbnailUrl":"https:\/\/quehacerpolitico.mx\/wp-content\/uploads\/2020\/08\/A791F078-0F7C-453B-9D97-A0FAA71F60F9.jpeg","articleSection":["Noticias"],"inLanguage":"es","potentialAction":[{"@type":"CommentAction","name":"Comment","target":["https:\/\/quehacerpolitico.mx\/?p=62874#respond"]}]},{"@type":"WebPage","@id":"https:\/\/quehacerpolitico.mx\/?p=62874","url":"https:\/\/quehacerpolitico.mx\/?p=62874","name":"\"Elida\" pierde fuerza lejos de las costas mexicanas -","isPartOf":{"@id":"https:\/\/quehacerpolitico.mx\/#website"},"primaryImageOfPage":{"@id":"https:\/\/quehacerpolitico.mx\/?p=62874#primaryimage"},"image":{"@id":"https:\/\/quehacerpolitico.mx\/?p=62874#primaryimage"},"thumbnailUrl":"https:\/\/quehacerpolitico.mx\/wp-content\/uploads\/2020\/08\/A791F078-0F7C-453B-9D97-A0FAA71F60F9.jpeg","datePublished":"2020-08-13T01:18:55+00:00","author":{"@id":"https:\/\/quehacerpolitico.mx\/#\/schema\/person\/496d8ad2d1d3f8036101dca7ee39e585"},"breadcrumb":{"@id":"https:\/\/quehacerpolitico.mx\/?p=62874#breadcrumb"},"inLanguage":"es","potentialAction":[{"@type":"ReadAction","target":["https:\/\/quehacerpolitico.mx\/?p=62874"]}]},{"@type":"ImageObject","inLanguage":"es","@id":"https:\/\/quehacerpolitico.mx\/?p=62874#primaryimage","url":"https:\/\/quehacerpolitico.mx\/wp-content\/uploads\/2020\/08\/A791F078-0F7C-453B-9D97-A0FAA71F60F9.jpeg","contentUrl":"https:\/\/quehacerpolitico.mx\/wp-content\/uploads\/2020\/08\/A791F078-0F7C-453B-9D97-A0FAA71F60F9.jpeg","width":320,"height":305},{"@type":"BreadcrumbList","@id":"https:\/\/quehacerpolitico.mx\/?p=62874#breadcrumb","itemListElement":[{"@type":"ListItem","position":1,"name":"Inicio","item":"https:\/\/quehacerpolitico.mx\/"},{"@type":"ListItem","position":2,"name":"&#8220;Elida&#8221; pierde fuerza lejos de las costas mexicanas"}]},{"@type":"WebSite","@id":"https:\/\/quehacerpolitico.mx\/#website","url":"https:\/\/quehacerpolitico.mx\/","name":"","description":"","potentialAction":[{"@type":"SearchAction","target":{"@type":"EntryPoint","urlTemplate":"https:\/\/quehacerpolitico.mx\/?s={search_term_string}"},"query-input":{"@type":"PropertyValueSpecification","valueRequired":true,"valueName":"search_term_string"}}],"inLanguage":"es"},{"@type":"Person","@id":"https:\/\/quehacerpolitico.mx\/#\/schema\/person\/496d8ad2d1d3f8036101dca7ee39e585","name":"Redacci\u00f3n QP","image":{"@type":"ImageObject","inLanguage":"es","@id":"https:\/\/secure.gravatar.com\/avatar\/c7164ed6fdec453195284ad24a5ae5b6e1eed2b848477fa2a4787ba9adf39a41?s=96&d=mm&r=g","url":"https:\/\/secure.gravatar.com\/avatar\/c7164ed6fdec453195284ad24a5ae5b6e1eed2b848477fa2a4787ba9adf39a41?s=96&d=mm&r=g","contentUrl":"https:\/\/secure.gravatar.com\/avatar\/c7164ed6fdec453195284ad24a5ae5b6e1eed2b848477fa2a4787ba9adf39a41?s=96&d=mm&r=g","caption":"Redacci\u00f3n QP"},"url":"https:\/\/quehacerpolitico.mx\/?author=2"}]}},"featured_image_urls":{"full":["https:\/\/quehacerpolitico.mx\/wp-content\/uploads\/2020\/08\/A791F078-0F7C-453B-9D97-A0FAA71F60F9.jpeg",320,305,false],"thumbnail":["https:\/\/quehacerpolitico.mx\/wp-content\/uploads\/2020\/08\/A791F078-0F7C-453B-9D97-A0FAA71F60F9-150x150.jpeg",150,150,true],"medium":["https:\/\/quehacerpolitico.mx\/wp-content\/uploads\/2020\/08\/A791F078-0F7C-453B-9D97-A0FAA71F60F9-300x286.jpeg",300,286,true],"medium_large":["https:\/\/quehacerpolitico.mx\/wp-content\/uploads\/2020\/08\/A791F078-0F7C-453B-9D97-A0FAA71F60F9.jpeg",320,305,false],"large":["https:\/\/quehacerpolitico.mx\/wp-content\/uploads\/2020\/08\/A791F078-0F7C-453B-9D97-A0FAA71F60F9.jpeg",320,305,false],"1536x1536":["https:\/\/quehacerpolitico.mx\/wp-content\/uploads\/2020\/08\/A791F078-0F7C-453B-9D97-A0FAA71F60F9.jpeg",320,305,false],"2048x2048":["https:\/\/quehacerpolitico.mx\/wp-content\/uploads\/2020\/08\/A791F078-0F7C-453B-9D97-A0FAA71F60F9.jpeg",320,305,false],"covernews-featured":["https:\/\/quehacerpolitico.mx\/wp-content\/uploads\/2020\/08\/A791F078-0F7C-453B-9D97-A0FAA71F60F9.jpeg",320,305,false],"covernews-medium":["https:\/\/quehacerpolitico.mx\/wp-content\/uploads\/2020\/08\/A791F078-0F7C-453B-9D97-A0FAA71F60F9.jpeg",320,305,false]},"author_info":{"display_name":"Redacci\u00f3n QP","author_link":"https:\/\/quehacerpolitico.mx\/?author=2"},"category_info":"<a href=\"https:\/\/quehacerpolitico.mx\/?cat=2\" rel=\"category\">Noticias<\/a>","tag_info":"Noticias","comment_count":"0","_links":{"self":[{"href":"https:\/\/quehacerpolitico.mx\/index.php?rest_route=\/wp\/v2\/posts\/62874","targetHints":{"allow":["GET"]}}],"collection":[{"href":"https:\/\/quehacerpolitico.mx\/index.php?rest_route=\/wp\/v2\/posts"}],"about":[{"href":"https:\/\/quehacerpolitico.mx\/index.php?rest_route=\/wp\/v2\/types\/post"}],"author":[{"embeddable":true,"href":"https:\/\/quehacerpolitico.mx\/index.php?rest_route=\/wp\/v2\/users\/2"}],"replies":[{"embeddable":true,"href":"https:\/\/quehacerpolitico.mx\/index.php?rest_route=%2Fwp%2Fv2%2Fcomments&post=62874"}],"version-history":[{"count":0,"href":"https:\/\/quehacerpolitico.mx\/index.php?rest_route=\/wp\/v2\/posts\/62874\/revisions"}],"wp:featuredmedia":[{"embeddable":true,"href":"https:\/\/quehacerpolitico.mx\/index.php?rest_route=\/wp\/v2\/media\/62877"}],"wp:attachment":[{"href":"https:\/\/quehacerpolitico.mx\/index.php?rest_route=%2Fwp%2Fv2%2Fmedia&parent=62874"}],"wp:term":[{"taxonomy":"category","embeddable":true,"href":"https:\/\/quehacerpolitico.mx\/index.php?rest_route=%2Fwp%2Fv2%2Fcategories&post=62874"},{"taxonomy":"post_tag","embeddable":true,"href":"https:\/\/quehacerpolitico.mx\/index.php?rest_route=%2Fwp%2Fv2%2Ftags&post=62874"}],"curies":[{"name":"wp","href":"https:\/\/api.w.org\/{rel}","templated":true}]}}