{"id":6280,"date":"2018-10-06T15:39:18","date_gmt":"2018-10-06T15:39:18","guid":{"rendered":"http:\/\/quehacerpolitico.mx\/el-cierre-de-una-administracion-federal-sumida-en-el-escandalo\/"},"modified":"2018-10-06T15:39:18","modified_gmt":"2018-10-06T15:39:18","slug":"el-cierre-de-una-administracion-federal-sumida-en-el-escandalo","status":"publish","type":"post","link":"https:\/\/quehacerpolitico.mx\/?p=6280","title":{"rendered":"El cierre de una administraci\u00f3n federal sumida en el esc\u00e1ndalo"},"content":{"rendered":"<p>Despu\u00e9s de las elecciones del 1 de julio de 2012, Enrique Pe\u00f1a Nieto se convirti\u00f3 en Presidente de M\u00e9xico gracias a una coalici\u00f3n entre el Partido Revolucionario Institucional (PRI) y el Partido Verde, alianza que sum\u00f3 m\u00e1s de 19 millones votos contra los m\u00e1s de 15 millones conseguidos por Andr\u00e9s Manuel L\u00f3pez Obrador, quien denunci\u00f3 irregularidades en el proceso. Tan pronto Pe\u00f1a tom\u00f3 el poder, se comenzaron a acumular pifias y esc\u00e1ndalos en torno a la figura del personaje con mayor peso pol\u00edtico en el pa\u00eds, quien adem\u00e1s llam\u00f3 la atenci\u00f3n al casarse con la actriz Ang\u00e9lica Rivera, bautizada por los medios como \u201cLa Gaviota\u201d, en remembranza a una telenovela.<\/p>\n<p>Sin duda, el esc\u00e1ndalo m\u00e1s conocido de Enrique Pe\u00f1a Nieto fue el de la llamada Casa Blanca, que lo vincul\u00f3 con la constructora Grupo Higa, la cual habr\u00eda entregado el inmueble de siete millones de d\u00f3lares a cambio de contratos de obra p\u00fablica. Pero el sexenio del regreso del PRI quedar\u00e1 marcado, adem\u00e1s, por los 43 normalistas de la Escuela Normal de Ayotzinapa y el intento de explicaci\u00f3n del caso, con la llamada \u201cverdad hist\u00f3rica\u201d, que dio el ex procurador general de la Rep\u00fablica, Jes\u00fas Murillo Karam.<\/p>\n<p>Los esc\u00e1ndalos comenzaron incluso antes de que llegara al poder. Se relacionaron con la compra del voto y por exceder los topes de gastos de campa\u00f1a, situaciones denunciadas por los grupos de oposici\u00f3n.<\/p>\n<p>La estrategia fue bautizada como \u201coperaci\u00f3n maletas\u201d, que incluy\u00f3 el Caso Monex, el cual consisti\u00f3 en la entrega de m\u00e1s de 70 millones de pesos a trav\u00e9s de nueve mil 924 monederos electr\u00f3nicos a los operadores priistas (delegados distritales y representantes en los distritos electorales), para que \u00e9stos incidieran en los votantes en las casillas.<\/p>\n<p>Y como parte de las mismas acciones, se entregaron cuatro millones de tarjetas de prepago de una cadena de supermercados a cambio del voto ciudadano, cargadas con 300, 500 y 700 pesos. Al d\u00eda siguiente de las elecciones, diversos medios documentaron que las sucursales de las tiendas se abarrotaron para canjear el dinero por temor a que fueran canceladas.<\/p>\n<p>El pr\u00f3ximo 1 de diciembre, Pe\u00f1a entregar\u00e1 el poder a L\u00f3pez Obrador.<\/p>\n<p><strong>La \u201cverdad hist\u00f3rica\u201d de los 43<\/strong><\/p>\n<div>\n<figure class=\"image\"><img decoding=\"async\" title=\"\" src=\"https:\/\/www.informador.mx\/export\/sites\/elinformador\/img\/2018\/10\/06\/2.jpg_379744379.jpg\" alt=\"\" hspace=\"5\" vspace=\"5\" data-height=\"452\" data-size=\"w:4252,h:2747\" data-width=\"700\" \/><figcaption>Ayotzinapa. El procurador Murillo Karam anunci\u00f3 la investigaci\u00f3n.<\/figcaption><\/figure>\n<\/div>\n<p>El caso de la desaparici\u00f3n forzada de los 43 estudiantes de la Escuela Normal Rural de Ayotzinapa comenz\u00f3 la noche del 26 de septiembre de 2014. Alrededor de 80 alumnos se hab\u00edan apoderado de dos autobuses, en los que arribaron a la central de camiones de Iguala, Guerrero, para tomar m\u00e1s unidades.<\/p>\n<p>Tras partir a bordo de cinco veh\u00edculos en varias direcciones, \u00e9stos posteriormente fueron interceptados por polic\u00edas municipales, quienes comenzaron agredir a los estudiantes. Los polic\u00edas bajaron a varios de ellos, los sometieron y se los llevaron en patrullas.<\/p>\n<p>La ma\u00f1ana del 27 de septiembre, elementos del Ej\u00e9rcito encontraron muerto a uno de los estudiantes mientras que se report\u00f3 la desaparici\u00f3n de 57 j\u00f3venes m\u00e1s. Sin embargo, poco despu\u00e9s se inform\u00f3 que aparecieron 14, por lo que eran 43 los que hab\u00edan desaparecido.<\/p>\n<p>La versi\u00f3n federal indic\u00f3 que los estudiantes fueron entregados a un grupo criminal llamado \u201cGuerreros Unidos\u201d, vinculado al presidente de Iguala, Jos\u00e9 Luis Abarca. Estos habr\u00edan asesinado e incinerado sus cuerpos en un tiradero para despu\u00e9s arrojar los restos a un r\u00edo, versi\u00f3n que ha sido rechazada por la sociedad.<\/p>\n<p><strong>La masacre de Tlatlaya<\/strong><\/p>\n<div>\n<figure class=\"image\"><img decoding=\"async\" title=\"\" src=\"https:\/\/www.informador.mx\/export\/sites\/elinformador\/img\/2018\/10\/06\/3.jpg_347421144.jpg\" alt=\"\" hspace=\"5\" vspace=\"5\" data-height=\"466\" data-size=\"w:3456,h:2304\" data-width=\"700\" \/><figcaption>Tlatlaya. Elementos de Ej\u00e9rcito son acusados de masacrar a presuntos delincuentes.<\/figcaption><\/figure>\n<\/div>\n<p>El 30 de junio de 2014 ocurri\u00f3 la Masacre de Tlatlaya, en el Estado de M\u00e9xico. Alrededor de las cuatro de la ma\u00f1ana un grupo de militares circulaba sobre la Carretera Federal 2, frente a Cuadrilla Vieja, en Tlatlaya, cuando divisaron una bodega en obra negra con un hombre armado y personas en su interior.<\/p>\n<p>Seg\u00fan la versi\u00f3n oficial, los civiles comenzaron a agredir a los oficiales y \u00e9stos repelieron el ataque, que dej\u00f3 como saldo a 22 personas muertas adentro de la bodega. Sin embargo, a mediados de septiembre de ese a\u00f1o, la revista Esquire logr\u00f3 contactar a una testigo quien refiri\u00f3 que fueron los militares los que comenzaron a disparar, que s\u00f3lo abatieron a uno durante el tiroteo y que el resto se rindi\u00f3.<\/p>\n<p>Posteriormente, agreg\u00f3, los soldados interrogaron a los sujetos y luego les dispararon. Este hecho provoc\u00f3 que el 21 de octubre de 2014 la Comisi\u00f3n Nacional de Derechos Humanos (CNDH) emitiera la recomendaci\u00f3n 51\/2014, pues sus investigaciones determinaron que al menos 15 de los 22 civiles fueron ejecutados.<\/p>\n<p><strong>David Korenfeld usaba helic\u00f3ptero como taxi<\/strong><\/p>\n<div>\n<figure class=\"image\"><img decoding=\"async\" title=\"\" src=\"https:\/\/www.informador.mx\/export\/sites\/elinformador\/img\/2018\/10\/06\/4.jpg_350191707.jpg\" alt=\"\" hspace=\"5\" vspace=\"5\" data-height=\"463\" data-size=\"w:2377,h:1575\" data-width=\"700\" \/><figcaption>David Korenfeld. El funcionario renunci\u00f3 tras la confirmaci\u00f3n del esc\u00e1ndalo.<\/figcaption><\/figure>\n<\/div>\n<p>En marzo de 2015, vecinos del fraccionamiento Huixquilucan, en el Estado de M\u00e9xico, expusieron en redes sociales que el entonces director general de la Comisi\u00f3n Nacional del Agua (Conagua), David Korenfeld, utilizaba un helic\u00f3ptero oficial para desplazarse desde su casa hacia su trabajo o para asuntos personales.<\/p>\n<p>En esa ocasi\u00f3n, el funcionario fue captado con maletas junto con su familia. Sin embargo, \u00e9l argument\u00f3 que acud\u00eda a una cita m\u00e9dica, aunque finalmente admiti\u00f3 cometer un error y renunci\u00f3 el 9 de abril de 2015.<\/p>\n<p>A partir de este hecho, un medio nacional obtuvo las bit\u00e1coras de vuelo de la dependencia y revel\u00f3 que el funcionario los utilizaba pr\u00e1cticamente a diario para ir a su oficina o a giras de trabajo, pero que al menos en 15 ocasiones se traslad\u00f3 en las aeronaves para asuntos personales.<\/p>\n<p>La Secretar\u00eda de la Funci\u00f3n P\u00fablica (SFP) solamente lo sancion\u00f3 con una multa de 638 mil pesos; no lo inhabilit\u00f3 para ocupar cargos p\u00fablicos.<\/p>\n<p><strong>La segunda fuga de \u201cEl Chapo\u201d<\/strong><\/p>\n<div>\n<figure class=\"image\"><img decoding=\"async\" title=\"\" src=\"https:\/\/www.informador.mx\/export\/sites\/elinformador\/img\/2018\/10\/06\/5.jpg_347421144.jpg\" alt=\"\" hspace=\"5\" vspace=\"5\" data-height=\"466\" data-size=\"w:4000,h:2667\" data-width=\"700\" \/><figcaption>Tras su recaptura, el Chapo fue enviado a Estados Unidos.\u00a0<\/figcaption><\/figure>\n<\/div>\n<p>Uno de los mayores esc\u00e1ndalos del sexenio de Pe\u00f1a Nieto fue la segunda fuga de Joaqu\u00edn Guzm\u00e1n Loera, \u201cEl Chapo\u201d, registrada la noche del 11 de julio de 2015, pues apenas lo hab\u00edan conseguido recapturar despu\u00e9s de que se fug\u00f3 por vez primera en 2001 del penal federal de Puente Grande.<\/p>\n<p>El 22 de febrero de 2014, elementos de la Secretar\u00eda de Marina detuvieron a Guzm\u00e1n Loera en Mazatl\u00e1n, Sinaloa, despu\u00e9s de que \u00e9l intent\u00f3 escapar por una red de t\u00faneles que conectaban a siete fincas, hecho que presumi\u00f3 ampliamente el Gobierno federal. \u201cSer\u00eda verdaderamente algo m\u00e1s que lamentable, imperdonable\u201d, que el capo escapara otra vez, declar\u00f3 entonces Pe\u00f1a Nieto.<\/p>\n<p>Sin embargo, lo hizo. La noche del 11 de julio, \u201cEl Chapo\u201d se dirigi\u00f3 hacia el \u00e1rea de regaderas en el penal del Altiplano, en el Estado de M\u00e9xico, y desapareci\u00f3 de las c\u00e1maras de vigilancia. Huy\u00f3 a trav\u00e9s de un t\u00fanel con una extensi\u00f3n de 1.5 kil\u00f3metros, de cuya construcci\u00f3n nadie se enter\u00f3. El 8 de enero de 2016, Guzm\u00e1n fue capturado por tercera vez en Los Mochis, Sinaloa, gracias a que fue rastreado despu\u00e9s de conceder una entrevista a la revista Rolling Stone.<\/p>\n<p><strong>La Cruzada contra el Hambre y la Estafa Maestra<\/strong><\/p>\n<div>\n<figure class=\"image\"><img decoding=\"async\" title=\"\" src=\"https:\/\/www.informador.mx\/export\/sites\/elinformador\/img\/2018\/10\/06\/6.jpg_347421144.jpg\" alt=\"\" hspace=\"5\" vspace=\"5\" data-height=\"466\" data-size=\"w:2401,h:1600\" data-width=\"700\" \/><figcaption>Rosario Robles. Se\u00f1alada por desv\u00edo en programas sociales.<\/figcaption><\/figure>\n<\/div>\n<p>En otro de los esc\u00e1ndalos del sexenio particip\u00f3 la titular de la Secretar\u00eda de Desarrollo Social (Sedesol), Rosario Robles, donde se presumieron actos de fraude en uno de los programas m\u00e1s ambiciosos de la administraci\u00f3n de Pe\u00f1a Nieto: la Cruzada Nacional contra el Hambre.<\/p>\n<p>La dependencia particip\u00f3, junto con otras 10 instituciones del Gobierno federal, en un presunto desv\u00edo de tres mil 400 millones de pesos a trav\u00e9s de empresas fantasmas, lo que fue bautizado como la \u201cEstafa Maestra\u201d, seg\u00fan el portal de internet de Animal Pol\u00edtico.<\/p>\n<p>Seg\u00fan la investigaci\u00f3n, en 2013, la Auditor\u00eda Superior de la Federaci\u00f3n encontr\u00f3 contratos firmados con la Universidad Aut\u00f3noma del Estado de M\u00e9xico y la Universidad Aut\u00f3noma del Estado de Morelos. Uno de ellos fue el pago por 159 millones de pesos para \u201csensibilizar\u201d a madres de familia sobre una alimentaci\u00f3n sana, pero el documento no estableci\u00f3 t\u00e9rminos ni condiciones.<\/p>\n<p>Entre 2013 y 2014 se documentaron 10 convenios con las universidades por dos mil 224 millones de pesos que deb\u00edan destinarse a programas sociales; sin embargo, se hallaron triangulaciones de operaciones que dejaron millones para instituciones educativas en pago.<\/p>\n<p>Ese mismo a\u00f1o, la Sedesol pag\u00f3 555 millones de pesos para repartir 500 mil paquetes de alimentos y art\u00edculos como parte de la cruzada. Sin embargo, la asociaci\u00f3n Mexicanos Contra la Corrupci\u00f3n y Animal Pol\u00edtico revelaron que la ASF encontr\u00f3 que apenas se entreg\u00f3 7% de las despensas adquiridas.<\/p>\n<p><strong>La Casa Blanca que compr\u00f3 \u201cLa Gaviota\u201d<\/strong><\/p>\n<div>\n<figure class=\"image\"><img decoding=\"async\" title=\"\" src=\"https:\/\/www.informador.mx\/export\/sites\/elinformador\/img\/2018\/10\/06\/7_crop1538821637717.jpg_1836916660.jpg\" alt=\"\" hspace=\"5\" vspace=\"5\" data-height=\"1387\" data-size=\"w:2217,h:1387\" data-width=\"2217\" \/><figcaption>Ang\u00e9lica Rivera. La primera dama sali\u00f3 a explicar la compra de la casa en un mensaje grabado.<\/figcaption><\/figure>\n<\/div>\n<p>El 9 de noviembre de 2014, el sitio de internet Aristegui Noticias dio a conocer la investigaci\u00f3n \u201cLa Casa Blanca de Enrique Pe\u00f1a Nieto\u201d, que sac\u00f3 a la luz la finca en Sierra Gorda 150, en el Fraccionamiento Lomas de Chapultepec, valuada en siete millones de d\u00f3lares. Esta propiedad habr\u00eda sido dada en pago a cambio de contratos de obra p\u00fablica ganados por la constructora Grupo Higa durante la gesti\u00f3n de Pe\u00f1a como gobernador del Estado de M\u00e9xico, y posteriormente en la Presidencia.<\/p>\n<p>Todo inici\u00f3 el 12 de noviembre de 2008, cuando Pe\u00f1a Nieto confirm\u00f3 su relaci\u00f3n con Ang\u00e9lica Rivera a una televisora nacional. Un d\u00eda despu\u00e9s Ingenier\u00eda Inmobiliaria del Centro, propiedad de Juan Armando Hinojosa Cant\u00fa, presidente de Grupo Higa, se constituy\u00f3 como empresa.<\/p>\n<p>En mayo de 2009, Constructora Teya, filial de Grupo Higa, gan\u00f3 la licitaci\u00f3n para la construcci\u00f3n de un hospital, y posteriormente el contrato para construir varias autopistas. Y en noviembre de 2009, Grupo Higa adquiri\u00f3 el terreno donde se construir\u00eda la residencia.<\/p>\n<p>La investigaci\u00f3n dio inicio tras una publicaci\u00f3n en 2013, cuando la revista \u00a1Hola! entrevist\u00f3 a Ang\u00e9lica Rivera en el inmueble, donde ella confes\u00f3 que esa era la \u201cresidencia familiar\u201d. Sin embargo, \u00e9sta era propiedad de Ingenier\u00eda Inmobiliaria del Centro.<\/p>\n<p>Tras publicar el reportaje, el 18 de noviembre de 2014 Ang\u00e9lica Rivera grab\u00f3 un video en el que asegur\u00f3 que ella hab\u00eda adquirido la propiedad con recursos obtenidos a trav\u00e9s de su carrera como actriz.<\/p>\n","protected":false},"excerpt":{"rendered":"<p>El regreso del PRI se tradujo en un sinn\u00famero de eventos que afectaron a la Presidencia; el Presidente fue se\u00f1alado por conflicto de inter\u00e9s y cierra su sexenio con rumores de divorcio<br \/>\nPor Redacci\u00f3n QP<\/p>\n","protected":false},"author":2,"featured_media":6279,"comment_status":"open","ping_status":"open","sticky":false,"template":"","format":"standard","meta":{"_monsterinsights_skip_tracking":false,"_monsterinsights_sitenote_active":false,"_monsterinsights_sitenote_note":"","_monsterinsights_sitenote_category":0,"footnotes":""},"categories":[2],"tags":[],"class_list":["post-6280","post","type-post","status-publish","format-standard","has-post-thumbnail","hentry","category-noticias"],"yoast_head":"<!-- This site is optimized with the Yoast SEO plugin v27.3 - https:\/\/yoast.com\/product\/yoast-seo-wordpress\/ -->\n<title>El cierre de una administraci\u00f3n federal sumida en el esc\u00e1ndalo -<\/title>\n<meta name=\"robots\" content=\"index, follow, max-snippet:-1, max-image-preview:large, max-video-preview:-1\" \/>\n<link rel=\"canonical\" href=\"https:\/\/quehacerpolitico.mx\/?p=6280\" \/>\n<meta property=\"og:locale\" content=\"es_MX\" \/>\n<meta property=\"og:type\" content=\"article\" \/>\n<meta property=\"og:title\" content=\"El cierre de una administraci\u00f3n federal sumida en el esc\u00e1ndalo -\" \/>\n<meta property=\"og:description\" content=\"El regreso del PRI se tradujo en un sinn\u00famero de eventos que afectaron a la Presidencia; el Presidente fue se\u00f1alado por conflicto de inter\u00e9s y cierra su sexenio con rumores de divorcio Por Redacci\u00f3n QP\" \/>\n<meta property=\"og:url\" content=\"https:\/\/quehacerpolitico.mx\/?p=6280\" \/>\n<meta property=\"article:published_time\" content=\"2018-10-06T15:39:18+00:00\" \/>\n<meta name=\"author\" content=\"Redacci\u00f3n QP\" \/>\n<meta name=\"twitter:card\" content=\"summary_large_image\" \/>\n<meta name=\"twitter:label1\" content=\"Escrito por\" \/>\n\t<meta name=\"twitter:data1\" content=\"Redacci\u00f3n QP\" \/>\n\t<meta name=\"twitter:label2\" content=\"Tiempo de lectura\" \/>\n\t<meta name=\"twitter:data2\" content=\"9 minutos\" \/>\n<script type=\"application\/ld+json\" class=\"yoast-schema-graph\">{\"@context\":\"https:\\\/\\\/schema.org\",\"@graph\":[{\"@type\":\"Article\",\"@id\":\"https:\\\/\\\/quehacerpolitico.mx\\\/?p=6280#article\",\"isPartOf\":{\"@id\":\"https:\\\/\\\/quehacerpolitico.mx\\\/?p=6280\"},\"author\":{\"name\":\"Redacci\u00f3n QP\",\"@id\":\"https:\\\/\\\/quehacerpolitico.mx\\\/#\\\/schema\\\/person\\\/496d8ad2d1d3f8036101dca7ee39e585\"},\"headline\":\"El cierre de una administraci\u00f3n federal sumida en el esc\u00e1ndalo\",\"datePublished\":\"2018-10-06T15:39:18+00:00\",\"mainEntityOfPage\":{\"@id\":\"https:\\\/\\\/quehacerpolitico.mx\\\/?p=6280\"},\"wordCount\":1747,\"commentCount\":0,\"image\":{\"@id\":\"https:\\\/\\\/quehacerpolitico.mx\\\/?p=6280#primaryimage\"},\"thumbnailUrl\":\"\",\"articleSection\":[\"Noticias\"],\"inLanguage\":\"es\",\"potentialAction\":[{\"@type\":\"CommentAction\",\"name\":\"Comment\",\"target\":[\"https:\\\/\\\/quehacerpolitico.mx\\\/?p=6280#respond\"]}]},{\"@type\":\"WebPage\",\"@id\":\"https:\\\/\\\/quehacerpolitico.mx\\\/?p=6280\",\"url\":\"https:\\\/\\\/quehacerpolitico.mx\\\/?p=6280\",\"name\":\"El cierre de una administraci\u00f3n federal sumida en el esc\u00e1ndalo -\",\"isPartOf\":{\"@id\":\"https:\\\/\\\/quehacerpolitico.mx\\\/#website\"},\"primaryImageOfPage\":{\"@id\":\"https:\\\/\\\/quehacerpolitico.mx\\\/?p=6280#primaryimage\"},\"image\":{\"@id\":\"https:\\\/\\\/quehacerpolitico.mx\\\/?p=6280#primaryimage\"},\"thumbnailUrl\":\"\",\"datePublished\":\"2018-10-06T15:39:18+00:00\",\"author\":{\"@id\":\"https:\\\/\\\/quehacerpolitico.mx\\\/#\\\/schema\\\/person\\\/496d8ad2d1d3f8036101dca7ee39e585\"},\"breadcrumb\":{\"@id\":\"https:\\\/\\\/quehacerpolitico.mx\\\/?p=6280#breadcrumb\"},\"inLanguage\":\"es\",\"potentialAction\":[{\"@type\":\"ReadAction\",\"target\":[\"https:\\\/\\\/quehacerpolitico.mx\\\/?p=6280\"]}]},{\"@type\":\"ImageObject\",\"inLanguage\":\"es\",\"@id\":\"https:\\\/\\\/quehacerpolitico.mx\\\/?p=6280#primaryimage\",\"url\":\"\",\"contentUrl\":\"\"},{\"@type\":\"BreadcrumbList\",\"@id\":\"https:\\\/\\\/quehacerpolitico.mx\\\/?p=6280#breadcrumb\",\"itemListElement\":[{\"@type\":\"ListItem\",\"position\":1,\"name\":\"Inicio\",\"item\":\"https:\\\/\\\/quehacerpolitico.mx\\\/\"},{\"@type\":\"ListItem\",\"position\":2,\"name\":\"El cierre de una administraci\u00f3n federal sumida en el esc\u00e1ndalo\"}]},{\"@type\":\"WebSite\",\"@id\":\"https:\\\/\\\/quehacerpolitico.mx\\\/#website\",\"url\":\"https:\\\/\\\/quehacerpolitico.mx\\\/\",\"name\":\"\",\"description\":\"\",\"potentialAction\":[{\"@type\":\"SearchAction\",\"target\":{\"@type\":\"EntryPoint\",\"urlTemplate\":\"https:\\\/\\\/quehacerpolitico.mx\\\/?s={search_term_string}\"},\"query-input\":{\"@type\":\"PropertyValueSpecification\",\"valueRequired\":true,\"valueName\":\"search_term_string\"}}],\"inLanguage\":\"es\"},{\"@type\":\"Person\",\"@id\":\"https:\\\/\\\/quehacerpolitico.mx\\\/#\\\/schema\\\/person\\\/496d8ad2d1d3f8036101dca7ee39e585\",\"name\":\"Redacci\u00f3n QP\",\"image\":{\"@type\":\"ImageObject\",\"inLanguage\":\"es\",\"@id\":\"https:\\\/\\\/secure.gravatar.com\\\/avatar\\\/c7164ed6fdec453195284ad24a5ae5b6e1eed2b848477fa2a4787ba9adf39a41?s=96&d=mm&r=g\",\"url\":\"https:\\\/\\\/secure.gravatar.com\\\/avatar\\\/c7164ed6fdec453195284ad24a5ae5b6e1eed2b848477fa2a4787ba9adf39a41?s=96&d=mm&r=g\",\"contentUrl\":\"https:\\\/\\\/secure.gravatar.com\\\/avatar\\\/c7164ed6fdec453195284ad24a5ae5b6e1eed2b848477fa2a4787ba9adf39a41?s=96&d=mm&r=g\",\"caption\":\"Redacci\u00f3n QP\"},\"url\":\"https:\\\/\\\/quehacerpolitico.mx\\\/?author=2\"}]}<\/script>\n<!-- \/ Yoast SEO plugin. -->","yoast_head_json":{"title":"El cierre de una administraci\u00f3n federal sumida en el esc\u00e1ndalo -","robots":{"index":"index","follow":"follow","max-snippet":"max-snippet:-1","max-image-preview":"max-image-preview:large","max-video-preview":"max-video-preview:-1"},"canonical":"https:\/\/quehacerpolitico.mx\/?p=6280","og_locale":"es_MX","og_type":"article","og_title":"El cierre de una administraci\u00f3n federal sumida en el esc\u00e1ndalo -","og_description":"El regreso del PRI se tradujo en un sinn\u00famero de eventos que afectaron a la Presidencia; el Presidente fue se\u00f1alado por conflicto de inter\u00e9s y cierra su sexenio con rumores de divorcio Por Redacci\u00f3n QP","og_url":"https:\/\/quehacerpolitico.mx\/?p=6280","article_published_time":"2018-10-06T15:39:18+00:00","author":"Redacci\u00f3n QP","twitter_card":"summary_large_image","twitter_misc":{"Escrito por":"Redacci\u00f3n QP","Tiempo de lectura":"9 minutos"},"schema":{"@context":"https:\/\/schema.org","@graph":[{"@type":"Article","@id":"https:\/\/quehacerpolitico.mx\/?p=6280#article","isPartOf":{"@id":"https:\/\/quehacerpolitico.mx\/?p=6280"},"author":{"name":"Redacci\u00f3n QP","@id":"https:\/\/quehacerpolitico.mx\/#\/schema\/person\/496d8ad2d1d3f8036101dca7ee39e585"},"headline":"El cierre de una administraci\u00f3n federal sumida en el esc\u00e1ndalo","datePublished":"2018-10-06T15:39:18+00:00","mainEntityOfPage":{"@id":"https:\/\/quehacerpolitico.mx\/?p=6280"},"wordCount":1747,"commentCount":0,"image":{"@id":"https:\/\/quehacerpolitico.mx\/?p=6280#primaryimage"},"thumbnailUrl":"","articleSection":["Noticias"],"inLanguage":"es","potentialAction":[{"@type":"CommentAction","name":"Comment","target":["https:\/\/quehacerpolitico.mx\/?p=6280#respond"]}]},{"@type":"WebPage","@id":"https:\/\/quehacerpolitico.mx\/?p=6280","url":"https:\/\/quehacerpolitico.mx\/?p=6280","name":"El cierre de una administraci\u00f3n federal sumida en el esc\u00e1ndalo -","isPartOf":{"@id":"https:\/\/quehacerpolitico.mx\/#website"},"primaryImageOfPage":{"@id":"https:\/\/quehacerpolitico.mx\/?p=6280#primaryimage"},"image":{"@id":"https:\/\/quehacerpolitico.mx\/?p=6280#primaryimage"},"thumbnailUrl":"","datePublished":"2018-10-06T15:39:18+00:00","author":{"@id":"https:\/\/quehacerpolitico.mx\/#\/schema\/person\/496d8ad2d1d3f8036101dca7ee39e585"},"breadcrumb":{"@id":"https:\/\/quehacerpolitico.mx\/?p=6280#breadcrumb"},"inLanguage":"es","potentialAction":[{"@type":"ReadAction","target":["https:\/\/quehacerpolitico.mx\/?p=6280"]}]},{"@type":"ImageObject","inLanguage":"es","@id":"https:\/\/quehacerpolitico.mx\/?p=6280#primaryimage","url":"","contentUrl":""},{"@type":"BreadcrumbList","@id":"https:\/\/quehacerpolitico.mx\/?p=6280#breadcrumb","itemListElement":[{"@type":"ListItem","position":1,"name":"Inicio","item":"https:\/\/quehacerpolitico.mx\/"},{"@type":"ListItem","position":2,"name":"El cierre de una administraci\u00f3n federal sumida en el esc\u00e1ndalo"}]},{"@type":"WebSite","@id":"https:\/\/quehacerpolitico.mx\/#website","url":"https:\/\/quehacerpolitico.mx\/","name":"","description":"","potentialAction":[{"@type":"SearchAction","target":{"@type":"EntryPoint","urlTemplate":"https:\/\/quehacerpolitico.mx\/?s={search_term_string}"},"query-input":{"@type":"PropertyValueSpecification","valueRequired":true,"valueName":"search_term_string"}}],"inLanguage":"es"},{"@type":"Person","@id":"https:\/\/quehacerpolitico.mx\/#\/schema\/person\/496d8ad2d1d3f8036101dca7ee39e585","name":"Redacci\u00f3n QP","image":{"@type":"ImageObject","inLanguage":"es","@id":"https:\/\/secure.gravatar.com\/avatar\/c7164ed6fdec453195284ad24a5ae5b6e1eed2b848477fa2a4787ba9adf39a41?s=96&d=mm&r=g","url":"https:\/\/secure.gravatar.com\/avatar\/c7164ed6fdec453195284ad24a5ae5b6e1eed2b848477fa2a4787ba9adf39a41?s=96&d=mm&r=g","contentUrl":"https:\/\/secure.gravatar.com\/avatar\/c7164ed6fdec453195284ad24a5ae5b6e1eed2b848477fa2a4787ba9adf39a41?s=96&d=mm&r=g","caption":"Redacci\u00f3n QP"},"url":"https:\/\/quehacerpolitico.mx\/?author=2"}]}},"featured_image_urls":{"full":"","thumbnail":"","medium":"","medium_large":"","large":"","1536x1536":"","2048x2048":"","covernews-featured":"","covernews-medium":""},"author_info":{"display_name":"Redacci\u00f3n QP","author_link":"https:\/\/quehacerpolitico.mx\/?author=2"},"category_info":"<a href=\"https:\/\/quehacerpolitico.mx\/?cat=2\" rel=\"category\">Noticias<\/a>","tag_info":"Noticias","comment_count":"0","_links":{"self":[{"href":"https:\/\/quehacerpolitico.mx\/index.php?rest_route=\/wp\/v2\/posts\/6280","targetHints":{"allow":["GET"]}}],"collection":[{"href":"https:\/\/quehacerpolitico.mx\/index.php?rest_route=\/wp\/v2\/posts"}],"about":[{"href":"https:\/\/quehacerpolitico.mx\/index.php?rest_route=\/wp\/v2\/types\/post"}],"author":[{"embeddable":true,"href":"https:\/\/quehacerpolitico.mx\/index.php?rest_route=\/wp\/v2\/users\/2"}],"replies":[{"embeddable":true,"href":"https:\/\/quehacerpolitico.mx\/index.php?rest_route=%2Fwp%2Fv2%2Fcomments&post=6280"}],"version-history":[{"count":0,"href":"https:\/\/quehacerpolitico.mx\/index.php?rest_route=\/wp\/v2\/posts\/6280\/revisions"}],"wp:featuredmedia":[{"embeddable":true,"href":"https:\/\/quehacerpolitico.mx\/index.php?rest_route=\/"}],"wp:attachment":[{"href":"https:\/\/quehacerpolitico.mx\/index.php?rest_route=%2Fwp%2Fv2%2Fmedia&parent=6280"}],"wp:term":[{"taxonomy":"category","embeddable":true,"href":"https:\/\/quehacerpolitico.mx\/index.php?rest_route=%2Fwp%2Fv2%2Fcategories&post=6280"},{"taxonomy":"post_tag","embeddable":true,"href":"https:\/\/quehacerpolitico.mx\/index.php?rest_route=%2Fwp%2Fv2%2Ftags&post=6280"}],"curies":[{"name":"wp","href":"https:\/\/api.w.org\/{rel}","templated":true}]}}