{"id":6260,"date":"2018-10-06T00:31:47","date_gmt":"2018-10-06T00:31:47","guid":{"rendered":"http:\/\/quehacerpolitico.mx\/forenses-hallan-utensilios-usados-por-el-pozolero-en-desapariciones\/"},"modified":"2018-10-06T00:31:47","modified_gmt":"2018-10-06T00:31:47","slug":"forenses-hallan-utensilios-usados-por-el-pozolero-en-desapariciones","status":"publish","type":"post","link":"https:\/\/quehacerpolitico.mx\/?p=6260","title":{"rendered":"Forenses hallan utensilios usados por &#8220;El Pozolero&#8221; en desapariciones"},"content":{"rendered":"<p>Un grupo especial de forenses e investigadores localiz\u00f3 herramientas usadas por &#8220;El Pozolero&#8221;, miembro de una organ criminal\u00a0a quien se le acusa de haber deshecho en \u00e1cido m\u00e1s de 300 cuerpos.<\/p>\n<div id=\"hybs-mslot-a89e37c8-0\">Fernando Ocegueda, quien junto a unas 50 personas ha sostenido una lucha durante m\u00e1s de diez a\u00f1os para localizar los restos de desaparecidos (entre ellos uno de sus hijos), explic\u00f3 que <strong>espera que se utilice el equipo tecnol\u00f3gico para localizar restos \u00f3seos.<\/strong><\/div>\n<div id=\"hybs-mslot-a89e37c8-1\">\u00a0<\/div>\n<p>El Presidente de la Asociaci\u00f3n por los Desaparecidos\u00a0en Baja California inform\u00f3 que los trabajos de este grupo especial de la Subprocuradur\u00eda de Investigaci\u00f3n\u00a0 Especial en Delincuencia Organizada (SEIDO) continuar\u00e1n este fin de semana, por lo que es posible que se encuentren mas datos de los cerca de tres mil desaparecidos contabilizados.<\/p>\n<p>El equipo especial de investigadores <strong>lleg\u00f3 a principios de esta semana a Tijuana y se traslad\u00f3 a un predio contiguo al sitio conocido como &#8220;La Gallera&#8221;, en el ex ejido Ojo de Agua.<\/strong><\/p>\n<p>https:\/\/www.facebook.com\/1283071615\/posts\/10216940861575447\/<\/p>\n<p>\u00a0<\/p>\n<p>En ese predio, los investigadores <strong>localizaron bajo tierra herramientas usadas por Santiago Meza L\u00f3pez alias &#8220;El Pozolero&#8221;, para deshacer los cuerpos en \u00e1cido.<\/strong><\/p>\n<p>Entre los utensilios hallados se encuentran <strong>guantes, mangueras, pinzas y bultos de sosa c\u00e1ustica.<\/strong><\/p>\n<p>Meza L\u00f3pez fue detenido en febrero de 2009 en un complejo tur\u00edstico, de donde huy\u00f3 su jefe Teodoro Garcia Simental alias &#8220;El Teo&#8221;, jefe de una organizaci\u00f3n criminal que primero serv\u00eda al Cartel Arellano F\u00e9lix y despu\u00e9s al C\u00e1rtel de Sinaloa.<\/p>\n<p>&#8220;El Pozolero&#8221; confes\u00f3 que recib\u00eda en el predio conocido como La Gallera, los cuerpos de las v\u00edctimas de la organizaci\u00f3n criminal para &#8220;pozolearlos&#8221; en \u00e1cido y desaparecer los restos.<\/p>\n<p>Revel\u00f3 que personalmente hab\u00eda deshecho m\u00e1s de 300 cuerpos en ese sitio.<\/p>\n<p>Con Informaci\u00f3n de EFE<\/p>\n","protected":false},"excerpt":{"rendered":"<p>Las herramientas, entre las que hab\u00eda guantes, mangueras, pinzas y bultos de sosa c\u00e1ustica, fueron localizadas enterradas en un predio contiguo al sitio conocido como &#8220;La Gallera&#8221;<br \/>\nPor Redacci\u00f3n QP<\/p>\n","protected":false},"author":2,"featured_media":6259,"comment_status":"open","ping_status":"open","sticky":false,"template":"","format":"standard","meta":{"_monsterinsights_skip_tracking":false,"_monsterinsights_sitenote_active":false,"_monsterinsights_sitenote_note":"","_monsterinsights_sitenote_category":0,"footnotes":""},"categories":[2],"tags":[],"class_list":["post-6260","post","type-post","status-publish","format-standard","has-post-thumbnail","hentry","category-noticias"],"yoast_head":"<!-- This site is optimized with the Yoast SEO plugin v27.3 - https:\/\/yoast.com\/product\/yoast-seo-wordpress\/ -->\n<title>Forenses hallan utensilios usados por &quot;El Pozolero&quot; en desapariciones -<\/title>\n<meta name=\"robots\" content=\"index, follow, max-snippet:-1, max-image-preview:large, max-video-preview:-1\" \/>\n<link rel=\"canonical\" href=\"https:\/\/quehacerpolitico.mx\/?p=6260\" \/>\n<meta property=\"og:locale\" content=\"es_MX\" \/>\n<meta property=\"og:type\" content=\"article\" \/>\n<meta property=\"og:title\" content=\"Forenses hallan utensilios usados por &quot;El Pozolero&quot; en desapariciones -\" \/>\n<meta property=\"og:description\" content=\"Las herramientas, entre las que hab\u00eda guantes, mangueras, pinzas y bultos de sosa c\u00e1ustica, fueron localizadas enterradas en un predio contiguo al sitio conocido como &quot;La Gallera&quot; Por Redacci\u00f3n QP\" \/>\n<meta property=\"og:url\" content=\"https:\/\/quehacerpolitico.mx\/?p=6260\" \/>\n<meta property=\"article:published_time\" content=\"2018-10-06T00:31:47+00:00\" \/>\n<meta name=\"author\" content=\"Redacci\u00f3n QP\" \/>\n<meta name=\"twitter:card\" content=\"summary_large_image\" \/>\n<meta name=\"twitter:label1\" content=\"Escrito por\" \/>\n\t<meta name=\"twitter:data1\" content=\"Redacci\u00f3n QP\" \/>\n\t<meta name=\"twitter:label2\" content=\"Tiempo de lectura\" \/>\n\t<meta name=\"twitter:data2\" content=\"2 minutos\" \/>\n<script type=\"application\/ld+json\" class=\"yoast-schema-graph\">{\"@context\":\"https:\\\/\\\/schema.org\",\"@graph\":[{\"@type\":\"Article\",\"@id\":\"https:\\\/\\\/quehacerpolitico.mx\\\/?p=6260#article\",\"isPartOf\":{\"@id\":\"https:\\\/\\\/quehacerpolitico.mx\\\/?p=6260\"},\"author\":{\"name\":\"Redacci\u00f3n QP\",\"@id\":\"https:\\\/\\\/quehacerpolitico.mx\\\/#\\\/schema\\\/person\\\/496d8ad2d1d3f8036101dca7ee39e585\"},\"headline\":\"Forenses hallan utensilios usados por &#8220;El Pozolero&#8221; en desapariciones\",\"datePublished\":\"2018-10-06T00:31:47+00:00\",\"mainEntityOfPage\":{\"@id\":\"https:\\\/\\\/quehacerpolitico.mx\\\/?p=6260\"},\"wordCount\":315,\"commentCount\":0,\"image\":{\"@id\":\"https:\\\/\\\/quehacerpolitico.mx\\\/?p=6260#primaryimage\"},\"thumbnailUrl\":\"\",\"articleSection\":[\"Noticias\"],\"inLanguage\":\"es\",\"potentialAction\":[{\"@type\":\"CommentAction\",\"name\":\"Comment\",\"target\":[\"https:\\\/\\\/quehacerpolitico.mx\\\/?p=6260#respond\"]}]},{\"@type\":\"WebPage\",\"@id\":\"https:\\\/\\\/quehacerpolitico.mx\\\/?p=6260\",\"url\":\"https:\\\/\\\/quehacerpolitico.mx\\\/?p=6260\",\"name\":\"Forenses hallan utensilios usados por \\\"El Pozolero\\\" en desapariciones -\",\"isPartOf\":{\"@id\":\"https:\\\/\\\/quehacerpolitico.mx\\\/#website\"},\"primaryImageOfPage\":{\"@id\":\"https:\\\/\\\/quehacerpolitico.mx\\\/?p=6260#primaryimage\"},\"image\":{\"@id\":\"https:\\\/\\\/quehacerpolitico.mx\\\/?p=6260#primaryimage\"},\"thumbnailUrl\":\"\",\"datePublished\":\"2018-10-06T00:31:47+00:00\",\"author\":{\"@id\":\"https:\\\/\\\/quehacerpolitico.mx\\\/#\\\/schema\\\/person\\\/496d8ad2d1d3f8036101dca7ee39e585\"},\"breadcrumb\":{\"@id\":\"https:\\\/\\\/quehacerpolitico.mx\\\/?p=6260#breadcrumb\"},\"inLanguage\":\"es\",\"potentialAction\":[{\"@type\":\"ReadAction\",\"target\":[\"https:\\\/\\\/quehacerpolitico.mx\\\/?p=6260\"]}]},{\"@type\":\"ImageObject\",\"inLanguage\":\"es\",\"@id\":\"https:\\\/\\\/quehacerpolitico.mx\\\/?p=6260#primaryimage\",\"url\":\"\",\"contentUrl\":\"\"},{\"@type\":\"BreadcrumbList\",\"@id\":\"https:\\\/\\\/quehacerpolitico.mx\\\/?p=6260#breadcrumb\",\"itemListElement\":[{\"@type\":\"ListItem\",\"position\":1,\"name\":\"Inicio\",\"item\":\"https:\\\/\\\/quehacerpolitico.mx\\\/\"},{\"@type\":\"ListItem\",\"position\":2,\"name\":\"Forenses hallan utensilios usados por &#8220;El Pozolero&#8221; en desapariciones\"}]},{\"@type\":\"WebSite\",\"@id\":\"https:\\\/\\\/quehacerpolitico.mx\\\/#website\",\"url\":\"https:\\\/\\\/quehacerpolitico.mx\\\/\",\"name\":\"\",\"description\":\"\",\"potentialAction\":[{\"@type\":\"SearchAction\",\"target\":{\"@type\":\"EntryPoint\",\"urlTemplate\":\"https:\\\/\\\/quehacerpolitico.mx\\\/?s={search_term_string}\"},\"query-input\":{\"@type\":\"PropertyValueSpecification\",\"valueRequired\":true,\"valueName\":\"search_term_string\"}}],\"inLanguage\":\"es\"},{\"@type\":\"Person\",\"@id\":\"https:\\\/\\\/quehacerpolitico.mx\\\/#\\\/schema\\\/person\\\/496d8ad2d1d3f8036101dca7ee39e585\",\"name\":\"Redacci\u00f3n QP\",\"image\":{\"@type\":\"ImageObject\",\"inLanguage\":\"es\",\"@id\":\"https:\\\/\\\/secure.gravatar.com\\\/avatar\\\/c7164ed6fdec453195284ad24a5ae5b6e1eed2b848477fa2a4787ba9adf39a41?s=96&d=mm&r=g\",\"url\":\"https:\\\/\\\/secure.gravatar.com\\\/avatar\\\/c7164ed6fdec453195284ad24a5ae5b6e1eed2b848477fa2a4787ba9adf39a41?s=96&d=mm&r=g\",\"contentUrl\":\"https:\\\/\\\/secure.gravatar.com\\\/avatar\\\/c7164ed6fdec453195284ad24a5ae5b6e1eed2b848477fa2a4787ba9adf39a41?s=96&d=mm&r=g\",\"caption\":\"Redacci\u00f3n QP\"},\"url\":\"https:\\\/\\\/quehacerpolitico.mx\\\/?author=2\"}]}<\/script>\n<!-- \/ Yoast SEO plugin. -->","yoast_head_json":{"title":"Forenses hallan utensilios usados por \"El Pozolero\" en desapariciones -","robots":{"index":"index","follow":"follow","max-snippet":"max-snippet:-1","max-image-preview":"max-image-preview:large","max-video-preview":"max-video-preview:-1"},"canonical":"https:\/\/quehacerpolitico.mx\/?p=6260","og_locale":"es_MX","og_type":"article","og_title":"Forenses hallan utensilios usados por \"El Pozolero\" en desapariciones -","og_description":"Las herramientas, entre las que hab\u00eda guantes, mangueras, pinzas y bultos de sosa c\u00e1ustica, fueron localizadas enterradas en un predio contiguo al sitio conocido como \"La Gallera\" Por Redacci\u00f3n QP","og_url":"https:\/\/quehacerpolitico.mx\/?p=6260","article_published_time":"2018-10-06T00:31:47+00:00","author":"Redacci\u00f3n QP","twitter_card":"summary_large_image","twitter_misc":{"Escrito por":"Redacci\u00f3n QP","Tiempo de lectura":"2 minutos"},"schema":{"@context":"https:\/\/schema.org","@graph":[{"@type":"Article","@id":"https:\/\/quehacerpolitico.mx\/?p=6260#article","isPartOf":{"@id":"https:\/\/quehacerpolitico.mx\/?p=6260"},"author":{"name":"Redacci\u00f3n QP","@id":"https:\/\/quehacerpolitico.mx\/#\/schema\/person\/496d8ad2d1d3f8036101dca7ee39e585"},"headline":"Forenses hallan utensilios usados por &#8220;El Pozolero&#8221; en desapariciones","datePublished":"2018-10-06T00:31:47+00:00","mainEntityOfPage":{"@id":"https:\/\/quehacerpolitico.mx\/?p=6260"},"wordCount":315,"commentCount":0,"image":{"@id":"https:\/\/quehacerpolitico.mx\/?p=6260#primaryimage"},"thumbnailUrl":"","articleSection":["Noticias"],"inLanguage":"es","potentialAction":[{"@type":"CommentAction","name":"Comment","target":["https:\/\/quehacerpolitico.mx\/?p=6260#respond"]}]},{"@type":"WebPage","@id":"https:\/\/quehacerpolitico.mx\/?p=6260","url":"https:\/\/quehacerpolitico.mx\/?p=6260","name":"Forenses hallan utensilios usados por \"El Pozolero\" en desapariciones -","isPartOf":{"@id":"https:\/\/quehacerpolitico.mx\/#website"},"primaryImageOfPage":{"@id":"https:\/\/quehacerpolitico.mx\/?p=6260#primaryimage"},"image":{"@id":"https:\/\/quehacerpolitico.mx\/?p=6260#primaryimage"},"thumbnailUrl":"","datePublished":"2018-10-06T00:31:47+00:00","author":{"@id":"https:\/\/quehacerpolitico.mx\/#\/schema\/person\/496d8ad2d1d3f8036101dca7ee39e585"},"breadcrumb":{"@id":"https:\/\/quehacerpolitico.mx\/?p=6260#breadcrumb"},"inLanguage":"es","potentialAction":[{"@type":"ReadAction","target":["https:\/\/quehacerpolitico.mx\/?p=6260"]}]},{"@type":"ImageObject","inLanguage":"es","@id":"https:\/\/quehacerpolitico.mx\/?p=6260#primaryimage","url":"","contentUrl":""},{"@type":"BreadcrumbList","@id":"https:\/\/quehacerpolitico.mx\/?p=6260#breadcrumb","itemListElement":[{"@type":"ListItem","position":1,"name":"Inicio","item":"https:\/\/quehacerpolitico.mx\/"},{"@type":"ListItem","position":2,"name":"Forenses hallan utensilios usados por &#8220;El Pozolero&#8221; en desapariciones"}]},{"@type":"WebSite","@id":"https:\/\/quehacerpolitico.mx\/#website","url":"https:\/\/quehacerpolitico.mx\/","name":"","description":"","potentialAction":[{"@type":"SearchAction","target":{"@type":"EntryPoint","urlTemplate":"https:\/\/quehacerpolitico.mx\/?s={search_term_string}"},"query-input":{"@type":"PropertyValueSpecification","valueRequired":true,"valueName":"search_term_string"}}],"inLanguage":"es"},{"@type":"Person","@id":"https:\/\/quehacerpolitico.mx\/#\/schema\/person\/496d8ad2d1d3f8036101dca7ee39e585","name":"Redacci\u00f3n QP","image":{"@type":"ImageObject","inLanguage":"es","@id":"https:\/\/secure.gravatar.com\/avatar\/c7164ed6fdec453195284ad24a5ae5b6e1eed2b848477fa2a4787ba9adf39a41?s=96&d=mm&r=g","url":"https:\/\/secure.gravatar.com\/avatar\/c7164ed6fdec453195284ad24a5ae5b6e1eed2b848477fa2a4787ba9adf39a41?s=96&d=mm&r=g","contentUrl":"https:\/\/secure.gravatar.com\/avatar\/c7164ed6fdec453195284ad24a5ae5b6e1eed2b848477fa2a4787ba9adf39a41?s=96&d=mm&r=g","caption":"Redacci\u00f3n QP"},"url":"https:\/\/quehacerpolitico.mx\/?author=2"}]}},"featured_image_urls":{"full":"","thumbnail":"","medium":"","medium_large":"","large":"","1536x1536":"","2048x2048":"","covernews-featured":"","covernews-medium":""},"author_info":{"display_name":"Redacci\u00f3n QP","author_link":"https:\/\/quehacerpolitico.mx\/?author=2"},"category_info":"<a href=\"https:\/\/quehacerpolitico.mx\/?cat=2\" rel=\"category\">Noticias<\/a>","tag_info":"Noticias","comment_count":"0","_links":{"self":[{"href":"https:\/\/quehacerpolitico.mx\/index.php?rest_route=\/wp\/v2\/posts\/6260","targetHints":{"allow":["GET"]}}],"collection":[{"href":"https:\/\/quehacerpolitico.mx\/index.php?rest_route=\/wp\/v2\/posts"}],"about":[{"href":"https:\/\/quehacerpolitico.mx\/index.php?rest_route=\/wp\/v2\/types\/post"}],"author":[{"embeddable":true,"href":"https:\/\/quehacerpolitico.mx\/index.php?rest_route=\/wp\/v2\/users\/2"}],"replies":[{"embeddable":true,"href":"https:\/\/quehacerpolitico.mx\/index.php?rest_route=%2Fwp%2Fv2%2Fcomments&post=6260"}],"version-history":[{"count":0,"href":"https:\/\/quehacerpolitico.mx\/index.php?rest_route=\/wp\/v2\/posts\/6260\/revisions"}],"wp:featuredmedia":[{"embeddable":true,"href":"https:\/\/quehacerpolitico.mx\/index.php?rest_route=\/"}],"wp:attachment":[{"href":"https:\/\/quehacerpolitico.mx\/index.php?rest_route=%2Fwp%2Fv2%2Fmedia&parent=6260"}],"wp:term":[{"taxonomy":"category","embeddable":true,"href":"https:\/\/quehacerpolitico.mx\/index.php?rest_route=%2Fwp%2Fv2%2Fcategories&post=6260"},{"taxonomy":"post_tag","embeddable":true,"href":"https:\/\/quehacerpolitico.mx\/index.php?rest_route=%2Fwp%2Fv2%2Ftags&post=6260"}],"curies":[{"name":"wp","href":"https:\/\/api.w.org\/{rel}","templated":true}]}}