{"id":6250,"date":"2018-10-06T00:05:09","date_gmt":"2018-10-06T00:05:09","guid":{"rendered":"http:\/\/quehacerpolitico.mx\/anuncia-amlo-que-no-se-usara-el-fracking-durante-su-sexenio-para-extraer-hidrocarburos\/"},"modified":"2018-10-06T00:05:09","modified_gmt":"2018-10-06T00:05:09","slug":"anuncia-amlo-que-no-se-usara-el-fracking-durante-su-sexenio-para-extraer-hidrocarburos","status":"publish","type":"post","link":"https:\/\/quehacerpolitico.mx\/?p=6250","title":{"rendered":"Anuncia AMLO que no se usar\u00e1 el \u2018fracking\u2019 durante su sexenio para extraer hidrocarburos"},"content":{"rendered":"<p>El presidente electo, <b>Andr\u00e9s Manuel L\u00f3pez Obrador,<\/b> anunci\u00f3 que durante su sexenio no se permitir\u00e1 la t\u00e9cnica de extracci\u00f3n de petr\u00f3leo o gas conocida como <b>\u2018fracking\u2019<\/b>.<\/p>\n<p>Al concluir una reuni\u00f3n de m\u00e1s de hora y media con el gobernador de San Luis Potos\u00ed, <b>Juan Manuel Carreras<\/b>, L\u00f3pez Obrador fue cuestionado sobre las prioridades para el estado de <b>San Luis Potos\u00ed<\/b> una vez que inicie su administraci\u00f3n.<\/p>\n<p>En la breve sesi\u00f3n de preguntas y respuestas que ofreci\u00f3 a su salida del Palacio de Gobierno, <b>el presidente electo<\/b> despej\u00f3 las dudas respecto a la forma en que se extraer\u00e1n estos combustibles en la entidad y en todo el <b>territorio nacional durante su gobierno<\/b>.<\/p>\n<blockquote>\n<p>\u201cLes adelanto que no vamos a utilizar el famoso \u2018fracking\u2019 para explotar petr\u00f3leo, no vamos a usar esos m\u00e9todos de extracci\u00f3n de petr\u00f3leo, de gas. Eso no se va aplicar aqu\u00ed en San Luis Potos\u00ed y en todo el pa\u00eds. No vamos a utilizar ese m\u00e9todo para extraer petr\u00f3leo y para extraer gas\u201d, afirm\u00f3.<\/p>\n<\/blockquote>\n<p>El <b>\u2018fracking\u2019 o la facturaci\u00f3n hidr\u00e1ulica<\/b> es una t\u00e9cnica que se utiliza para aumentar la extracci\u00f3n de gas o petr\u00f3leo del subsuelo con el uso de <b>inyecci\u00f3n de agua a presi\u00f3n<\/b>.<\/p>\n<p>Previamente, el tabasque\u00f1o consider\u00f3 que la reuni\u00f3n con Carreras L\u00f3pez, en la que participaron senadores, legisladores locales, empresarios y l\u00edderes religiosos, fue <b>\u201cplural e incluyente\u201d<\/b> y se acord\u00f3 trabajar por el bien de <b>San Luis Potos\u00ed<\/b>.<\/p>\n<blockquote>\n<p>\u201cYa pas\u00f3 la campa\u00f1a, ahora tenemos que gobernar en armon\u00eda, ya no es el tiempo de los partidos; tenemos que trabajar de manera conjunta todos los niveles de gobierno\u201d, expres\u00f3 L\u00f3pez Obrador.<\/p>\n<\/blockquote>\n","protected":false},"excerpt":{"rendered":"<p>Anuncia AMLO que no se usar\u00e1 el \u2018fracking\u2019 durante su sexenio para extraer hidrocarburos<br \/>\nPor Redacci\u00f3n QP<\/p>\n","protected":false},"author":2,"featured_media":6249,"comment_status":"open","ping_status":"open","sticky":false,"template":"","format":"standard","meta":{"_monsterinsights_skip_tracking":false,"_monsterinsights_sitenote_active":false,"_monsterinsights_sitenote_note":"","_monsterinsights_sitenote_category":0,"footnotes":""},"categories":[2],"tags":[],"class_list":["post-6250","post","type-post","status-publish","format-standard","has-post-thumbnail","hentry","category-noticias"],"yoast_head":"<!-- This site is optimized with the Yoast SEO plugin v27.3 - https:\/\/yoast.com\/product\/yoast-seo-wordpress\/ -->\n<title>Anuncia AMLO que no se usar\u00e1 el \u2018fracking\u2019 durante su sexenio para extraer hidrocarburos -<\/title>\n<meta name=\"robots\" content=\"index, follow, max-snippet:-1, max-image-preview:large, max-video-preview:-1\" \/>\n<link rel=\"canonical\" href=\"https:\/\/quehacerpolitico.mx\/?p=6250\" \/>\n<meta property=\"og:locale\" content=\"es_MX\" \/>\n<meta property=\"og:type\" content=\"article\" \/>\n<meta property=\"og:title\" content=\"Anuncia AMLO que no se usar\u00e1 el \u2018fracking\u2019 durante su sexenio para extraer hidrocarburos -\" \/>\n<meta property=\"og:description\" content=\"Anuncia AMLO que no se usar\u00e1 el \u2018fracking\u2019 durante su sexenio para extraer hidrocarburos Por Redacci\u00f3n QP\" \/>\n<meta property=\"og:url\" content=\"https:\/\/quehacerpolitico.mx\/?p=6250\" \/>\n<meta property=\"article:published_time\" content=\"2018-10-06T00:05:09+00:00\" \/>\n<meta name=\"author\" content=\"Redacci\u00f3n QP\" \/>\n<meta name=\"twitter:card\" content=\"summary_large_image\" \/>\n<meta name=\"twitter:label1\" content=\"Escrito por\" \/>\n\t<meta name=\"twitter:data1\" content=\"Redacci\u00f3n QP\" \/>\n\t<meta name=\"twitter:label2\" content=\"Tiempo de lectura\" \/>\n\t<meta name=\"twitter:data2\" content=\"1 minuto\" \/>\n<script type=\"application\/ld+json\" class=\"yoast-schema-graph\">{\"@context\":\"https:\\\/\\\/schema.org\",\"@graph\":[{\"@type\":\"Article\",\"@id\":\"https:\\\/\\\/quehacerpolitico.mx\\\/?p=6250#article\",\"isPartOf\":{\"@id\":\"https:\\\/\\\/quehacerpolitico.mx\\\/?p=6250\"},\"author\":{\"name\":\"Redacci\u00f3n QP\",\"@id\":\"https:\\\/\\\/quehacerpolitico.mx\\\/#\\\/schema\\\/person\\\/496d8ad2d1d3f8036101dca7ee39e585\"},\"headline\":\"Anuncia AMLO que no se usar\u00e1 el \u2018fracking\u2019 durante su sexenio para extraer hidrocarburos\",\"datePublished\":\"2018-10-06T00:05:09+00:00\",\"mainEntityOfPage\":{\"@id\":\"https:\\\/\\\/quehacerpolitico.mx\\\/?p=6250\"},\"wordCount\":310,\"commentCount\":0,\"image\":{\"@id\":\"https:\\\/\\\/quehacerpolitico.mx\\\/?p=6250#primaryimage\"},\"thumbnailUrl\":\"\",\"articleSection\":[\"Noticias\"],\"inLanguage\":\"es\",\"potentialAction\":[{\"@type\":\"CommentAction\",\"name\":\"Comment\",\"target\":[\"https:\\\/\\\/quehacerpolitico.mx\\\/?p=6250#respond\"]}]},{\"@type\":\"WebPage\",\"@id\":\"https:\\\/\\\/quehacerpolitico.mx\\\/?p=6250\",\"url\":\"https:\\\/\\\/quehacerpolitico.mx\\\/?p=6250\",\"name\":\"Anuncia AMLO que no se usar\u00e1 el \u2018fracking\u2019 durante su sexenio para extraer hidrocarburos -\",\"isPartOf\":{\"@id\":\"https:\\\/\\\/quehacerpolitico.mx\\\/#website\"},\"primaryImageOfPage\":{\"@id\":\"https:\\\/\\\/quehacerpolitico.mx\\\/?p=6250#primaryimage\"},\"image\":{\"@id\":\"https:\\\/\\\/quehacerpolitico.mx\\\/?p=6250#primaryimage\"},\"thumbnailUrl\":\"\",\"datePublished\":\"2018-10-06T00:05:09+00:00\",\"author\":{\"@id\":\"https:\\\/\\\/quehacerpolitico.mx\\\/#\\\/schema\\\/person\\\/496d8ad2d1d3f8036101dca7ee39e585\"},\"breadcrumb\":{\"@id\":\"https:\\\/\\\/quehacerpolitico.mx\\\/?p=6250#breadcrumb\"},\"inLanguage\":\"es\",\"potentialAction\":[{\"@type\":\"ReadAction\",\"target\":[\"https:\\\/\\\/quehacerpolitico.mx\\\/?p=6250\"]}]},{\"@type\":\"ImageObject\",\"inLanguage\":\"es\",\"@id\":\"https:\\\/\\\/quehacerpolitico.mx\\\/?p=6250#primaryimage\",\"url\":\"\",\"contentUrl\":\"\"},{\"@type\":\"BreadcrumbList\",\"@id\":\"https:\\\/\\\/quehacerpolitico.mx\\\/?p=6250#breadcrumb\",\"itemListElement\":[{\"@type\":\"ListItem\",\"position\":1,\"name\":\"Inicio\",\"item\":\"https:\\\/\\\/quehacerpolitico.mx\\\/\"},{\"@type\":\"ListItem\",\"position\":2,\"name\":\"Anuncia AMLO que no se usar\u00e1 el \u2018fracking\u2019 durante su sexenio para extraer hidrocarburos\"}]},{\"@type\":\"WebSite\",\"@id\":\"https:\\\/\\\/quehacerpolitico.mx\\\/#website\",\"url\":\"https:\\\/\\\/quehacerpolitico.mx\\\/\",\"name\":\"\",\"description\":\"\",\"potentialAction\":[{\"@type\":\"SearchAction\",\"target\":{\"@type\":\"EntryPoint\",\"urlTemplate\":\"https:\\\/\\\/quehacerpolitico.mx\\\/?s={search_term_string}\"},\"query-input\":{\"@type\":\"PropertyValueSpecification\",\"valueRequired\":true,\"valueName\":\"search_term_string\"}}],\"inLanguage\":\"es\"},{\"@type\":\"Person\",\"@id\":\"https:\\\/\\\/quehacerpolitico.mx\\\/#\\\/schema\\\/person\\\/496d8ad2d1d3f8036101dca7ee39e585\",\"name\":\"Redacci\u00f3n QP\",\"image\":{\"@type\":\"ImageObject\",\"inLanguage\":\"es\",\"@id\":\"https:\\\/\\\/secure.gravatar.com\\\/avatar\\\/c7164ed6fdec453195284ad24a5ae5b6e1eed2b848477fa2a4787ba9adf39a41?s=96&d=mm&r=g\",\"url\":\"https:\\\/\\\/secure.gravatar.com\\\/avatar\\\/c7164ed6fdec453195284ad24a5ae5b6e1eed2b848477fa2a4787ba9adf39a41?s=96&d=mm&r=g\",\"contentUrl\":\"https:\\\/\\\/secure.gravatar.com\\\/avatar\\\/c7164ed6fdec453195284ad24a5ae5b6e1eed2b848477fa2a4787ba9adf39a41?s=96&d=mm&r=g\",\"caption\":\"Redacci\u00f3n QP\"},\"url\":\"https:\\\/\\\/quehacerpolitico.mx\\\/?author=2\"}]}<\/script>\n<!-- \/ Yoast SEO plugin. -->","yoast_head_json":{"title":"Anuncia AMLO que no se usar\u00e1 el \u2018fracking\u2019 durante su sexenio para extraer hidrocarburos -","robots":{"index":"index","follow":"follow","max-snippet":"max-snippet:-1","max-image-preview":"max-image-preview:large","max-video-preview":"max-video-preview:-1"},"canonical":"https:\/\/quehacerpolitico.mx\/?p=6250","og_locale":"es_MX","og_type":"article","og_title":"Anuncia AMLO que no se usar\u00e1 el \u2018fracking\u2019 durante su sexenio para extraer hidrocarburos -","og_description":"Anuncia AMLO que no se usar\u00e1 el \u2018fracking\u2019 durante su sexenio para extraer hidrocarburos Por Redacci\u00f3n QP","og_url":"https:\/\/quehacerpolitico.mx\/?p=6250","article_published_time":"2018-10-06T00:05:09+00:00","author":"Redacci\u00f3n QP","twitter_card":"summary_large_image","twitter_misc":{"Escrito por":"Redacci\u00f3n QP","Tiempo de lectura":"1 minuto"},"schema":{"@context":"https:\/\/schema.org","@graph":[{"@type":"Article","@id":"https:\/\/quehacerpolitico.mx\/?p=6250#article","isPartOf":{"@id":"https:\/\/quehacerpolitico.mx\/?p=6250"},"author":{"name":"Redacci\u00f3n QP","@id":"https:\/\/quehacerpolitico.mx\/#\/schema\/person\/496d8ad2d1d3f8036101dca7ee39e585"},"headline":"Anuncia AMLO que no se usar\u00e1 el \u2018fracking\u2019 durante su sexenio para extraer hidrocarburos","datePublished":"2018-10-06T00:05:09+00:00","mainEntityOfPage":{"@id":"https:\/\/quehacerpolitico.mx\/?p=6250"},"wordCount":310,"commentCount":0,"image":{"@id":"https:\/\/quehacerpolitico.mx\/?p=6250#primaryimage"},"thumbnailUrl":"","articleSection":["Noticias"],"inLanguage":"es","potentialAction":[{"@type":"CommentAction","name":"Comment","target":["https:\/\/quehacerpolitico.mx\/?p=6250#respond"]}]},{"@type":"WebPage","@id":"https:\/\/quehacerpolitico.mx\/?p=6250","url":"https:\/\/quehacerpolitico.mx\/?p=6250","name":"Anuncia AMLO que no se usar\u00e1 el \u2018fracking\u2019 durante su sexenio para extraer hidrocarburos -","isPartOf":{"@id":"https:\/\/quehacerpolitico.mx\/#website"},"primaryImageOfPage":{"@id":"https:\/\/quehacerpolitico.mx\/?p=6250#primaryimage"},"image":{"@id":"https:\/\/quehacerpolitico.mx\/?p=6250#primaryimage"},"thumbnailUrl":"","datePublished":"2018-10-06T00:05:09+00:00","author":{"@id":"https:\/\/quehacerpolitico.mx\/#\/schema\/person\/496d8ad2d1d3f8036101dca7ee39e585"},"breadcrumb":{"@id":"https:\/\/quehacerpolitico.mx\/?p=6250#breadcrumb"},"inLanguage":"es","potentialAction":[{"@type":"ReadAction","target":["https:\/\/quehacerpolitico.mx\/?p=6250"]}]},{"@type":"ImageObject","inLanguage":"es","@id":"https:\/\/quehacerpolitico.mx\/?p=6250#primaryimage","url":"","contentUrl":""},{"@type":"BreadcrumbList","@id":"https:\/\/quehacerpolitico.mx\/?p=6250#breadcrumb","itemListElement":[{"@type":"ListItem","position":1,"name":"Inicio","item":"https:\/\/quehacerpolitico.mx\/"},{"@type":"ListItem","position":2,"name":"Anuncia AMLO que no se usar\u00e1 el \u2018fracking\u2019 durante su sexenio para extraer hidrocarburos"}]},{"@type":"WebSite","@id":"https:\/\/quehacerpolitico.mx\/#website","url":"https:\/\/quehacerpolitico.mx\/","name":"","description":"","potentialAction":[{"@type":"SearchAction","target":{"@type":"EntryPoint","urlTemplate":"https:\/\/quehacerpolitico.mx\/?s={search_term_string}"},"query-input":{"@type":"PropertyValueSpecification","valueRequired":true,"valueName":"search_term_string"}}],"inLanguage":"es"},{"@type":"Person","@id":"https:\/\/quehacerpolitico.mx\/#\/schema\/person\/496d8ad2d1d3f8036101dca7ee39e585","name":"Redacci\u00f3n QP","image":{"@type":"ImageObject","inLanguage":"es","@id":"https:\/\/secure.gravatar.com\/avatar\/c7164ed6fdec453195284ad24a5ae5b6e1eed2b848477fa2a4787ba9adf39a41?s=96&d=mm&r=g","url":"https:\/\/secure.gravatar.com\/avatar\/c7164ed6fdec453195284ad24a5ae5b6e1eed2b848477fa2a4787ba9adf39a41?s=96&d=mm&r=g","contentUrl":"https:\/\/secure.gravatar.com\/avatar\/c7164ed6fdec453195284ad24a5ae5b6e1eed2b848477fa2a4787ba9adf39a41?s=96&d=mm&r=g","caption":"Redacci\u00f3n QP"},"url":"https:\/\/quehacerpolitico.mx\/?author=2"}]}},"featured_image_urls":{"full":"","thumbnail":"","medium":"","medium_large":"","large":"","1536x1536":"","2048x2048":"","covernews-featured":"","covernews-medium":""},"author_info":{"display_name":"Redacci\u00f3n QP","author_link":"https:\/\/quehacerpolitico.mx\/?author=2"},"category_info":"<a href=\"https:\/\/quehacerpolitico.mx\/?cat=2\" rel=\"category\">Noticias<\/a>","tag_info":"Noticias","comment_count":"0","_links":{"self":[{"href":"https:\/\/quehacerpolitico.mx\/index.php?rest_route=\/wp\/v2\/posts\/6250","targetHints":{"allow":["GET"]}}],"collection":[{"href":"https:\/\/quehacerpolitico.mx\/index.php?rest_route=\/wp\/v2\/posts"}],"about":[{"href":"https:\/\/quehacerpolitico.mx\/index.php?rest_route=\/wp\/v2\/types\/post"}],"author":[{"embeddable":true,"href":"https:\/\/quehacerpolitico.mx\/index.php?rest_route=\/wp\/v2\/users\/2"}],"replies":[{"embeddable":true,"href":"https:\/\/quehacerpolitico.mx\/index.php?rest_route=%2Fwp%2Fv2%2Fcomments&post=6250"}],"version-history":[{"count":0,"href":"https:\/\/quehacerpolitico.mx\/index.php?rest_route=\/wp\/v2\/posts\/6250\/revisions"}],"wp:featuredmedia":[{"embeddable":true,"href":"https:\/\/quehacerpolitico.mx\/index.php?rest_route=\/"}],"wp:attachment":[{"href":"https:\/\/quehacerpolitico.mx\/index.php?rest_route=%2Fwp%2Fv2%2Fmedia&parent=6250"}],"wp:term":[{"taxonomy":"category","embeddable":true,"href":"https:\/\/quehacerpolitico.mx\/index.php?rest_route=%2Fwp%2Fv2%2Fcategories&post=6250"},{"taxonomy":"post_tag","embeddable":true,"href":"https:\/\/quehacerpolitico.mx\/index.php?rest_route=%2Fwp%2Fv2%2Ftags&post=6250"}],"curies":[{"name":"wp","href":"https:\/\/api.w.org\/{rel}","templated":true}]}}