{"id":6246,"date":"2018-10-05T23:24:26","date_gmt":"2018-10-05T23:24:26","guid":{"rendered":"http:\/\/quehacerpolitico.mx\/tulancingo-hidalgo-una-turba-culpa-a-tres-de-ladrones-quema-su-auto-y-los-asesina-a-golpes\/"},"modified":"2018-10-05T23:24:26","modified_gmt":"2018-10-05T23:24:26","slug":"tulancingo-hidalgo-una-turba-culpa-a-tres-de-ladrones-quema-su-auto-y-los-asesina-a-golpes","status":"publish","type":"post","link":"https:\/\/quehacerpolitico.mx\/?p=6246","title":{"rendered":"Tulancingo, Hidalgo: Una turba culpa a tres de ladrones, quema su auto y los asesina a golpes"},"content":{"rendered":"<h3><strong>Al menos tres sujetos fueron linchados en el municipio de Tulancingo, Hidalgo, despu\u00e9s de que se les se\u00f1alara por robo a casa habitaci\u00f3n.\u00a0<\/strong><\/h3>\n<h3><strong>Empiezan a ser escenas comunes en Hidalgo. Apenas el 27 de septiembre, Pobladores de Metepec, Hidalgo, lincharon a cuatro hombres y entre ellos a un integrante de la Procuradur\u00eda estatal, a quien quemaron vivo.<\/strong><\/h3>\n<h3><strong>Los casos en los que la poblaci\u00f3n toma justicia por propia mano han crecido hasta 300 por ciento en los \u00faltimos ocho a\u00f1os.<\/strong><\/h3>\n<p><strong>Tres presuntos ladrones<\/strong>fueron linchados por pobladores de <strong>Santa Mar\u00eda Asunci\u00f3n<\/strong>, en el municipio de <strong>Tulancingo, Hidalgo<\/strong>. De acuerdo con informaci\u00f3n oficial,\u00a0aproximadamente <strong>100 habitantes detuvieron a los sujetos<\/strong>, se\u00f1alados por haber cometido robo a una casa, y le prendieron fuego a la unidad en la que viajaban. Los mataron a golpes.<\/p>\n<blockquote>\n<p>\u201cSe solicit\u00f3 el apoyo con <strong>elementos de seguridad<\/strong> de las corporaciones de los municipios cercanos a Tulancingo y a la Polic\u00eda Estatal\u201d, indicaron autoridades en un bolet\u00edn.<\/p>\n<\/blockquote>\n<p>Equipos de emergencia llegaron hasta el lugar pero no pudieron hacer nada para salvar la vida de los linchados. La Procuradur\u00eda de Justicia de Hidalgo ya inici\u00f3 con la carpeta de investigaci\u00f3n por los hechos. Se desconoce si ten\u00edan alguna culpa, si eran inocentes. La gente simplemente los declar\u00f3 culpables y emprendieron contra ellos.<\/p>\n<p>Empiezan a ser escenas comunes en Hidalgo. Apenas el 27 de septiembre, Pobladores de Metepec, Hidalgo, lincharon a cuatro hombres y entre ellos a un integrante de la Procuradur\u00eda General de Justicia estatal, a quien quemaron vivo.<\/p>\n<p>De acuerdo con informaci\u00f3n oficial, al menos 100 personas \u201cagresivas\u201d\u00a0despojaron a las autoridades locales de cuatro personas que resguardaban. Los ciudadanos retuvieron y golpearon a los cuatro hombres, entre los que se encontraba el agente que fue asesinado.<\/p>\n<blockquote>\n<p>Medios de comunicaci\u00f3n reportan que los habitantes habr\u00edan acusado a los agredidos de ser\u00a0\u201crobachicos\u201d, sin embargo, las autoridades no dijeron nada al respecto.<\/p>\n<p><iframe loading=\"lazy\" title=\"M\u00e9xico: un pa\u00eds de linchamientos\" width=\"640\" height=\"360\" src=\"https:\/\/www.youtube.com\/embed\/Oe2ZLNgfV-Q?feature=oembed\" frameborder=\"0\" allow=\"accelerometer; autoplay; clipboard-write; encrypted-media; gyroscope; picture-in-picture; web-share\" referrerpolicy=\"strict-origin-when-cross-origin\" allowfullscreen><\/iframe><\/p>\n<p>Im\u00e1genes que circularon en redes muestran el momento en el que la gente de Metepec incendi\u00f3 al agente, quien intent\u00f3 defenderse. Polic\u00edas estatales intervinieron e intentaron salvar la vida de los cuatro aprehendidos, pero ya era demasiado tarde, seg\u00fan un ficha informativa.<\/p>\n<p>Personal de la Cruz Roja de Tulancingo confirm\u00f3 la muerte del que fue quemado.<\/p>\n<blockquote>\n<p>El occiso formaba parte de la plantilla laboral de la Procuradur\u00eda General de Justicia del estado de Hidalgo; se desempe\u00f1aba como Agente del Ministerio P\u00fablico B del distrito Judicial de Tulancingo.<\/p>\n<\/blockquote>\n<p>La Procuradur\u00eda indic\u00f3 que ya hab\u00eda iniciado una carpeta de investigaci\u00f3n para esclarecer el hecho.<\/p>\n<p>Los casos relacionados con el linchamiento han crecido hasta 300 por ciento en los \u00faltimos ocho a\u00f1os, destaca el profesor Ra\u00fal Rodr\u00edguez Guillen, del Departamento de Sociolog\u00eda de la UAM Azcapotzalco y autor del estudio \u201cLinchamientos en M\u00e9xico: recuento de un periodo largo\u201d.<\/p>\n<p>El acad\u00e9mico, quien por a\u00f1os ha investigado el fen\u00f3meno, plantea que en 30 a\u00f1os y ocho meses se han registrado al menos mil 180 casos \u2013entre intentos y linchamientos consumados\u2013 en todo el pa\u00eds. Tan s\u00f3lo en la Ciudad de M\u00e9xico subi\u00f3 un 80 por ciento.<\/p>\n<p>De enero a 19 de septiembre de 2018 suman a nivel nacional 184 linchamientos, entre consumados y tentativas, de acuerdo con el registro de la UAM.<\/p>\n<p>Con Informaci\u00f3n de SinEmbargo.mx<\/p>\n<\/blockquote>\n","protected":false},"excerpt":{"rendered":"<p>Tulancingo, Hidalgo: Una turba culpa a tres de ladrones, quema su auto y los asesina a golpes<br \/>\nPor Redacci\u00f3n QP<\/p>\n","protected":false},"author":2,"featured_media":6245,"comment_status":"open","ping_status":"open","sticky":false,"template":"","format":"standard","meta":{"_monsterinsights_skip_tracking":false,"_monsterinsights_sitenote_active":false,"_monsterinsights_sitenote_note":"","_monsterinsights_sitenote_category":0,"footnotes":""},"categories":[2],"tags":[],"class_list":["post-6246","post","type-post","status-publish","format-standard","has-post-thumbnail","hentry","category-noticias"],"yoast_head":"<!-- This site is optimized with the Yoast SEO plugin v27.3 - https:\/\/yoast.com\/product\/yoast-seo-wordpress\/ -->\n<title>Tulancingo, Hidalgo: Una turba culpa a tres de ladrones, quema su auto y los asesina a golpes -<\/title>\n<meta name=\"robots\" content=\"index, follow, max-snippet:-1, max-image-preview:large, max-video-preview:-1\" \/>\n<link rel=\"canonical\" href=\"https:\/\/quehacerpolitico.mx\/?p=6246\" \/>\n<meta property=\"og:locale\" content=\"es_MX\" \/>\n<meta property=\"og:type\" content=\"article\" \/>\n<meta property=\"og:title\" content=\"Tulancingo, Hidalgo: Una turba culpa a tres de ladrones, quema su auto y los asesina a golpes -\" \/>\n<meta property=\"og:description\" content=\"Tulancingo, Hidalgo: Una turba culpa a tres de ladrones, quema su auto y los asesina a golpes Por Redacci\u00f3n QP\" \/>\n<meta property=\"og:url\" content=\"https:\/\/quehacerpolitico.mx\/?p=6246\" \/>\n<meta property=\"article:published_time\" content=\"2018-10-05T23:24:26+00:00\" \/>\n<meta name=\"author\" content=\"Redacci\u00f3n QP\" \/>\n<meta name=\"twitter:card\" content=\"summary_large_image\" \/>\n<meta name=\"twitter:label1\" content=\"Escrito por\" \/>\n\t<meta name=\"twitter:data1\" content=\"Redacci\u00f3n QP\" \/>\n\t<meta name=\"twitter:label2\" content=\"Tiempo de lectura\" \/>\n\t<meta name=\"twitter:data2\" content=\"3 minutos\" \/>\n<script type=\"application\/ld+json\" class=\"yoast-schema-graph\">{\"@context\":\"https:\\\/\\\/schema.org\",\"@graph\":[{\"@type\":\"Article\",\"@id\":\"https:\\\/\\\/quehacerpolitico.mx\\\/?p=6246#article\",\"isPartOf\":{\"@id\":\"https:\\\/\\\/quehacerpolitico.mx\\\/?p=6246\"},\"author\":{\"name\":\"Redacci\u00f3n QP\",\"@id\":\"https:\\\/\\\/quehacerpolitico.mx\\\/#\\\/schema\\\/person\\\/496d8ad2d1d3f8036101dca7ee39e585\"},\"headline\":\"Tulancingo, Hidalgo: Una turba culpa a tres de ladrones, quema su auto y los asesina a golpes\",\"datePublished\":\"2018-10-05T23:24:26+00:00\",\"mainEntityOfPage\":{\"@id\":\"https:\\\/\\\/quehacerpolitico.mx\\\/?p=6246\"},\"wordCount\":585,\"commentCount\":0,\"image\":{\"@id\":\"https:\\\/\\\/quehacerpolitico.mx\\\/?p=6246#primaryimage\"},\"thumbnailUrl\":\"\",\"articleSection\":[\"Noticias\"],\"inLanguage\":\"es\",\"potentialAction\":[{\"@type\":\"CommentAction\",\"name\":\"Comment\",\"target\":[\"https:\\\/\\\/quehacerpolitico.mx\\\/?p=6246#respond\"]}]},{\"@type\":\"WebPage\",\"@id\":\"https:\\\/\\\/quehacerpolitico.mx\\\/?p=6246\",\"url\":\"https:\\\/\\\/quehacerpolitico.mx\\\/?p=6246\",\"name\":\"Tulancingo, Hidalgo: Una turba culpa a tres de ladrones, quema su auto y los asesina a golpes -\",\"isPartOf\":{\"@id\":\"https:\\\/\\\/quehacerpolitico.mx\\\/#website\"},\"primaryImageOfPage\":{\"@id\":\"https:\\\/\\\/quehacerpolitico.mx\\\/?p=6246#primaryimage\"},\"image\":{\"@id\":\"https:\\\/\\\/quehacerpolitico.mx\\\/?p=6246#primaryimage\"},\"thumbnailUrl\":\"\",\"datePublished\":\"2018-10-05T23:24:26+00:00\",\"author\":{\"@id\":\"https:\\\/\\\/quehacerpolitico.mx\\\/#\\\/schema\\\/person\\\/496d8ad2d1d3f8036101dca7ee39e585\"},\"breadcrumb\":{\"@id\":\"https:\\\/\\\/quehacerpolitico.mx\\\/?p=6246#breadcrumb\"},\"inLanguage\":\"es\",\"potentialAction\":[{\"@type\":\"ReadAction\",\"target\":[\"https:\\\/\\\/quehacerpolitico.mx\\\/?p=6246\"]}]},{\"@type\":\"ImageObject\",\"inLanguage\":\"es\",\"@id\":\"https:\\\/\\\/quehacerpolitico.mx\\\/?p=6246#primaryimage\",\"url\":\"\",\"contentUrl\":\"\"},{\"@type\":\"BreadcrumbList\",\"@id\":\"https:\\\/\\\/quehacerpolitico.mx\\\/?p=6246#breadcrumb\",\"itemListElement\":[{\"@type\":\"ListItem\",\"position\":1,\"name\":\"Inicio\",\"item\":\"https:\\\/\\\/quehacerpolitico.mx\\\/\"},{\"@type\":\"ListItem\",\"position\":2,\"name\":\"Tulancingo, Hidalgo: Una turba culpa a tres de ladrones, quema su auto y los asesina a golpes\"}]},{\"@type\":\"WebSite\",\"@id\":\"https:\\\/\\\/quehacerpolitico.mx\\\/#website\",\"url\":\"https:\\\/\\\/quehacerpolitico.mx\\\/\",\"name\":\"\",\"description\":\"\",\"potentialAction\":[{\"@type\":\"SearchAction\",\"target\":{\"@type\":\"EntryPoint\",\"urlTemplate\":\"https:\\\/\\\/quehacerpolitico.mx\\\/?s={search_term_string}\"},\"query-input\":{\"@type\":\"PropertyValueSpecification\",\"valueRequired\":true,\"valueName\":\"search_term_string\"}}],\"inLanguage\":\"es\"},{\"@type\":\"Person\",\"@id\":\"https:\\\/\\\/quehacerpolitico.mx\\\/#\\\/schema\\\/person\\\/496d8ad2d1d3f8036101dca7ee39e585\",\"name\":\"Redacci\u00f3n QP\",\"image\":{\"@type\":\"ImageObject\",\"inLanguage\":\"es\",\"@id\":\"https:\\\/\\\/secure.gravatar.com\\\/avatar\\\/c7164ed6fdec453195284ad24a5ae5b6e1eed2b848477fa2a4787ba9adf39a41?s=96&d=mm&r=g\",\"url\":\"https:\\\/\\\/secure.gravatar.com\\\/avatar\\\/c7164ed6fdec453195284ad24a5ae5b6e1eed2b848477fa2a4787ba9adf39a41?s=96&d=mm&r=g\",\"contentUrl\":\"https:\\\/\\\/secure.gravatar.com\\\/avatar\\\/c7164ed6fdec453195284ad24a5ae5b6e1eed2b848477fa2a4787ba9adf39a41?s=96&d=mm&r=g\",\"caption\":\"Redacci\u00f3n QP\"},\"url\":\"https:\\\/\\\/quehacerpolitico.mx\\\/?author=2\"}]}<\/script>\n<!-- \/ Yoast SEO plugin. -->","yoast_head_json":{"title":"Tulancingo, Hidalgo: Una turba culpa a tres de ladrones, quema su auto y los asesina a golpes -","robots":{"index":"index","follow":"follow","max-snippet":"max-snippet:-1","max-image-preview":"max-image-preview:large","max-video-preview":"max-video-preview:-1"},"canonical":"https:\/\/quehacerpolitico.mx\/?p=6246","og_locale":"es_MX","og_type":"article","og_title":"Tulancingo, Hidalgo: Una turba culpa a tres de ladrones, quema su auto y los asesina a golpes -","og_description":"Tulancingo, Hidalgo: Una turba culpa a tres de ladrones, quema su auto y los asesina a golpes Por Redacci\u00f3n QP","og_url":"https:\/\/quehacerpolitico.mx\/?p=6246","article_published_time":"2018-10-05T23:24:26+00:00","author":"Redacci\u00f3n QP","twitter_card":"summary_large_image","twitter_misc":{"Escrito por":"Redacci\u00f3n QP","Tiempo de lectura":"3 minutos"},"schema":{"@context":"https:\/\/schema.org","@graph":[{"@type":"Article","@id":"https:\/\/quehacerpolitico.mx\/?p=6246#article","isPartOf":{"@id":"https:\/\/quehacerpolitico.mx\/?p=6246"},"author":{"name":"Redacci\u00f3n QP","@id":"https:\/\/quehacerpolitico.mx\/#\/schema\/person\/496d8ad2d1d3f8036101dca7ee39e585"},"headline":"Tulancingo, Hidalgo: Una turba culpa a tres de ladrones, quema su auto y los asesina a golpes","datePublished":"2018-10-05T23:24:26+00:00","mainEntityOfPage":{"@id":"https:\/\/quehacerpolitico.mx\/?p=6246"},"wordCount":585,"commentCount":0,"image":{"@id":"https:\/\/quehacerpolitico.mx\/?p=6246#primaryimage"},"thumbnailUrl":"","articleSection":["Noticias"],"inLanguage":"es","potentialAction":[{"@type":"CommentAction","name":"Comment","target":["https:\/\/quehacerpolitico.mx\/?p=6246#respond"]}]},{"@type":"WebPage","@id":"https:\/\/quehacerpolitico.mx\/?p=6246","url":"https:\/\/quehacerpolitico.mx\/?p=6246","name":"Tulancingo, Hidalgo: Una turba culpa a tres de ladrones, quema su auto y los asesina a golpes -","isPartOf":{"@id":"https:\/\/quehacerpolitico.mx\/#website"},"primaryImageOfPage":{"@id":"https:\/\/quehacerpolitico.mx\/?p=6246#primaryimage"},"image":{"@id":"https:\/\/quehacerpolitico.mx\/?p=6246#primaryimage"},"thumbnailUrl":"","datePublished":"2018-10-05T23:24:26+00:00","author":{"@id":"https:\/\/quehacerpolitico.mx\/#\/schema\/person\/496d8ad2d1d3f8036101dca7ee39e585"},"breadcrumb":{"@id":"https:\/\/quehacerpolitico.mx\/?p=6246#breadcrumb"},"inLanguage":"es","potentialAction":[{"@type":"ReadAction","target":["https:\/\/quehacerpolitico.mx\/?p=6246"]}]},{"@type":"ImageObject","inLanguage":"es","@id":"https:\/\/quehacerpolitico.mx\/?p=6246#primaryimage","url":"","contentUrl":""},{"@type":"BreadcrumbList","@id":"https:\/\/quehacerpolitico.mx\/?p=6246#breadcrumb","itemListElement":[{"@type":"ListItem","position":1,"name":"Inicio","item":"https:\/\/quehacerpolitico.mx\/"},{"@type":"ListItem","position":2,"name":"Tulancingo, Hidalgo: Una turba culpa a tres de ladrones, quema su auto y los asesina a golpes"}]},{"@type":"WebSite","@id":"https:\/\/quehacerpolitico.mx\/#website","url":"https:\/\/quehacerpolitico.mx\/","name":"","description":"","potentialAction":[{"@type":"SearchAction","target":{"@type":"EntryPoint","urlTemplate":"https:\/\/quehacerpolitico.mx\/?s={search_term_string}"},"query-input":{"@type":"PropertyValueSpecification","valueRequired":true,"valueName":"search_term_string"}}],"inLanguage":"es"},{"@type":"Person","@id":"https:\/\/quehacerpolitico.mx\/#\/schema\/person\/496d8ad2d1d3f8036101dca7ee39e585","name":"Redacci\u00f3n QP","image":{"@type":"ImageObject","inLanguage":"es","@id":"https:\/\/secure.gravatar.com\/avatar\/c7164ed6fdec453195284ad24a5ae5b6e1eed2b848477fa2a4787ba9adf39a41?s=96&d=mm&r=g","url":"https:\/\/secure.gravatar.com\/avatar\/c7164ed6fdec453195284ad24a5ae5b6e1eed2b848477fa2a4787ba9adf39a41?s=96&d=mm&r=g","contentUrl":"https:\/\/secure.gravatar.com\/avatar\/c7164ed6fdec453195284ad24a5ae5b6e1eed2b848477fa2a4787ba9adf39a41?s=96&d=mm&r=g","caption":"Redacci\u00f3n QP"},"url":"https:\/\/quehacerpolitico.mx\/?author=2"}]}},"featured_image_urls":{"full":"","thumbnail":"","medium":"","medium_large":"","large":"","1536x1536":"","2048x2048":"","covernews-featured":"","covernews-medium":""},"author_info":{"display_name":"Redacci\u00f3n QP","author_link":"https:\/\/quehacerpolitico.mx\/?author=2"},"category_info":"<a href=\"https:\/\/quehacerpolitico.mx\/?cat=2\" rel=\"category\">Noticias<\/a>","tag_info":"Noticias","comment_count":"0","_links":{"self":[{"href":"https:\/\/quehacerpolitico.mx\/index.php?rest_route=\/wp\/v2\/posts\/6246","targetHints":{"allow":["GET"]}}],"collection":[{"href":"https:\/\/quehacerpolitico.mx\/index.php?rest_route=\/wp\/v2\/posts"}],"about":[{"href":"https:\/\/quehacerpolitico.mx\/index.php?rest_route=\/wp\/v2\/types\/post"}],"author":[{"embeddable":true,"href":"https:\/\/quehacerpolitico.mx\/index.php?rest_route=\/wp\/v2\/users\/2"}],"replies":[{"embeddable":true,"href":"https:\/\/quehacerpolitico.mx\/index.php?rest_route=%2Fwp%2Fv2%2Fcomments&post=6246"}],"version-history":[{"count":0,"href":"https:\/\/quehacerpolitico.mx\/index.php?rest_route=\/wp\/v2\/posts\/6246\/revisions"}],"wp:featuredmedia":[{"embeddable":true,"href":"https:\/\/quehacerpolitico.mx\/index.php?rest_route=\/"}],"wp:attachment":[{"href":"https:\/\/quehacerpolitico.mx\/index.php?rest_route=%2Fwp%2Fv2%2Fmedia&parent=6246"}],"wp:term":[{"taxonomy":"category","embeddable":true,"href":"https:\/\/quehacerpolitico.mx\/index.php?rest_route=%2Fwp%2Fv2%2Fcategories&post=6246"},{"taxonomy":"post_tag","embeddable":true,"href":"https:\/\/quehacerpolitico.mx\/index.php?rest_route=%2Fwp%2Fv2%2Ftags&post=6246"}],"curies":[{"name":"wp","href":"https:\/\/api.w.org\/{rel}","templated":true}]}}