{"id":6242,"date":"2018-10-05T23:07:02","date_gmt":"2018-10-05T23:07:02","guid":{"rendered":"http:\/\/quehacerpolitico.mx\/la-legalizacion-de-la-amapola-podria-ser-una-salida-al-problema-de-la-violencia-salvador-cienfuegos\/"},"modified":"2018-10-05T23:07:02","modified_gmt":"2018-10-05T23:07:02","slug":"la-legalizacion-de-la-amapola-podria-ser-una-salida-al-problema-de-la-violencia-salvador-cienfuegos","status":"publish","type":"post","link":"https:\/\/quehacerpolitico.mx\/?p=6242","title":{"rendered":"La legalizaci\u00f3n de la amapola podr\u00eda ser una salida al problema de la violencia: Salvador Cienfuegos"},"content":{"rendered":"<h3>Despu\u00e9s de inaugurar el 41 batall\u00f3n de Infanter\u00eda en Teloloapan, Guerrero, el Secretario de la Defensa Nacional,\u00a0Salvador Cienfuegos Zepeda, fue cuestionado sobre la legalizaci\u00f3n de la amapola. El funcionario contest\u00f3 que la autorizaci\u00f3n podr\u00eda ser una soluci\u00f3n para la violencia.<\/h3>\n<p><strong>Salvador Cienfuegos Zepeda<\/strong>, titular de la<strong> Secretar\u00eda de la Defensa Nacional<\/strong> (Sedena), se\u00f1al\u00f3 que legalizar <strong>la amapola<\/strong> podr\u00eda ser una soluci\u00f3n para la violencia.<\/p>\n<p>Despu\u00e9s de la inauguraci\u00f3n del <strong>41 batall\u00f3n de Infanter\u00eda en Teloloapan, Guerrero<\/strong>, Cienfuegos apunt\u00f3 que el tema a\u00fan debe debatirse.<\/p>\n<blockquote>\n<p>\u201cYa est\u00e1 en la mesa. Creo que puede ser una salida al problema [el de la violencia]. Aqu\u00ed lo \u00fanico que se debe tratar es la seguridad de los campesinos que ya no van a vender a los delincuentes, sino al Gobierno, para hacer la morfina que se usa para atender el dolor en los pacientes\u201d, dijo.<\/p>\n<p>La violencia en M\u00e9xico est\u00e1 incontrolable. En julio se registraron 3 mil 17 homicidios, un r\u00e9cord hist\u00f3rico.<\/p>\n<p>Las entidades que reportaron m\u00e1s asesinatos intencionales\u00a0fueron\u00a0Baja California\u00a0con 338 v\u00edctimas,\u00a0Guanajuato\u00a0con 269,\u00a0Chihuahua\u00a0con 258 y\u00a0Estado de M\u00e9xico\u00a0con 245.<\/p>\n<p>En julio, Olga S\u00e1nchez Cordero, Ministra en retiro y futura Secretaria de Gobernaci\u00f3n en el Gabinete de Andr\u00e9s Manuel L\u00f3pez Obrador, anunci\u00f3 que para lograr la paz en el pa\u00eds se debe considerar adem\u00e1s de la amnist\u00eda, la reducci\u00f3n de penas, comisiones de la verdad y reparaci\u00f3n del da\u00f1o para las v\u00edctimas, la despenalizaci\u00f3n de las drogas. Y asegur\u00f3 que el pr\u00f3ximo Presidente ya le dio luz verde para abrir el debate sobre la despenalizaci\u00f3n.<\/p>\n<p>\u201cLes voy a dar el mensaje que me dio Andr\u00e9s Manuel, conociendo que he hablado en foros y en entrevistas sobre la despenalizaci\u00f3n de la droga: \u2018Carta abierta: lo que sea necesario, lo que sea necesario para pacificar el pa\u00eds. Abramos el debate\u2019\u201d, dijo.<\/p>\n<p>Afirm\u00f3 que lleg\u00f3 la hora de que el \u201cGobierno deje de simular que no pasa nada y que haya una pol\u00edtica de derechos humanos\u201d para el combate a la violencia en M\u00e9xico.<\/p>\n<\/blockquote>\n","protected":false},"excerpt":{"rendered":"<p>La legalizaci\u00f3n de la amapola podr\u00eda ser una salida al problema de la violencia: Salvador Cienfuegos<br \/>\nPor Redacci\u00f3n QP<\/p>\n","protected":false},"author":2,"featured_media":6241,"comment_status":"open","ping_status":"open","sticky":false,"template":"","format":"standard","meta":{"_monsterinsights_skip_tracking":false,"_monsterinsights_sitenote_active":false,"_monsterinsights_sitenote_note":"","_monsterinsights_sitenote_category":0,"footnotes":""},"categories":[2],"tags":[],"class_list":["post-6242","post","type-post","status-publish","format-standard","has-post-thumbnail","hentry","category-noticias"],"yoast_head":"<!-- This site is optimized with the Yoast SEO plugin v27.3 - https:\/\/yoast.com\/product\/yoast-seo-wordpress\/ -->\n<title>La legalizaci\u00f3n de la amapola podr\u00eda ser una salida al problema de la violencia: Salvador Cienfuegos -<\/title>\n<meta name=\"robots\" content=\"index, follow, max-snippet:-1, max-image-preview:large, max-video-preview:-1\" \/>\n<link rel=\"canonical\" href=\"https:\/\/quehacerpolitico.mx\/?p=6242\" \/>\n<meta property=\"og:locale\" content=\"es_MX\" \/>\n<meta property=\"og:type\" content=\"article\" \/>\n<meta property=\"og:title\" content=\"La legalizaci\u00f3n de la amapola podr\u00eda ser una salida al problema de la violencia: Salvador Cienfuegos -\" \/>\n<meta property=\"og:description\" content=\"La legalizaci\u00f3n de la amapola podr\u00eda ser una salida al problema de la violencia: Salvador Cienfuegos Por Redacci\u00f3n QP\" \/>\n<meta property=\"og:url\" content=\"https:\/\/quehacerpolitico.mx\/?p=6242\" \/>\n<meta property=\"article:published_time\" content=\"2018-10-05T23:07:02+00:00\" \/>\n<meta name=\"author\" content=\"Redacci\u00f3n QP\" \/>\n<meta name=\"twitter:card\" content=\"summary_large_image\" \/>\n<meta name=\"twitter:label1\" content=\"Escrito por\" \/>\n\t<meta name=\"twitter:data1\" content=\"Redacci\u00f3n QP\" \/>\n\t<meta name=\"twitter:label2\" content=\"Tiempo de lectura\" \/>\n\t<meta name=\"twitter:data2\" content=\"2 minutos\" \/>\n<script type=\"application\/ld+json\" class=\"yoast-schema-graph\">{\"@context\":\"https:\\\/\\\/schema.org\",\"@graph\":[{\"@type\":\"Article\",\"@id\":\"https:\\\/\\\/quehacerpolitico.mx\\\/?p=6242#article\",\"isPartOf\":{\"@id\":\"https:\\\/\\\/quehacerpolitico.mx\\\/?p=6242\"},\"author\":{\"name\":\"Redacci\u00f3n QP\",\"@id\":\"https:\\\/\\\/quehacerpolitico.mx\\\/#\\\/schema\\\/person\\\/496d8ad2d1d3f8036101dca7ee39e585\"},\"headline\":\"La legalizaci\u00f3n de la amapola podr\u00eda ser una salida al problema de la violencia: Salvador Cienfuegos\",\"datePublished\":\"2018-10-05T23:07:02+00:00\",\"mainEntityOfPage\":{\"@id\":\"https:\\\/\\\/quehacerpolitico.mx\\\/?p=6242\"},\"wordCount\":386,\"commentCount\":0,\"image\":{\"@id\":\"https:\\\/\\\/quehacerpolitico.mx\\\/?p=6242#primaryimage\"},\"thumbnailUrl\":\"\",\"articleSection\":[\"Noticias\"],\"inLanguage\":\"es\",\"potentialAction\":[{\"@type\":\"CommentAction\",\"name\":\"Comment\",\"target\":[\"https:\\\/\\\/quehacerpolitico.mx\\\/?p=6242#respond\"]}]},{\"@type\":\"WebPage\",\"@id\":\"https:\\\/\\\/quehacerpolitico.mx\\\/?p=6242\",\"url\":\"https:\\\/\\\/quehacerpolitico.mx\\\/?p=6242\",\"name\":\"La legalizaci\u00f3n de la amapola podr\u00eda ser una salida al problema de la violencia: Salvador Cienfuegos -\",\"isPartOf\":{\"@id\":\"https:\\\/\\\/quehacerpolitico.mx\\\/#website\"},\"primaryImageOfPage\":{\"@id\":\"https:\\\/\\\/quehacerpolitico.mx\\\/?p=6242#primaryimage\"},\"image\":{\"@id\":\"https:\\\/\\\/quehacerpolitico.mx\\\/?p=6242#primaryimage\"},\"thumbnailUrl\":\"\",\"datePublished\":\"2018-10-05T23:07:02+00:00\",\"author\":{\"@id\":\"https:\\\/\\\/quehacerpolitico.mx\\\/#\\\/schema\\\/person\\\/496d8ad2d1d3f8036101dca7ee39e585\"},\"breadcrumb\":{\"@id\":\"https:\\\/\\\/quehacerpolitico.mx\\\/?p=6242#breadcrumb\"},\"inLanguage\":\"es\",\"potentialAction\":[{\"@type\":\"ReadAction\",\"target\":[\"https:\\\/\\\/quehacerpolitico.mx\\\/?p=6242\"]}]},{\"@type\":\"ImageObject\",\"inLanguage\":\"es\",\"@id\":\"https:\\\/\\\/quehacerpolitico.mx\\\/?p=6242#primaryimage\",\"url\":\"\",\"contentUrl\":\"\"},{\"@type\":\"BreadcrumbList\",\"@id\":\"https:\\\/\\\/quehacerpolitico.mx\\\/?p=6242#breadcrumb\",\"itemListElement\":[{\"@type\":\"ListItem\",\"position\":1,\"name\":\"Inicio\",\"item\":\"https:\\\/\\\/quehacerpolitico.mx\\\/\"},{\"@type\":\"ListItem\",\"position\":2,\"name\":\"La legalizaci\u00f3n de la amapola podr\u00eda ser una salida al problema de la violencia: Salvador Cienfuegos\"}]},{\"@type\":\"WebSite\",\"@id\":\"https:\\\/\\\/quehacerpolitico.mx\\\/#website\",\"url\":\"https:\\\/\\\/quehacerpolitico.mx\\\/\",\"name\":\"\",\"description\":\"\",\"potentialAction\":[{\"@type\":\"SearchAction\",\"target\":{\"@type\":\"EntryPoint\",\"urlTemplate\":\"https:\\\/\\\/quehacerpolitico.mx\\\/?s={search_term_string}\"},\"query-input\":{\"@type\":\"PropertyValueSpecification\",\"valueRequired\":true,\"valueName\":\"search_term_string\"}}],\"inLanguage\":\"es\"},{\"@type\":\"Person\",\"@id\":\"https:\\\/\\\/quehacerpolitico.mx\\\/#\\\/schema\\\/person\\\/496d8ad2d1d3f8036101dca7ee39e585\",\"name\":\"Redacci\u00f3n QP\",\"image\":{\"@type\":\"ImageObject\",\"inLanguage\":\"es\",\"@id\":\"https:\\\/\\\/secure.gravatar.com\\\/avatar\\\/c7164ed6fdec453195284ad24a5ae5b6e1eed2b848477fa2a4787ba9adf39a41?s=96&d=mm&r=g\",\"url\":\"https:\\\/\\\/secure.gravatar.com\\\/avatar\\\/c7164ed6fdec453195284ad24a5ae5b6e1eed2b848477fa2a4787ba9adf39a41?s=96&d=mm&r=g\",\"contentUrl\":\"https:\\\/\\\/secure.gravatar.com\\\/avatar\\\/c7164ed6fdec453195284ad24a5ae5b6e1eed2b848477fa2a4787ba9adf39a41?s=96&d=mm&r=g\",\"caption\":\"Redacci\u00f3n QP\"},\"url\":\"https:\\\/\\\/quehacerpolitico.mx\\\/?author=2\"}]}<\/script>\n<!-- \/ Yoast SEO plugin. -->","yoast_head_json":{"title":"La legalizaci\u00f3n de la amapola podr\u00eda ser una salida al problema de la violencia: Salvador Cienfuegos -","robots":{"index":"index","follow":"follow","max-snippet":"max-snippet:-1","max-image-preview":"max-image-preview:large","max-video-preview":"max-video-preview:-1"},"canonical":"https:\/\/quehacerpolitico.mx\/?p=6242","og_locale":"es_MX","og_type":"article","og_title":"La legalizaci\u00f3n de la amapola podr\u00eda ser una salida al problema de la violencia: Salvador Cienfuegos -","og_description":"La legalizaci\u00f3n de la amapola podr\u00eda ser una salida al problema de la violencia: Salvador Cienfuegos Por Redacci\u00f3n QP","og_url":"https:\/\/quehacerpolitico.mx\/?p=6242","article_published_time":"2018-10-05T23:07:02+00:00","author":"Redacci\u00f3n QP","twitter_card":"summary_large_image","twitter_misc":{"Escrito por":"Redacci\u00f3n QP","Tiempo de lectura":"2 minutos"},"schema":{"@context":"https:\/\/schema.org","@graph":[{"@type":"Article","@id":"https:\/\/quehacerpolitico.mx\/?p=6242#article","isPartOf":{"@id":"https:\/\/quehacerpolitico.mx\/?p=6242"},"author":{"name":"Redacci\u00f3n QP","@id":"https:\/\/quehacerpolitico.mx\/#\/schema\/person\/496d8ad2d1d3f8036101dca7ee39e585"},"headline":"La legalizaci\u00f3n de la amapola podr\u00eda ser una salida al problema de la violencia: Salvador Cienfuegos","datePublished":"2018-10-05T23:07:02+00:00","mainEntityOfPage":{"@id":"https:\/\/quehacerpolitico.mx\/?p=6242"},"wordCount":386,"commentCount":0,"image":{"@id":"https:\/\/quehacerpolitico.mx\/?p=6242#primaryimage"},"thumbnailUrl":"","articleSection":["Noticias"],"inLanguage":"es","potentialAction":[{"@type":"CommentAction","name":"Comment","target":["https:\/\/quehacerpolitico.mx\/?p=6242#respond"]}]},{"@type":"WebPage","@id":"https:\/\/quehacerpolitico.mx\/?p=6242","url":"https:\/\/quehacerpolitico.mx\/?p=6242","name":"La legalizaci\u00f3n de la amapola podr\u00eda ser una salida al problema de la violencia: Salvador Cienfuegos -","isPartOf":{"@id":"https:\/\/quehacerpolitico.mx\/#website"},"primaryImageOfPage":{"@id":"https:\/\/quehacerpolitico.mx\/?p=6242#primaryimage"},"image":{"@id":"https:\/\/quehacerpolitico.mx\/?p=6242#primaryimage"},"thumbnailUrl":"","datePublished":"2018-10-05T23:07:02+00:00","author":{"@id":"https:\/\/quehacerpolitico.mx\/#\/schema\/person\/496d8ad2d1d3f8036101dca7ee39e585"},"breadcrumb":{"@id":"https:\/\/quehacerpolitico.mx\/?p=6242#breadcrumb"},"inLanguage":"es","potentialAction":[{"@type":"ReadAction","target":["https:\/\/quehacerpolitico.mx\/?p=6242"]}]},{"@type":"ImageObject","inLanguage":"es","@id":"https:\/\/quehacerpolitico.mx\/?p=6242#primaryimage","url":"","contentUrl":""},{"@type":"BreadcrumbList","@id":"https:\/\/quehacerpolitico.mx\/?p=6242#breadcrumb","itemListElement":[{"@type":"ListItem","position":1,"name":"Inicio","item":"https:\/\/quehacerpolitico.mx\/"},{"@type":"ListItem","position":2,"name":"La legalizaci\u00f3n de la amapola podr\u00eda ser una salida al problema de la violencia: Salvador Cienfuegos"}]},{"@type":"WebSite","@id":"https:\/\/quehacerpolitico.mx\/#website","url":"https:\/\/quehacerpolitico.mx\/","name":"","description":"","potentialAction":[{"@type":"SearchAction","target":{"@type":"EntryPoint","urlTemplate":"https:\/\/quehacerpolitico.mx\/?s={search_term_string}"},"query-input":{"@type":"PropertyValueSpecification","valueRequired":true,"valueName":"search_term_string"}}],"inLanguage":"es"},{"@type":"Person","@id":"https:\/\/quehacerpolitico.mx\/#\/schema\/person\/496d8ad2d1d3f8036101dca7ee39e585","name":"Redacci\u00f3n QP","image":{"@type":"ImageObject","inLanguage":"es","@id":"https:\/\/secure.gravatar.com\/avatar\/c7164ed6fdec453195284ad24a5ae5b6e1eed2b848477fa2a4787ba9adf39a41?s=96&d=mm&r=g","url":"https:\/\/secure.gravatar.com\/avatar\/c7164ed6fdec453195284ad24a5ae5b6e1eed2b848477fa2a4787ba9adf39a41?s=96&d=mm&r=g","contentUrl":"https:\/\/secure.gravatar.com\/avatar\/c7164ed6fdec453195284ad24a5ae5b6e1eed2b848477fa2a4787ba9adf39a41?s=96&d=mm&r=g","caption":"Redacci\u00f3n QP"},"url":"https:\/\/quehacerpolitico.mx\/?author=2"}]}},"featured_image_urls":{"full":"","thumbnail":"","medium":"","medium_large":"","large":"","1536x1536":"","2048x2048":"","covernews-featured":"","covernews-medium":""},"author_info":{"display_name":"Redacci\u00f3n QP","author_link":"https:\/\/quehacerpolitico.mx\/?author=2"},"category_info":"<a href=\"https:\/\/quehacerpolitico.mx\/?cat=2\" rel=\"category\">Noticias<\/a>","tag_info":"Noticias","comment_count":"0","_links":{"self":[{"href":"https:\/\/quehacerpolitico.mx\/index.php?rest_route=\/wp\/v2\/posts\/6242","targetHints":{"allow":["GET"]}}],"collection":[{"href":"https:\/\/quehacerpolitico.mx\/index.php?rest_route=\/wp\/v2\/posts"}],"about":[{"href":"https:\/\/quehacerpolitico.mx\/index.php?rest_route=\/wp\/v2\/types\/post"}],"author":[{"embeddable":true,"href":"https:\/\/quehacerpolitico.mx\/index.php?rest_route=\/wp\/v2\/users\/2"}],"replies":[{"embeddable":true,"href":"https:\/\/quehacerpolitico.mx\/index.php?rest_route=%2Fwp%2Fv2%2Fcomments&post=6242"}],"version-history":[{"count":0,"href":"https:\/\/quehacerpolitico.mx\/index.php?rest_route=\/wp\/v2\/posts\/6242\/revisions"}],"wp:featuredmedia":[{"embeddable":true,"href":"https:\/\/quehacerpolitico.mx\/index.php?rest_route=\/"}],"wp:attachment":[{"href":"https:\/\/quehacerpolitico.mx\/index.php?rest_route=%2Fwp%2Fv2%2Fmedia&parent=6242"}],"wp:term":[{"taxonomy":"category","embeddable":true,"href":"https:\/\/quehacerpolitico.mx\/index.php?rest_route=%2Fwp%2Fv2%2Fcategories&post=6242"},{"taxonomy":"post_tag","embeddable":true,"href":"https:\/\/quehacerpolitico.mx\/index.php?rest_route=%2Fwp%2Fv2%2Ftags&post=6242"}],"curies":[{"name":"wp","href":"https:\/\/api.w.org\/{rel}","templated":true}]}}