{"id":6240,"date":"2018-10-05T22:59:46","date_gmt":"2018-10-05T22:59:46","guid":{"rendered":"http:\/\/quehacerpolitico.mx\/a-don-javier-duarte-de-ochoa-le-parecio-mucho-la-pena-de-9-anos-y-la-multa-de-58-mil-impugnara\/"},"modified":"2018-10-05T22:59:46","modified_gmt":"2018-10-05T22:59:46","slug":"a-don-javier-duarte-de-ochoa-le-parecio-mucho-la-pena-de-9-anos-y-la-multa-de-58-mil-impugnara","status":"publish","type":"post","link":"https:\/\/quehacerpolitico.mx\/?p=6240","title":{"rendered":"A don Javier Duarte de Ochoa le pareci\u00f3 mucho la pena de 9 a\u00f1os y la multa de 58 mil; impugnar\u00e1"},"content":{"rendered":"<h3><strong>Javier Duarte, ex Gobernador de Veracruz, deber\u00eda cumplir una sentencia de nueve a\u00f1os de prisi\u00f3n, pagar una multa por m\u00e1s de 50 mil pesos y se le decomisar\u00edan 41 inmuebles por delitos que la Procuradur\u00eda General de la Rep\u00fablica (PGR) le imput\u00f3, seg\u00fan la sentencia que le dict\u00f3 un Juez federal, misma que apel\u00f3 hoy.<\/strong><\/h3>\n<h3><strong>El\u00a0Gobierno\u00a0de\u00a0Estados Unidos\u00a0neg\u00f3 asegurar las decenas de\u00a0propiedades\u00a0que presuntamente adquiri\u00f3 Duarte de Ochoa en Florida con recursos desviados,\u00a0tal como lo pidi\u00f3 la PGR, inform\u00f3 el peri\u00f3dico\u00a0<em>Reforma <\/em>esta ma\u00f1ana.<\/strong><\/h3>\n<p><strong>Javier Duarte<\/strong>, ex Gobernador de Veracruz, <strong>apel\u00f3<\/strong> la <strong>condena<\/strong> m\u00ednima de nueve a\u00f1os de prisi\u00f3n y la multa de 58 mil pesos que recibi\u00f3 por su presunta participaci\u00f3n en los delitos de asociaci\u00f3n delictuosa y lavado de dinero.<\/p>\n<p>El priista, acusado por supuestos desv\u00edos del erario durante su administraci\u00f3n, present\u00f3 la\u00a0<strong>impugnaci\u00f3n<\/strong> ante el Juez Federal que lleva su procedimiento legal, Marco Antonio Tapia, quien lo sentenci\u00f3 la semana pasada, informaron medios nacionales.<\/p>\n<p>En el recurso legal, <strong>Duarte<\/strong> argumenta la forma en que el Juez lo acus\u00f3 de los delitos. La apelaci\u00f3n ser\u00e1 revisada por un Tribunal Unitario de la Ciudad de M\u00e9xico, que decidir\u00e1 si la confirma o no.<\/p>\n<p>El pasado 26 de septiembre, el ex mandatario veracruzano se declar\u00f3 culpable de los delitos de lavado de dinero y asociaci\u00f3n delictuosa para obtener una reducci\u00f3n de la sentencia que autoridades mexicanas dictar\u00edan en su contra.<\/p>\n<p>Esto fue posible, gracias la negociaci\u00f3n entre Duarte y la Procuradur\u00eda General de la Rep\u00fablica (PGR). El procedimiento abreviado aceler\u00f3 la sentencia por ambos delitos, por lo que la dependencia solicit\u00f3 nueve a\u00f1os de prisi\u00f3n contra el pol\u00edtico.<\/p>\n<p><strong>EU SE NIEGA A SEGURAR BIENES DE DUARTE<\/strong><\/p>\n<p>El\u00a0Gobierno\u00a0de\u00a0Estados Unidos\u00a0neg\u00f3 asegurar las decenas de\u00a0propiedades\u00a0que presuntamente adquiri\u00f3\u00a0<strong>Javier Duarte<\/strong>, ex Gobernador de Veracruz, en Florida con recursos desviados,\u00a0tal como lo pidi\u00f3 la Procuradur\u00eda General de la Rep\u00fablica (PGR), inform\u00f3 el peri\u00f3dico\u00a0<em>Reforma.<\/em><\/p>\n<p>De acuerdo con informaci\u00f3n publicada por el medio, la\u00a0Subprocuradur\u00eda Especializada en Investigaci\u00f3n de Delitos Federales (SEIDF) report\u00f3 que la dependencia solicit\u00f3 la asistencia jur\u00eddica de las autoridades estadounidenses para decomisar los\u00a0bienes ra\u00edces\u00a0que presuntamente compr\u00f3 el ex mandatario veracruzano, sin embargo, la respuesta fue negativa.<\/p>\n<blockquote>\n<p>\u201cFuimos con el juez de control. Nos autoriza el aseguramiento de esos bienes, nosotros solicitamos a la autoridad estadounidense el aseguramiento de los mismos y no los aseguraron.\u00a0Nosotros hicimos toda la gesti\u00f3n necesaria y suficiente para lograr el aseguramiento, incluso con criterio del juzgador\u201d, detall\u00f3\u00a0Carlos Hern\u00e1ndez Azuara, Fiscal adscrito a la SEIDF.<\/p>\n<p>Asimismo,\u00a0<em>Reforma<\/em>\u00a0se\u00f1al\u00f3 que el funcionario afirm\u00f3 que dichas\u00a0propiedades\u00a0son parte de las 41 que reclam\u00f3 el actual Gobierno de veracruz, encabezado por Miguel \u00c1ngel Yunes Linares, a trav\u00e9s de una demanda que present\u00f3 ante\u00a0una Corte de Circuito del Condado de Miami-Dade, Florida.<\/p>\n<p>Entre los bienes que se pidieron, 23 se encuentran en Miami, cuatro en Homestead, cuatro en Florida City, tres en Doral, dos en North Miami, y los dem\u00e1s se ubican en Aventura, Hialeah, Cutler Bay, Miami Shores y Coral Gables, sitio que alberga una residencia valuada en nueve millones de d\u00f3lares.<\/p>\n<p>Ante la negativa del Gobierno de Estados Unidos para asegurar las\u00a0propiedades\u00a0de\u00a0Duarte\u00a0de Ochoa, ahora corresponder\u00e1 al Poder Judicial de la Federaci\u00f3n dar una resoluci\u00f3n.<\/p>\n<blockquote>\n<p>\u201cEn este caso quien se encargar\u00e1 de resolver es el Poder Judicial, si en un momento dado hay alg\u00fan inter\u00e9s por parte del se\u00f1or Gobernador (Miguel \u00c1ngel Yunes)\u201d, asever\u00f3 Felipe Mu\u00f1oz, titular de la SEIDF, seg\u00fan\u00a0<em>Reforma<\/em>.<\/p>\n<\/blockquote>\n<\/blockquote>\n","protected":false},"excerpt":{"rendered":"<p>A don Javier Duarte de Ochoa le pareci\u00f3 mucho la pena de 9 a\u00f1os y la multa de 58 mil; impugnar\u00e1<br \/>\nPor Redacci\u00f3n QP<\/p>\n","protected":false},"author":2,"featured_media":6239,"comment_status":"open","ping_status":"open","sticky":false,"template":"","format":"standard","meta":{"_monsterinsights_skip_tracking":false,"_monsterinsights_sitenote_active":false,"_monsterinsights_sitenote_note":"","_monsterinsights_sitenote_category":0,"footnotes":""},"categories":[2],"tags":[],"class_list":["post-6240","post","type-post","status-publish","format-standard","has-post-thumbnail","hentry","category-noticias"],"yoast_head":"<!-- This site is optimized with the Yoast SEO plugin v27.3 - https:\/\/yoast.com\/product\/yoast-seo-wordpress\/ -->\n<title>A don Javier Duarte de Ochoa le pareci\u00f3 mucho la pena de 9 a\u00f1os y la multa de 58 mil; impugnar\u00e1 -<\/title>\n<meta name=\"robots\" content=\"index, follow, max-snippet:-1, max-image-preview:large, max-video-preview:-1\" \/>\n<link rel=\"canonical\" href=\"https:\/\/quehacerpolitico.mx\/?p=6240\" \/>\n<meta property=\"og:locale\" content=\"es_MX\" \/>\n<meta property=\"og:type\" content=\"article\" \/>\n<meta property=\"og:title\" content=\"A don Javier Duarte de Ochoa le pareci\u00f3 mucho la pena de 9 a\u00f1os y la multa de 58 mil; impugnar\u00e1 -\" \/>\n<meta property=\"og:description\" content=\"A don Javier Duarte de Ochoa le pareci\u00f3 mucho la pena de 9 a\u00f1os y la multa de 58 mil; impugnar\u00e1 Por Redacci\u00f3n QP\" \/>\n<meta property=\"og:url\" content=\"https:\/\/quehacerpolitico.mx\/?p=6240\" \/>\n<meta property=\"article:published_time\" content=\"2018-10-05T22:59:46+00:00\" \/>\n<meta name=\"author\" content=\"Redacci\u00f3n QP\" \/>\n<meta name=\"twitter:card\" content=\"summary_large_image\" \/>\n<meta name=\"twitter:label1\" content=\"Escrito por\" \/>\n\t<meta name=\"twitter:data1\" content=\"Redacci\u00f3n QP\" \/>\n\t<meta name=\"twitter:label2\" content=\"Tiempo de lectura\" \/>\n\t<meta name=\"twitter:data2\" content=\"3 minutos\" \/>\n<script type=\"application\/ld+json\" class=\"yoast-schema-graph\">{\"@context\":\"https:\\\/\\\/schema.org\",\"@graph\":[{\"@type\":\"Article\",\"@id\":\"https:\\\/\\\/quehacerpolitico.mx\\\/?p=6240#article\",\"isPartOf\":{\"@id\":\"https:\\\/\\\/quehacerpolitico.mx\\\/?p=6240\"},\"author\":{\"name\":\"Redacci\u00f3n QP\",\"@id\":\"https:\\\/\\\/quehacerpolitico.mx\\\/#\\\/schema\\\/person\\\/496d8ad2d1d3f8036101dca7ee39e585\"},\"headline\":\"A don Javier Duarte de Ochoa le pareci\u00f3 mucho la pena de 9 a\u00f1os y la multa de 58 mil; impugnar\u00e1\",\"datePublished\":\"2018-10-05T22:59:46+00:00\",\"mainEntityOfPage\":{\"@id\":\"https:\\\/\\\/quehacerpolitico.mx\\\/?p=6240\"},\"wordCount\":646,\"commentCount\":0,\"image\":{\"@id\":\"https:\\\/\\\/quehacerpolitico.mx\\\/?p=6240#primaryimage\"},\"thumbnailUrl\":\"\",\"articleSection\":[\"Noticias\"],\"inLanguage\":\"es\",\"potentialAction\":[{\"@type\":\"CommentAction\",\"name\":\"Comment\",\"target\":[\"https:\\\/\\\/quehacerpolitico.mx\\\/?p=6240#respond\"]}]},{\"@type\":\"WebPage\",\"@id\":\"https:\\\/\\\/quehacerpolitico.mx\\\/?p=6240\",\"url\":\"https:\\\/\\\/quehacerpolitico.mx\\\/?p=6240\",\"name\":\"A don Javier Duarte de Ochoa le pareci\u00f3 mucho la pena de 9 a\u00f1os y la multa de 58 mil; impugnar\u00e1 -\",\"isPartOf\":{\"@id\":\"https:\\\/\\\/quehacerpolitico.mx\\\/#website\"},\"primaryImageOfPage\":{\"@id\":\"https:\\\/\\\/quehacerpolitico.mx\\\/?p=6240#primaryimage\"},\"image\":{\"@id\":\"https:\\\/\\\/quehacerpolitico.mx\\\/?p=6240#primaryimage\"},\"thumbnailUrl\":\"\",\"datePublished\":\"2018-10-05T22:59:46+00:00\",\"author\":{\"@id\":\"https:\\\/\\\/quehacerpolitico.mx\\\/#\\\/schema\\\/person\\\/496d8ad2d1d3f8036101dca7ee39e585\"},\"breadcrumb\":{\"@id\":\"https:\\\/\\\/quehacerpolitico.mx\\\/?p=6240#breadcrumb\"},\"inLanguage\":\"es\",\"potentialAction\":[{\"@type\":\"ReadAction\",\"target\":[\"https:\\\/\\\/quehacerpolitico.mx\\\/?p=6240\"]}]},{\"@type\":\"ImageObject\",\"inLanguage\":\"es\",\"@id\":\"https:\\\/\\\/quehacerpolitico.mx\\\/?p=6240#primaryimage\",\"url\":\"\",\"contentUrl\":\"\"},{\"@type\":\"BreadcrumbList\",\"@id\":\"https:\\\/\\\/quehacerpolitico.mx\\\/?p=6240#breadcrumb\",\"itemListElement\":[{\"@type\":\"ListItem\",\"position\":1,\"name\":\"Inicio\",\"item\":\"https:\\\/\\\/quehacerpolitico.mx\\\/\"},{\"@type\":\"ListItem\",\"position\":2,\"name\":\"A don Javier Duarte de Ochoa le pareci\u00f3 mucho la pena de 9 a\u00f1os y la multa de 58 mil; impugnar\u00e1\"}]},{\"@type\":\"WebSite\",\"@id\":\"https:\\\/\\\/quehacerpolitico.mx\\\/#website\",\"url\":\"https:\\\/\\\/quehacerpolitico.mx\\\/\",\"name\":\"\",\"description\":\"\",\"potentialAction\":[{\"@type\":\"SearchAction\",\"target\":{\"@type\":\"EntryPoint\",\"urlTemplate\":\"https:\\\/\\\/quehacerpolitico.mx\\\/?s={search_term_string}\"},\"query-input\":{\"@type\":\"PropertyValueSpecification\",\"valueRequired\":true,\"valueName\":\"search_term_string\"}}],\"inLanguage\":\"es\"},{\"@type\":\"Person\",\"@id\":\"https:\\\/\\\/quehacerpolitico.mx\\\/#\\\/schema\\\/person\\\/496d8ad2d1d3f8036101dca7ee39e585\",\"name\":\"Redacci\u00f3n QP\",\"image\":{\"@type\":\"ImageObject\",\"inLanguage\":\"es\",\"@id\":\"https:\\\/\\\/secure.gravatar.com\\\/avatar\\\/c7164ed6fdec453195284ad24a5ae5b6e1eed2b848477fa2a4787ba9adf39a41?s=96&d=mm&r=g\",\"url\":\"https:\\\/\\\/secure.gravatar.com\\\/avatar\\\/c7164ed6fdec453195284ad24a5ae5b6e1eed2b848477fa2a4787ba9adf39a41?s=96&d=mm&r=g\",\"contentUrl\":\"https:\\\/\\\/secure.gravatar.com\\\/avatar\\\/c7164ed6fdec453195284ad24a5ae5b6e1eed2b848477fa2a4787ba9adf39a41?s=96&d=mm&r=g\",\"caption\":\"Redacci\u00f3n QP\"},\"url\":\"https:\\\/\\\/quehacerpolitico.mx\\\/?author=2\"}]}<\/script>\n<!-- \/ Yoast SEO plugin. -->","yoast_head_json":{"title":"A don Javier Duarte de Ochoa le pareci\u00f3 mucho la pena de 9 a\u00f1os y la multa de 58 mil; impugnar\u00e1 -","robots":{"index":"index","follow":"follow","max-snippet":"max-snippet:-1","max-image-preview":"max-image-preview:large","max-video-preview":"max-video-preview:-1"},"canonical":"https:\/\/quehacerpolitico.mx\/?p=6240","og_locale":"es_MX","og_type":"article","og_title":"A don Javier Duarte de Ochoa le pareci\u00f3 mucho la pena de 9 a\u00f1os y la multa de 58 mil; impugnar\u00e1 -","og_description":"A don Javier Duarte de Ochoa le pareci\u00f3 mucho la pena de 9 a\u00f1os y la multa de 58 mil; impugnar\u00e1 Por Redacci\u00f3n QP","og_url":"https:\/\/quehacerpolitico.mx\/?p=6240","article_published_time":"2018-10-05T22:59:46+00:00","author":"Redacci\u00f3n QP","twitter_card":"summary_large_image","twitter_misc":{"Escrito por":"Redacci\u00f3n QP","Tiempo de lectura":"3 minutos"},"schema":{"@context":"https:\/\/schema.org","@graph":[{"@type":"Article","@id":"https:\/\/quehacerpolitico.mx\/?p=6240#article","isPartOf":{"@id":"https:\/\/quehacerpolitico.mx\/?p=6240"},"author":{"name":"Redacci\u00f3n QP","@id":"https:\/\/quehacerpolitico.mx\/#\/schema\/person\/496d8ad2d1d3f8036101dca7ee39e585"},"headline":"A don Javier Duarte de Ochoa le pareci\u00f3 mucho la pena de 9 a\u00f1os y la multa de 58 mil; impugnar\u00e1","datePublished":"2018-10-05T22:59:46+00:00","mainEntityOfPage":{"@id":"https:\/\/quehacerpolitico.mx\/?p=6240"},"wordCount":646,"commentCount":0,"image":{"@id":"https:\/\/quehacerpolitico.mx\/?p=6240#primaryimage"},"thumbnailUrl":"","articleSection":["Noticias"],"inLanguage":"es","potentialAction":[{"@type":"CommentAction","name":"Comment","target":["https:\/\/quehacerpolitico.mx\/?p=6240#respond"]}]},{"@type":"WebPage","@id":"https:\/\/quehacerpolitico.mx\/?p=6240","url":"https:\/\/quehacerpolitico.mx\/?p=6240","name":"A don Javier Duarte de Ochoa le pareci\u00f3 mucho la pena de 9 a\u00f1os y la multa de 58 mil; impugnar\u00e1 -","isPartOf":{"@id":"https:\/\/quehacerpolitico.mx\/#website"},"primaryImageOfPage":{"@id":"https:\/\/quehacerpolitico.mx\/?p=6240#primaryimage"},"image":{"@id":"https:\/\/quehacerpolitico.mx\/?p=6240#primaryimage"},"thumbnailUrl":"","datePublished":"2018-10-05T22:59:46+00:00","author":{"@id":"https:\/\/quehacerpolitico.mx\/#\/schema\/person\/496d8ad2d1d3f8036101dca7ee39e585"},"breadcrumb":{"@id":"https:\/\/quehacerpolitico.mx\/?p=6240#breadcrumb"},"inLanguage":"es","potentialAction":[{"@type":"ReadAction","target":["https:\/\/quehacerpolitico.mx\/?p=6240"]}]},{"@type":"ImageObject","inLanguage":"es","@id":"https:\/\/quehacerpolitico.mx\/?p=6240#primaryimage","url":"","contentUrl":""},{"@type":"BreadcrumbList","@id":"https:\/\/quehacerpolitico.mx\/?p=6240#breadcrumb","itemListElement":[{"@type":"ListItem","position":1,"name":"Inicio","item":"https:\/\/quehacerpolitico.mx\/"},{"@type":"ListItem","position":2,"name":"A don Javier Duarte de Ochoa le pareci\u00f3 mucho la pena de 9 a\u00f1os y la multa de 58 mil; impugnar\u00e1"}]},{"@type":"WebSite","@id":"https:\/\/quehacerpolitico.mx\/#website","url":"https:\/\/quehacerpolitico.mx\/","name":"","description":"","potentialAction":[{"@type":"SearchAction","target":{"@type":"EntryPoint","urlTemplate":"https:\/\/quehacerpolitico.mx\/?s={search_term_string}"},"query-input":{"@type":"PropertyValueSpecification","valueRequired":true,"valueName":"search_term_string"}}],"inLanguage":"es"},{"@type":"Person","@id":"https:\/\/quehacerpolitico.mx\/#\/schema\/person\/496d8ad2d1d3f8036101dca7ee39e585","name":"Redacci\u00f3n QP","image":{"@type":"ImageObject","inLanguage":"es","@id":"https:\/\/secure.gravatar.com\/avatar\/c7164ed6fdec453195284ad24a5ae5b6e1eed2b848477fa2a4787ba9adf39a41?s=96&d=mm&r=g","url":"https:\/\/secure.gravatar.com\/avatar\/c7164ed6fdec453195284ad24a5ae5b6e1eed2b848477fa2a4787ba9adf39a41?s=96&d=mm&r=g","contentUrl":"https:\/\/secure.gravatar.com\/avatar\/c7164ed6fdec453195284ad24a5ae5b6e1eed2b848477fa2a4787ba9adf39a41?s=96&d=mm&r=g","caption":"Redacci\u00f3n QP"},"url":"https:\/\/quehacerpolitico.mx\/?author=2"}]}},"featured_image_urls":{"full":"","thumbnail":"","medium":"","medium_large":"","large":"","1536x1536":"","2048x2048":"","covernews-featured":"","covernews-medium":""},"author_info":{"display_name":"Redacci\u00f3n QP","author_link":"https:\/\/quehacerpolitico.mx\/?author=2"},"category_info":"<a href=\"https:\/\/quehacerpolitico.mx\/?cat=2\" rel=\"category\">Noticias<\/a>","tag_info":"Noticias","comment_count":"0","_links":{"self":[{"href":"https:\/\/quehacerpolitico.mx\/index.php?rest_route=\/wp\/v2\/posts\/6240","targetHints":{"allow":["GET"]}}],"collection":[{"href":"https:\/\/quehacerpolitico.mx\/index.php?rest_route=\/wp\/v2\/posts"}],"about":[{"href":"https:\/\/quehacerpolitico.mx\/index.php?rest_route=\/wp\/v2\/types\/post"}],"author":[{"embeddable":true,"href":"https:\/\/quehacerpolitico.mx\/index.php?rest_route=\/wp\/v2\/users\/2"}],"replies":[{"embeddable":true,"href":"https:\/\/quehacerpolitico.mx\/index.php?rest_route=%2Fwp%2Fv2%2Fcomments&post=6240"}],"version-history":[{"count":0,"href":"https:\/\/quehacerpolitico.mx\/index.php?rest_route=\/wp\/v2\/posts\/6240\/revisions"}],"wp:featuredmedia":[{"embeddable":true,"href":"https:\/\/quehacerpolitico.mx\/index.php?rest_route=\/"}],"wp:attachment":[{"href":"https:\/\/quehacerpolitico.mx\/index.php?rest_route=%2Fwp%2Fv2%2Fmedia&parent=6240"}],"wp:term":[{"taxonomy":"category","embeddable":true,"href":"https:\/\/quehacerpolitico.mx\/index.php?rest_route=%2Fwp%2Fv2%2Fcategories&post=6240"},{"taxonomy":"post_tag","embeddable":true,"href":"https:\/\/quehacerpolitico.mx\/index.php?rest_route=%2Fwp%2Fv2%2Ftags&post=6240"}],"curies":[{"name":"wp","href":"https:\/\/api.w.org\/{rel}","templated":true}]}}