{"id":6218,"date":"2018-10-05T13:32:25","date_gmt":"2018-10-05T13:32:25","guid":{"rendered":"http:\/\/quehacerpolitico.mx\/paco-ignacio-taibo-ii-acepta-ofrecimiento-de-amlo-para-dirigir-el-fondo-de-cultura-economica\/"},"modified":"2018-10-05T13:32:25","modified_gmt":"2018-10-05T13:32:25","slug":"paco-ignacio-taibo-ii-acepta-ofrecimiento-de-amlo-para-dirigir-el-fondo-de-cultura-economica","status":"publish","type":"post","link":"https:\/\/quehacerpolitico.mx\/?p=6218","title":{"rendered":"Paco Ignacio Taibo II acepta ofrecimiento de AMLO para dirigir el Fondo de Cultura Econ\u00f3mica"},"content":{"rendered":"<h3>El escritor reconoci\u00f3 que no cuenta con todas las herramientas para asumir el cargo, no obstante comenzar\u00e1 a estudiar para poder asumir el cargo con responsabilidad<\/h3>\n<p>El escritor <strong>Paco Ignacio Taibo II<\/strong> anunci\u00f3 la noche de ayer su decisi\u00f3n de aceptar la propuesta de <strong>Andr\u00e9s Manuel L\u00f3pez Obrador<\/strong>, Presidente electo de M\u00e9xico, para <strong>dirigir el Fondo de Cultura Econ\u00f3mica (FCE)<\/strong>.<\/p>\n<p>A trav\u00e9s de un video publicado en su cuenta de Twitter, el escritor detall\u00f3 que sostuvo una charla con el tabasque\u00f1o en la que ambos estuvieron de acuerdo sobre diversos puntos, lo que lo llev\u00f3 a convencerse se aceptar el cargo.<\/p>\n<p>\u201cDecid\u00ed aceptar la propuesta de Andr\u00e9s Manuel L\u00f3pez Obrador de dirigir el <strong>FCE<\/strong>. Hice una serie de proposiciones, tuvimos una reuni\u00f3n, conversamos, estamos de acuerdo\u201d, expres\u00f3 en el video.<\/p>\n<p>Esto luego de que al t\u00e9rmino de la conmemoraci\u00f3n del 2 de octubre en el Plaza de Las Tres Culturas, el mandatario electo expresara su deseo de que <strong>Taibo II<\/strong> dirigiera el fondo.<\/p>\n<blockquote class=\"twitter-tweet\" data-width=\"550\" data-dnt=\"true\">\n<p lang=\"es\" dir=\"ltr\">TAIBO II responde a AMLO sobre el FCE: <a href=\"https:\/\/t.co\/KQJ7ZK95l4\">https:\/\/t.co\/KQJ7ZK95l4<\/a> v\u00eda <a href=\"https:\/\/twitter.com\/YouTube?ref_src=twsrc%5Etfw\">@YouTube<\/a><\/p>\n<p>&mdash; Para Leer en Libertad (@BRIGADACULTURAL) <a href=\"https:\/\/twitter.com\/BRIGADACULTURAL\/status\/1048073017224568832?ref_src=twsrc%5Etfw\">October 5, 2018<\/a><\/p><\/blockquote>\n<p><script async src=\"https:\/\/platform.twitter.com\/widgets.js\" charset=\"utf-8\"><\/script><\/p>\n<p>El escritor reconoci\u00f3 que no cuenta con ninguna preparaci\u00f3n, sin embargo comenzar\u00e1 a estudiar y documentarse acerca de la estructura de la empresa paraestatal, la pol\u00edtica editorial, las condiciones de los trabajadores y el impacto de las publicaciones en la gente.<\/p>\n<p>Destac\u00f3 que pese a aceptar dirigir el <strong>FCE<\/strong> no renunciar\u00e1 a sus colaboraciones en la Brigada para Leer en Libertad, los trabajos de formaci\u00f3n que realiza dentro de <strong>Morena<\/strong> y tampoco a su vida como escritor.<\/p>\n<p>Finalmente asegur\u00f3 que ser\u00e1 el propio <strong>Andr\u00e9s Manuel<\/strong> quien en adelante de los detalles de la situaci\u00f3n en la que comenzar\u00e1 su labor en el <strong>FCE<\/strong>.<\/p>\n<p>Originalmente el puesto le fue ofrecido a la tambi\u00e9n escritora Margo Glantz, sin embargo esta declin\u00f3 la oferta debido a cuestiones personales, lo cual dio lugar a que el ofrecimiento llegar a Taibo II.<\/p>\n","protected":false},"excerpt":{"rendered":"<p>Paco Ignacio Taibo II acepta ofrecimiento de AMLO para dirigir el Fondo de Cultura Econ\u00f3mica<br \/>\nPor Redacci\u00f3n QP<\/p>\n","protected":false},"author":2,"featured_media":6217,"comment_status":"open","ping_status":"open","sticky":false,"template":"","format":"standard","meta":{"_monsterinsights_skip_tracking":false,"_monsterinsights_sitenote_active":false,"_monsterinsights_sitenote_note":"","_monsterinsights_sitenote_category":0,"footnotes":""},"categories":[2],"tags":[],"class_list":["post-6218","post","type-post","status-publish","format-standard","has-post-thumbnail","hentry","category-noticias"],"yoast_head":"<!-- This site is optimized with the Yoast SEO plugin v27.3 - https:\/\/yoast.com\/product\/yoast-seo-wordpress\/ -->\n<title>Paco Ignacio Taibo II acepta ofrecimiento de AMLO para dirigir el Fondo de Cultura Econ\u00f3mica -<\/title>\n<meta name=\"robots\" content=\"index, follow, max-snippet:-1, max-image-preview:large, max-video-preview:-1\" \/>\n<link rel=\"canonical\" href=\"https:\/\/quehacerpolitico.mx\/?p=6218\" \/>\n<meta property=\"og:locale\" content=\"es_MX\" \/>\n<meta property=\"og:type\" content=\"article\" \/>\n<meta property=\"og:title\" content=\"Paco Ignacio Taibo II acepta ofrecimiento de AMLO para dirigir el Fondo de Cultura Econ\u00f3mica -\" \/>\n<meta property=\"og:description\" content=\"Paco Ignacio Taibo II acepta ofrecimiento de AMLO para dirigir el Fondo de Cultura Econ\u00f3mica Por Redacci\u00f3n QP\" \/>\n<meta property=\"og:url\" content=\"https:\/\/quehacerpolitico.mx\/?p=6218\" \/>\n<meta property=\"article:published_time\" content=\"2018-10-05T13:32:25+00:00\" \/>\n<meta name=\"author\" content=\"Redacci\u00f3n QP\" \/>\n<meta name=\"twitter:card\" content=\"summary_large_image\" \/>\n<meta name=\"twitter:label1\" content=\"Escrito por\" \/>\n\t<meta name=\"twitter:data1\" content=\"Redacci\u00f3n QP\" \/>\n\t<meta name=\"twitter:label2\" content=\"Tiempo de lectura\" \/>\n\t<meta name=\"twitter:data2\" content=\"2 minutos\" \/>\n<script type=\"application\/ld+json\" class=\"yoast-schema-graph\">{\"@context\":\"https:\\\/\\\/schema.org\",\"@graph\":[{\"@type\":\"Article\",\"@id\":\"https:\\\/\\\/quehacerpolitico.mx\\\/?p=6218#article\",\"isPartOf\":{\"@id\":\"https:\\\/\\\/quehacerpolitico.mx\\\/?p=6218\"},\"author\":{\"name\":\"Redacci\u00f3n QP\",\"@id\":\"https:\\\/\\\/quehacerpolitico.mx\\\/#\\\/schema\\\/person\\\/496d8ad2d1d3f8036101dca7ee39e585\"},\"headline\":\"Paco Ignacio Taibo II acepta ofrecimiento de AMLO para dirigir el Fondo de Cultura Econ\u00f3mica\",\"datePublished\":\"2018-10-05T13:32:25+00:00\",\"mainEntityOfPage\":{\"@id\":\"https:\\\/\\\/quehacerpolitico.mx\\\/?p=6218\"},\"wordCount\":339,\"commentCount\":0,\"image\":{\"@id\":\"https:\\\/\\\/quehacerpolitico.mx\\\/?p=6218#primaryimage\"},\"thumbnailUrl\":\"\",\"articleSection\":[\"Noticias\"],\"inLanguage\":\"es\",\"potentialAction\":[{\"@type\":\"CommentAction\",\"name\":\"Comment\",\"target\":[\"https:\\\/\\\/quehacerpolitico.mx\\\/?p=6218#respond\"]}]},{\"@type\":\"WebPage\",\"@id\":\"https:\\\/\\\/quehacerpolitico.mx\\\/?p=6218\",\"url\":\"https:\\\/\\\/quehacerpolitico.mx\\\/?p=6218\",\"name\":\"Paco Ignacio Taibo II acepta ofrecimiento de AMLO para dirigir el Fondo de Cultura Econ\u00f3mica -\",\"isPartOf\":{\"@id\":\"https:\\\/\\\/quehacerpolitico.mx\\\/#website\"},\"primaryImageOfPage\":{\"@id\":\"https:\\\/\\\/quehacerpolitico.mx\\\/?p=6218#primaryimage\"},\"image\":{\"@id\":\"https:\\\/\\\/quehacerpolitico.mx\\\/?p=6218#primaryimage\"},\"thumbnailUrl\":\"\",\"datePublished\":\"2018-10-05T13:32:25+00:00\",\"author\":{\"@id\":\"https:\\\/\\\/quehacerpolitico.mx\\\/#\\\/schema\\\/person\\\/496d8ad2d1d3f8036101dca7ee39e585\"},\"breadcrumb\":{\"@id\":\"https:\\\/\\\/quehacerpolitico.mx\\\/?p=6218#breadcrumb\"},\"inLanguage\":\"es\",\"potentialAction\":[{\"@type\":\"ReadAction\",\"target\":[\"https:\\\/\\\/quehacerpolitico.mx\\\/?p=6218\"]}]},{\"@type\":\"ImageObject\",\"inLanguage\":\"es\",\"@id\":\"https:\\\/\\\/quehacerpolitico.mx\\\/?p=6218#primaryimage\",\"url\":\"\",\"contentUrl\":\"\"},{\"@type\":\"BreadcrumbList\",\"@id\":\"https:\\\/\\\/quehacerpolitico.mx\\\/?p=6218#breadcrumb\",\"itemListElement\":[{\"@type\":\"ListItem\",\"position\":1,\"name\":\"Inicio\",\"item\":\"https:\\\/\\\/quehacerpolitico.mx\\\/\"},{\"@type\":\"ListItem\",\"position\":2,\"name\":\"Paco Ignacio Taibo II acepta ofrecimiento de AMLO para dirigir el Fondo de Cultura Econ\u00f3mica\"}]},{\"@type\":\"WebSite\",\"@id\":\"https:\\\/\\\/quehacerpolitico.mx\\\/#website\",\"url\":\"https:\\\/\\\/quehacerpolitico.mx\\\/\",\"name\":\"\",\"description\":\"\",\"potentialAction\":[{\"@type\":\"SearchAction\",\"target\":{\"@type\":\"EntryPoint\",\"urlTemplate\":\"https:\\\/\\\/quehacerpolitico.mx\\\/?s={search_term_string}\"},\"query-input\":{\"@type\":\"PropertyValueSpecification\",\"valueRequired\":true,\"valueName\":\"search_term_string\"}}],\"inLanguage\":\"es\"},{\"@type\":\"Person\",\"@id\":\"https:\\\/\\\/quehacerpolitico.mx\\\/#\\\/schema\\\/person\\\/496d8ad2d1d3f8036101dca7ee39e585\",\"name\":\"Redacci\u00f3n QP\",\"image\":{\"@type\":\"ImageObject\",\"inLanguage\":\"es\",\"@id\":\"https:\\\/\\\/secure.gravatar.com\\\/avatar\\\/c7164ed6fdec453195284ad24a5ae5b6e1eed2b848477fa2a4787ba9adf39a41?s=96&d=mm&r=g\",\"url\":\"https:\\\/\\\/secure.gravatar.com\\\/avatar\\\/c7164ed6fdec453195284ad24a5ae5b6e1eed2b848477fa2a4787ba9adf39a41?s=96&d=mm&r=g\",\"contentUrl\":\"https:\\\/\\\/secure.gravatar.com\\\/avatar\\\/c7164ed6fdec453195284ad24a5ae5b6e1eed2b848477fa2a4787ba9adf39a41?s=96&d=mm&r=g\",\"caption\":\"Redacci\u00f3n QP\"},\"url\":\"https:\\\/\\\/quehacerpolitico.mx\\\/?author=2\"}]}<\/script>\n<!-- \/ Yoast SEO plugin. -->","yoast_head_json":{"title":"Paco Ignacio Taibo II acepta ofrecimiento de AMLO para dirigir el Fondo de Cultura Econ\u00f3mica -","robots":{"index":"index","follow":"follow","max-snippet":"max-snippet:-1","max-image-preview":"max-image-preview:large","max-video-preview":"max-video-preview:-1"},"canonical":"https:\/\/quehacerpolitico.mx\/?p=6218","og_locale":"es_MX","og_type":"article","og_title":"Paco Ignacio Taibo II acepta ofrecimiento de AMLO para dirigir el Fondo de Cultura Econ\u00f3mica -","og_description":"Paco Ignacio Taibo II acepta ofrecimiento de AMLO para dirigir el Fondo de Cultura Econ\u00f3mica Por Redacci\u00f3n QP","og_url":"https:\/\/quehacerpolitico.mx\/?p=6218","article_published_time":"2018-10-05T13:32:25+00:00","author":"Redacci\u00f3n QP","twitter_card":"summary_large_image","twitter_misc":{"Escrito por":"Redacci\u00f3n QP","Tiempo de lectura":"2 minutos"},"schema":{"@context":"https:\/\/schema.org","@graph":[{"@type":"Article","@id":"https:\/\/quehacerpolitico.mx\/?p=6218#article","isPartOf":{"@id":"https:\/\/quehacerpolitico.mx\/?p=6218"},"author":{"name":"Redacci\u00f3n QP","@id":"https:\/\/quehacerpolitico.mx\/#\/schema\/person\/496d8ad2d1d3f8036101dca7ee39e585"},"headline":"Paco Ignacio Taibo II acepta ofrecimiento de AMLO para dirigir el Fondo de Cultura Econ\u00f3mica","datePublished":"2018-10-05T13:32:25+00:00","mainEntityOfPage":{"@id":"https:\/\/quehacerpolitico.mx\/?p=6218"},"wordCount":339,"commentCount":0,"image":{"@id":"https:\/\/quehacerpolitico.mx\/?p=6218#primaryimage"},"thumbnailUrl":"","articleSection":["Noticias"],"inLanguage":"es","potentialAction":[{"@type":"CommentAction","name":"Comment","target":["https:\/\/quehacerpolitico.mx\/?p=6218#respond"]}]},{"@type":"WebPage","@id":"https:\/\/quehacerpolitico.mx\/?p=6218","url":"https:\/\/quehacerpolitico.mx\/?p=6218","name":"Paco Ignacio Taibo II acepta ofrecimiento de AMLO para dirigir el Fondo de Cultura Econ\u00f3mica -","isPartOf":{"@id":"https:\/\/quehacerpolitico.mx\/#website"},"primaryImageOfPage":{"@id":"https:\/\/quehacerpolitico.mx\/?p=6218#primaryimage"},"image":{"@id":"https:\/\/quehacerpolitico.mx\/?p=6218#primaryimage"},"thumbnailUrl":"","datePublished":"2018-10-05T13:32:25+00:00","author":{"@id":"https:\/\/quehacerpolitico.mx\/#\/schema\/person\/496d8ad2d1d3f8036101dca7ee39e585"},"breadcrumb":{"@id":"https:\/\/quehacerpolitico.mx\/?p=6218#breadcrumb"},"inLanguage":"es","potentialAction":[{"@type":"ReadAction","target":["https:\/\/quehacerpolitico.mx\/?p=6218"]}]},{"@type":"ImageObject","inLanguage":"es","@id":"https:\/\/quehacerpolitico.mx\/?p=6218#primaryimage","url":"","contentUrl":""},{"@type":"BreadcrumbList","@id":"https:\/\/quehacerpolitico.mx\/?p=6218#breadcrumb","itemListElement":[{"@type":"ListItem","position":1,"name":"Inicio","item":"https:\/\/quehacerpolitico.mx\/"},{"@type":"ListItem","position":2,"name":"Paco Ignacio Taibo II acepta ofrecimiento de AMLO para dirigir el Fondo de Cultura Econ\u00f3mica"}]},{"@type":"WebSite","@id":"https:\/\/quehacerpolitico.mx\/#website","url":"https:\/\/quehacerpolitico.mx\/","name":"","description":"","potentialAction":[{"@type":"SearchAction","target":{"@type":"EntryPoint","urlTemplate":"https:\/\/quehacerpolitico.mx\/?s={search_term_string}"},"query-input":{"@type":"PropertyValueSpecification","valueRequired":true,"valueName":"search_term_string"}}],"inLanguage":"es"},{"@type":"Person","@id":"https:\/\/quehacerpolitico.mx\/#\/schema\/person\/496d8ad2d1d3f8036101dca7ee39e585","name":"Redacci\u00f3n QP","image":{"@type":"ImageObject","inLanguage":"es","@id":"https:\/\/secure.gravatar.com\/avatar\/c7164ed6fdec453195284ad24a5ae5b6e1eed2b848477fa2a4787ba9adf39a41?s=96&d=mm&r=g","url":"https:\/\/secure.gravatar.com\/avatar\/c7164ed6fdec453195284ad24a5ae5b6e1eed2b848477fa2a4787ba9adf39a41?s=96&d=mm&r=g","contentUrl":"https:\/\/secure.gravatar.com\/avatar\/c7164ed6fdec453195284ad24a5ae5b6e1eed2b848477fa2a4787ba9adf39a41?s=96&d=mm&r=g","caption":"Redacci\u00f3n QP"},"url":"https:\/\/quehacerpolitico.mx\/?author=2"}]}},"featured_image_urls":{"full":"","thumbnail":"","medium":"","medium_large":"","large":"","1536x1536":"","2048x2048":"","covernews-featured":"","covernews-medium":""},"author_info":{"display_name":"Redacci\u00f3n QP","author_link":"https:\/\/quehacerpolitico.mx\/?author=2"},"category_info":"<a href=\"https:\/\/quehacerpolitico.mx\/?cat=2\" rel=\"category\">Noticias<\/a>","tag_info":"Noticias","comment_count":"0","_links":{"self":[{"href":"https:\/\/quehacerpolitico.mx\/index.php?rest_route=\/wp\/v2\/posts\/6218","targetHints":{"allow":["GET"]}}],"collection":[{"href":"https:\/\/quehacerpolitico.mx\/index.php?rest_route=\/wp\/v2\/posts"}],"about":[{"href":"https:\/\/quehacerpolitico.mx\/index.php?rest_route=\/wp\/v2\/types\/post"}],"author":[{"embeddable":true,"href":"https:\/\/quehacerpolitico.mx\/index.php?rest_route=\/wp\/v2\/users\/2"}],"replies":[{"embeddable":true,"href":"https:\/\/quehacerpolitico.mx\/index.php?rest_route=%2Fwp%2Fv2%2Fcomments&post=6218"}],"version-history":[{"count":0,"href":"https:\/\/quehacerpolitico.mx\/index.php?rest_route=\/wp\/v2\/posts\/6218\/revisions"}],"wp:featuredmedia":[{"embeddable":true,"href":"https:\/\/quehacerpolitico.mx\/index.php?rest_route=\/"}],"wp:attachment":[{"href":"https:\/\/quehacerpolitico.mx\/index.php?rest_route=%2Fwp%2Fv2%2Fmedia&parent=6218"}],"wp:term":[{"taxonomy":"category","embeddable":true,"href":"https:\/\/quehacerpolitico.mx\/index.php?rest_route=%2Fwp%2Fv2%2Fcategories&post=6218"},{"taxonomy":"post_tag","embeddable":true,"href":"https:\/\/quehacerpolitico.mx\/index.php?rest_route=%2Fwp%2Fv2%2Ftags&post=6218"}],"curies":[{"name":"wp","href":"https:\/\/api.w.org\/{rel}","templated":true}]}}