{"id":6205,"date":"2018-10-05T03:37:38","date_gmt":"2018-10-05T03:37:38","guid":{"rendered":"http:\/\/quehacerpolitico.mx\/video-muestra-el-momento-exacto-en-que-premiado-deja-con-la-mano-estirada-a-arely-gomez\/"},"modified":"2018-10-05T03:37:38","modified_gmt":"2018-10-05T03:37:38","slug":"video-muestra-el-momento-exacto-en-que-premiado-deja-con-la-mano-estirada-a-arely-gomez","status":"publish","type":"post","link":"https:\/\/quehacerpolitico.mx\/?p=6205","title":{"rendered":"VIDEO muestra el momento exacto en que premiado deja con la mano estirada a Arely G\u00f3mez"},"content":{"rendered":"<h3><strong>Un video que circula en redes sociales muestra el momento exacto en el que\u00a0Arely G\u00f3mez Gonz\u00e1lez, actual\u00a0Secretaria de la Funci\u00f3n P\u00fablica, se queda con la mano estirada.\u00a0<\/strong><\/h3>\n<blockquote class=\"twitter-tweet\" data-width=\"550\" data-dnt=\"true\">\n<p lang=\"es\" dir=\"ltr\">Memorable momento en que <a href=\"https:\/\/twitter.com\/el_sonny?ref_src=twsrc%5Etfw\">@el_sonny<\/a> deja con la mano extendida a la se\u00f1ora Arely G\u00f3mez hoy titular de Funci\u00f3n P\u00fablica. | &quot;No le quise dar la mano por su rol encubriendo los cr\u00edmenes de estado en <a href=\"https:\/\/twitter.com\/hashtag\/Ayotzinapa?src=hash&amp;ref_src=twsrc%5Etfw\">#Ayotzinapa<\/a>&quot;- As\u00ed se hacen las cosas basta de ser comparsas de malos servidores <a href=\"https:\/\/t.co\/2iMNsrFajN\">pic.twitter.com\/2iMNsrFajN<\/a><\/p>\n<p>&mdash; Juan Ciudadano (@zapatamty) <a href=\"https:\/\/twitter.com\/zapatamty\/status\/1047948679750045696?ref_src=twsrc%5Etfw\">October 4, 2018<\/a><\/p><\/blockquote>\n<p><script async src=\"https:\/\/platform.twitter.com\/widgets.js\" charset=\"utf-8\"><\/script><\/p>\n<p><strong>Salvador Barr\u00f3n Medina<\/strong>, ganador del segundo lugar de los premios Innovaci\u00f3n en Transparencia 2018, no salud\u00f3 a\u00a0<strong>Arely G\u00f3mez Gonz\u00e1lez<\/strong>, actual\u00a0Secretaria de la Funci\u00f3n P\u00fablica, al momento de recibir el reconocimiento.<\/p>\n<p><strong>Barr\u00f3n Medina<\/strong>,\u00a0quien desarroll\u00f3 una aplicaci\u00f3n de metadatos y documentaci\u00f3n de <strong>impacto ambiental<\/strong> denominada Ambiental app, saludo a todos los funcionarios, menos a\u00a0G\u00f3mez.<\/p>\n<blockquote>\n<p>Tras el episodio, Arely, quien estuvo al frente de la Procuradur\u00eda General de la Rep\u00fablica (PGR) y es recordada por su intervenci\u00f3n en el caso Ayotzinapa, record\u00f3 que\u00a0Barr\u00f3n Medina realiz\u00f3 en 2015 una solicitud de informaci\u00f3n a la Secretar\u00eda de la Funci\u00f3n P\u00fablica y se le negaron los datos.<\/p>\n<\/blockquote>\n<p>\u201cGracias a esta solicitud, que hizo quien hoy es galardonado, surgi\u00f3 tambi\u00e9n otra inquietud en Data C\u00edvica que todos ustedes conocen.<\/p>\n<blockquote>\n<p>\u201cGracias a ello, la Secretar\u00eda de la Funci\u00f3n P\u00fablica actualiz\u00f3 y se puso a trabajar en este tema de las declaraciones patrimoniales, donde, ahorita, ya tenemos este sistema a la vista de todos\u201d, indic\u00f3 G\u00f3mez.<\/p>\n<\/blockquote>\n<p>Pero tal vez el no saludarla tuvo otro mensaje. En un video del momento, retuiteado por una cuenta atribuida Barr\u00f3n Medina, se anexa la leyenda:\u00a0\u201cMemorable momento en que @el_sonny deja con la mano extendida a la se\u00f1ora Arely G\u00f3mez hoy titular de Funci\u00f3n P\u00fablica.<\/p>\n<p>Y se agrega: \u201cNo le quise dar la mano por su rol encubriendo los cr\u00edmenes de estado en #Ayotzinapa\u201d, dando a entender que son palabras del propio Barr\u00f3n.<\/p>\n","protected":false},"excerpt":{"rendered":"<p>VIDEO muestra el momento exacto en que premiado deja con la mano estirada a Arely G\u00f3mez<br \/>\nPor Redacci\u00f3n QP<\/p>\n","protected":false},"author":2,"featured_media":6204,"comment_status":"open","ping_status":"open","sticky":false,"template":"","format":"standard","meta":{"_monsterinsights_skip_tracking":false,"_monsterinsights_sitenote_active":false,"_monsterinsights_sitenote_note":"","_monsterinsights_sitenote_category":0,"footnotes":""},"categories":[2],"tags":[],"class_list":["post-6205","post","type-post","status-publish","format-standard","has-post-thumbnail","hentry","category-noticias"],"yoast_head":"<!-- This site is optimized with the Yoast SEO plugin v27.3 - https:\/\/yoast.com\/product\/yoast-seo-wordpress\/ -->\n<title>VIDEO muestra el momento exacto en que premiado deja con la mano estirada a Arely G\u00f3mez -<\/title>\n<meta name=\"robots\" content=\"index, follow, max-snippet:-1, max-image-preview:large, max-video-preview:-1\" \/>\n<link rel=\"canonical\" href=\"https:\/\/quehacerpolitico.mx\/?p=6205\" \/>\n<meta property=\"og:locale\" content=\"es_MX\" \/>\n<meta property=\"og:type\" content=\"article\" \/>\n<meta property=\"og:title\" content=\"VIDEO muestra el momento exacto en que premiado deja con la mano estirada a Arely G\u00f3mez -\" \/>\n<meta property=\"og:description\" content=\"VIDEO muestra el momento exacto en que premiado deja con la mano estirada a Arely G\u00f3mez Por Redacci\u00f3n QP\" \/>\n<meta property=\"og:url\" content=\"https:\/\/quehacerpolitico.mx\/?p=6205\" \/>\n<meta property=\"article:published_time\" content=\"2018-10-05T03:37:38+00:00\" \/>\n<meta name=\"author\" content=\"Redacci\u00f3n QP\" \/>\n<meta name=\"twitter:card\" content=\"summary_large_image\" \/>\n<meta name=\"twitter:label1\" content=\"Escrito por\" \/>\n\t<meta name=\"twitter:data1\" content=\"Redacci\u00f3n QP\" \/>\n\t<meta name=\"twitter:label2\" content=\"Tiempo de lectura\" \/>\n\t<meta name=\"twitter:data2\" content=\"2 minutos\" \/>\n<script type=\"application\/ld+json\" class=\"yoast-schema-graph\">{\"@context\":\"https:\\\/\\\/schema.org\",\"@graph\":[{\"@type\":\"Article\",\"@id\":\"https:\\\/\\\/quehacerpolitico.mx\\\/?p=6205#article\",\"isPartOf\":{\"@id\":\"https:\\\/\\\/quehacerpolitico.mx\\\/?p=6205\"},\"author\":{\"name\":\"Redacci\u00f3n QP\",\"@id\":\"https:\\\/\\\/quehacerpolitico.mx\\\/#\\\/schema\\\/person\\\/496d8ad2d1d3f8036101dca7ee39e585\"},\"headline\":\"VIDEO muestra el momento exacto en que premiado deja con la mano estirada a Arely G\u00f3mez\",\"datePublished\":\"2018-10-05T03:37:38+00:00\",\"mainEntityOfPage\":{\"@id\":\"https:\\\/\\\/quehacerpolitico.mx\\\/?p=6205\"},\"wordCount\":321,\"commentCount\":0,\"image\":{\"@id\":\"https:\\\/\\\/quehacerpolitico.mx\\\/?p=6205#primaryimage\"},\"thumbnailUrl\":\"\",\"articleSection\":[\"Noticias\"],\"inLanguage\":\"es\",\"potentialAction\":[{\"@type\":\"CommentAction\",\"name\":\"Comment\",\"target\":[\"https:\\\/\\\/quehacerpolitico.mx\\\/?p=6205#respond\"]}]},{\"@type\":\"WebPage\",\"@id\":\"https:\\\/\\\/quehacerpolitico.mx\\\/?p=6205\",\"url\":\"https:\\\/\\\/quehacerpolitico.mx\\\/?p=6205\",\"name\":\"VIDEO muestra el momento exacto en que premiado deja con la mano estirada a Arely G\u00f3mez -\",\"isPartOf\":{\"@id\":\"https:\\\/\\\/quehacerpolitico.mx\\\/#website\"},\"primaryImageOfPage\":{\"@id\":\"https:\\\/\\\/quehacerpolitico.mx\\\/?p=6205#primaryimage\"},\"image\":{\"@id\":\"https:\\\/\\\/quehacerpolitico.mx\\\/?p=6205#primaryimage\"},\"thumbnailUrl\":\"\",\"datePublished\":\"2018-10-05T03:37:38+00:00\",\"author\":{\"@id\":\"https:\\\/\\\/quehacerpolitico.mx\\\/#\\\/schema\\\/person\\\/496d8ad2d1d3f8036101dca7ee39e585\"},\"breadcrumb\":{\"@id\":\"https:\\\/\\\/quehacerpolitico.mx\\\/?p=6205#breadcrumb\"},\"inLanguage\":\"es\",\"potentialAction\":[{\"@type\":\"ReadAction\",\"target\":[\"https:\\\/\\\/quehacerpolitico.mx\\\/?p=6205\"]}]},{\"@type\":\"ImageObject\",\"inLanguage\":\"es\",\"@id\":\"https:\\\/\\\/quehacerpolitico.mx\\\/?p=6205#primaryimage\",\"url\":\"\",\"contentUrl\":\"\"},{\"@type\":\"BreadcrumbList\",\"@id\":\"https:\\\/\\\/quehacerpolitico.mx\\\/?p=6205#breadcrumb\",\"itemListElement\":[{\"@type\":\"ListItem\",\"position\":1,\"name\":\"Inicio\",\"item\":\"https:\\\/\\\/quehacerpolitico.mx\\\/\"},{\"@type\":\"ListItem\",\"position\":2,\"name\":\"VIDEO muestra el momento exacto en que premiado deja con la mano estirada a Arely G\u00f3mez\"}]},{\"@type\":\"WebSite\",\"@id\":\"https:\\\/\\\/quehacerpolitico.mx\\\/#website\",\"url\":\"https:\\\/\\\/quehacerpolitico.mx\\\/\",\"name\":\"\",\"description\":\"\",\"potentialAction\":[{\"@type\":\"SearchAction\",\"target\":{\"@type\":\"EntryPoint\",\"urlTemplate\":\"https:\\\/\\\/quehacerpolitico.mx\\\/?s={search_term_string}\"},\"query-input\":{\"@type\":\"PropertyValueSpecification\",\"valueRequired\":true,\"valueName\":\"search_term_string\"}}],\"inLanguage\":\"es\"},{\"@type\":\"Person\",\"@id\":\"https:\\\/\\\/quehacerpolitico.mx\\\/#\\\/schema\\\/person\\\/496d8ad2d1d3f8036101dca7ee39e585\",\"name\":\"Redacci\u00f3n QP\",\"image\":{\"@type\":\"ImageObject\",\"inLanguage\":\"es\",\"@id\":\"https:\\\/\\\/secure.gravatar.com\\\/avatar\\\/c7164ed6fdec453195284ad24a5ae5b6e1eed2b848477fa2a4787ba9adf39a41?s=96&d=mm&r=g\",\"url\":\"https:\\\/\\\/secure.gravatar.com\\\/avatar\\\/c7164ed6fdec453195284ad24a5ae5b6e1eed2b848477fa2a4787ba9adf39a41?s=96&d=mm&r=g\",\"contentUrl\":\"https:\\\/\\\/secure.gravatar.com\\\/avatar\\\/c7164ed6fdec453195284ad24a5ae5b6e1eed2b848477fa2a4787ba9adf39a41?s=96&d=mm&r=g\",\"caption\":\"Redacci\u00f3n QP\"},\"url\":\"https:\\\/\\\/quehacerpolitico.mx\\\/?author=2\"}]}<\/script>\n<!-- \/ Yoast SEO plugin. -->","yoast_head_json":{"title":"VIDEO muestra el momento exacto en que premiado deja con la mano estirada a Arely G\u00f3mez -","robots":{"index":"index","follow":"follow","max-snippet":"max-snippet:-1","max-image-preview":"max-image-preview:large","max-video-preview":"max-video-preview:-1"},"canonical":"https:\/\/quehacerpolitico.mx\/?p=6205","og_locale":"es_MX","og_type":"article","og_title":"VIDEO muestra el momento exacto en que premiado deja con la mano estirada a Arely G\u00f3mez -","og_description":"VIDEO muestra el momento exacto en que premiado deja con la mano estirada a Arely G\u00f3mez Por Redacci\u00f3n QP","og_url":"https:\/\/quehacerpolitico.mx\/?p=6205","article_published_time":"2018-10-05T03:37:38+00:00","author":"Redacci\u00f3n QP","twitter_card":"summary_large_image","twitter_misc":{"Escrito por":"Redacci\u00f3n QP","Tiempo de lectura":"2 minutos"},"schema":{"@context":"https:\/\/schema.org","@graph":[{"@type":"Article","@id":"https:\/\/quehacerpolitico.mx\/?p=6205#article","isPartOf":{"@id":"https:\/\/quehacerpolitico.mx\/?p=6205"},"author":{"name":"Redacci\u00f3n QP","@id":"https:\/\/quehacerpolitico.mx\/#\/schema\/person\/496d8ad2d1d3f8036101dca7ee39e585"},"headline":"VIDEO muestra el momento exacto en que premiado deja con la mano estirada a Arely G\u00f3mez","datePublished":"2018-10-05T03:37:38+00:00","mainEntityOfPage":{"@id":"https:\/\/quehacerpolitico.mx\/?p=6205"},"wordCount":321,"commentCount":0,"image":{"@id":"https:\/\/quehacerpolitico.mx\/?p=6205#primaryimage"},"thumbnailUrl":"","articleSection":["Noticias"],"inLanguage":"es","potentialAction":[{"@type":"CommentAction","name":"Comment","target":["https:\/\/quehacerpolitico.mx\/?p=6205#respond"]}]},{"@type":"WebPage","@id":"https:\/\/quehacerpolitico.mx\/?p=6205","url":"https:\/\/quehacerpolitico.mx\/?p=6205","name":"VIDEO muestra el momento exacto en que premiado deja con la mano estirada a Arely G\u00f3mez -","isPartOf":{"@id":"https:\/\/quehacerpolitico.mx\/#website"},"primaryImageOfPage":{"@id":"https:\/\/quehacerpolitico.mx\/?p=6205#primaryimage"},"image":{"@id":"https:\/\/quehacerpolitico.mx\/?p=6205#primaryimage"},"thumbnailUrl":"","datePublished":"2018-10-05T03:37:38+00:00","author":{"@id":"https:\/\/quehacerpolitico.mx\/#\/schema\/person\/496d8ad2d1d3f8036101dca7ee39e585"},"breadcrumb":{"@id":"https:\/\/quehacerpolitico.mx\/?p=6205#breadcrumb"},"inLanguage":"es","potentialAction":[{"@type":"ReadAction","target":["https:\/\/quehacerpolitico.mx\/?p=6205"]}]},{"@type":"ImageObject","inLanguage":"es","@id":"https:\/\/quehacerpolitico.mx\/?p=6205#primaryimage","url":"","contentUrl":""},{"@type":"BreadcrumbList","@id":"https:\/\/quehacerpolitico.mx\/?p=6205#breadcrumb","itemListElement":[{"@type":"ListItem","position":1,"name":"Inicio","item":"https:\/\/quehacerpolitico.mx\/"},{"@type":"ListItem","position":2,"name":"VIDEO muestra el momento exacto en que premiado deja con la mano estirada a Arely G\u00f3mez"}]},{"@type":"WebSite","@id":"https:\/\/quehacerpolitico.mx\/#website","url":"https:\/\/quehacerpolitico.mx\/","name":"","description":"","potentialAction":[{"@type":"SearchAction","target":{"@type":"EntryPoint","urlTemplate":"https:\/\/quehacerpolitico.mx\/?s={search_term_string}"},"query-input":{"@type":"PropertyValueSpecification","valueRequired":true,"valueName":"search_term_string"}}],"inLanguage":"es"},{"@type":"Person","@id":"https:\/\/quehacerpolitico.mx\/#\/schema\/person\/496d8ad2d1d3f8036101dca7ee39e585","name":"Redacci\u00f3n QP","image":{"@type":"ImageObject","inLanguage":"es","@id":"https:\/\/secure.gravatar.com\/avatar\/c7164ed6fdec453195284ad24a5ae5b6e1eed2b848477fa2a4787ba9adf39a41?s=96&d=mm&r=g","url":"https:\/\/secure.gravatar.com\/avatar\/c7164ed6fdec453195284ad24a5ae5b6e1eed2b848477fa2a4787ba9adf39a41?s=96&d=mm&r=g","contentUrl":"https:\/\/secure.gravatar.com\/avatar\/c7164ed6fdec453195284ad24a5ae5b6e1eed2b848477fa2a4787ba9adf39a41?s=96&d=mm&r=g","caption":"Redacci\u00f3n QP"},"url":"https:\/\/quehacerpolitico.mx\/?author=2"}]}},"featured_image_urls":{"full":"","thumbnail":"","medium":"","medium_large":"","large":"","1536x1536":"","2048x2048":"","covernews-featured":"","covernews-medium":""},"author_info":{"display_name":"Redacci\u00f3n QP","author_link":"https:\/\/quehacerpolitico.mx\/?author=2"},"category_info":"<a href=\"https:\/\/quehacerpolitico.mx\/?cat=2\" rel=\"category\">Noticias<\/a>","tag_info":"Noticias","comment_count":"0","_links":{"self":[{"href":"https:\/\/quehacerpolitico.mx\/index.php?rest_route=\/wp\/v2\/posts\/6205","targetHints":{"allow":["GET"]}}],"collection":[{"href":"https:\/\/quehacerpolitico.mx\/index.php?rest_route=\/wp\/v2\/posts"}],"about":[{"href":"https:\/\/quehacerpolitico.mx\/index.php?rest_route=\/wp\/v2\/types\/post"}],"author":[{"embeddable":true,"href":"https:\/\/quehacerpolitico.mx\/index.php?rest_route=\/wp\/v2\/users\/2"}],"replies":[{"embeddable":true,"href":"https:\/\/quehacerpolitico.mx\/index.php?rest_route=%2Fwp%2Fv2%2Fcomments&post=6205"}],"version-history":[{"count":0,"href":"https:\/\/quehacerpolitico.mx\/index.php?rest_route=\/wp\/v2\/posts\/6205\/revisions"}],"wp:featuredmedia":[{"embeddable":true,"href":"https:\/\/quehacerpolitico.mx\/index.php?rest_route=\/"}],"wp:attachment":[{"href":"https:\/\/quehacerpolitico.mx\/index.php?rest_route=%2Fwp%2Fv2%2Fmedia&parent=6205"}],"wp:term":[{"taxonomy":"category","embeddable":true,"href":"https:\/\/quehacerpolitico.mx\/index.php?rest_route=%2Fwp%2Fv2%2Fcategories&post=6205"},{"taxonomy":"post_tag","embeddable":true,"href":"https:\/\/quehacerpolitico.mx\/index.php?rest_route=%2Fwp%2Fv2%2Ftags&post=6205"}],"curies":[{"name":"wp","href":"https:\/\/api.w.org\/{rel}","templated":true}]}}