{"id":6203,"date":"2018-10-05T03:31:49","date_gmt":"2018-10-05T03:31:49","guid":{"rendered":"http:\/\/quehacerpolitico.mx\/belinda-padecio-de-una-represalia-por-apoyarnos-hay-que-darle-un-aplauso-dice-lopez-obrador-video\/"},"modified":"2018-10-05T03:31:49","modified_gmt":"2018-10-05T03:31:49","slug":"belinda-padecio-de-una-represalia-por-apoyarnos-hay-que-darle-un-aplauso-dice-lopez-obrador-video","status":"publish","type":"post","link":"https:\/\/quehacerpolitico.mx\/?p=6203","title":{"rendered":"\u201cBelinda padeci\u00f3 de una represalia por apoyarnos. Hay que darle un aplauso\u201d, dice L\u00f3pez Obrador (VIDEO)"},"content":{"rendered":"<h3><strong>\u201cUna joven extraordinaria que nos ayud\u00f3 en la campa\u00f1a, cuando todav\u00eda era incierto lo de nuestro triunfo\u201d, dijo Andr\u00e9s Manuel L\u00f3pez Obrador, Presidente electo de M\u00e9xico, sobre Belinda.\u00a0<\/strong><\/h3>\n<p><strong>Andr\u00e9s Manuel L\u00f3pez Obrador<\/strong>, Presidente electo de M\u00e9xico, asegur\u00f3 que <strong>Belinda<\/strong> sufri\u00f3 una represalia por el apoyo que le dio durante la campa\u00f1a.<\/p>\n<blockquote>\n<p>\u201cUna joven extraordinaria que nos ayud\u00f3 <strong>en la campa\u00f1a<\/strong>, cuando todav\u00eda era incierto lo de nuestro triunfo, y la invitamos, la convocamos, para que ella participara, ella es cantante, es Belinda, y nos apoy\u00f3 mucho.<\/p>\n<\/blockquote>\n<p>\u201cY padeci\u00f3 de una represalia por apoyarnos, y ahora que ven\u00eda aqu\u00ed a Morelos le habl\u00e9 por tel\u00e9fono y la invit\u00e9 para darle un aplauso aqu\u00ed a Belinda\u201d, dijo el tabasque\u00f1o desde la entidad gobernada por Cuauht\u00e9moc Blanco Bravo.<\/p>\n<p><iframe loading=\"lazy\" title=\"AMLO agradece p\u00fablicamente a Belinda por el apoyo durante la campa\u00f1a Presidencial\" width=\"640\" height=\"360\" src=\"https:\/\/www.youtube.com\/embed\/n1RB2tILcXA?feature=oembed\" frameborder=\"0\" allow=\"accelerometer; autoplay; clipboard-write; encrypted-media; gyroscope; picture-in-picture; web-share\" referrerpolicy=\"strict-origin-when-cross-origin\" allowfullscreen><\/iframe><\/p>\n<p>El 19 de septiembre, una Sala Regional Especializada del Tribunal Electoral del Poder Judicial de la Federaci\u00f3n (TEPJF) acus\u00f3 a la cantante Belinda de violar la ley que impone la Constituci\u00f3n a los extranjeros al haber participado en un evento proselitista con los entonces candidatos a Diputado federales de Morelos y Presidente municipal de Jojutla, Morelos, Jorge Arg\u00fcelles y Juan \u00c1ngel Flores Bustamante, de la coalici\u00f3n \u201cJuntos Haremos Historia\u201d.<\/p>\n<p>La denuncia \u2013interpuesta por el Partido de la Revoluci\u00f3n Democr\u00e1tica (PRD).<\/p>\n<blockquote>\n<p>\u201cEn el evento, los candidatos pidieron el voto a su favor y hab\u00eda propaganda electoral que los beneficiaba. Se acredit\u00f3 que, desde un veh\u00edculo rotulado con propaganda electoral, la cantante Belinda entreg\u00f3 en propia mano a la ciudadan\u00eda cobijas, almohadas y balones\u201d, seg\u00fan un comunicado del TEPJF.<\/p>\n<p>Se detall\u00f3 que la comunidad donde se entreg\u00f3 los utensilios \u201ccorrespond\u00eda a personas que fueron damnificadas con el pasado sismo del 19 de septiembre, las cuales se considera que tienen un estado de vulnerabilidad debido a sus carencias econ\u00f3micas y de infraestructura\u201d.<\/p>\n<p>El pasado 23 de junio, la cantante pop visit\u00f3 la colonia de Emiliano Zapata de Jojutla, Morelos, en donde regal\u00f3 cobertores a los damnificados del sismo.<\/p>\n<p>Al llegar al lugar dijo a la prensa: \u201cNo es la primera vez que estoy aqu\u00ed. He tratado de apoyarlos en lo m\u00e1s que he podido. Y espero seguir en este proceso para darles lo m\u00e1s que yo pueda. La verdad es que lo hago con todo el coraz\u00f3n. Los quiero mucho y aqu\u00ed vamos a seguir y a luchar para sacarlos adelante\u201d.<\/p>\n<p>Para el 24 de septiembre, el\u00a0<strong>Secretario de Gobernaci\u00f3n<\/strong>, Alfonso Navarrete Prida, se reuni\u00f3 con la cantante\u00a0<strong>Belinda<\/strong>, a quien le inform\u00f3 que no se le aplicar\u00e1 el\u00a0<strong>Art\u00edculo 33<\/strong>\u00a0de la Constituci\u00f3n que proh\u00edbe a los ciudadanos extranjeros intervenir en los asuntos pol\u00edticos del pa\u00eds.<\/p>\n<blockquote>\n<p>\u201cEste mediod\u00eda recib\u00ed en la @SEGOB_mx a la cantante y actriz @belindapop a quien le inform\u00e9 que para ella no es aplicable el Art\u00edculo 33 de la Constituci\u00f3n cuya finalidad atiende a otro tipo de conductas y circunstancias\u201d, inform\u00f3 Navarrete.<\/p>\n<\/blockquote>\n<\/blockquote>\n","protected":false},"excerpt":{"rendered":"<p>\u201cBelinda padeci\u00f3 de una represalia por apoyarnos. Hay que darle un aplauso\u201d, dice L\u00f3pez Obrador (VIDEO)<br \/>\nPor Redacci\u00f3n QP<\/p>\n","protected":false},"author":2,"featured_media":6202,"comment_status":"open","ping_status":"open","sticky":false,"template":"","format":"standard","meta":{"_monsterinsights_skip_tracking":false,"_monsterinsights_sitenote_active":false,"_monsterinsights_sitenote_note":"","_monsterinsights_sitenote_category":0,"footnotes":""},"categories":[2],"tags":[],"class_list":["post-6203","post","type-post","status-publish","format-standard","has-post-thumbnail","hentry","category-noticias"],"yoast_head":"<!-- This site is optimized with the Yoast SEO plugin v27.3 - https:\/\/yoast.com\/product\/yoast-seo-wordpress\/ -->\n<title>\u201cBelinda padeci\u00f3 de una represalia por apoyarnos. Hay que darle un aplauso\u201d, dice L\u00f3pez Obrador (VIDEO) -<\/title>\n<meta name=\"robots\" content=\"index, follow, max-snippet:-1, max-image-preview:large, max-video-preview:-1\" \/>\n<link rel=\"canonical\" href=\"https:\/\/quehacerpolitico.mx\/?p=6203\" \/>\n<meta property=\"og:locale\" content=\"es_MX\" \/>\n<meta property=\"og:type\" content=\"article\" \/>\n<meta property=\"og:title\" content=\"\u201cBelinda padeci\u00f3 de una represalia por apoyarnos. Hay que darle un aplauso\u201d, dice L\u00f3pez Obrador (VIDEO) -\" \/>\n<meta property=\"og:description\" content=\"\u201cBelinda padeci\u00f3 de una represalia por apoyarnos. Hay que darle un aplauso\u201d, dice L\u00f3pez Obrador (VIDEO) Por Redacci\u00f3n QP\" \/>\n<meta property=\"og:url\" content=\"https:\/\/quehacerpolitico.mx\/?p=6203\" \/>\n<meta property=\"article:published_time\" content=\"2018-10-05T03:31:49+00:00\" \/>\n<meta name=\"author\" content=\"Redacci\u00f3n QP\" \/>\n<meta name=\"twitter:card\" content=\"summary_large_image\" \/>\n<meta name=\"twitter:label1\" content=\"Escrito por\" \/>\n\t<meta name=\"twitter:data1\" content=\"Redacci\u00f3n QP\" \/>\n\t<meta name=\"twitter:label2\" content=\"Tiempo de lectura\" \/>\n\t<meta name=\"twitter:data2\" content=\"3 minutos\" \/>\n<script type=\"application\/ld+json\" class=\"yoast-schema-graph\">{\"@context\":\"https:\\\/\\\/schema.org\",\"@graph\":[{\"@type\":\"Article\",\"@id\":\"https:\\\/\\\/quehacerpolitico.mx\\\/?p=6203#article\",\"isPartOf\":{\"@id\":\"https:\\\/\\\/quehacerpolitico.mx\\\/?p=6203\"},\"author\":{\"name\":\"Redacci\u00f3n QP\",\"@id\":\"https:\\\/\\\/quehacerpolitico.mx\\\/#\\\/schema\\\/person\\\/496d8ad2d1d3f8036101dca7ee39e585\"},\"headline\":\"\u201cBelinda padeci\u00f3 de una represalia por apoyarnos. Hay que darle un aplauso\u201d, dice L\u00f3pez Obrador (VIDEO)\",\"datePublished\":\"2018-10-05T03:31:49+00:00\",\"mainEntityOfPage\":{\"@id\":\"https:\\\/\\\/quehacerpolitico.mx\\\/?p=6203\"},\"wordCount\":526,\"commentCount\":0,\"image\":{\"@id\":\"https:\\\/\\\/quehacerpolitico.mx\\\/?p=6203#primaryimage\"},\"thumbnailUrl\":\"\",\"articleSection\":[\"Noticias\"],\"inLanguage\":\"es\",\"potentialAction\":[{\"@type\":\"CommentAction\",\"name\":\"Comment\",\"target\":[\"https:\\\/\\\/quehacerpolitico.mx\\\/?p=6203#respond\"]}]},{\"@type\":\"WebPage\",\"@id\":\"https:\\\/\\\/quehacerpolitico.mx\\\/?p=6203\",\"url\":\"https:\\\/\\\/quehacerpolitico.mx\\\/?p=6203\",\"name\":\"\u201cBelinda padeci\u00f3 de una represalia por apoyarnos. Hay que darle un aplauso\u201d, dice L\u00f3pez Obrador (VIDEO) -\",\"isPartOf\":{\"@id\":\"https:\\\/\\\/quehacerpolitico.mx\\\/#website\"},\"primaryImageOfPage\":{\"@id\":\"https:\\\/\\\/quehacerpolitico.mx\\\/?p=6203#primaryimage\"},\"image\":{\"@id\":\"https:\\\/\\\/quehacerpolitico.mx\\\/?p=6203#primaryimage\"},\"thumbnailUrl\":\"\",\"datePublished\":\"2018-10-05T03:31:49+00:00\",\"author\":{\"@id\":\"https:\\\/\\\/quehacerpolitico.mx\\\/#\\\/schema\\\/person\\\/496d8ad2d1d3f8036101dca7ee39e585\"},\"breadcrumb\":{\"@id\":\"https:\\\/\\\/quehacerpolitico.mx\\\/?p=6203#breadcrumb\"},\"inLanguage\":\"es\",\"potentialAction\":[{\"@type\":\"ReadAction\",\"target\":[\"https:\\\/\\\/quehacerpolitico.mx\\\/?p=6203\"]}]},{\"@type\":\"ImageObject\",\"inLanguage\":\"es\",\"@id\":\"https:\\\/\\\/quehacerpolitico.mx\\\/?p=6203#primaryimage\",\"url\":\"\",\"contentUrl\":\"\"},{\"@type\":\"BreadcrumbList\",\"@id\":\"https:\\\/\\\/quehacerpolitico.mx\\\/?p=6203#breadcrumb\",\"itemListElement\":[{\"@type\":\"ListItem\",\"position\":1,\"name\":\"Inicio\",\"item\":\"https:\\\/\\\/quehacerpolitico.mx\\\/\"},{\"@type\":\"ListItem\",\"position\":2,\"name\":\"\u201cBelinda padeci\u00f3 de una represalia por apoyarnos. Hay que darle un aplauso\u201d, dice L\u00f3pez Obrador (VIDEO)\"}]},{\"@type\":\"WebSite\",\"@id\":\"https:\\\/\\\/quehacerpolitico.mx\\\/#website\",\"url\":\"https:\\\/\\\/quehacerpolitico.mx\\\/\",\"name\":\"\",\"description\":\"\",\"potentialAction\":[{\"@type\":\"SearchAction\",\"target\":{\"@type\":\"EntryPoint\",\"urlTemplate\":\"https:\\\/\\\/quehacerpolitico.mx\\\/?s={search_term_string}\"},\"query-input\":{\"@type\":\"PropertyValueSpecification\",\"valueRequired\":true,\"valueName\":\"search_term_string\"}}],\"inLanguage\":\"es\"},{\"@type\":\"Person\",\"@id\":\"https:\\\/\\\/quehacerpolitico.mx\\\/#\\\/schema\\\/person\\\/496d8ad2d1d3f8036101dca7ee39e585\",\"name\":\"Redacci\u00f3n QP\",\"image\":{\"@type\":\"ImageObject\",\"inLanguage\":\"es\",\"@id\":\"https:\\\/\\\/secure.gravatar.com\\\/avatar\\\/c7164ed6fdec453195284ad24a5ae5b6e1eed2b848477fa2a4787ba9adf39a41?s=96&d=mm&r=g\",\"url\":\"https:\\\/\\\/secure.gravatar.com\\\/avatar\\\/c7164ed6fdec453195284ad24a5ae5b6e1eed2b848477fa2a4787ba9adf39a41?s=96&d=mm&r=g\",\"contentUrl\":\"https:\\\/\\\/secure.gravatar.com\\\/avatar\\\/c7164ed6fdec453195284ad24a5ae5b6e1eed2b848477fa2a4787ba9adf39a41?s=96&d=mm&r=g\",\"caption\":\"Redacci\u00f3n QP\"},\"url\":\"https:\\\/\\\/quehacerpolitico.mx\\\/?author=2\"}]}<\/script>\n<!-- \/ Yoast SEO plugin. -->","yoast_head_json":{"title":"\u201cBelinda padeci\u00f3 de una represalia por apoyarnos. Hay que darle un aplauso\u201d, dice L\u00f3pez Obrador (VIDEO) -","robots":{"index":"index","follow":"follow","max-snippet":"max-snippet:-1","max-image-preview":"max-image-preview:large","max-video-preview":"max-video-preview:-1"},"canonical":"https:\/\/quehacerpolitico.mx\/?p=6203","og_locale":"es_MX","og_type":"article","og_title":"\u201cBelinda padeci\u00f3 de una represalia por apoyarnos. Hay que darle un aplauso\u201d, dice L\u00f3pez Obrador (VIDEO) -","og_description":"\u201cBelinda padeci\u00f3 de una represalia por apoyarnos. Hay que darle un aplauso\u201d, dice L\u00f3pez Obrador (VIDEO) Por Redacci\u00f3n QP","og_url":"https:\/\/quehacerpolitico.mx\/?p=6203","article_published_time":"2018-10-05T03:31:49+00:00","author":"Redacci\u00f3n QP","twitter_card":"summary_large_image","twitter_misc":{"Escrito por":"Redacci\u00f3n QP","Tiempo de lectura":"3 minutos"},"schema":{"@context":"https:\/\/schema.org","@graph":[{"@type":"Article","@id":"https:\/\/quehacerpolitico.mx\/?p=6203#article","isPartOf":{"@id":"https:\/\/quehacerpolitico.mx\/?p=6203"},"author":{"name":"Redacci\u00f3n QP","@id":"https:\/\/quehacerpolitico.mx\/#\/schema\/person\/496d8ad2d1d3f8036101dca7ee39e585"},"headline":"\u201cBelinda padeci\u00f3 de una represalia por apoyarnos. Hay que darle un aplauso\u201d, dice L\u00f3pez Obrador (VIDEO)","datePublished":"2018-10-05T03:31:49+00:00","mainEntityOfPage":{"@id":"https:\/\/quehacerpolitico.mx\/?p=6203"},"wordCount":526,"commentCount":0,"image":{"@id":"https:\/\/quehacerpolitico.mx\/?p=6203#primaryimage"},"thumbnailUrl":"","articleSection":["Noticias"],"inLanguage":"es","potentialAction":[{"@type":"CommentAction","name":"Comment","target":["https:\/\/quehacerpolitico.mx\/?p=6203#respond"]}]},{"@type":"WebPage","@id":"https:\/\/quehacerpolitico.mx\/?p=6203","url":"https:\/\/quehacerpolitico.mx\/?p=6203","name":"\u201cBelinda padeci\u00f3 de una represalia por apoyarnos. Hay que darle un aplauso\u201d, dice L\u00f3pez Obrador (VIDEO) -","isPartOf":{"@id":"https:\/\/quehacerpolitico.mx\/#website"},"primaryImageOfPage":{"@id":"https:\/\/quehacerpolitico.mx\/?p=6203#primaryimage"},"image":{"@id":"https:\/\/quehacerpolitico.mx\/?p=6203#primaryimage"},"thumbnailUrl":"","datePublished":"2018-10-05T03:31:49+00:00","author":{"@id":"https:\/\/quehacerpolitico.mx\/#\/schema\/person\/496d8ad2d1d3f8036101dca7ee39e585"},"breadcrumb":{"@id":"https:\/\/quehacerpolitico.mx\/?p=6203#breadcrumb"},"inLanguage":"es","potentialAction":[{"@type":"ReadAction","target":["https:\/\/quehacerpolitico.mx\/?p=6203"]}]},{"@type":"ImageObject","inLanguage":"es","@id":"https:\/\/quehacerpolitico.mx\/?p=6203#primaryimage","url":"","contentUrl":""},{"@type":"BreadcrumbList","@id":"https:\/\/quehacerpolitico.mx\/?p=6203#breadcrumb","itemListElement":[{"@type":"ListItem","position":1,"name":"Inicio","item":"https:\/\/quehacerpolitico.mx\/"},{"@type":"ListItem","position":2,"name":"\u201cBelinda padeci\u00f3 de una represalia por apoyarnos. Hay que darle un aplauso\u201d, dice L\u00f3pez Obrador (VIDEO)"}]},{"@type":"WebSite","@id":"https:\/\/quehacerpolitico.mx\/#website","url":"https:\/\/quehacerpolitico.mx\/","name":"","description":"","potentialAction":[{"@type":"SearchAction","target":{"@type":"EntryPoint","urlTemplate":"https:\/\/quehacerpolitico.mx\/?s={search_term_string}"},"query-input":{"@type":"PropertyValueSpecification","valueRequired":true,"valueName":"search_term_string"}}],"inLanguage":"es"},{"@type":"Person","@id":"https:\/\/quehacerpolitico.mx\/#\/schema\/person\/496d8ad2d1d3f8036101dca7ee39e585","name":"Redacci\u00f3n QP","image":{"@type":"ImageObject","inLanguage":"es","@id":"https:\/\/secure.gravatar.com\/avatar\/c7164ed6fdec453195284ad24a5ae5b6e1eed2b848477fa2a4787ba9adf39a41?s=96&d=mm&r=g","url":"https:\/\/secure.gravatar.com\/avatar\/c7164ed6fdec453195284ad24a5ae5b6e1eed2b848477fa2a4787ba9adf39a41?s=96&d=mm&r=g","contentUrl":"https:\/\/secure.gravatar.com\/avatar\/c7164ed6fdec453195284ad24a5ae5b6e1eed2b848477fa2a4787ba9adf39a41?s=96&d=mm&r=g","caption":"Redacci\u00f3n QP"},"url":"https:\/\/quehacerpolitico.mx\/?author=2"}]}},"featured_image_urls":{"full":"","thumbnail":"","medium":"","medium_large":"","large":"","1536x1536":"","2048x2048":"","covernews-featured":"","covernews-medium":""},"author_info":{"display_name":"Redacci\u00f3n QP","author_link":"https:\/\/quehacerpolitico.mx\/?author=2"},"category_info":"<a href=\"https:\/\/quehacerpolitico.mx\/?cat=2\" rel=\"category\">Noticias<\/a>","tag_info":"Noticias","comment_count":"0","_links":{"self":[{"href":"https:\/\/quehacerpolitico.mx\/index.php?rest_route=\/wp\/v2\/posts\/6203","targetHints":{"allow":["GET"]}}],"collection":[{"href":"https:\/\/quehacerpolitico.mx\/index.php?rest_route=\/wp\/v2\/posts"}],"about":[{"href":"https:\/\/quehacerpolitico.mx\/index.php?rest_route=\/wp\/v2\/types\/post"}],"author":[{"embeddable":true,"href":"https:\/\/quehacerpolitico.mx\/index.php?rest_route=\/wp\/v2\/users\/2"}],"replies":[{"embeddable":true,"href":"https:\/\/quehacerpolitico.mx\/index.php?rest_route=%2Fwp%2Fv2%2Fcomments&post=6203"}],"version-history":[{"count":0,"href":"https:\/\/quehacerpolitico.mx\/index.php?rest_route=\/wp\/v2\/posts\/6203\/revisions"}],"wp:featuredmedia":[{"embeddable":true,"href":"https:\/\/quehacerpolitico.mx\/index.php?rest_route=\/"}],"wp:attachment":[{"href":"https:\/\/quehacerpolitico.mx\/index.php?rest_route=%2Fwp%2Fv2%2Fmedia&parent=6203"}],"wp:term":[{"taxonomy":"category","embeddable":true,"href":"https:\/\/quehacerpolitico.mx\/index.php?rest_route=%2Fwp%2Fv2%2Fcategories&post=6203"},{"taxonomy":"post_tag","embeddable":true,"href":"https:\/\/quehacerpolitico.mx\/index.php?rest_route=%2Fwp%2Fv2%2Ftags&post=6203"}],"curies":[{"name":"wp","href":"https:\/\/api.w.org\/{rel}","templated":true}]}}