{"id":6179,"date":"2018-10-04T22:39:16","date_gmt":"2018-10-04T22:39:16","guid":{"rendered":"http:\/\/quehacerpolitico.mx\/la-portada-de-hola-causa-agruras-hasta-entre-los-afines-a-amlo-fue-evento-privado-dice-el\/"},"modified":"2018-10-04T22:39:16","modified_gmt":"2018-10-04T22:39:16","slug":"la-portada-de-hola-causa-agruras-hasta-entre-los-afines-a-amlo-fue-evento-privado-dice-el","status":"publish","type":"post","link":"https:\/\/quehacerpolitico.mx\/?p=6179","title":{"rendered":"La portada de \u00a1Hola! causa agruras hasta entre los afines a AMLO; \u201cfue evento privado\u201d, dice \u00e9l"},"content":{"rendered":"<h3>La revista <em>\u00a1Hola!<\/em> documenta en 19 p\u00e1ginas la boda de C\u00e9sar Y\u00e1\u00f1ez Centeno, ex vocero de Andr\u00e9s Manuel L\u00f3pez Obrador, con Dulce Mar\u00eda Silva Hern\u00e1ndez. El reportaje se compone en su mayor\u00eda de fotograf\u00edas tomadas por los invitados.<\/h3>\n<h3>Hasta ahora la boda hab\u00eda divido las opiniones: entre quienes criticaban el men\u00fa (que incluy\u00f3 langosta con escamoles) o los asistentes (entre ellos el Gobernador panista Toni Gali Fayad y uno de los empresarios de medios m\u00e1s cercanos al PRI: Olegario V\u00e1zquez Ra\u00f1a), y los que destacan que C\u00e9sar Y\u00e1\u00f1ez no es funcionario p\u00fablico.<\/h3>\n<h3>Sin embargo, la aparici\u00f3n de la pareja en la portada de \u00a1Hola! y el despliegue de 19 p\u00e1ginas en interiores ha causado una fuerte reacci\u00f3n negativa hasta entre los seguidores de AMLO, quienes consideran que este exceso es un mensaje negativo de cara al nuevo Gobierno federal.<\/h3>\n<p>La portada en la <strong>revista <em>\u00a1Hola!<\/em> <\/strong>fue una especie de \u201cgota que derram\u00f3 el vaso\u201d. Algunos de los simpatizantes de <strong>Andr\u00e9s Manuel L\u00f3pez Obrador<\/strong> han brincado de justificar la <strong>boda<\/strong>, a criticar la <strong>frivolidad<\/strong> de recurrir a una publicaci\u00f3n que ha cubierto puntualmente durante seis a\u00f1os o m\u00e1s a Ang\u00e9lica Rivera, a Enrique Pe\u00f1a Nieto y a los hijos de ambos.<\/p>\n<blockquote>\n<p>\u201c\u00bfEn qu\u00e9 est\u00e1 pensando C\u00e9sar Y\u00e1\u00f1ez?\u201d, dijo Rafael Barajas, \u201cFisg\u00f3n\u201d en sus cartones. \u201cYo cre\u00eda que sus cr\u00edticos exageraban. Debo confesar que yo no hab\u00eda captado la magnitud del dislate y la frivolidad hasta que vi la portada de el \u00a1Hola!\u201d.<\/p>\n<p>Pedro Salmer\u00f3n Sangin\u00e9s, un historiador simpatizante de la causa de L\u00f3pez Obrador, escribi\u00f3: \u201cSi la boda fue de post\u00edn, muy su gusto y muy su vida privada\u2026 Salir en portada de una revista que reproduce las formas m\u00e1s a\u00f1ejas del clasismo y del racismo s\u00ed me parece un error en un dirigente de izquierda\u201d.<\/p>\n<p>La revista documenta en 19 p\u00e1ginas la boda del ex vocero de L\u00f3pez Obrador, C\u00e9sar Y\u00e1\u00f1ez y Dulce Silva. Da m\u00e1s detalles: la novia us\u00f3 tres vestidos de un dise\u00f1ador que no cobra menos de cien mil pesos por pieza. Los invitados fueron de boda importante: 600, seg\u00fan les dio a conocer el productor, Juli\u00e1n Jalil Dib. El men\u00fa se confirma: langosta con escamoles.<\/p>\n<p>\u201cNo fue una acci\u00f3n de Gobierno. Se trata de un evento privado. Est\u00e1n cuestionando nuestros adversarios, los que andan buscando cualquier posible error para hacernos la cr\u00edtica. Tienen derecho a hacerlo, nada m\u00e1s que nosotros no vamos a cambiar. Vamos a seguir actuando con integridad, con principios, con honradez y austeridad republicana\u201d, dijo Andr\u00e9s Manuel hoy mismo.<\/p>\n<blockquote class=\"twitter-tweet\" data-width=\"550\" data-dnt=\"true\">\n<p lang=\"es\" dir=\"ltr\">\u201cNo me cas\u00e9 yo, fui invitado; cada uno es responsable de sus actos&quot;, dijo <a href=\"https:\/\/twitter.com\/lopezobrador_?ref_src=twsrc%5Etfw\">@lopezobrador_<\/a> sobre la boda de C\u00e9sar Y\u00e1\u00f1ez <a href=\"https:\/\/t.co\/LUr5QeN7Mh\">pic.twitter.com\/LUr5QeN7Mh<\/a><\/p>\n<p>&mdash; H\u00e9ctor Jim\u00e9nez Land\u00edn (@JimenezLandin) <a href=\"https:\/\/twitter.com\/JimenezLandin\/status\/1047958266326781953?ref_src=twsrc%5Etfw\">October 4, 2018<\/a><\/p><\/blockquote>\n<p><script async src=\"https:\/\/platform.twitter.com\/widgets.js\" charset=\"utf-8\"><\/script><\/p>\n<p>El reportaje de<em> \u00a1Hola!<\/em> se compone en su mayor\u00eda de fotograf\u00edas de ellos. En la portada, de la edici\u00f3n n\u00famero 609, adem\u00e1s de los novios en primer plano, aparece tambi\u00e9n una foto de L\u00f3pez Obrador y Beatriz Guti\u00e9rrez. La revista destaca:<\/p>\n<blockquote>\n<p>\u201cCon el Presidente electo, Andr\u00e9s Manuel L\u00f3pez Obrador como testigo principal, ante seiscientos invitados, en la Capilla del Rosario de Puebla\u201d.<\/p>\n<div class=\"ad_center ad-in-content\">\u00a0<\/div>\n<\/blockquote>\n<p>Dulce Mar\u00eda Silva, dice <em>\u00a1Hola!<\/em>, confeccion\u00f3 tres vestidos con el famoso dise\u00f1ador Benito Santos, quien \u2013de acuerdo con diversas publicaciones\u2013 cobra m\u00e1s de 100 mil pesos por cada atuendo. Los dise\u00f1os de Santos tuvieron un papel primordial en el enlace, la hija de Silva tambi\u00e9n luci\u00f3 uno de sus dise\u00f1os, as\u00ed como sus damas de honor.\u00a0 C\u00e9sar Y\u00e1\u00f1ez us\u00f3 un smoking firmado por Jorge Saade.\u00a0La novia utiliz\u00f3 para transportarse un auto Packard 1949, color blanco. La misa fue oficiada por el Arzobispo de Puebla, V\u00edctor S\u00e1nchez.<\/p>\n<div id=\"attachment_3480375\" class=\"wp-caption alignnone\"><img loading=\"lazy\" decoding=\"async\" class=\"size-full wp-image-3480375\" src=\"http:\/\/www.sinembargo.mx\/wp-content\/uploads\/2018\/10\/la-boda-fifi-7-700.jpg\" sizes=\"auto, (max-width: 700px) 100vw, 700px\" srcset=\"http:\/\/www.sinembargo.mx\/wp-content\/uploads\/2018\/10\/la-boda-fifi-7-700.jpg 700w, http:\/\/www.sinembargo.mx\/wp-content\/uploads\/2018\/10\/la-boda-fifi-7-700-216x300.jpg 216w\" alt=\"\" width=\"700\" height=\"974\" \/><\/p>\n<p class=\"wp-caption-text\">Los fot\u00f3grafos de \u00a1Hola! estuvieron all\u00ed<\/p>\n<\/div>\n<div id=\"attachment_3480376\" class=\"wp-caption alignnone\"><img loading=\"lazy\" decoding=\"async\" class=\"size-full wp-image-3480376\" src=\"http:\/\/www.sinembargo.mx\/wp-content\/uploads\/2018\/10\/la-boda-fifi-6-700.jpg\" sizes=\"auto, (max-width: 700px) 100vw, 700px\" srcset=\"http:\/\/www.sinembargo.mx\/wp-content\/uploads\/2018\/10\/la-boda-fifi-6-700.jpg 700w, http:\/\/www.sinembargo.mx\/wp-content\/uploads\/2018\/10\/la-boda-fifi-6-700-225x300.jpg 225w\" alt=\"\" width=\"700\" height=\"933\" \/><\/p>\n<p class=\"wp-caption-text\">Los tres vestidos de la novia, en \u00a1Hola!<\/p>\n<\/div>\n<p>En las p\u00e1ginas hay fotos de Beatriz Guti\u00e9rrez sola y tambi\u00e9n de la ma\u00f1ana del Presidente electo. A Andr\u00e9s Manuel se le ve durante el enlace por el civil, del cual fue testigo, junto al Gobernador de Puebla, Antonio Gali.<\/p>\n<blockquote>\n<p>La polit\u00f3loga Denise Dresser coment\u00f3: \u201c1er Acto: se critica y con raz\u00f3n la frivolidad\/ostentaci\u00f3n de clase pol\u00edtica insensible. 2o Acto: se convoca a votar por opci\u00f3n que ofrece comportarse de manera distinta. 3er Acto: los nuevos emulan las conductas que criticaban. \u00bfC\u00f3mo se llam\u00f3 la obra?: \u2018Querida, encog\u00ed a la 4T\u2019\u201d<\/p>\n<\/blockquote>\n<p>En la p\u00e1gina 65 de la edici\u00f3n, aparece tambi\u00e9n una foto de cuerpo completo de L\u00f3pez Obrador y su esposa. Luego, en la 69, Beatriz posa junto a Anah\u00ed, la esposa del Gobernador de Chiapas, Manuel Velasco, en dos fotograf\u00edas; en una tercera, aparecen Andr\u00e9s Manuel, Velasco y Anah\u00ed.<\/p>\n<p>El escritor Tryno Maldonado, que se ha identificado con causas de una izquierda m\u00e1s radical y es autor de un libro sobre Ayotzinapa, dijo en su cuenta @tryno: \u201cEl primer bodorrio fif\u00ed de la Cuarta Transformaci\u00f3n del PRI . ???? A muchxs no nos sorprende. Mi duda es: \u00bfles toc\u00f3 pastel a sus 30 millones de votantes?\u201d<\/p>\n<p>Hasta ahora la llamada \u201cboda fif\u00ed\u201d hab\u00eda divido las opiniones: entre quienes criticaban desde el men\u00fa (que incluy\u00f3 langosta con escamoles) hasta los asistentes, entre ellos el Gobernador panista Toni Gali y uno de los empresarios de medios m\u00e1s vinculados con el PRI: Olegario V\u00e1zquez Ra\u00f1a; y los que destacan que Y\u00e1\u00f1ez no es funcionario p\u00fablico.<\/p>\n<p>El columnista Julio Astillero lament\u00f3 que la \u201cboda fif\u00ed\u201d apareciera \u201cen el mismo espacio de las frivolidades familiares pe\u00f1istas\u201d<\/p>\n<blockquote class=\"twitter-tweet\" data-width=\"550\" data-dnt=\"true\">\n<p lang=\"es\" dir=\"ltr\">En portada de <a href=\"https:\/\/twitter.com\/holamexico?ref_src=twsrc%5Etfw\">@holamexico<\/a> y 19 planas en interiores. Lamentable q aparezca la <a href=\"https:\/\/twitter.com\/hashtag\/BodaFif%C3%AD?src=hash&amp;ref_src=twsrc%5Etfw\">#BodaFif\u00ed<\/a> (con la foto de <a href=\"https:\/\/twitter.com\/hashtag\/AMLO?src=hash&amp;ref_src=twsrc%5Etfw\">#AMLO<\/a> y <a href=\"https:\/\/twitter.com\/BeatrizGMuller?ref_src=twsrc%5Etfw\">@BeatrizGMuller<\/a> ) en el mismo espacio de las frivolidades familiares pe\u00f1istas. Pareciera q el poder, de cualquier signo, necesita recurrir al mismo escaparate de \u00e9lites <a href=\"https:\/\/t.co\/FzwT3RQJwb\">pic.twitter.com\/FzwT3RQJwb<\/a><\/p>\n<p>&mdash; Julio Astillero (@julioastillero) <a href=\"https:\/\/twitter.com\/julioastillero\/status\/1047869557325451264?ref_src=twsrc%5Etfw\">October 4, 2018<\/a><\/p><\/blockquote>\n<p><script async src=\"https:\/\/platform.twitter.com\/widgets.js\" charset=\"utf-8\"><\/script><\/p>\n<p>El monero Patricio ironiz\u00f3: \u201cYo creo que C\u00e9sar Y\u00e1\u00f1ez no entendi\u00f3 que cuando su jefe llama \u2018fif\u00ed\u2019 a la prensa, es cr\u00edtica, no elogio\u201d.<\/p>\n<p>El activista y defensor Jes\u00fas Robles Maloof escribi\u00f3:<\/p>\n<blockquote>\n<p>\u201cSupongo que C\u00e9sar Y\u00e1\u00f1ez no dio autorizaci\u00f3n para esta portada y la foto fue tomada por un paparazzi.<br \/>Supongo que no se parece en nada a los tiempos de Pe\u00f1a Nieto.<br \/>Supongo que lo pens\u00f3 muy bien y analiz\u00f3 su congruencia.<br \/>Supongo\u2026\u201d<\/p>\n<\/blockquote>\n<p>Entre las 10:00 y las 11:23 horas, el hashtag #BodaFif\u00ed -que se mantuvo activo desde el fin de semana- mostr\u00f3 picos de actividad en Twitter luego que el periodista Julio Astillero comparti\u00f3 su opini\u00f3n sobre el tema, a trav\u00e9s de un video publicado en su cuenta oficial @julioastillero.<\/p>\n<p>Esta etiqueta tambi\u00e9n fue empleada desde cuentas verificadas como la del usuario Arne @arnemx y Mariana G\u00f3mez del C @marianagc. Los usuarios que han expresado opiniones cr\u00edticas sobre la publicaci\u00f3n de la revista <em>\u00a1Hola!<\/em> -que ha sido aparador de las clases privilegiadas en M\u00e9xico- discuten si la aparici\u00f3n del Presidente electo Andr\u00e9s Manuel L\u00f3pez Obrador es una contradicci\u00f3n a su discurso de austeridad.<\/p>\n<p>La tendencia que centra el tema en el Presidente electo Andr\u00e9s Manuel L\u00f3pez Obrador tuvo un alcance de un mill\u00f3n 800 mil cuentas en Twitter durante la tarde de este jueves. A las 9:00 horas esta tendencia alcanz\u00f3 la mayor actividad. Entre los usuarios que han generado m\u00e1s conversaci\u00f3n se encuentra el personaje Brozo de V\u00edctor Trujillo (@brozoxmiswebs) quien consider\u00f3 la publicaci\u00f3n de la boda de Y\u00e1\u00f1ez en la publicaci\u00f3n de prensa rosa, una acci\u00f3n innecesaria. \u201c\u00a1Qu\u00e9 necesidad de tragar sapos!\u201d coment\u00f3.<\/p>\n<section class=\"post-content\">\n<p>Y\u00e1\u00f1ez fue vocero del Presidente electo durante la campa\u00f1a de 2018. El mismo dirigente lo ha mencionado como uno de sus hombres m\u00e1s cercanos y ser\u00e1 Coordinador General de Pol\u00edtica y Gobierno de la primera Presidencia de izquierda en la historia de M\u00e9xico.<\/p>\n<p>Su boda se llev\u00f3 a cabo el pasado 29 de septiembre, y reuni\u00f3 a una parte importante de la clase pol\u00edtica mexicana. Acudieron, entre otros muchos, el Gobernador poblano Tony Gali; Manuel Velasco, de Chiapas; el l\u00edder del Movimiento de Regeneraci\u00f3n Nacional (Morena) en el Senado, Ricardo Monreal, y el Presidente electo.<\/p>\n<p>Dulce Mar\u00eda llev\u00f3 un vestido del dise\u00f1ador Benito Santos y maquillaje de V\u00edctor Guadarrama, de acuerdo con las publicaciones que se han subido en las \u00faltimas horas en redes sociales. Tanto a Santos como a Guadarrama han prestado sus servicios tambi\u00e9n a la Primera Dama, Ang\u00e9lica Rivera.<\/p>\n<p>La ceremonia religiosa se llev\u00f3 a cabo en la Capilla del Rosario, considerada una de las maravillas del mundo; la fiesta se celebr\u00f3 en el Centro de Convenciones, que es operado por el Gobierno de Puebla. El dise\u00f1o de la fiesta se atribuye a Idania Torres, directora de Muga Boutique de Eventos. Hubo m\u00fasico de Big Band, de acuerdo con las publicaciones; fue Paco de Mar\u00eda.<\/p>\n<p><em>Con informaci\u00f3n de Viridiana Lozano, de Peri\u00f3dico Central en Puebla.<\/em><\/p>\n<\/section>\n<\/blockquote>\n","protected":false},"excerpt":{"rendered":"<p>La portada de \u00a1Hola! causa agruras hasta entre los afines a AMLO; \u201cfue evento privado\u201d, dice \u00e9l<br \/>\nPor Redacci\u00f3n QP<\/p>\n","protected":false},"author":2,"featured_media":6178,"comment_status":"open","ping_status":"open","sticky":false,"template":"","format":"standard","meta":{"_monsterinsights_skip_tracking":false,"_monsterinsights_sitenote_active":false,"_monsterinsights_sitenote_note":"","_monsterinsights_sitenote_category":0,"footnotes":""},"categories":[2],"tags":[],"class_list":["post-6179","post","type-post","status-publish","format-standard","has-post-thumbnail","hentry","category-noticias"],"yoast_head":"<!-- This site is optimized with the Yoast SEO plugin v27.3 - https:\/\/yoast.com\/product\/yoast-seo-wordpress\/ -->\n<title>La portada de \u00a1Hola! causa agruras hasta entre los afines a AMLO; \u201cfue evento privado\u201d, dice \u00e9l -<\/title>\n<meta name=\"robots\" content=\"index, follow, max-snippet:-1, max-image-preview:large, max-video-preview:-1\" \/>\n<link rel=\"canonical\" href=\"https:\/\/quehacerpolitico.mx\/?p=6179\" \/>\n<meta property=\"og:locale\" content=\"es_MX\" \/>\n<meta property=\"og:type\" content=\"article\" \/>\n<meta property=\"og:title\" content=\"La portada de \u00a1Hola! causa agruras hasta entre los afines a AMLO; \u201cfue evento privado\u201d, dice \u00e9l -\" \/>\n<meta property=\"og:description\" content=\"La portada de \u00a1Hola! causa agruras hasta entre los afines a AMLO; \u201cfue evento privado\u201d, dice \u00e9l Por Redacci\u00f3n QP\" \/>\n<meta property=\"og:url\" content=\"https:\/\/quehacerpolitico.mx\/?p=6179\" \/>\n<meta property=\"article:published_time\" content=\"2018-10-04T22:39:16+00:00\" \/>\n<meta name=\"author\" content=\"Redacci\u00f3n QP\" \/>\n<meta name=\"twitter:card\" content=\"summary_large_image\" \/>\n<meta name=\"twitter:label1\" content=\"Escrito por\" \/>\n\t<meta name=\"twitter:data1\" content=\"Redacci\u00f3n QP\" \/>\n\t<meta name=\"twitter:label2\" content=\"Tiempo de lectura\" \/>\n\t<meta name=\"twitter:data2\" content=\"7 minutos\" \/>\n<script type=\"application\/ld+json\" class=\"yoast-schema-graph\">{\"@context\":\"https:\\\/\\\/schema.org\",\"@graph\":[{\"@type\":\"Article\",\"@id\":\"https:\\\/\\\/quehacerpolitico.mx\\\/?p=6179#article\",\"isPartOf\":{\"@id\":\"https:\\\/\\\/quehacerpolitico.mx\\\/?p=6179\"},\"author\":{\"name\":\"Redacci\u00f3n QP\",\"@id\":\"https:\\\/\\\/quehacerpolitico.mx\\\/#\\\/schema\\\/person\\\/496d8ad2d1d3f8036101dca7ee39e585\"},\"headline\":\"La portada de \u00a1Hola! causa agruras hasta entre los afines a AMLO; \u201cfue evento privado\u201d, dice \u00e9l\",\"datePublished\":\"2018-10-04T22:39:16+00:00\",\"mainEntityOfPage\":{\"@id\":\"https:\\\/\\\/quehacerpolitico.mx\\\/?p=6179\"},\"wordCount\":1493,\"commentCount\":0,\"image\":{\"@id\":\"https:\\\/\\\/quehacerpolitico.mx\\\/?p=6179#primaryimage\"},\"thumbnailUrl\":\"\",\"articleSection\":[\"Noticias\"],\"inLanguage\":\"es\",\"potentialAction\":[{\"@type\":\"CommentAction\",\"name\":\"Comment\",\"target\":[\"https:\\\/\\\/quehacerpolitico.mx\\\/?p=6179#respond\"]}]},{\"@type\":\"WebPage\",\"@id\":\"https:\\\/\\\/quehacerpolitico.mx\\\/?p=6179\",\"url\":\"https:\\\/\\\/quehacerpolitico.mx\\\/?p=6179\",\"name\":\"La portada de \u00a1Hola! causa agruras hasta entre los afines a AMLO; \u201cfue evento privado\u201d, dice \u00e9l -\",\"isPartOf\":{\"@id\":\"https:\\\/\\\/quehacerpolitico.mx\\\/#website\"},\"primaryImageOfPage\":{\"@id\":\"https:\\\/\\\/quehacerpolitico.mx\\\/?p=6179#primaryimage\"},\"image\":{\"@id\":\"https:\\\/\\\/quehacerpolitico.mx\\\/?p=6179#primaryimage\"},\"thumbnailUrl\":\"\",\"datePublished\":\"2018-10-04T22:39:16+00:00\",\"author\":{\"@id\":\"https:\\\/\\\/quehacerpolitico.mx\\\/#\\\/schema\\\/person\\\/496d8ad2d1d3f8036101dca7ee39e585\"},\"breadcrumb\":{\"@id\":\"https:\\\/\\\/quehacerpolitico.mx\\\/?p=6179#breadcrumb\"},\"inLanguage\":\"es\",\"potentialAction\":[{\"@type\":\"ReadAction\",\"target\":[\"https:\\\/\\\/quehacerpolitico.mx\\\/?p=6179\"]}]},{\"@type\":\"ImageObject\",\"inLanguage\":\"es\",\"@id\":\"https:\\\/\\\/quehacerpolitico.mx\\\/?p=6179#primaryimage\",\"url\":\"\",\"contentUrl\":\"\"},{\"@type\":\"BreadcrumbList\",\"@id\":\"https:\\\/\\\/quehacerpolitico.mx\\\/?p=6179#breadcrumb\",\"itemListElement\":[{\"@type\":\"ListItem\",\"position\":1,\"name\":\"Inicio\",\"item\":\"https:\\\/\\\/quehacerpolitico.mx\\\/\"},{\"@type\":\"ListItem\",\"position\":2,\"name\":\"La portada de \u00a1Hola! causa agruras hasta entre los afines a AMLO; \u201cfue evento privado\u201d, dice \u00e9l\"}]},{\"@type\":\"WebSite\",\"@id\":\"https:\\\/\\\/quehacerpolitico.mx\\\/#website\",\"url\":\"https:\\\/\\\/quehacerpolitico.mx\\\/\",\"name\":\"\",\"description\":\"\",\"potentialAction\":[{\"@type\":\"SearchAction\",\"target\":{\"@type\":\"EntryPoint\",\"urlTemplate\":\"https:\\\/\\\/quehacerpolitico.mx\\\/?s={search_term_string}\"},\"query-input\":{\"@type\":\"PropertyValueSpecification\",\"valueRequired\":true,\"valueName\":\"search_term_string\"}}],\"inLanguage\":\"es\"},{\"@type\":\"Person\",\"@id\":\"https:\\\/\\\/quehacerpolitico.mx\\\/#\\\/schema\\\/person\\\/496d8ad2d1d3f8036101dca7ee39e585\",\"name\":\"Redacci\u00f3n QP\",\"image\":{\"@type\":\"ImageObject\",\"inLanguage\":\"es\",\"@id\":\"https:\\\/\\\/secure.gravatar.com\\\/avatar\\\/c7164ed6fdec453195284ad24a5ae5b6e1eed2b848477fa2a4787ba9adf39a41?s=96&d=mm&r=g\",\"url\":\"https:\\\/\\\/secure.gravatar.com\\\/avatar\\\/c7164ed6fdec453195284ad24a5ae5b6e1eed2b848477fa2a4787ba9adf39a41?s=96&d=mm&r=g\",\"contentUrl\":\"https:\\\/\\\/secure.gravatar.com\\\/avatar\\\/c7164ed6fdec453195284ad24a5ae5b6e1eed2b848477fa2a4787ba9adf39a41?s=96&d=mm&r=g\",\"caption\":\"Redacci\u00f3n QP\"},\"url\":\"https:\\\/\\\/quehacerpolitico.mx\\\/?author=2\"}]}<\/script>\n<!-- \/ Yoast SEO plugin. -->","yoast_head_json":{"title":"La portada de \u00a1Hola! causa agruras hasta entre los afines a AMLO; \u201cfue evento privado\u201d, dice \u00e9l -","robots":{"index":"index","follow":"follow","max-snippet":"max-snippet:-1","max-image-preview":"max-image-preview:large","max-video-preview":"max-video-preview:-1"},"canonical":"https:\/\/quehacerpolitico.mx\/?p=6179","og_locale":"es_MX","og_type":"article","og_title":"La portada de \u00a1Hola! causa agruras hasta entre los afines a AMLO; \u201cfue evento privado\u201d, dice \u00e9l -","og_description":"La portada de \u00a1Hola! causa agruras hasta entre los afines a AMLO; \u201cfue evento privado\u201d, dice \u00e9l Por Redacci\u00f3n QP","og_url":"https:\/\/quehacerpolitico.mx\/?p=6179","article_published_time":"2018-10-04T22:39:16+00:00","author":"Redacci\u00f3n QP","twitter_card":"summary_large_image","twitter_misc":{"Escrito por":"Redacci\u00f3n QP","Tiempo de lectura":"7 minutos"},"schema":{"@context":"https:\/\/schema.org","@graph":[{"@type":"Article","@id":"https:\/\/quehacerpolitico.mx\/?p=6179#article","isPartOf":{"@id":"https:\/\/quehacerpolitico.mx\/?p=6179"},"author":{"name":"Redacci\u00f3n QP","@id":"https:\/\/quehacerpolitico.mx\/#\/schema\/person\/496d8ad2d1d3f8036101dca7ee39e585"},"headline":"La portada de \u00a1Hola! causa agruras hasta entre los afines a AMLO; \u201cfue evento privado\u201d, dice \u00e9l","datePublished":"2018-10-04T22:39:16+00:00","mainEntityOfPage":{"@id":"https:\/\/quehacerpolitico.mx\/?p=6179"},"wordCount":1493,"commentCount":0,"image":{"@id":"https:\/\/quehacerpolitico.mx\/?p=6179#primaryimage"},"thumbnailUrl":"","articleSection":["Noticias"],"inLanguage":"es","potentialAction":[{"@type":"CommentAction","name":"Comment","target":["https:\/\/quehacerpolitico.mx\/?p=6179#respond"]}]},{"@type":"WebPage","@id":"https:\/\/quehacerpolitico.mx\/?p=6179","url":"https:\/\/quehacerpolitico.mx\/?p=6179","name":"La portada de \u00a1Hola! causa agruras hasta entre los afines a AMLO; \u201cfue evento privado\u201d, dice \u00e9l -","isPartOf":{"@id":"https:\/\/quehacerpolitico.mx\/#website"},"primaryImageOfPage":{"@id":"https:\/\/quehacerpolitico.mx\/?p=6179#primaryimage"},"image":{"@id":"https:\/\/quehacerpolitico.mx\/?p=6179#primaryimage"},"thumbnailUrl":"","datePublished":"2018-10-04T22:39:16+00:00","author":{"@id":"https:\/\/quehacerpolitico.mx\/#\/schema\/person\/496d8ad2d1d3f8036101dca7ee39e585"},"breadcrumb":{"@id":"https:\/\/quehacerpolitico.mx\/?p=6179#breadcrumb"},"inLanguage":"es","potentialAction":[{"@type":"ReadAction","target":["https:\/\/quehacerpolitico.mx\/?p=6179"]}]},{"@type":"ImageObject","inLanguage":"es","@id":"https:\/\/quehacerpolitico.mx\/?p=6179#primaryimage","url":"","contentUrl":""},{"@type":"BreadcrumbList","@id":"https:\/\/quehacerpolitico.mx\/?p=6179#breadcrumb","itemListElement":[{"@type":"ListItem","position":1,"name":"Inicio","item":"https:\/\/quehacerpolitico.mx\/"},{"@type":"ListItem","position":2,"name":"La portada de \u00a1Hola! causa agruras hasta entre los afines a AMLO; \u201cfue evento privado\u201d, dice \u00e9l"}]},{"@type":"WebSite","@id":"https:\/\/quehacerpolitico.mx\/#website","url":"https:\/\/quehacerpolitico.mx\/","name":"","description":"","potentialAction":[{"@type":"SearchAction","target":{"@type":"EntryPoint","urlTemplate":"https:\/\/quehacerpolitico.mx\/?s={search_term_string}"},"query-input":{"@type":"PropertyValueSpecification","valueRequired":true,"valueName":"search_term_string"}}],"inLanguage":"es"},{"@type":"Person","@id":"https:\/\/quehacerpolitico.mx\/#\/schema\/person\/496d8ad2d1d3f8036101dca7ee39e585","name":"Redacci\u00f3n QP","image":{"@type":"ImageObject","inLanguage":"es","@id":"https:\/\/secure.gravatar.com\/avatar\/c7164ed6fdec453195284ad24a5ae5b6e1eed2b848477fa2a4787ba9adf39a41?s=96&d=mm&r=g","url":"https:\/\/secure.gravatar.com\/avatar\/c7164ed6fdec453195284ad24a5ae5b6e1eed2b848477fa2a4787ba9adf39a41?s=96&d=mm&r=g","contentUrl":"https:\/\/secure.gravatar.com\/avatar\/c7164ed6fdec453195284ad24a5ae5b6e1eed2b848477fa2a4787ba9adf39a41?s=96&d=mm&r=g","caption":"Redacci\u00f3n QP"},"url":"https:\/\/quehacerpolitico.mx\/?author=2"}]}},"featured_image_urls":{"full":"","thumbnail":"","medium":"","medium_large":"","large":"","1536x1536":"","2048x2048":"","covernews-featured":"","covernews-medium":""},"author_info":{"display_name":"Redacci\u00f3n QP","author_link":"https:\/\/quehacerpolitico.mx\/?author=2"},"category_info":"<a href=\"https:\/\/quehacerpolitico.mx\/?cat=2\" rel=\"category\">Noticias<\/a>","tag_info":"Noticias","comment_count":"0","_links":{"self":[{"href":"https:\/\/quehacerpolitico.mx\/index.php?rest_route=\/wp\/v2\/posts\/6179","targetHints":{"allow":["GET"]}}],"collection":[{"href":"https:\/\/quehacerpolitico.mx\/index.php?rest_route=\/wp\/v2\/posts"}],"about":[{"href":"https:\/\/quehacerpolitico.mx\/index.php?rest_route=\/wp\/v2\/types\/post"}],"author":[{"embeddable":true,"href":"https:\/\/quehacerpolitico.mx\/index.php?rest_route=\/wp\/v2\/users\/2"}],"replies":[{"embeddable":true,"href":"https:\/\/quehacerpolitico.mx\/index.php?rest_route=%2Fwp%2Fv2%2Fcomments&post=6179"}],"version-history":[{"count":0,"href":"https:\/\/quehacerpolitico.mx\/index.php?rest_route=\/wp\/v2\/posts\/6179\/revisions"}],"wp:featuredmedia":[{"embeddable":true,"href":"https:\/\/quehacerpolitico.mx\/index.php?rest_route=\/"}],"wp:attachment":[{"href":"https:\/\/quehacerpolitico.mx\/index.php?rest_route=%2Fwp%2Fv2%2Fmedia&parent=6179"}],"wp:term":[{"taxonomy":"category","embeddable":true,"href":"https:\/\/quehacerpolitico.mx\/index.php?rest_route=%2Fwp%2Fv2%2Fcategories&post=6179"},{"taxonomy":"post_tag","embeddable":true,"href":"https:\/\/quehacerpolitico.mx\/index.php?rest_route=%2Fwp%2Fv2%2Ftags&post=6179"}],"curies":[{"name":"wp","href":"https:\/\/api.w.org\/{rel}","templated":true}]}}