{"id":61776,"date":"2020-07-30T12:25:35","date_gmt":"2020-07-30T17:25:35","guid":{"rendered":"http:\/\/quehacerpolitico.mx\/?p=61776"},"modified":"2020-07-30T12:25:35","modified_gmt":"2020-07-30T17:25:35","slug":"ya-se-esperaba-resultado-negativo-dice-amlo-sobre-caida-de-economia","status":"publish","type":"post","link":"https:\/\/quehacerpolitico.mx\/?p=61776","title":{"rendered":"Ya se esperaba resultado negativo, dice AMLO sobre ca\u00edda de econom\u00eda"},"content":{"rendered":"<h1 class=\"news-title\">Ya se esperaba resultado negativo, dice AMLO sobre ca\u00edda de econom\u00eda<br \/>\nPor Redacci\u00f3n QP<\/h1>\n<p>Pero, aseugra,\u00a0&#8220;ya pas\u00f3 lo peor&#8221; porque funcion\u00f3 su estrategia contra la crisis econ\u00f3mica provocada por el coronavirus<\/p>\n<p>El Presidente Andres Manuel L\u00f3pez Obrador asegur\u00f3 que ya se esperaba el resultado negativo de la econom\u00eda, que dio a conocer el Inegi para el segundo trimestre del a\u00f1o,\u00a0<strong>pero &#8220;ya pas\u00f3 lo peor&#8221; porque funcion\u00f3 su estrategia contra la crisis econ\u00f3mica<\/strong> provocada por el COVID-19<\/p>\n<p>En su conferencia de prensa, en Palacio Nacional, el presidente L\u00f3pez Obrador dijo que la medici\u00f3n del Inegi incluye abril, mayo y junio, los m\u00e1s afectados por la crisis.<\/p>\n<blockquote class=\"twitter-tweet\" data-width=\"550\" data-dnt=\"true\">\n<p lang=\"es\" dir=\"ltr\">Dice el presidente <a href=\"https:\/\/twitter.com\/lopezobrador_?ref_src=twsrc%5Etfw\">@lopezobrador_<\/a> que durante el mes de julio no hubo p\u00e9rdida de empleos:<\/p>\n<p>&quot;Ya pas\u00f3 lo peor, que funcion\u00f3 la estrategia y ya nos estamos recuperando&quot;. <a href=\"https:\/\/t.co\/LY7iyKe8Sh\">pic.twitter.com\/LY7iyKe8Sh<\/a><\/p>\n<p>&mdash; Ruido en la Red (@RuidoEnLaRed) <a href=\"https:\/\/twitter.com\/RuidoEnLaRed\/status\/1288819648788660227?ref_src=twsrc%5Etfw\">July 30, 2020<\/a><\/p><\/blockquote>\n<p><script async src=\"https:\/\/platform.twitter.com\/widgets.js\" charset=\"utf-8\"><\/script><\/p>\n<p>&#8220;Que <strong>le digo a la gente que ya pas\u00f3 lo peor, que funcion\u00f3 la estrategia y ya nos estamos recuperando<\/strong> y que va a ser una V, ca\u00edmos, c\u00f3mo cayeron todas las econom\u00edas del mundo, y ya estamos repuntando, <strong>ya estamos saliendo en la creaci\u00f3n de empleos<\/strong>&#8220;, dijo.<\/p>\n<p>El titular del Ejecutivo pidi\u00f3 esperar tres meses para conocer el trimestre julio, agosto y septiembre, &#8220;el cual veo con optimismo&#8221;.<\/p>\n<p>Se\u00f1al\u00f3 que adem\u00e1s de su estrategia de apoyo a los que menos tienen otro factor que ayuda a la econom\u00eda ciudadana es que no ha ca\u00eddo el env\u00edo de remesas de mexicanos en Estados Unidos a sus familias.<\/p>\n<p>Con Informaci\u00f3n de SUN<\/p>\n","protected":false},"excerpt":{"rendered":"<p>Ya se esperaba resultado negativo, dice AMLO sobre ca\u00edda de econom\u00eda Por Redacci\u00f3n QP Pero,&#8230;<\/p>\n","protected":false},"author":2,"featured_media":61777,"comment_status":"open","ping_status":"open","sticky":false,"template":"","format":"standard","meta":{"_monsterinsights_skip_tracking":false,"_monsterinsights_sitenote_active":false,"_monsterinsights_sitenote_note":"","_monsterinsights_sitenote_category":0,"footnotes":""},"categories":[56],"tags":[],"class_list":["post-61776","post","type-post","status-publish","format-standard","has-post-thumbnail","hentry","category-economia"],"yoast_head":"<!-- This site is optimized with the Yoast SEO plugin v27.3 - https:\/\/yoast.com\/product\/yoast-seo-wordpress\/ -->\n<title>Ya se esperaba resultado negativo, dice AMLO sobre ca\u00edda de econom\u00eda -<\/title>\n<meta name=\"robots\" content=\"index, follow, max-snippet:-1, max-image-preview:large, max-video-preview:-1\" \/>\n<link rel=\"canonical\" href=\"https:\/\/quehacerpolitico.mx\/?p=61776\" \/>\n<meta property=\"og:locale\" content=\"es_MX\" \/>\n<meta property=\"og:type\" content=\"article\" \/>\n<meta property=\"og:title\" content=\"Ya se esperaba resultado negativo, dice AMLO sobre ca\u00edda de econom\u00eda -\" \/>\n<meta property=\"og:description\" content=\"Ya se esperaba resultado negativo, dice AMLO sobre ca\u00edda de econom\u00eda Por Redacci\u00f3n QP Pero,...\" \/>\n<meta property=\"og:url\" content=\"https:\/\/quehacerpolitico.mx\/?p=61776\" \/>\n<meta property=\"article:published_time\" content=\"2020-07-30T17:25:35+00:00\" \/>\n<meta property=\"og:image\" content=\"https:\/\/quehacerpolitico.mx\/wp-content\/uploads\/2020\/07\/9D42A763-1639-4FCD-8D1E-66535D389A7A.jpeg\" \/>\n\t<meta property=\"og:image:width\" content=\"1242\" \/>\n\t<meta property=\"og:image:height\" content=\"672\" \/>\n\t<meta property=\"og:image:type\" content=\"image\/jpeg\" \/>\n<meta name=\"author\" content=\"Redacci\u00f3n QP\" \/>\n<meta name=\"twitter:card\" content=\"summary_large_image\" \/>\n<meta name=\"twitter:label1\" content=\"Escrito por\" \/>\n\t<meta name=\"twitter:data1\" content=\"Redacci\u00f3n QP\" \/>\n\t<meta name=\"twitter:label2\" content=\"Tiempo de lectura\" \/>\n\t<meta name=\"twitter:data2\" content=\"1 minuto\" \/>\n<script type=\"application\/ld+json\" class=\"yoast-schema-graph\">{\"@context\":\"https:\\\/\\\/schema.org\",\"@graph\":[{\"@type\":\"Article\",\"@id\":\"https:\\\/\\\/quehacerpolitico.mx\\\/?p=61776#article\",\"isPartOf\":{\"@id\":\"https:\\\/\\\/quehacerpolitico.mx\\\/?p=61776\"},\"author\":{\"name\":\"Redacci\u00f3n QP\",\"@id\":\"https:\\\/\\\/quehacerpolitico.mx\\\/#\\\/schema\\\/person\\\/496d8ad2d1d3f8036101dca7ee39e585\"},\"headline\":\"Ya se esperaba resultado negativo, dice AMLO sobre ca\u00edda de econom\u00eda\",\"datePublished\":\"2020-07-30T17:25:35+00:00\",\"mainEntityOfPage\":{\"@id\":\"https:\\\/\\\/quehacerpolitico.mx\\\/?p=61776\"},\"wordCount\":258,\"commentCount\":0,\"image\":{\"@id\":\"https:\\\/\\\/quehacerpolitico.mx\\\/?p=61776#primaryimage\"},\"thumbnailUrl\":\"https:\\\/\\\/quehacerpolitico.mx\\\/wp-content\\\/uploads\\\/2020\\\/07\\\/9D42A763-1639-4FCD-8D1E-66535D389A7A.jpeg\",\"articleSection\":[\"Econom\u00eda\"],\"inLanguage\":\"es\",\"potentialAction\":[{\"@type\":\"CommentAction\",\"name\":\"Comment\",\"target\":[\"https:\\\/\\\/quehacerpolitico.mx\\\/?p=61776#respond\"]}]},{\"@type\":\"WebPage\",\"@id\":\"https:\\\/\\\/quehacerpolitico.mx\\\/?p=61776\",\"url\":\"https:\\\/\\\/quehacerpolitico.mx\\\/?p=61776\",\"name\":\"Ya se esperaba resultado negativo, dice AMLO sobre ca\u00edda de econom\u00eda -\",\"isPartOf\":{\"@id\":\"https:\\\/\\\/quehacerpolitico.mx\\\/#website\"},\"primaryImageOfPage\":{\"@id\":\"https:\\\/\\\/quehacerpolitico.mx\\\/?p=61776#primaryimage\"},\"image\":{\"@id\":\"https:\\\/\\\/quehacerpolitico.mx\\\/?p=61776#primaryimage\"},\"thumbnailUrl\":\"https:\\\/\\\/quehacerpolitico.mx\\\/wp-content\\\/uploads\\\/2020\\\/07\\\/9D42A763-1639-4FCD-8D1E-66535D389A7A.jpeg\",\"datePublished\":\"2020-07-30T17:25:35+00:00\",\"author\":{\"@id\":\"https:\\\/\\\/quehacerpolitico.mx\\\/#\\\/schema\\\/person\\\/496d8ad2d1d3f8036101dca7ee39e585\"},\"breadcrumb\":{\"@id\":\"https:\\\/\\\/quehacerpolitico.mx\\\/?p=61776#breadcrumb\"},\"inLanguage\":\"es\",\"potentialAction\":[{\"@type\":\"ReadAction\",\"target\":[\"https:\\\/\\\/quehacerpolitico.mx\\\/?p=61776\"]}]},{\"@type\":\"ImageObject\",\"inLanguage\":\"es\",\"@id\":\"https:\\\/\\\/quehacerpolitico.mx\\\/?p=61776#primaryimage\",\"url\":\"https:\\\/\\\/quehacerpolitico.mx\\\/wp-content\\\/uploads\\\/2020\\\/07\\\/9D42A763-1639-4FCD-8D1E-66535D389A7A.jpeg\",\"contentUrl\":\"https:\\\/\\\/quehacerpolitico.mx\\\/wp-content\\\/uploads\\\/2020\\\/07\\\/9D42A763-1639-4FCD-8D1E-66535D389A7A.jpeg\",\"width\":1242,\"height\":672},{\"@type\":\"BreadcrumbList\",\"@id\":\"https:\\\/\\\/quehacerpolitico.mx\\\/?p=61776#breadcrumb\",\"itemListElement\":[{\"@type\":\"ListItem\",\"position\":1,\"name\":\"Inicio\",\"item\":\"https:\\\/\\\/quehacerpolitico.mx\\\/\"},{\"@type\":\"ListItem\",\"position\":2,\"name\":\"Ya se esperaba resultado negativo, dice AMLO sobre ca\u00edda de econom\u00eda\"}]},{\"@type\":\"WebSite\",\"@id\":\"https:\\\/\\\/quehacerpolitico.mx\\\/#website\",\"url\":\"https:\\\/\\\/quehacerpolitico.mx\\\/\",\"name\":\"\",\"description\":\"\",\"potentialAction\":[{\"@type\":\"SearchAction\",\"target\":{\"@type\":\"EntryPoint\",\"urlTemplate\":\"https:\\\/\\\/quehacerpolitico.mx\\\/?s={search_term_string}\"},\"query-input\":{\"@type\":\"PropertyValueSpecification\",\"valueRequired\":true,\"valueName\":\"search_term_string\"}}],\"inLanguage\":\"es\"},{\"@type\":\"Person\",\"@id\":\"https:\\\/\\\/quehacerpolitico.mx\\\/#\\\/schema\\\/person\\\/496d8ad2d1d3f8036101dca7ee39e585\",\"name\":\"Redacci\u00f3n QP\",\"image\":{\"@type\":\"ImageObject\",\"inLanguage\":\"es\",\"@id\":\"https:\\\/\\\/secure.gravatar.com\\\/avatar\\\/c7164ed6fdec453195284ad24a5ae5b6e1eed2b848477fa2a4787ba9adf39a41?s=96&d=mm&r=g\",\"url\":\"https:\\\/\\\/secure.gravatar.com\\\/avatar\\\/c7164ed6fdec453195284ad24a5ae5b6e1eed2b848477fa2a4787ba9adf39a41?s=96&d=mm&r=g\",\"contentUrl\":\"https:\\\/\\\/secure.gravatar.com\\\/avatar\\\/c7164ed6fdec453195284ad24a5ae5b6e1eed2b848477fa2a4787ba9adf39a41?s=96&d=mm&r=g\",\"caption\":\"Redacci\u00f3n QP\"},\"url\":\"https:\\\/\\\/quehacerpolitico.mx\\\/?author=2\"}]}<\/script>\n<!-- \/ Yoast SEO plugin. -->","yoast_head_json":{"title":"Ya se esperaba resultado negativo, dice AMLO sobre ca\u00edda de econom\u00eda -","robots":{"index":"index","follow":"follow","max-snippet":"max-snippet:-1","max-image-preview":"max-image-preview:large","max-video-preview":"max-video-preview:-1"},"canonical":"https:\/\/quehacerpolitico.mx\/?p=61776","og_locale":"es_MX","og_type":"article","og_title":"Ya se esperaba resultado negativo, dice AMLO sobre ca\u00edda de econom\u00eda -","og_description":"Ya se esperaba resultado negativo, dice AMLO sobre ca\u00edda de econom\u00eda Por Redacci\u00f3n QP Pero,...","og_url":"https:\/\/quehacerpolitico.mx\/?p=61776","article_published_time":"2020-07-30T17:25:35+00:00","og_image":[{"width":1242,"height":672,"url":"https:\/\/quehacerpolitico.mx\/wp-content\/uploads\/2020\/07\/9D42A763-1639-4FCD-8D1E-66535D389A7A.jpeg","type":"image\/jpeg"}],"author":"Redacci\u00f3n QP","twitter_card":"summary_large_image","twitter_misc":{"Escrito por":"Redacci\u00f3n QP","Tiempo de lectura":"1 minuto"},"schema":{"@context":"https:\/\/schema.org","@graph":[{"@type":"Article","@id":"https:\/\/quehacerpolitico.mx\/?p=61776#article","isPartOf":{"@id":"https:\/\/quehacerpolitico.mx\/?p=61776"},"author":{"name":"Redacci\u00f3n QP","@id":"https:\/\/quehacerpolitico.mx\/#\/schema\/person\/496d8ad2d1d3f8036101dca7ee39e585"},"headline":"Ya se esperaba resultado negativo, dice AMLO sobre ca\u00edda de econom\u00eda","datePublished":"2020-07-30T17:25:35+00:00","mainEntityOfPage":{"@id":"https:\/\/quehacerpolitico.mx\/?p=61776"},"wordCount":258,"commentCount":0,"image":{"@id":"https:\/\/quehacerpolitico.mx\/?p=61776#primaryimage"},"thumbnailUrl":"https:\/\/quehacerpolitico.mx\/wp-content\/uploads\/2020\/07\/9D42A763-1639-4FCD-8D1E-66535D389A7A.jpeg","articleSection":["Econom\u00eda"],"inLanguage":"es","potentialAction":[{"@type":"CommentAction","name":"Comment","target":["https:\/\/quehacerpolitico.mx\/?p=61776#respond"]}]},{"@type":"WebPage","@id":"https:\/\/quehacerpolitico.mx\/?p=61776","url":"https:\/\/quehacerpolitico.mx\/?p=61776","name":"Ya se esperaba resultado negativo, dice AMLO sobre ca\u00edda de econom\u00eda -","isPartOf":{"@id":"https:\/\/quehacerpolitico.mx\/#website"},"primaryImageOfPage":{"@id":"https:\/\/quehacerpolitico.mx\/?p=61776#primaryimage"},"image":{"@id":"https:\/\/quehacerpolitico.mx\/?p=61776#primaryimage"},"thumbnailUrl":"https:\/\/quehacerpolitico.mx\/wp-content\/uploads\/2020\/07\/9D42A763-1639-4FCD-8D1E-66535D389A7A.jpeg","datePublished":"2020-07-30T17:25:35+00:00","author":{"@id":"https:\/\/quehacerpolitico.mx\/#\/schema\/person\/496d8ad2d1d3f8036101dca7ee39e585"},"breadcrumb":{"@id":"https:\/\/quehacerpolitico.mx\/?p=61776#breadcrumb"},"inLanguage":"es","potentialAction":[{"@type":"ReadAction","target":["https:\/\/quehacerpolitico.mx\/?p=61776"]}]},{"@type":"ImageObject","inLanguage":"es","@id":"https:\/\/quehacerpolitico.mx\/?p=61776#primaryimage","url":"https:\/\/quehacerpolitico.mx\/wp-content\/uploads\/2020\/07\/9D42A763-1639-4FCD-8D1E-66535D389A7A.jpeg","contentUrl":"https:\/\/quehacerpolitico.mx\/wp-content\/uploads\/2020\/07\/9D42A763-1639-4FCD-8D1E-66535D389A7A.jpeg","width":1242,"height":672},{"@type":"BreadcrumbList","@id":"https:\/\/quehacerpolitico.mx\/?p=61776#breadcrumb","itemListElement":[{"@type":"ListItem","position":1,"name":"Inicio","item":"https:\/\/quehacerpolitico.mx\/"},{"@type":"ListItem","position":2,"name":"Ya se esperaba resultado negativo, dice AMLO sobre ca\u00edda de econom\u00eda"}]},{"@type":"WebSite","@id":"https:\/\/quehacerpolitico.mx\/#website","url":"https:\/\/quehacerpolitico.mx\/","name":"","description":"","potentialAction":[{"@type":"SearchAction","target":{"@type":"EntryPoint","urlTemplate":"https:\/\/quehacerpolitico.mx\/?s={search_term_string}"},"query-input":{"@type":"PropertyValueSpecification","valueRequired":true,"valueName":"search_term_string"}}],"inLanguage":"es"},{"@type":"Person","@id":"https:\/\/quehacerpolitico.mx\/#\/schema\/person\/496d8ad2d1d3f8036101dca7ee39e585","name":"Redacci\u00f3n QP","image":{"@type":"ImageObject","inLanguage":"es","@id":"https:\/\/secure.gravatar.com\/avatar\/c7164ed6fdec453195284ad24a5ae5b6e1eed2b848477fa2a4787ba9adf39a41?s=96&d=mm&r=g","url":"https:\/\/secure.gravatar.com\/avatar\/c7164ed6fdec453195284ad24a5ae5b6e1eed2b848477fa2a4787ba9adf39a41?s=96&d=mm&r=g","contentUrl":"https:\/\/secure.gravatar.com\/avatar\/c7164ed6fdec453195284ad24a5ae5b6e1eed2b848477fa2a4787ba9adf39a41?s=96&d=mm&r=g","caption":"Redacci\u00f3n QP"},"url":"https:\/\/quehacerpolitico.mx\/?author=2"}]}},"featured_image_urls":{"full":["https:\/\/quehacerpolitico.mx\/wp-content\/uploads\/2020\/07\/9D42A763-1639-4FCD-8D1E-66535D389A7A.jpeg",1242,672,false],"thumbnail":["https:\/\/quehacerpolitico.mx\/wp-content\/uploads\/2020\/07\/9D42A763-1639-4FCD-8D1E-66535D389A7A-150x150.jpeg",150,150,true],"medium":["https:\/\/quehacerpolitico.mx\/wp-content\/uploads\/2020\/07\/9D42A763-1639-4FCD-8D1E-66535D389A7A-300x162.jpeg",300,162,true],"medium_large":["https:\/\/quehacerpolitico.mx\/wp-content\/uploads\/2020\/07\/9D42A763-1639-4FCD-8D1E-66535D389A7A-768x416.jpeg",640,347,true],"large":["https:\/\/quehacerpolitico.mx\/wp-content\/uploads\/2020\/07\/9D42A763-1639-4FCD-8D1E-66535D389A7A-1024x554.jpeg",640,346,true],"1536x1536":["https:\/\/quehacerpolitico.mx\/wp-content\/uploads\/2020\/07\/9D42A763-1639-4FCD-8D1E-66535D389A7A.jpeg",1242,672,false],"2048x2048":["https:\/\/quehacerpolitico.mx\/wp-content\/uploads\/2020\/07\/9D42A763-1639-4FCD-8D1E-66535D389A7A.jpeg",1242,672,false],"covernews-featured":["https:\/\/quehacerpolitico.mx\/wp-content\/uploads\/2020\/07\/9D42A763-1639-4FCD-8D1E-66535D389A7A.jpeg",1024,554,false],"covernews-medium":["https:\/\/quehacerpolitico.mx\/wp-content\/uploads\/2020\/07\/9D42A763-1639-4FCD-8D1E-66535D389A7A.jpeg",540,292,false]},"author_info":{"display_name":"Redacci\u00f3n QP","author_link":"https:\/\/quehacerpolitico.mx\/?author=2"},"category_info":"<a href=\"https:\/\/quehacerpolitico.mx\/?cat=56\" rel=\"category\">Econom\u00eda<\/a>","tag_info":"Econom\u00eda","comment_count":"0","_links":{"self":[{"href":"https:\/\/quehacerpolitico.mx\/index.php?rest_route=\/wp\/v2\/posts\/61776","targetHints":{"allow":["GET"]}}],"collection":[{"href":"https:\/\/quehacerpolitico.mx\/index.php?rest_route=\/wp\/v2\/posts"}],"about":[{"href":"https:\/\/quehacerpolitico.mx\/index.php?rest_route=\/wp\/v2\/types\/post"}],"author":[{"embeddable":true,"href":"https:\/\/quehacerpolitico.mx\/index.php?rest_route=\/wp\/v2\/users\/2"}],"replies":[{"embeddable":true,"href":"https:\/\/quehacerpolitico.mx\/index.php?rest_route=%2Fwp%2Fv2%2Fcomments&post=61776"}],"version-history":[{"count":0,"href":"https:\/\/quehacerpolitico.mx\/index.php?rest_route=\/wp\/v2\/posts\/61776\/revisions"}],"wp:featuredmedia":[{"embeddable":true,"href":"https:\/\/quehacerpolitico.mx\/index.php?rest_route=\/wp\/v2\/media\/61777"}],"wp:attachment":[{"href":"https:\/\/quehacerpolitico.mx\/index.php?rest_route=%2Fwp%2Fv2%2Fmedia&parent=61776"}],"wp:term":[{"taxonomy":"category","embeddable":true,"href":"https:\/\/quehacerpolitico.mx\/index.php?rest_route=%2Fwp%2Fv2%2Fcategories&post=61776"},{"taxonomy":"post_tag","embeddable":true,"href":"https:\/\/quehacerpolitico.mx\/index.php?rest_route=%2Fwp%2Fv2%2Ftags&post=61776"}],"curies":[{"name":"wp","href":"https:\/\/api.w.org\/{rel}","templated":true}]}}