{"id":60879,"date":"2020-07-19T21:45:09","date_gmt":"2020-07-20T02:45:09","guid":{"rendered":"http:\/\/quehacerpolitico.mx\/?p=60879"},"modified":"2020-07-19T21:45:09","modified_gmt":"2020-07-20T02:45:09","slug":"a-partir-del-3-de-agostoel-ine-inicia-reapertura-de-modulos-de-atencion","status":"publish","type":"post","link":"https:\/\/quehacerpolitico.mx\/?p=60879","title":{"rendered":"A partir del 3 de agosto,el INE inicia reapertura de m\u00f3dulos de atenci\u00f3n"},"content":{"rendered":"<h1 class=\"news-title\">A partir del 3 de agosto,el INE inicia reapertura de m\u00f3dulos de atenci\u00f3n<br \/>\nPor Redacci\u00f3n QP<\/h1>\n<div class=\"news-subtitle\">\n<p>Informan que la reapertura se har\u00e1 en dos etapas, en las cuales ser\u00e1 fundamental que la ciudadan\u00eda realice previamente la cita para su tr\u00e1mite<\/p>\n<\/div>\n<div class=\"social-share-box normal\">\n<p>El Instituto Nacional Electoral (INE) inform\u00f3 que a partir del lunes 3 de agosto iniciar\u00e1 con la apertura gradual de los M\u00f3dulos de Atenci\u00f3n Ciudadana, para reanudar de forma gradual los servicios que brinda a la ciudadan\u00eda.<\/p>\n<p><strong>Detall\u00f3 que la reapertura se har\u00e1 en dos etapas, en las cuales ser\u00e1 fundamental que la ciudadan\u00eda realice previamente la cita para su tr\u00e1mite.<\/strong><\/p>\n<p>En la primera etapa, que ser\u00e1 el 3 de agosto, se abrir\u00e1n 377 de los 487 m\u00f3dulos fijos con los que cuenta el INE, y se brindar\u00e1 atenci\u00f3n exclusivamente a las y los ciudadanos que tramitaron su credencial para votar y que por las condiciones de la emergencia sanitaria no pudieron recogerla.<\/p>\n<p>Para el caso de las credenciales de las y los ciudadanos que realizaron su tr\u00e1mite en un M\u00f3dulo M\u00f3vil, estar\u00e1n disponibles en el M\u00f3dulo Fijo m\u00e1s cercano a su localidad y para conocer la direcci\u00f3n espec\u00edfica donde deben recoger su credencial y hacer su cita, deber\u00e1n llamar a INETEL (<a href=\"tel:800 433 2000\">800 433 2000<\/a>).<\/p>\n<p><strong>Para la segunda etapa, que iniciar\u00e1 el lunes 17 de agosto, <\/strong>se abrir\u00e1 el total de m\u00f3dulos fijos (487) para que, de manera adicional al tr\u00e1mite de entrega de credenciales, las personas mayores de 18 a\u00f1os puedan agendar una cita para tramitar su Credencial por primera vez, realizar un cambio de domicilio o actualizaci\u00f3n de datos y renovar su mica por extrav\u00edo, robo o p\u00e9rdida de vigencia.<\/p>\n<p><strong>El Instituto destac\u00f3 que en ning\u00fan caso se llevar\u00e1 a cabo el tr\u00e1mite sin cita previa.<\/strong><\/p>\n<h3>Protocolo obligatorio<\/h3>\n<p>Para acudir al m\u00f3dulo es necesario:<br \/>\n-Portar el cubrebocas en todo momento.<br \/>\n-Permitir la toma de temperatura y la aplicaci\u00f3n de gel antibacterial al ingresar al m\u00f3dulo.<br \/>\n-Acudir sin compa\u00f1\u00eda, a menos que la persona requiera de asistencia.<br \/>\n-Adem\u00e1s, no se te permitir\u00e1 la entrada a los M\u00f3dulos de Atenci\u00f3n Ciudadana a personas que presenten alg\u00fan s\u00edntoma de enfermedad, sin cubrebocas o sin cita.<br \/>\n-Para evitar contagios, no habr\u00e1 salas de espera en los M\u00f3dulos, por lo que las y los ciudadanos que acudan a realizar su tr\u00e1mite, deber\u00e1n llegar puntual a la hora de su cita.<\/p>\n<h3>Protocolo para personal de los m\u00f3dulos:<\/h3>\n<p>-Todo el personal contar\u00e1 con cubre bocas.<br \/>\n-Las estaciones de trabajo han sido habilitadas con acr\u00edlicos.<br \/>\n-Al concluir cada atenci\u00f3n se limpiar\u00e1n los equipos y dispositivos.<br \/>\n-Sanitizaci\u00f3n de los espacios de m\u00f3dulos antes del reinicio de las actividades.<br \/>\n-Carteles y se\u00f1alizaci\u00f3n para dar a conocer a la ciudadan\u00eda las disposiciones sanitarias.<br \/>\n-El personal de m\u00f3dulos que se encuentre dentro de los denominados Grupos Vulnerables de Riesgo no se incorporar\u00e1 en este momento.<br \/>\nPara conocer la fecha de apertura del m\u00f3dulo que corresponde a la direcci\u00f3n de las y los ciudadanos, el Instituto pone a su disposici\u00f3n el sistema de ubicaci\u00f3n de m\u00f3dulos, el cual puede ser consultado en <a href=\"https:\/\/www.ine.mx\/\" target=\"_blank\" rel=\"noopener\"><strong>ine.mx<\/strong><\/a>.<\/p>\n<p>Con informaci\u00f3n de SUN<\/p>\n<\/div>\n","protected":false},"excerpt":{"rendered":"<p>A partir del 3 de agosto,el INE inicia reapertura de m\u00f3dulos de atenci\u00f3n Por Redacci\u00f3n&#8230;<\/p>\n","protected":false},"author":2,"featured_media":60880,"comment_status":"open","ping_status":"open","sticky":false,"template":"","format":"standard","meta":{"_monsterinsights_skip_tracking":false,"_monsterinsights_sitenote_active":false,"_monsterinsights_sitenote_note":"","_monsterinsights_sitenote_category":0,"footnotes":""},"categories":[2],"tags":[],"class_list":["post-60879","post","type-post","status-publish","format-standard","has-post-thumbnail","hentry","category-noticias"],"yoast_head":"<!-- This site is optimized with the Yoast SEO plugin v27.3 - https:\/\/yoast.com\/product\/yoast-seo-wordpress\/ -->\n<title>A partir del 3 de agosto,el INE inicia reapertura de m\u00f3dulos de atenci\u00f3n -<\/title>\n<meta name=\"robots\" content=\"index, follow, max-snippet:-1, max-image-preview:large, max-video-preview:-1\" \/>\n<link rel=\"canonical\" href=\"https:\/\/quehacerpolitico.mx\/?p=60879\" \/>\n<meta property=\"og:locale\" content=\"es_MX\" \/>\n<meta property=\"og:type\" content=\"article\" \/>\n<meta property=\"og:title\" content=\"A partir del 3 de agosto,el INE inicia reapertura de m\u00f3dulos de atenci\u00f3n -\" \/>\n<meta property=\"og:description\" content=\"A partir del 3 de agosto,el INE inicia reapertura de m\u00f3dulos de atenci\u00f3n Por Redacci\u00f3n...\" \/>\n<meta property=\"og:url\" content=\"https:\/\/quehacerpolitico.mx\/?p=60879\" \/>\n<meta property=\"article:published_time\" content=\"2020-07-20T02:45:09+00:00\" \/>\n<meta property=\"og:image\" content=\"https:\/\/quehacerpolitico.mx\/wp-content\/uploads\/2020\/07\/DA679BB5-0F52-43D8-8A6B-92117EC0AFED.jpeg\" \/>\n\t<meta property=\"og:image:width\" content=\"320\" \/>\n\t<meta property=\"og:image:height\" content=\"305\" \/>\n\t<meta property=\"og:image:type\" content=\"image\/jpeg\" \/>\n<meta name=\"author\" content=\"Redacci\u00f3n QP\" \/>\n<meta name=\"twitter:card\" content=\"summary_large_image\" \/>\n<meta name=\"twitter:label1\" content=\"Escrito por\" \/>\n\t<meta name=\"twitter:data1\" content=\"Redacci\u00f3n QP\" \/>\n\t<meta name=\"twitter:label2\" content=\"Tiempo de lectura\" \/>\n\t<meta name=\"twitter:data2\" content=\"3 minutos\" \/>\n<script type=\"application\/ld+json\" class=\"yoast-schema-graph\">{\"@context\":\"https:\\\/\\\/schema.org\",\"@graph\":[{\"@type\":\"Article\",\"@id\":\"https:\\\/\\\/quehacerpolitico.mx\\\/?p=60879#article\",\"isPartOf\":{\"@id\":\"https:\\\/\\\/quehacerpolitico.mx\\\/?p=60879\"},\"author\":{\"name\":\"Redacci\u00f3n QP\",\"@id\":\"https:\\\/\\\/quehacerpolitico.mx\\\/#\\\/schema\\\/person\\\/496d8ad2d1d3f8036101dca7ee39e585\"},\"headline\":\"A partir del 3 de agosto,el INE inicia reapertura de m\u00f3dulos de atenci\u00f3n\",\"datePublished\":\"2020-07-20T02:45:09+00:00\",\"mainEntityOfPage\":{\"@id\":\"https:\\\/\\\/quehacerpolitico.mx\\\/?p=60879\"},\"wordCount\":570,\"commentCount\":0,\"image\":{\"@id\":\"https:\\\/\\\/quehacerpolitico.mx\\\/?p=60879#primaryimage\"},\"thumbnailUrl\":\"https:\\\/\\\/quehacerpolitico.mx\\\/wp-content\\\/uploads\\\/2020\\\/07\\\/DA679BB5-0F52-43D8-8A6B-92117EC0AFED.jpeg\",\"articleSection\":[\"Noticias\"],\"inLanguage\":\"es\",\"potentialAction\":[{\"@type\":\"CommentAction\",\"name\":\"Comment\",\"target\":[\"https:\\\/\\\/quehacerpolitico.mx\\\/?p=60879#respond\"]}]},{\"@type\":\"WebPage\",\"@id\":\"https:\\\/\\\/quehacerpolitico.mx\\\/?p=60879\",\"url\":\"https:\\\/\\\/quehacerpolitico.mx\\\/?p=60879\",\"name\":\"A partir del 3 de agosto,el INE inicia reapertura de m\u00f3dulos de atenci\u00f3n -\",\"isPartOf\":{\"@id\":\"https:\\\/\\\/quehacerpolitico.mx\\\/#website\"},\"primaryImageOfPage\":{\"@id\":\"https:\\\/\\\/quehacerpolitico.mx\\\/?p=60879#primaryimage\"},\"image\":{\"@id\":\"https:\\\/\\\/quehacerpolitico.mx\\\/?p=60879#primaryimage\"},\"thumbnailUrl\":\"https:\\\/\\\/quehacerpolitico.mx\\\/wp-content\\\/uploads\\\/2020\\\/07\\\/DA679BB5-0F52-43D8-8A6B-92117EC0AFED.jpeg\",\"datePublished\":\"2020-07-20T02:45:09+00:00\",\"author\":{\"@id\":\"https:\\\/\\\/quehacerpolitico.mx\\\/#\\\/schema\\\/person\\\/496d8ad2d1d3f8036101dca7ee39e585\"},\"breadcrumb\":{\"@id\":\"https:\\\/\\\/quehacerpolitico.mx\\\/?p=60879#breadcrumb\"},\"inLanguage\":\"es\",\"potentialAction\":[{\"@type\":\"ReadAction\",\"target\":[\"https:\\\/\\\/quehacerpolitico.mx\\\/?p=60879\"]}]},{\"@type\":\"ImageObject\",\"inLanguage\":\"es\",\"@id\":\"https:\\\/\\\/quehacerpolitico.mx\\\/?p=60879#primaryimage\",\"url\":\"https:\\\/\\\/quehacerpolitico.mx\\\/wp-content\\\/uploads\\\/2020\\\/07\\\/DA679BB5-0F52-43D8-8A6B-92117EC0AFED.jpeg\",\"contentUrl\":\"https:\\\/\\\/quehacerpolitico.mx\\\/wp-content\\\/uploads\\\/2020\\\/07\\\/DA679BB5-0F52-43D8-8A6B-92117EC0AFED.jpeg\",\"width\":320,\"height\":305},{\"@type\":\"BreadcrumbList\",\"@id\":\"https:\\\/\\\/quehacerpolitico.mx\\\/?p=60879#breadcrumb\",\"itemListElement\":[{\"@type\":\"ListItem\",\"position\":1,\"name\":\"Inicio\",\"item\":\"https:\\\/\\\/quehacerpolitico.mx\\\/\"},{\"@type\":\"ListItem\",\"position\":2,\"name\":\"A partir del 3 de agosto,el INE inicia reapertura de m\u00f3dulos de atenci\u00f3n\"}]},{\"@type\":\"WebSite\",\"@id\":\"https:\\\/\\\/quehacerpolitico.mx\\\/#website\",\"url\":\"https:\\\/\\\/quehacerpolitico.mx\\\/\",\"name\":\"\",\"description\":\"\",\"potentialAction\":[{\"@type\":\"SearchAction\",\"target\":{\"@type\":\"EntryPoint\",\"urlTemplate\":\"https:\\\/\\\/quehacerpolitico.mx\\\/?s={search_term_string}\"},\"query-input\":{\"@type\":\"PropertyValueSpecification\",\"valueRequired\":true,\"valueName\":\"search_term_string\"}}],\"inLanguage\":\"es\"},{\"@type\":\"Person\",\"@id\":\"https:\\\/\\\/quehacerpolitico.mx\\\/#\\\/schema\\\/person\\\/496d8ad2d1d3f8036101dca7ee39e585\",\"name\":\"Redacci\u00f3n QP\",\"image\":{\"@type\":\"ImageObject\",\"inLanguage\":\"es\",\"@id\":\"https:\\\/\\\/secure.gravatar.com\\\/avatar\\\/c7164ed6fdec453195284ad24a5ae5b6e1eed2b848477fa2a4787ba9adf39a41?s=96&d=mm&r=g\",\"url\":\"https:\\\/\\\/secure.gravatar.com\\\/avatar\\\/c7164ed6fdec453195284ad24a5ae5b6e1eed2b848477fa2a4787ba9adf39a41?s=96&d=mm&r=g\",\"contentUrl\":\"https:\\\/\\\/secure.gravatar.com\\\/avatar\\\/c7164ed6fdec453195284ad24a5ae5b6e1eed2b848477fa2a4787ba9adf39a41?s=96&d=mm&r=g\",\"caption\":\"Redacci\u00f3n QP\"},\"url\":\"https:\\\/\\\/quehacerpolitico.mx\\\/?author=2\"}]}<\/script>\n<!-- \/ Yoast SEO plugin. -->","yoast_head_json":{"title":"A partir del 3 de agosto,el INE inicia reapertura de m\u00f3dulos de atenci\u00f3n -","robots":{"index":"index","follow":"follow","max-snippet":"max-snippet:-1","max-image-preview":"max-image-preview:large","max-video-preview":"max-video-preview:-1"},"canonical":"https:\/\/quehacerpolitico.mx\/?p=60879","og_locale":"es_MX","og_type":"article","og_title":"A partir del 3 de agosto,el INE inicia reapertura de m\u00f3dulos de atenci\u00f3n -","og_description":"A partir del 3 de agosto,el INE inicia reapertura de m\u00f3dulos de atenci\u00f3n Por Redacci\u00f3n...","og_url":"https:\/\/quehacerpolitico.mx\/?p=60879","article_published_time":"2020-07-20T02:45:09+00:00","og_image":[{"width":320,"height":305,"url":"https:\/\/quehacerpolitico.mx\/wp-content\/uploads\/2020\/07\/DA679BB5-0F52-43D8-8A6B-92117EC0AFED.jpeg","type":"image\/jpeg"}],"author":"Redacci\u00f3n QP","twitter_card":"summary_large_image","twitter_misc":{"Escrito por":"Redacci\u00f3n QP","Tiempo de lectura":"3 minutos"},"schema":{"@context":"https:\/\/schema.org","@graph":[{"@type":"Article","@id":"https:\/\/quehacerpolitico.mx\/?p=60879#article","isPartOf":{"@id":"https:\/\/quehacerpolitico.mx\/?p=60879"},"author":{"name":"Redacci\u00f3n QP","@id":"https:\/\/quehacerpolitico.mx\/#\/schema\/person\/496d8ad2d1d3f8036101dca7ee39e585"},"headline":"A partir del 3 de agosto,el INE inicia reapertura de m\u00f3dulos de atenci\u00f3n","datePublished":"2020-07-20T02:45:09+00:00","mainEntityOfPage":{"@id":"https:\/\/quehacerpolitico.mx\/?p=60879"},"wordCount":570,"commentCount":0,"image":{"@id":"https:\/\/quehacerpolitico.mx\/?p=60879#primaryimage"},"thumbnailUrl":"https:\/\/quehacerpolitico.mx\/wp-content\/uploads\/2020\/07\/DA679BB5-0F52-43D8-8A6B-92117EC0AFED.jpeg","articleSection":["Noticias"],"inLanguage":"es","potentialAction":[{"@type":"CommentAction","name":"Comment","target":["https:\/\/quehacerpolitico.mx\/?p=60879#respond"]}]},{"@type":"WebPage","@id":"https:\/\/quehacerpolitico.mx\/?p=60879","url":"https:\/\/quehacerpolitico.mx\/?p=60879","name":"A partir del 3 de agosto,el INE inicia reapertura de m\u00f3dulos de atenci\u00f3n -","isPartOf":{"@id":"https:\/\/quehacerpolitico.mx\/#website"},"primaryImageOfPage":{"@id":"https:\/\/quehacerpolitico.mx\/?p=60879#primaryimage"},"image":{"@id":"https:\/\/quehacerpolitico.mx\/?p=60879#primaryimage"},"thumbnailUrl":"https:\/\/quehacerpolitico.mx\/wp-content\/uploads\/2020\/07\/DA679BB5-0F52-43D8-8A6B-92117EC0AFED.jpeg","datePublished":"2020-07-20T02:45:09+00:00","author":{"@id":"https:\/\/quehacerpolitico.mx\/#\/schema\/person\/496d8ad2d1d3f8036101dca7ee39e585"},"breadcrumb":{"@id":"https:\/\/quehacerpolitico.mx\/?p=60879#breadcrumb"},"inLanguage":"es","potentialAction":[{"@type":"ReadAction","target":["https:\/\/quehacerpolitico.mx\/?p=60879"]}]},{"@type":"ImageObject","inLanguage":"es","@id":"https:\/\/quehacerpolitico.mx\/?p=60879#primaryimage","url":"https:\/\/quehacerpolitico.mx\/wp-content\/uploads\/2020\/07\/DA679BB5-0F52-43D8-8A6B-92117EC0AFED.jpeg","contentUrl":"https:\/\/quehacerpolitico.mx\/wp-content\/uploads\/2020\/07\/DA679BB5-0F52-43D8-8A6B-92117EC0AFED.jpeg","width":320,"height":305},{"@type":"BreadcrumbList","@id":"https:\/\/quehacerpolitico.mx\/?p=60879#breadcrumb","itemListElement":[{"@type":"ListItem","position":1,"name":"Inicio","item":"https:\/\/quehacerpolitico.mx\/"},{"@type":"ListItem","position":2,"name":"A partir del 3 de agosto,el INE inicia reapertura de m\u00f3dulos de atenci\u00f3n"}]},{"@type":"WebSite","@id":"https:\/\/quehacerpolitico.mx\/#website","url":"https:\/\/quehacerpolitico.mx\/","name":"","description":"","potentialAction":[{"@type":"SearchAction","target":{"@type":"EntryPoint","urlTemplate":"https:\/\/quehacerpolitico.mx\/?s={search_term_string}"},"query-input":{"@type":"PropertyValueSpecification","valueRequired":true,"valueName":"search_term_string"}}],"inLanguage":"es"},{"@type":"Person","@id":"https:\/\/quehacerpolitico.mx\/#\/schema\/person\/496d8ad2d1d3f8036101dca7ee39e585","name":"Redacci\u00f3n QP","image":{"@type":"ImageObject","inLanguage":"es","@id":"https:\/\/secure.gravatar.com\/avatar\/c7164ed6fdec453195284ad24a5ae5b6e1eed2b848477fa2a4787ba9adf39a41?s=96&d=mm&r=g","url":"https:\/\/secure.gravatar.com\/avatar\/c7164ed6fdec453195284ad24a5ae5b6e1eed2b848477fa2a4787ba9adf39a41?s=96&d=mm&r=g","contentUrl":"https:\/\/secure.gravatar.com\/avatar\/c7164ed6fdec453195284ad24a5ae5b6e1eed2b848477fa2a4787ba9adf39a41?s=96&d=mm&r=g","caption":"Redacci\u00f3n QP"},"url":"https:\/\/quehacerpolitico.mx\/?author=2"}]}},"featured_image_urls":{"full":["https:\/\/quehacerpolitico.mx\/wp-content\/uploads\/2020\/07\/DA679BB5-0F52-43D8-8A6B-92117EC0AFED.jpeg",320,305,false],"thumbnail":["https:\/\/quehacerpolitico.mx\/wp-content\/uploads\/2020\/07\/DA679BB5-0F52-43D8-8A6B-92117EC0AFED-150x150.jpeg",150,150,true],"medium":["https:\/\/quehacerpolitico.mx\/wp-content\/uploads\/2020\/07\/DA679BB5-0F52-43D8-8A6B-92117EC0AFED-300x286.jpeg",300,286,true],"medium_large":["https:\/\/quehacerpolitico.mx\/wp-content\/uploads\/2020\/07\/DA679BB5-0F52-43D8-8A6B-92117EC0AFED.jpeg",320,305,false],"large":["https:\/\/quehacerpolitico.mx\/wp-content\/uploads\/2020\/07\/DA679BB5-0F52-43D8-8A6B-92117EC0AFED.jpeg",320,305,false],"1536x1536":["https:\/\/quehacerpolitico.mx\/wp-content\/uploads\/2020\/07\/DA679BB5-0F52-43D8-8A6B-92117EC0AFED.jpeg",320,305,false],"2048x2048":["https:\/\/quehacerpolitico.mx\/wp-content\/uploads\/2020\/07\/DA679BB5-0F52-43D8-8A6B-92117EC0AFED.jpeg",320,305,false],"covernews-featured":["https:\/\/quehacerpolitico.mx\/wp-content\/uploads\/2020\/07\/DA679BB5-0F52-43D8-8A6B-92117EC0AFED.jpeg",320,305,false],"covernews-medium":["https:\/\/quehacerpolitico.mx\/wp-content\/uploads\/2020\/07\/DA679BB5-0F52-43D8-8A6B-92117EC0AFED.jpeg",320,305,false]},"author_info":{"display_name":"Redacci\u00f3n QP","author_link":"https:\/\/quehacerpolitico.mx\/?author=2"},"category_info":"<a href=\"https:\/\/quehacerpolitico.mx\/?cat=2\" rel=\"category\">Noticias<\/a>","tag_info":"Noticias","comment_count":"0","_links":{"self":[{"href":"https:\/\/quehacerpolitico.mx\/index.php?rest_route=\/wp\/v2\/posts\/60879","targetHints":{"allow":["GET"]}}],"collection":[{"href":"https:\/\/quehacerpolitico.mx\/index.php?rest_route=\/wp\/v2\/posts"}],"about":[{"href":"https:\/\/quehacerpolitico.mx\/index.php?rest_route=\/wp\/v2\/types\/post"}],"author":[{"embeddable":true,"href":"https:\/\/quehacerpolitico.mx\/index.php?rest_route=\/wp\/v2\/users\/2"}],"replies":[{"embeddable":true,"href":"https:\/\/quehacerpolitico.mx\/index.php?rest_route=%2Fwp%2Fv2%2Fcomments&post=60879"}],"version-history":[{"count":0,"href":"https:\/\/quehacerpolitico.mx\/index.php?rest_route=\/wp\/v2\/posts\/60879\/revisions"}],"wp:featuredmedia":[{"embeddable":true,"href":"https:\/\/quehacerpolitico.mx\/index.php?rest_route=\/wp\/v2\/media\/60880"}],"wp:attachment":[{"href":"https:\/\/quehacerpolitico.mx\/index.php?rest_route=%2Fwp%2Fv2%2Fmedia&parent=60879"}],"wp:term":[{"taxonomy":"category","embeddable":true,"href":"https:\/\/quehacerpolitico.mx\/index.php?rest_route=%2Fwp%2Fv2%2Fcategories&post=60879"},{"taxonomy":"post_tag","embeddable":true,"href":"https:\/\/quehacerpolitico.mx\/index.php?rest_route=%2Fwp%2Fv2%2Ftags&post=60879"}],"curies":[{"name":"wp","href":"https:\/\/api.w.org\/{rel}","templated":true}]}}