{"id":60654,"date":"2020-07-16T12:47:54","date_gmt":"2020-07-16T17:47:54","guid":{"rendered":"http:\/\/quehacerpolitico.mx\/?p=60654"},"modified":"2020-07-16T12:47:54","modified_gmt":"2020-07-16T17:47:54","slug":"williams-confirma-a-russell-y-latifi-para-2021","status":"publish","type":"post","link":"https:\/\/quehacerpolitico.mx\/?p=60654","title":{"rendered":"Williams confirma a Russell y Latifi para 2021"},"content":{"rendered":"<h1 class=\"news-title\">Williams confirma a Russell y Latifi para 2021<br \/>\nPor Redacci\u00f3n QP<\/h1>\n<p>El equipo\u00a0confirma\u00a0tener &#8221;ganas de ver a los dos pilotos continuar trabajando con el equipo el pr\u00f3ximo a\u00f1o&#8221;<\/p>\n<p>El brit\u00e1nico <strong>George Russell<\/strong> y el canadiense <strong>Nicholas Latifi<\/strong> seguir\u00e1n en Williams\u00a0la pr\u00f3xima temporada, anunciaron este jueves los pilotos y la escuder\u00eda, al margen del Gran Premio de Hungr\u00eda de F\u00f3rmula 1.<\/p>\n<p><strong>&#8220;Seguir\u00e9 en Williams en 2021&#8221;, se\u00f1al\u00f3 Russell en una rueda de prensa desde el Hungaroring de Budapest.<\/strong> El contrato del brit\u00e1nico de 22 a\u00f1os iba hasta finales de 2021, pero como miembro de la filial Mercedes, podr\u00eda ser ascendido al constructor antes de esa fecha.<\/p>\n<p>&#8220;Claire (Williams, la dirigente de la escuder\u00eda) no estaba dispuesta a dejarme partir&#8221;, explic\u00f3 Russell.<\/p>\n<p>Su continuaci\u00f3n en Williams deja pensar que Mercedes conservar\u00e1 tambi\u00e9n a su d\u00fao de pilotos, el brit\u00e1nico Lewis Hamilton y el finland\u00e9s Valtteri Bottas, el a\u00f1o pr\u00f3ximo.<\/p>\n<blockquote class=\"twitter-tweet\" data-width=\"550\" data-dnt=\"true\">\n<p lang=\"en\" dir=\"ltr\">Nothing like opening media day with some big news \ud83d\uddde\ufe0f<a href=\"https:\/\/twitter.com\/hashtag\/GR63?src=hash&amp;ref_src=twsrc%5Etfw\">#GR63<\/a> &amp; <a href=\"https:\/\/twitter.com\/hashtag\/NL6?src=hash&amp;ref_src=twsrc%5Etfw\">#NL6<\/a> will be lining up for the team again in 2021 \ud83d\ude4c <a href=\"https:\/\/twitter.com\/hashtag\/HungarianGP?src=hash&amp;ref_src=twsrc%5Etfw\">#HungarianGP<\/a> \ud83c\udded\ud83c\uddfa | <a href=\"https:\/\/twitter.com\/hashtag\/WeAreWilliams?src=hash&amp;ref_src=twsrc%5Etfw\">#WeAreWilliams<\/a> \ud83d\udc99 <a href=\"https:\/\/t.co\/6cwr31ifiR\">pic.twitter.com\/6cwr31ifiR<\/a><\/p>\n<p>&mdash; Williams Racing (@WilliamsRacing) <a href=\"https:\/\/twitter.com\/WilliamsRacing\/status\/1283742533936447488?ref_src=twsrc%5Etfw\">July 16, 2020<\/a><\/p><\/blockquote>\n<p><script async src=\"https:\/\/platform.twitter.com\/widgets.js\" charset=\"utf-8\"><\/script><\/p>\n<p>Interrogado sobre su futuro, <strong>Latifi, que debuta en F1 esta temporada a sus 25 a\u00f1os y disputa este fin de semana su tercer gran premio, afirm\u00f3 disponer de un &#8220;contrato de varios a\u00f1os&#8221;.<\/strong><\/p>\n<p><strong>Tras esta rueda de prensa, Williams confirm\u00f3 en Twitter tener &#8220;ganas de ver a los dos pilotos continuar trabajando con el equipo el pr\u00f3ximo a\u00f1o&#8221;.<\/strong><\/p>\n<p>La temporada de 2020 de F1 comenz\u00f3 el 5 de julio en Austria, a puerta cerrada y con m\u00e1s de tres meses de retraso debido a la pandemia del nuevo coronavirus. El Gran Premio des Hungr\u00eda,\u00a0el domingo, ser\u00e1 la tercera manga de la temporada.<\/p>\n<p>Con informaci\u00f3n de AFP<\/p>\n","protected":false},"excerpt":{"rendered":"<p>Williams confirma a Russell y Latifi para 2021 Por Redacci\u00f3n QP El equipo\u00a0confirma\u00a0tener &#8221;ganas de&#8230;<\/p>\n","protected":false},"author":2,"featured_media":60656,"comment_status":"open","ping_status":"open","sticky":false,"template":"","format":"standard","meta":{"_monsterinsights_skip_tracking":false,"_monsterinsights_sitenote_active":false,"_monsterinsights_sitenote_note":"","_monsterinsights_sitenote_category":0,"footnotes":""},"categories":[54],"tags":[],"class_list":["post-60654","post","type-post","status-publish","format-standard","has-post-thumbnail","hentry","category-deportes"],"yoast_head":"<!-- This site is optimized with the Yoast SEO plugin v27.3 - https:\/\/yoast.com\/product\/yoast-seo-wordpress\/ -->\n<title>Williams confirma a Russell y Latifi para 2021 -<\/title>\n<meta name=\"robots\" content=\"index, follow, max-snippet:-1, max-image-preview:large, max-video-preview:-1\" \/>\n<link rel=\"canonical\" href=\"https:\/\/quehacerpolitico.mx\/?p=60654\" \/>\n<meta property=\"og:locale\" content=\"es_MX\" \/>\n<meta property=\"og:type\" content=\"article\" \/>\n<meta property=\"og:title\" content=\"Williams confirma a Russell y Latifi para 2021 -\" \/>\n<meta property=\"og:description\" content=\"Williams confirma a Russell y Latifi para 2021 Por Redacci\u00f3n QP El equipo\u00a0confirma\u00a0tener &#8221;ganas de...\" \/>\n<meta property=\"og:url\" content=\"https:\/\/quehacerpolitico.mx\/?p=60654\" \/>\n<meta property=\"article:published_time\" content=\"2020-07-16T17:47:54+00:00\" \/>\n<meta property=\"og:image\" content=\"https:\/\/quehacerpolitico.mx\/wp-content\/uploads\/2020\/07\/E9F47827-F47D-43FA-97CD-B4855C414B78.jpeg\" \/>\n\t<meta property=\"og:image:width\" content=\"320\" \/>\n\t<meta property=\"og:image:height\" content=\"305\" \/>\n\t<meta property=\"og:image:type\" content=\"image\/jpeg\" \/>\n<meta name=\"author\" content=\"Redacci\u00f3n QP\" \/>\n<meta name=\"twitter:card\" content=\"summary_large_image\" \/>\n<meta name=\"twitter:label1\" content=\"Escrito por\" \/>\n\t<meta name=\"twitter:data1\" content=\"Redacci\u00f3n QP\" \/>\n\t<meta name=\"twitter:label2\" content=\"Tiempo de lectura\" \/>\n\t<meta name=\"twitter:data2\" content=\"1 minuto\" \/>\n<script type=\"application\/ld+json\" class=\"yoast-schema-graph\">{\"@context\":\"https:\\\/\\\/schema.org\",\"@graph\":[{\"@type\":\"Article\",\"@id\":\"https:\\\/\\\/quehacerpolitico.mx\\\/?p=60654#article\",\"isPartOf\":{\"@id\":\"https:\\\/\\\/quehacerpolitico.mx\\\/?p=60654\"},\"author\":{\"name\":\"Redacci\u00f3n QP\",\"@id\":\"https:\\\/\\\/quehacerpolitico.mx\\\/#\\\/schema\\\/person\\\/496d8ad2d1d3f8036101dca7ee39e585\"},\"headline\":\"Williams confirma a Russell y Latifi para 2021\",\"datePublished\":\"2020-07-16T17:47:54+00:00\",\"mainEntityOfPage\":{\"@id\":\"https:\\\/\\\/quehacerpolitico.mx\\\/?p=60654\"},\"wordCount\":290,\"commentCount\":0,\"image\":{\"@id\":\"https:\\\/\\\/quehacerpolitico.mx\\\/?p=60654#primaryimage\"},\"thumbnailUrl\":\"https:\\\/\\\/quehacerpolitico.mx\\\/wp-content\\\/uploads\\\/2020\\\/07\\\/E9F47827-F47D-43FA-97CD-B4855C414B78.jpeg\",\"articleSection\":[\"Deportes\"],\"inLanguage\":\"es\",\"potentialAction\":[{\"@type\":\"CommentAction\",\"name\":\"Comment\",\"target\":[\"https:\\\/\\\/quehacerpolitico.mx\\\/?p=60654#respond\"]}]},{\"@type\":\"WebPage\",\"@id\":\"https:\\\/\\\/quehacerpolitico.mx\\\/?p=60654\",\"url\":\"https:\\\/\\\/quehacerpolitico.mx\\\/?p=60654\",\"name\":\"Williams confirma a Russell y Latifi para 2021 -\",\"isPartOf\":{\"@id\":\"https:\\\/\\\/quehacerpolitico.mx\\\/#website\"},\"primaryImageOfPage\":{\"@id\":\"https:\\\/\\\/quehacerpolitico.mx\\\/?p=60654#primaryimage\"},\"image\":{\"@id\":\"https:\\\/\\\/quehacerpolitico.mx\\\/?p=60654#primaryimage\"},\"thumbnailUrl\":\"https:\\\/\\\/quehacerpolitico.mx\\\/wp-content\\\/uploads\\\/2020\\\/07\\\/E9F47827-F47D-43FA-97CD-B4855C414B78.jpeg\",\"datePublished\":\"2020-07-16T17:47:54+00:00\",\"author\":{\"@id\":\"https:\\\/\\\/quehacerpolitico.mx\\\/#\\\/schema\\\/person\\\/496d8ad2d1d3f8036101dca7ee39e585\"},\"breadcrumb\":{\"@id\":\"https:\\\/\\\/quehacerpolitico.mx\\\/?p=60654#breadcrumb\"},\"inLanguage\":\"es\",\"potentialAction\":[{\"@type\":\"ReadAction\",\"target\":[\"https:\\\/\\\/quehacerpolitico.mx\\\/?p=60654\"]}]},{\"@type\":\"ImageObject\",\"inLanguage\":\"es\",\"@id\":\"https:\\\/\\\/quehacerpolitico.mx\\\/?p=60654#primaryimage\",\"url\":\"https:\\\/\\\/quehacerpolitico.mx\\\/wp-content\\\/uploads\\\/2020\\\/07\\\/E9F47827-F47D-43FA-97CD-B4855C414B78.jpeg\",\"contentUrl\":\"https:\\\/\\\/quehacerpolitico.mx\\\/wp-content\\\/uploads\\\/2020\\\/07\\\/E9F47827-F47D-43FA-97CD-B4855C414B78.jpeg\",\"width\":320,\"height\":305},{\"@type\":\"BreadcrumbList\",\"@id\":\"https:\\\/\\\/quehacerpolitico.mx\\\/?p=60654#breadcrumb\",\"itemListElement\":[{\"@type\":\"ListItem\",\"position\":1,\"name\":\"Inicio\",\"item\":\"https:\\\/\\\/quehacerpolitico.mx\\\/\"},{\"@type\":\"ListItem\",\"position\":2,\"name\":\"Williams confirma a Russell y Latifi para 2021\"}]},{\"@type\":\"WebSite\",\"@id\":\"https:\\\/\\\/quehacerpolitico.mx\\\/#website\",\"url\":\"https:\\\/\\\/quehacerpolitico.mx\\\/\",\"name\":\"\",\"description\":\"\",\"potentialAction\":[{\"@type\":\"SearchAction\",\"target\":{\"@type\":\"EntryPoint\",\"urlTemplate\":\"https:\\\/\\\/quehacerpolitico.mx\\\/?s={search_term_string}\"},\"query-input\":{\"@type\":\"PropertyValueSpecification\",\"valueRequired\":true,\"valueName\":\"search_term_string\"}}],\"inLanguage\":\"es\"},{\"@type\":\"Person\",\"@id\":\"https:\\\/\\\/quehacerpolitico.mx\\\/#\\\/schema\\\/person\\\/496d8ad2d1d3f8036101dca7ee39e585\",\"name\":\"Redacci\u00f3n QP\",\"image\":{\"@type\":\"ImageObject\",\"inLanguage\":\"es\",\"@id\":\"https:\\\/\\\/secure.gravatar.com\\\/avatar\\\/c7164ed6fdec453195284ad24a5ae5b6e1eed2b848477fa2a4787ba9adf39a41?s=96&d=mm&r=g\",\"url\":\"https:\\\/\\\/secure.gravatar.com\\\/avatar\\\/c7164ed6fdec453195284ad24a5ae5b6e1eed2b848477fa2a4787ba9adf39a41?s=96&d=mm&r=g\",\"contentUrl\":\"https:\\\/\\\/secure.gravatar.com\\\/avatar\\\/c7164ed6fdec453195284ad24a5ae5b6e1eed2b848477fa2a4787ba9adf39a41?s=96&d=mm&r=g\",\"caption\":\"Redacci\u00f3n QP\"},\"url\":\"https:\\\/\\\/quehacerpolitico.mx\\\/?author=2\"}]}<\/script>\n<!-- \/ Yoast SEO plugin. -->","yoast_head_json":{"title":"Williams confirma a Russell y Latifi para 2021 -","robots":{"index":"index","follow":"follow","max-snippet":"max-snippet:-1","max-image-preview":"max-image-preview:large","max-video-preview":"max-video-preview:-1"},"canonical":"https:\/\/quehacerpolitico.mx\/?p=60654","og_locale":"es_MX","og_type":"article","og_title":"Williams confirma a Russell y Latifi para 2021 -","og_description":"Williams confirma a Russell y Latifi para 2021 Por Redacci\u00f3n QP El equipo\u00a0confirma\u00a0tener &#8221;ganas de...","og_url":"https:\/\/quehacerpolitico.mx\/?p=60654","article_published_time":"2020-07-16T17:47:54+00:00","og_image":[{"width":320,"height":305,"url":"https:\/\/quehacerpolitico.mx\/wp-content\/uploads\/2020\/07\/E9F47827-F47D-43FA-97CD-B4855C414B78.jpeg","type":"image\/jpeg"}],"author":"Redacci\u00f3n QP","twitter_card":"summary_large_image","twitter_misc":{"Escrito por":"Redacci\u00f3n QP","Tiempo de lectura":"1 minuto"},"schema":{"@context":"https:\/\/schema.org","@graph":[{"@type":"Article","@id":"https:\/\/quehacerpolitico.mx\/?p=60654#article","isPartOf":{"@id":"https:\/\/quehacerpolitico.mx\/?p=60654"},"author":{"name":"Redacci\u00f3n QP","@id":"https:\/\/quehacerpolitico.mx\/#\/schema\/person\/496d8ad2d1d3f8036101dca7ee39e585"},"headline":"Williams confirma a Russell y Latifi para 2021","datePublished":"2020-07-16T17:47:54+00:00","mainEntityOfPage":{"@id":"https:\/\/quehacerpolitico.mx\/?p=60654"},"wordCount":290,"commentCount":0,"image":{"@id":"https:\/\/quehacerpolitico.mx\/?p=60654#primaryimage"},"thumbnailUrl":"https:\/\/quehacerpolitico.mx\/wp-content\/uploads\/2020\/07\/E9F47827-F47D-43FA-97CD-B4855C414B78.jpeg","articleSection":["Deportes"],"inLanguage":"es","potentialAction":[{"@type":"CommentAction","name":"Comment","target":["https:\/\/quehacerpolitico.mx\/?p=60654#respond"]}]},{"@type":"WebPage","@id":"https:\/\/quehacerpolitico.mx\/?p=60654","url":"https:\/\/quehacerpolitico.mx\/?p=60654","name":"Williams confirma a Russell y Latifi para 2021 -","isPartOf":{"@id":"https:\/\/quehacerpolitico.mx\/#website"},"primaryImageOfPage":{"@id":"https:\/\/quehacerpolitico.mx\/?p=60654#primaryimage"},"image":{"@id":"https:\/\/quehacerpolitico.mx\/?p=60654#primaryimage"},"thumbnailUrl":"https:\/\/quehacerpolitico.mx\/wp-content\/uploads\/2020\/07\/E9F47827-F47D-43FA-97CD-B4855C414B78.jpeg","datePublished":"2020-07-16T17:47:54+00:00","author":{"@id":"https:\/\/quehacerpolitico.mx\/#\/schema\/person\/496d8ad2d1d3f8036101dca7ee39e585"},"breadcrumb":{"@id":"https:\/\/quehacerpolitico.mx\/?p=60654#breadcrumb"},"inLanguage":"es","potentialAction":[{"@type":"ReadAction","target":["https:\/\/quehacerpolitico.mx\/?p=60654"]}]},{"@type":"ImageObject","inLanguage":"es","@id":"https:\/\/quehacerpolitico.mx\/?p=60654#primaryimage","url":"https:\/\/quehacerpolitico.mx\/wp-content\/uploads\/2020\/07\/E9F47827-F47D-43FA-97CD-B4855C414B78.jpeg","contentUrl":"https:\/\/quehacerpolitico.mx\/wp-content\/uploads\/2020\/07\/E9F47827-F47D-43FA-97CD-B4855C414B78.jpeg","width":320,"height":305},{"@type":"BreadcrumbList","@id":"https:\/\/quehacerpolitico.mx\/?p=60654#breadcrumb","itemListElement":[{"@type":"ListItem","position":1,"name":"Inicio","item":"https:\/\/quehacerpolitico.mx\/"},{"@type":"ListItem","position":2,"name":"Williams confirma a Russell y Latifi para 2021"}]},{"@type":"WebSite","@id":"https:\/\/quehacerpolitico.mx\/#website","url":"https:\/\/quehacerpolitico.mx\/","name":"","description":"","potentialAction":[{"@type":"SearchAction","target":{"@type":"EntryPoint","urlTemplate":"https:\/\/quehacerpolitico.mx\/?s={search_term_string}"},"query-input":{"@type":"PropertyValueSpecification","valueRequired":true,"valueName":"search_term_string"}}],"inLanguage":"es"},{"@type":"Person","@id":"https:\/\/quehacerpolitico.mx\/#\/schema\/person\/496d8ad2d1d3f8036101dca7ee39e585","name":"Redacci\u00f3n QP","image":{"@type":"ImageObject","inLanguage":"es","@id":"https:\/\/secure.gravatar.com\/avatar\/c7164ed6fdec453195284ad24a5ae5b6e1eed2b848477fa2a4787ba9adf39a41?s=96&d=mm&r=g","url":"https:\/\/secure.gravatar.com\/avatar\/c7164ed6fdec453195284ad24a5ae5b6e1eed2b848477fa2a4787ba9adf39a41?s=96&d=mm&r=g","contentUrl":"https:\/\/secure.gravatar.com\/avatar\/c7164ed6fdec453195284ad24a5ae5b6e1eed2b848477fa2a4787ba9adf39a41?s=96&d=mm&r=g","caption":"Redacci\u00f3n QP"},"url":"https:\/\/quehacerpolitico.mx\/?author=2"}]}},"featured_image_urls":{"full":["https:\/\/quehacerpolitico.mx\/wp-content\/uploads\/2020\/07\/E9F47827-F47D-43FA-97CD-B4855C414B78.jpeg",320,305,false],"thumbnail":["https:\/\/quehacerpolitico.mx\/wp-content\/uploads\/2020\/07\/E9F47827-F47D-43FA-97CD-B4855C414B78-150x150.jpeg",150,150,true],"medium":["https:\/\/quehacerpolitico.mx\/wp-content\/uploads\/2020\/07\/E9F47827-F47D-43FA-97CD-B4855C414B78-300x286.jpeg",300,286,true],"medium_large":["https:\/\/quehacerpolitico.mx\/wp-content\/uploads\/2020\/07\/E9F47827-F47D-43FA-97CD-B4855C414B78.jpeg",320,305,false],"large":["https:\/\/quehacerpolitico.mx\/wp-content\/uploads\/2020\/07\/E9F47827-F47D-43FA-97CD-B4855C414B78.jpeg",320,305,false],"1536x1536":["https:\/\/quehacerpolitico.mx\/wp-content\/uploads\/2020\/07\/E9F47827-F47D-43FA-97CD-B4855C414B78.jpeg",320,305,false],"2048x2048":["https:\/\/quehacerpolitico.mx\/wp-content\/uploads\/2020\/07\/E9F47827-F47D-43FA-97CD-B4855C414B78.jpeg",320,305,false],"covernews-featured":["https:\/\/quehacerpolitico.mx\/wp-content\/uploads\/2020\/07\/E9F47827-F47D-43FA-97CD-B4855C414B78.jpeg",320,305,false],"covernews-medium":["https:\/\/quehacerpolitico.mx\/wp-content\/uploads\/2020\/07\/E9F47827-F47D-43FA-97CD-B4855C414B78.jpeg",320,305,false]},"author_info":{"display_name":"Redacci\u00f3n QP","author_link":"https:\/\/quehacerpolitico.mx\/?author=2"},"category_info":"<a href=\"https:\/\/quehacerpolitico.mx\/?cat=54\" rel=\"category\">Deportes<\/a>","tag_info":"Deportes","comment_count":"0","_links":{"self":[{"href":"https:\/\/quehacerpolitico.mx\/index.php?rest_route=\/wp\/v2\/posts\/60654","targetHints":{"allow":["GET"]}}],"collection":[{"href":"https:\/\/quehacerpolitico.mx\/index.php?rest_route=\/wp\/v2\/posts"}],"about":[{"href":"https:\/\/quehacerpolitico.mx\/index.php?rest_route=\/wp\/v2\/types\/post"}],"author":[{"embeddable":true,"href":"https:\/\/quehacerpolitico.mx\/index.php?rest_route=\/wp\/v2\/users\/2"}],"replies":[{"embeddable":true,"href":"https:\/\/quehacerpolitico.mx\/index.php?rest_route=%2Fwp%2Fv2%2Fcomments&post=60654"}],"version-history":[{"count":0,"href":"https:\/\/quehacerpolitico.mx\/index.php?rest_route=\/wp\/v2\/posts\/60654\/revisions"}],"wp:featuredmedia":[{"embeddable":true,"href":"https:\/\/quehacerpolitico.mx\/index.php?rest_route=\/wp\/v2\/media\/60656"}],"wp:attachment":[{"href":"https:\/\/quehacerpolitico.mx\/index.php?rest_route=%2Fwp%2Fv2%2Fmedia&parent=60654"}],"wp:term":[{"taxonomy":"category","embeddable":true,"href":"https:\/\/quehacerpolitico.mx\/index.php?rest_route=%2Fwp%2Fv2%2Fcategories&post=60654"},{"taxonomy":"post_tag","embeddable":true,"href":"https:\/\/quehacerpolitico.mx\/index.php?rest_route=%2Fwp%2Fv2%2Ftags&post=60654"}],"curies":[{"name":"wp","href":"https:\/\/api.w.org\/{rel}","templated":true}]}}