{"id":60650,"date":"2020-07-16T12:34:25","date_gmt":"2020-07-16T17:34:25","guid":{"rendered":"http:\/\/quehacerpolitico.mx\/?p=60650"},"modified":"2020-07-16T12:34:25","modified_gmt":"2020-07-16T17:34:25","slug":"javier-aquino-se-burla-de-los-anos-de-cruz-azul-sin-titulo","status":"publish","type":"post","link":"https:\/\/quehacerpolitico.mx\/?p=60650","title":{"rendered":"Javier Aquino se burla de los a\u00f1os de Cruz Azul sin t\u00edtulo"},"content":{"rendered":"<h1 class=\"news-title\">Javier Aquino se burla de los a\u00f1os de Cruz Azul sin t\u00edtulo<br \/>\nPor Redacci\u00f3n QP<\/h1>\n<p>Formado en las fuerzas b\u00e1sicas de La M\u00e1quina, \u00a0milita desde 2015 en Tigres, club donde ha ganado cuatro t\u00edtulos de la Liga MX<\/p>\n<p><strong>Javier Aquino<\/strong>, quien se hizo futbolista en las fuerzas b\u00e1sicas del Cruz Azul,\u00a0se burl\u00f3 de la sequ\u00eda de t\u00edtulos de La M\u00e1quina.<\/p>\n<p>Despu\u00e9s de perder en penaltis en la semifinal de la Copa por M\u00e9xico, se calentaron los cementeros y los Tigres, con amenazas de <strong>Guido Pizarro<\/strong>, capit\u00e1n regiomontano, sobre Robert Dante Siboldi, timonel celeste.<\/p>\n<p><strong>&#8220;No ganan nada en 30 a\u00f1os y siguen reclamando&#8221;, respondi\u00f3<\/strong> Javier Aquino, referencia al \u00faltimo t\u00edtulo de liga conseguido por La M\u00e1quina en 1997 (hace casi 23 a\u00f1os).<\/p>\n<blockquote class=\"twitter-tweet\" data-width=\"550\" data-dnt=\"true\">\n<p lang=\"es\" dir=\"ltr\">\ud83d\udd25 \ud83d\udd25 \ud83d\udd25 termin\u00f3 ardiente el Tigres vs Cruz Azul. Guido, Nahuel y futbolistas de la U alegaban que Siboldi se burl\u00f3 de ellos. Aquino tambi\u00e9n enojado. Tuca alegaba que Siboldi \u201cno debe meterse en tenemos de jugadores\u201d <a href=\"https:\/\/t.co\/HodSBe5VeH\">pic.twitter.com\/HodSBe5VeH<\/a><\/p>\n<p>&mdash; VILLA VILLA \ud83d\udc10 (@OmarVV9) <a href=\"https:\/\/twitter.com\/OmarVV9\/status\/1283619416245071872?ref_src=twsrc%5Etfw\">July 16, 2020<\/a><\/p><\/blockquote>\n<p><script async src=\"https:\/\/platform.twitter.com\/widgets.js\" charset=\"utf-8\"><\/script><\/p>\n<p>El oaxaque\u00f1o, incluso, se\u00f1al\u00f3 a su ex compa\u00f1ero en La Noria y en la escuela azul, Julio C\u00e9sar Dom\u00ednguez.<\/p>\n<p><strong>&#8220;Cata, anda, hermano, levanta la Copa. Que no mamen. Ganan un partido ac\u00e1 y est\u00e1n festejando&#8221;.<\/strong><\/p>\n<p>Aquino debut\u00f3 en Primera Divisi\u00f3n con la casaca celeste en 2010. Despu\u00e9s de tres a\u00f1os, el extremo firma con el Villarreal de la Liga de Espa\u00f1a y, posteriormente, con el Rayo Vallecano, pero sin mucha suerte.<\/p>\n<p>Fue entonces que para el 2015 retorn\u00f3 a M\u00e9xico pero con los Tigres, club donde ha ganado cuatro t\u00edtulos de Liga MX<\/p>\n<p>Con informaci\u00f3n de SUN<\/p>\n","protected":false},"excerpt":{"rendered":"<p>Javier Aquino se burla de los a\u00f1os de Cruz Azul sin t\u00edtulo Por Redacci\u00f3n QP&#8230;<\/p>\n","protected":false},"author":2,"featured_media":60652,"comment_status":"open","ping_status":"open","sticky":false,"template":"","format":"standard","meta":{"_monsterinsights_skip_tracking":false,"_monsterinsights_sitenote_active":false,"_monsterinsights_sitenote_note":"","_monsterinsights_sitenote_category":0,"footnotes":""},"categories":[54],"tags":[],"class_list":["post-60650","post","type-post","status-publish","format-standard","has-post-thumbnail","hentry","category-deportes"],"yoast_head":"<!-- This site is optimized with the Yoast SEO plugin v27.3 - https:\/\/yoast.com\/product\/yoast-seo-wordpress\/ -->\n<title>Javier Aquino se burla de los a\u00f1os de Cruz Azul sin t\u00edtulo -<\/title>\n<meta name=\"robots\" content=\"index, follow, max-snippet:-1, max-image-preview:large, max-video-preview:-1\" \/>\n<link rel=\"canonical\" href=\"https:\/\/quehacerpolitico.mx\/?p=60650\" \/>\n<meta property=\"og:locale\" content=\"es_MX\" \/>\n<meta property=\"og:type\" content=\"article\" \/>\n<meta property=\"og:title\" content=\"Javier Aquino se burla de los a\u00f1os de Cruz Azul sin t\u00edtulo -\" \/>\n<meta property=\"og:description\" content=\"Javier Aquino se burla de los a\u00f1os de Cruz Azul sin t\u00edtulo Por Redacci\u00f3n QP...\" \/>\n<meta property=\"og:url\" content=\"https:\/\/quehacerpolitico.mx\/?p=60650\" \/>\n<meta property=\"article:published_time\" content=\"2020-07-16T17:34:25+00:00\" \/>\n<meta property=\"og:image\" content=\"https:\/\/quehacerpolitico.mx\/wp-content\/uploads\/2020\/07\/273F251B-CBE8-4F9A-A3F0-EC34791989CA.jpeg\" \/>\n\t<meta property=\"og:image:width\" content=\"320\" \/>\n\t<meta property=\"og:image:height\" content=\"305\" \/>\n\t<meta property=\"og:image:type\" content=\"image\/jpeg\" \/>\n<meta name=\"author\" content=\"Redacci\u00f3n QP\" \/>\n<meta name=\"twitter:card\" content=\"summary_large_image\" \/>\n<meta name=\"twitter:label1\" content=\"Escrito por\" \/>\n\t<meta name=\"twitter:data1\" content=\"Redacci\u00f3n QP\" \/>\n\t<meta name=\"twitter:label2\" content=\"Tiempo de lectura\" \/>\n\t<meta name=\"twitter:data2\" content=\"1 minuto\" \/>\n<script type=\"application\/ld+json\" class=\"yoast-schema-graph\">{\"@context\":\"https:\\\/\\\/schema.org\",\"@graph\":[{\"@type\":\"Article\",\"@id\":\"https:\\\/\\\/quehacerpolitico.mx\\\/?p=60650#article\",\"isPartOf\":{\"@id\":\"https:\\\/\\\/quehacerpolitico.mx\\\/?p=60650\"},\"author\":{\"name\":\"Redacci\u00f3n QP\",\"@id\":\"https:\\\/\\\/quehacerpolitico.mx\\\/#\\\/schema\\\/person\\\/496d8ad2d1d3f8036101dca7ee39e585\"},\"headline\":\"Javier Aquino se burla de los a\u00f1os de Cruz Azul sin t\u00edtulo\",\"datePublished\":\"2020-07-16T17:34:25+00:00\",\"mainEntityOfPage\":{\"@id\":\"https:\\\/\\\/quehacerpolitico.mx\\\/?p=60650\"},\"wordCount\":263,\"commentCount\":0,\"image\":{\"@id\":\"https:\\\/\\\/quehacerpolitico.mx\\\/?p=60650#primaryimage\"},\"thumbnailUrl\":\"https:\\\/\\\/quehacerpolitico.mx\\\/wp-content\\\/uploads\\\/2020\\\/07\\\/273F251B-CBE8-4F9A-A3F0-EC34791989CA.jpeg\",\"articleSection\":[\"Deportes\"],\"inLanguage\":\"es\",\"potentialAction\":[{\"@type\":\"CommentAction\",\"name\":\"Comment\",\"target\":[\"https:\\\/\\\/quehacerpolitico.mx\\\/?p=60650#respond\"]}]},{\"@type\":\"WebPage\",\"@id\":\"https:\\\/\\\/quehacerpolitico.mx\\\/?p=60650\",\"url\":\"https:\\\/\\\/quehacerpolitico.mx\\\/?p=60650\",\"name\":\"Javier Aquino se burla de los a\u00f1os de Cruz Azul sin t\u00edtulo -\",\"isPartOf\":{\"@id\":\"https:\\\/\\\/quehacerpolitico.mx\\\/#website\"},\"primaryImageOfPage\":{\"@id\":\"https:\\\/\\\/quehacerpolitico.mx\\\/?p=60650#primaryimage\"},\"image\":{\"@id\":\"https:\\\/\\\/quehacerpolitico.mx\\\/?p=60650#primaryimage\"},\"thumbnailUrl\":\"https:\\\/\\\/quehacerpolitico.mx\\\/wp-content\\\/uploads\\\/2020\\\/07\\\/273F251B-CBE8-4F9A-A3F0-EC34791989CA.jpeg\",\"datePublished\":\"2020-07-16T17:34:25+00:00\",\"author\":{\"@id\":\"https:\\\/\\\/quehacerpolitico.mx\\\/#\\\/schema\\\/person\\\/496d8ad2d1d3f8036101dca7ee39e585\"},\"breadcrumb\":{\"@id\":\"https:\\\/\\\/quehacerpolitico.mx\\\/?p=60650#breadcrumb\"},\"inLanguage\":\"es\",\"potentialAction\":[{\"@type\":\"ReadAction\",\"target\":[\"https:\\\/\\\/quehacerpolitico.mx\\\/?p=60650\"]}]},{\"@type\":\"ImageObject\",\"inLanguage\":\"es\",\"@id\":\"https:\\\/\\\/quehacerpolitico.mx\\\/?p=60650#primaryimage\",\"url\":\"https:\\\/\\\/quehacerpolitico.mx\\\/wp-content\\\/uploads\\\/2020\\\/07\\\/273F251B-CBE8-4F9A-A3F0-EC34791989CA.jpeg\",\"contentUrl\":\"https:\\\/\\\/quehacerpolitico.mx\\\/wp-content\\\/uploads\\\/2020\\\/07\\\/273F251B-CBE8-4F9A-A3F0-EC34791989CA.jpeg\",\"width\":320,\"height\":305},{\"@type\":\"BreadcrumbList\",\"@id\":\"https:\\\/\\\/quehacerpolitico.mx\\\/?p=60650#breadcrumb\",\"itemListElement\":[{\"@type\":\"ListItem\",\"position\":1,\"name\":\"Inicio\",\"item\":\"https:\\\/\\\/quehacerpolitico.mx\\\/\"},{\"@type\":\"ListItem\",\"position\":2,\"name\":\"Javier Aquino se burla de los a\u00f1os de Cruz Azul sin t\u00edtulo\"}]},{\"@type\":\"WebSite\",\"@id\":\"https:\\\/\\\/quehacerpolitico.mx\\\/#website\",\"url\":\"https:\\\/\\\/quehacerpolitico.mx\\\/\",\"name\":\"\",\"description\":\"\",\"potentialAction\":[{\"@type\":\"SearchAction\",\"target\":{\"@type\":\"EntryPoint\",\"urlTemplate\":\"https:\\\/\\\/quehacerpolitico.mx\\\/?s={search_term_string}\"},\"query-input\":{\"@type\":\"PropertyValueSpecification\",\"valueRequired\":true,\"valueName\":\"search_term_string\"}}],\"inLanguage\":\"es\"},{\"@type\":\"Person\",\"@id\":\"https:\\\/\\\/quehacerpolitico.mx\\\/#\\\/schema\\\/person\\\/496d8ad2d1d3f8036101dca7ee39e585\",\"name\":\"Redacci\u00f3n QP\",\"image\":{\"@type\":\"ImageObject\",\"inLanguage\":\"es\",\"@id\":\"https:\\\/\\\/secure.gravatar.com\\\/avatar\\\/c7164ed6fdec453195284ad24a5ae5b6e1eed2b848477fa2a4787ba9adf39a41?s=96&d=mm&r=g\",\"url\":\"https:\\\/\\\/secure.gravatar.com\\\/avatar\\\/c7164ed6fdec453195284ad24a5ae5b6e1eed2b848477fa2a4787ba9adf39a41?s=96&d=mm&r=g\",\"contentUrl\":\"https:\\\/\\\/secure.gravatar.com\\\/avatar\\\/c7164ed6fdec453195284ad24a5ae5b6e1eed2b848477fa2a4787ba9adf39a41?s=96&d=mm&r=g\",\"caption\":\"Redacci\u00f3n QP\"},\"url\":\"https:\\\/\\\/quehacerpolitico.mx\\\/?author=2\"}]}<\/script>\n<!-- \/ Yoast SEO plugin. -->","yoast_head_json":{"title":"Javier Aquino se burla de los a\u00f1os de Cruz Azul sin t\u00edtulo -","robots":{"index":"index","follow":"follow","max-snippet":"max-snippet:-1","max-image-preview":"max-image-preview:large","max-video-preview":"max-video-preview:-1"},"canonical":"https:\/\/quehacerpolitico.mx\/?p=60650","og_locale":"es_MX","og_type":"article","og_title":"Javier Aquino se burla de los a\u00f1os de Cruz Azul sin t\u00edtulo -","og_description":"Javier Aquino se burla de los a\u00f1os de Cruz Azul sin t\u00edtulo Por Redacci\u00f3n QP...","og_url":"https:\/\/quehacerpolitico.mx\/?p=60650","article_published_time":"2020-07-16T17:34:25+00:00","og_image":[{"width":320,"height":305,"url":"https:\/\/quehacerpolitico.mx\/wp-content\/uploads\/2020\/07\/273F251B-CBE8-4F9A-A3F0-EC34791989CA.jpeg","type":"image\/jpeg"}],"author":"Redacci\u00f3n QP","twitter_card":"summary_large_image","twitter_misc":{"Escrito por":"Redacci\u00f3n QP","Tiempo de lectura":"1 minuto"},"schema":{"@context":"https:\/\/schema.org","@graph":[{"@type":"Article","@id":"https:\/\/quehacerpolitico.mx\/?p=60650#article","isPartOf":{"@id":"https:\/\/quehacerpolitico.mx\/?p=60650"},"author":{"name":"Redacci\u00f3n QP","@id":"https:\/\/quehacerpolitico.mx\/#\/schema\/person\/496d8ad2d1d3f8036101dca7ee39e585"},"headline":"Javier Aquino se burla de los a\u00f1os de Cruz Azul sin t\u00edtulo","datePublished":"2020-07-16T17:34:25+00:00","mainEntityOfPage":{"@id":"https:\/\/quehacerpolitico.mx\/?p=60650"},"wordCount":263,"commentCount":0,"image":{"@id":"https:\/\/quehacerpolitico.mx\/?p=60650#primaryimage"},"thumbnailUrl":"https:\/\/quehacerpolitico.mx\/wp-content\/uploads\/2020\/07\/273F251B-CBE8-4F9A-A3F0-EC34791989CA.jpeg","articleSection":["Deportes"],"inLanguage":"es","potentialAction":[{"@type":"CommentAction","name":"Comment","target":["https:\/\/quehacerpolitico.mx\/?p=60650#respond"]}]},{"@type":"WebPage","@id":"https:\/\/quehacerpolitico.mx\/?p=60650","url":"https:\/\/quehacerpolitico.mx\/?p=60650","name":"Javier Aquino se burla de los a\u00f1os de Cruz Azul sin t\u00edtulo -","isPartOf":{"@id":"https:\/\/quehacerpolitico.mx\/#website"},"primaryImageOfPage":{"@id":"https:\/\/quehacerpolitico.mx\/?p=60650#primaryimage"},"image":{"@id":"https:\/\/quehacerpolitico.mx\/?p=60650#primaryimage"},"thumbnailUrl":"https:\/\/quehacerpolitico.mx\/wp-content\/uploads\/2020\/07\/273F251B-CBE8-4F9A-A3F0-EC34791989CA.jpeg","datePublished":"2020-07-16T17:34:25+00:00","author":{"@id":"https:\/\/quehacerpolitico.mx\/#\/schema\/person\/496d8ad2d1d3f8036101dca7ee39e585"},"breadcrumb":{"@id":"https:\/\/quehacerpolitico.mx\/?p=60650#breadcrumb"},"inLanguage":"es","potentialAction":[{"@type":"ReadAction","target":["https:\/\/quehacerpolitico.mx\/?p=60650"]}]},{"@type":"ImageObject","inLanguage":"es","@id":"https:\/\/quehacerpolitico.mx\/?p=60650#primaryimage","url":"https:\/\/quehacerpolitico.mx\/wp-content\/uploads\/2020\/07\/273F251B-CBE8-4F9A-A3F0-EC34791989CA.jpeg","contentUrl":"https:\/\/quehacerpolitico.mx\/wp-content\/uploads\/2020\/07\/273F251B-CBE8-4F9A-A3F0-EC34791989CA.jpeg","width":320,"height":305},{"@type":"BreadcrumbList","@id":"https:\/\/quehacerpolitico.mx\/?p=60650#breadcrumb","itemListElement":[{"@type":"ListItem","position":1,"name":"Inicio","item":"https:\/\/quehacerpolitico.mx\/"},{"@type":"ListItem","position":2,"name":"Javier Aquino se burla de los a\u00f1os de Cruz Azul sin t\u00edtulo"}]},{"@type":"WebSite","@id":"https:\/\/quehacerpolitico.mx\/#website","url":"https:\/\/quehacerpolitico.mx\/","name":"","description":"","potentialAction":[{"@type":"SearchAction","target":{"@type":"EntryPoint","urlTemplate":"https:\/\/quehacerpolitico.mx\/?s={search_term_string}"},"query-input":{"@type":"PropertyValueSpecification","valueRequired":true,"valueName":"search_term_string"}}],"inLanguage":"es"},{"@type":"Person","@id":"https:\/\/quehacerpolitico.mx\/#\/schema\/person\/496d8ad2d1d3f8036101dca7ee39e585","name":"Redacci\u00f3n QP","image":{"@type":"ImageObject","inLanguage":"es","@id":"https:\/\/secure.gravatar.com\/avatar\/c7164ed6fdec453195284ad24a5ae5b6e1eed2b848477fa2a4787ba9adf39a41?s=96&d=mm&r=g","url":"https:\/\/secure.gravatar.com\/avatar\/c7164ed6fdec453195284ad24a5ae5b6e1eed2b848477fa2a4787ba9adf39a41?s=96&d=mm&r=g","contentUrl":"https:\/\/secure.gravatar.com\/avatar\/c7164ed6fdec453195284ad24a5ae5b6e1eed2b848477fa2a4787ba9adf39a41?s=96&d=mm&r=g","caption":"Redacci\u00f3n QP"},"url":"https:\/\/quehacerpolitico.mx\/?author=2"}]}},"featured_image_urls":{"full":["https:\/\/quehacerpolitico.mx\/wp-content\/uploads\/2020\/07\/273F251B-CBE8-4F9A-A3F0-EC34791989CA.jpeg",320,305,false],"thumbnail":["https:\/\/quehacerpolitico.mx\/wp-content\/uploads\/2020\/07\/273F251B-CBE8-4F9A-A3F0-EC34791989CA-150x150.jpeg",150,150,true],"medium":["https:\/\/quehacerpolitico.mx\/wp-content\/uploads\/2020\/07\/273F251B-CBE8-4F9A-A3F0-EC34791989CA-300x286.jpeg",300,286,true],"medium_large":["https:\/\/quehacerpolitico.mx\/wp-content\/uploads\/2020\/07\/273F251B-CBE8-4F9A-A3F0-EC34791989CA.jpeg",320,305,false],"large":["https:\/\/quehacerpolitico.mx\/wp-content\/uploads\/2020\/07\/273F251B-CBE8-4F9A-A3F0-EC34791989CA.jpeg",320,305,false],"1536x1536":["https:\/\/quehacerpolitico.mx\/wp-content\/uploads\/2020\/07\/273F251B-CBE8-4F9A-A3F0-EC34791989CA.jpeg",320,305,false],"2048x2048":["https:\/\/quehacerpolitico.mx\/wp-content\/uploads\/2020\/07\/273F251B-CBE8-4F9A-A3F0-EC34791989CA.jpeg",320,305,false],"covernews-featured":["https:\/\/quehacerpolitico.mx\/wp-content\/uploads\/2020\/07\/273F251B-CBE8-4F9A-A3F0-EC34791989CA.jpeg",320,305,false],"covernews-medium":["https:\/\/quehacerpolitico.mx\/wp-content\/uploads\/2020\/07\/273F251B-CBE8-4F9A-A3F0-EC34791989CA.jpeg",320,305,false]},"author_info":{"display_name":"Redacci\u00f3n QP","author_link":"https:\/\/quehacerpolitico.mx\/?author=2"},"category_info":"<a href=\"https:\/\/quehacerpolitico.mx\/?cat=54\" rel=\"category\">Deportes<\/a>","tag_info":"Deportes","comment_count":"0","_links":{"self":[{"href":"https:\/\/quehacerpolitico.mx\/index.php?rest_route=\/wp\/v2\/posts\/60650","targetHints":{"allow":["GET"]}}],"collection":[{"href":"https:\/\/quehacerpolitico.mx\/index.php?rest_route=\/wp\/v2\/posts"}],"about":[{"href":"https:\/\/quehacerpolitico.mx\/index.php?rest_route=\/wp\/v2\/types\/post"}],"author":[{"embeddable":true,"href":"https:\/\/quehacerpolitico.mx\/index.php?rest_route=\/wp\/v2\/users\/2"}],"replies":[{"embeddable":true,"href":"https:\/\/quehacerpolitico.mx\/index.php?rest_route=%2Fwp%2Fv2%2Fcomments&post=60650"}],"version-history":[{"count":0,"href":"https:\/\/quehacerpolitico.mx\/index.php?rest_route=\/wp\/v2\/posts\/60650\/revisions"}],"wp:featuredmedia":[{"embeddable":true,"href":"https:\/\/quehacerpolitico.mx\/index.php?rest_route=\/wp\/v2\/media\/60652"}],"wp:attachment":[{"href":"https:\/\/quehacerpolitico.mx\/index.php?rest_route=%2Fwp%2Fv2%2Fmedia&parent=60650"}],"wp:term":[{"taxonomy":"category","embeddable":true,"href":"https:\/\/quehacerpolitico.mx\/index.php?rest_route=%2Fwp%2Fv2%2Fcategories&post=60650"},{"taxonomy":"post_tag","embeddable":true,"href":"https:\/\/quehacerpolitico.mx\/index.php?rest_route=%2Fwp%2Fv2%2Ftags&post=60650"}],"curies":[{"name":"wp","href":"https:\/\/api.w.org\/{rel}","templated":true}]}}