{"id":60644,"date":"2020-07-16T12:16:46","date_gmt":"2020-07-16T17:16:46","guid":{"rendered":"http:\/\/quehacerpolitico.mx\/?p=60644"},"modified":"2020-07-16T12:16:46","modified_gmt":"2020-07-16T17:16:46","slug":"hombre-sin-estudios-ni-trabajo-el-perfil-mas-afectado-por-covid-19-en-mexico","status":"publish","type":"post","link":"https:\/\/quehacerpolitico.mx\/?p=60644","title":{"rendered":"Hombre sin estudios ni trabajo, el perfil m\u00e1s afectado por COVID-19 en M\u00e9xico"},"content":{"rendered":"<h1 class=\"news-title\">Hombre sin estudios ni trabajo, el perfil m\u00e1s afectado por COVID-19 en M\u00e9xico<br \/>\nPor Redacci\u00f3n QP<\/h1>\n<p>El estudio &#8221;Mortalidad por COVID-19 en M\u00e9xico. Notas preliminares para un perfil sociodemogr\u00e1fico&#8221; analiza las caracter\u00edsticas de los fallecidos en el pa\u00eds<\/p>\n<p>Un hombre con escolaridad b\u00e1sica o sin estudios, mayor a los 40 a\u00f1os de edad y que no tiene un trabajo remunerado. Este es el perfil m\u00e1s com\u00fan entre los mexicanos fallecidos por el COVID-19,\u00a0seg\u00fan un estudio preliminar de la Universidad Nacional Aut\u00f3noma de M\u00e9xico (UNAM).<\/p>\n<p><strong>&#8220;Se dec\u00eda de forma demag\u00f3gica que esta era una enfermedad de ricos, de personas con posibilidad de viajar. Pero en toda desgracia o cat\u00e1strofe siempre son afectados los m\u00e1s vulnerables<\/strong> y esta no ten\u00eda por qu\u00e9 ser una excepci\u00f3n&#8221;, dijo este jueves el autor del estudio, H\u00e9ctor Hiram Hern\u00e1ndez.<\/p>\n<p>El breve documento &#8220;Mortalidad por COVID-19 en M\u00e9xico. Notas preliminares para un perfil sociodemogr\u00e1fico&#8221; analiza los datos oficiales y los certificados de defunci\u00f3n hasta el 27 de mayo para conocer las caracter\u00edsticas de los fallecidos\u00a0en el pa\u00eds.<\/p>\n<p><strong>Seg\u00fan el an\u00e1lisis, el 70% de los fallecidos en M\u00e9xico son hombres, sobre todo entre 40 y 69 a\u00f1os,<\/strong> aunque el investigador record\u00f3 que tambi\u00e9n fallecen menores de edad e incluso beb\u00e9s.<\/p>\n<p>&#8220;Con estos datos, pretendimos hacer una primera aproximaci\u00f3n a cu\u00e1les son los grupos sociales principalmente afectados por la mortalidad&#8221;, dijo Hern\u00e1ndez, investigador del Centro Regional de Investigaciones Multidisciplinarias de la UNAM.<\/p>\n<p>Seg\u00fan el estudio, <strong>la mayor\u00eda de fallecidos, el 28.1%, corresponde a personas sin actividad econ\u00f3mica remunerada -como personas que buscan trabajo, estudiantes o amas de casa- seguido de jubilados (12%) y empleados del sector p\u00fablico (11.7%),<\/strong> b\u00e1sicamente trabajadores del sector salud.<\/p>\n<p>&#8220;En contraste, hay muy pocas personas que han fallecido que antes de morir ocupaban puestos directivos en el sector privado&#8221;, apunt\u00f3 el experto.<\/p>\n<h3>La importancia de la escolaridad<\/h3>\n<p>En cuanto al nivel de escolaridad de los fallecidos, el investigador destac\u00f3 &#8220;una concentraci\u00f3n muy importante&#8221;, del 71.2%, de personas que s\u00f3lo terminaron la primaria o no fueron escolarizadas, mientras que la educaci\u00f3n media superior es del 15.7% y con estudios superiores del 13.1 por ciento.<\/p>\n<p>&#8220;Dentro del conjunto de datos, <strong>la escolaridad es el que m\u00e1s claramente define el origen social porque est\u00e1 asociada con empleos precarios, bajos ingresos, vivienda precaria y sobre todo a la falta de acceso a la salud&#8221;,<\/strong> explic\u00f3 Hern\u00e1ndez.<\/p>\n<p>El hecho de que la mayor\u00eda de las v\u00edctimas (51.6%) fallecieran en hospitales p\u00fablicos de la secretar\u00eda de Salud federal o estatal tiene una &#8220;interpretaci\u00f3n muy clara&#8221;, dado que son centros m\u00e9dicos a los que acuden ciudadanos que no est\u00e1n asegurados o no tienen trabajo.<\/p>\n<p>Por contra, los hospitales del Instituto Mexicano del Seguro Social (IMSS)\u00a0concentran el 29.9% de los fallecidos, mientras que &#8220;en los hospitales privados han ocurrido solamente el 3% de las defunciones&#8221;, destac\u00f3 el experto.<\/p>\n<p>&#8220;Nos parece muy importante conocer este perfil de las personas porque nos permite repensar la estrategia seguida por las autoridades hasta ahora&#8221;, dijo el investigador.<\/p>\n<h3>El imposible confinamiento<\/h3>\n<p>Desde el mes de junio, M\u00e9xico se encuentra en una lenta reapertura econ\u00f3mica y social a un ritmo distinto seg\u00fan cada estado, aunque la pandemia sigue avanzando con 36 mil 906 fallecidos y casi 318 mil contagios confirmados.<\/p>\n<p><strong>Durante los meses de marzo y abril, el Gobierno federal decret\u00f3 el cierre de la econom\u00eda no esencial,<\/strong> si bien el confinamiento ha sido una recomendaci\u00f3n y no una obligaci\u00f3n para evitar perjudicar a los m\u00e1s de 50 millones de pobres del pa\u00eds.<\/p>\n<p><strong>&#8220;Las personas de escasos recursos se ven ante la dif\u00edcil balanza por un lado de resguardar su salud y por otro de salir a la calle con la necesidad de trabajar o buscar trabajo&#8221;,<\/strong> explic\u00f3 Hern\u00e1ndez.<\/p>\n<p>Por ello, sugiri\u00f3 &#8220;replantear&#8221; si puede funcionar un confinamiento &#8220;sin que existan estrategias de apoyo para que las personas puedan cubrir sus necesidades b\u00e1sicas y preservar su salud&#8221;.<\/p>\n<p>En ese sentido, defendi\u00f3 que deber\u00edan darse apoyos que hasta ahora &#8220;no existen en M\u00e9xico&#8221;.<\/p>\n<p>Con informaci\u00f3n de EFE<\/p>\n","protected":false},"excerpt":{"rendered":"<p>Hombre sin estudios ni trabajo, el perfil m\u00e1s afectado por COVID-19 en M\u00e9xico Por Redacci\u00f3n&#8230;<\/p>\n","protected":false},"author":2,"featured_media":60645,"comment_status":"open","ping_status":"open","sticky":false,"template":"","format":"standard","meta":{"_monsterinsights_skip_tracking":false,"_monsterinsights_sitenote_active":false,"_monsterinsights_sitenote_note":"","_monsterinsights_sitenote_category":0,"footnotes":""},"categories":[2],"tags":[],"class_list":["post-60644","post","type-post","status-publish","format-standard","has-post-thumbnail","hentry","category-noticias"],"yoast_head":"<!-- This site is optimized with the Yoast SEO plugin v27.3 - https:\/\/yoast.com\/product\/yoast-seo-wordpress\/ -->\n<title>Hombre sin estudios ni trabajo, el perfil m\u00e1s afectado por COVID-19 en M\u00e9xico -<\/title>\n<meta name=\"robots\" content=\"index, follow, max-snippet:-1, max-image-preview:large, max-video-preview:-1\" \/>\n<link rel=\"canonical\" href=\"https:\/\/quehacerpolitico.mx\/?p=60644\" \/>\n<meta property=\"og:locale\" content=\"es_MX\" \/>\n<meta property=\"og:type\" content=\"article\" \/>\n<meta property=\"og:title\" content=\"Hombre sin estudios ni trabajo, el perfil m\u00e1s afectado por COVID-19 en M\u00e9xico -\" \/>\n<meta property=\"og:description\" content=\"Hombre sin estudios ni trabajo, el perfil m\u00e1s afectado por COVID-19 en M\u00e9xico Por Redacci\u00f3n...\" \/>\n<meta property=\"og:url\" content=\"https:\/\/quehacerpolitico.mx\/?p=60644\" \/>\n<meta property=\"article:published_time\" content=\"2020-07-16T17:16:46+00:00\" \/>\n<meta property=\"og:image\" content=\"https:\/\/quehacerpolitico.mx\/wp-content\/uploads\/2020\/07\/9FA6098A-C2C5-4EDD-BEB7-1B6780D0C7CA.jpeg\" \/>\n\t<meta property=\"og:image:width\" content=\"320\" \/>\n\t<meta property=\"og:image:height\" content=\"305\" \/>\n\t<meta property=\"og:image:type\" content=\"image\/jpeg\" \/>\n<meta name=\"author\" content=\"Redacci\u00f3n QP\" \/>\n<meta name=\"twitter:card\" content=\"summary_large_image\" \/>\n<meta name=\"twitter:label1\" content=\"Escrito por\" \/>\n\t<meta name=\"twitter:data1\" content=\"Redacci\u00f3n QP\" \/>\n\t<meta name=\"twitter:label2\" content=\"Tiempo de lectura\" \/>\n\t<meta name=\"twitter:data2\" content=\"4 minutos\" \/>\n<script type=\"application\/ld+json\" class=\"yoast-schema-graph\">{\"@context\":\"https:\\\/\\\/schema.org\",\"@graph\":[{\"@type\":\"Article\",\"@id\":\"https:\\\/\\\/quehacerpolitico.mx\\\/?p=60644#article\",\"isPartOf\":{\"@id\":\"https:\\\/\\\/quehacerpolitico.mx\\\/?p=60644\"},\"author\":{\"name\":\"Redacci\u00f3n QP\",\"@id\":\"https:\\\/\\\/quehacerpolitico.mx\\\/#\\\/schema\\\/person\\\/496d8ad2d1d3f8036101dca7ee39e585\"},\"headline\":\"Hombre sin estudios ni trabajo, el perfil m\u00e1s afectado por COVID-19 en M\u00e9xico\",\"datePublished\":\"2020-07-16T17:16:46+00:00\",\"mainEntityOfPage\":{\"@id\":\"https:\\\/\\\/quehacerpolitico.mx\\\/?p=60644\"},\"wordCount\":724,\"commentCount\":0,\"image\":{\"@id\":\"https:\\\/\\\/quehacerpolitico.mx\\\/?p=60644#primaryimage\"},\"thumbnailUrl\":\"https:\\\/\\\/quehacerpolitico.mx\\\/wp-content\\\/uploads\\\/2020\\\/07\\\/9FA6098A-C2C5-4EDD-BEB7-1B6780D0C7CA.jpeg\",\"articleSection\":[\"Noticias\"],\"inLanguage\":\"es\",\"potentialAction\":[{\"@type\":\"CommentAction\",\"name\":\"Comment\",\"target\":[\"https:\\\/\\\/quehacerpolitico.mx\\\/?p=60644#respond\"]}]},{\"@type\":\"WebPage\",\"@id\":\"https:\\\/\\\/quehacerpolitico.mx\\\/?p=60644\",\"url\":\"https:\\\/\\\/quehacerpolitico.mx\\\/?p=60644\",\"name\":\"Hombre sin estudios ni trabajo, el perfil m\u00e1s afectado por COVID-19 en M\u00e9xico -\",\"isPartOf\":{\"@id\":\"https:\\\/\\\/quehacerpolitico.mx\\\/#website\"},\"primaryImageOfPage\":{\"@id\":\"https:\\\/\\\/quehacerpolitico.mx\\\/?p=60644#primaryimage\"},\"image\":{\"@id\":\"https:\\\/\\\/quehacerpolitico.mx\\\/?p=60644#primaryimage\"},\"thumbnailUrl\":\"https:\\\/\\\/quehacerpolitico.mx\\\/wp-content\\\/uploads\\\/2020\\\/07\\\/9FA6098A-C2C5-4EDD-BEB7-1B6780D0C7CA.jpeg\",\"datePublished\":\"2020-07-16T17:16:46+00:00\",\"author\":{\"@id\":\"https:\\\/\\\/quehacerpolitico.mx\\\/#\\\/schema\\\/person\\\/496d8ad2d1d3f8036101dca7ee39e585\"},\"breadcrumb\":{\"@id\":\"https:\\\/\\\/quehacerpolitico.mx\\\/?p=60644#breadcrumb\"},\"inLanguage\":\"es\",\"potentialAction\":[{\"@type\":\"ReadAction\",\"target\":[\"https:\\\/\\\/quehacerpolitico.mx\\\/?p=60644\"]}]},{\"@type\":\"ImageObject\",\"inLanguage\":\"es\",\"@id\":\"https:\\\/\\\/quehacerpolitico.mx\\\/?p=60644#primaryimage\",\"url\":\"https:\\\/\\\/quehacerpolitico.mx\\\/wp-content\\\/uploads\\\/2020\\\/07\\\/9FA6098A-C2C5-4EDD-BEB7-1B6780D0C7CA.jpeg\",\"contentUrl\":\"https:\\\/\\\/quehacerpolitico.mx\\\/wp-content\\\/uploads\\\/2020\\\/07\\\/9FA6098A-C2C5-4EDD-BEB7-1B6780D0C7CA.jpeg\",\"width\":320,\"height\":305},{\"@type\":\"BreadcrumbList\",\"@id\":\"https:\\\/\\\/quehacerpolitico.mx\\\/?p=60644#breadcrumb\",\"itemListElement\":[{\"@type\":\"ListItem\",\"position\":1,\"name\":\"Inicio\",\"item\":\"https:\\\/\\\/quehacerpolitico.mx\\\/\"},{\"@type\":\"ListItem\",\"position\":2,\"name\":\"Hombre sin estudios ni trabajo, el perfil m\u00e1s afectado por COVID-19 en M\u00e9xico\"}]},{\"@type\":\"WebSite\",\"@id\":\"https:\\\/\\\/quehacerpolitico.mx\\\/#website\",\"url\":\"https:\\\/\\\/quehacerpolitico.mx\\\/\",\"name\":\"\",\"description\":\"\",\"potentialAction\":[{\"@type\":\"SearchAction\",\"target\":{\"@type\":\"EntryPoint\",\"urlTemplate\":\"https:\\\/\\\/quehacerpolitico.mx\\\/?s={search_term_string}\"},\"query-input\":{\"@type\":\"PropertyValueSpecification\",\"valueRequired\":true,\"valueName\":\"search_term_string\"}}],\"inLanguage\":\"es\"},{\"@type\":\"Person\",\"@id\":\"https:\\\/\\\/quehacerpolitico.mx\\\/#\\\/schema\\\/person\\\/496d8ad2d1d3f8036101dca7ee39e585\",\"name\":\"Redacci\u00f3n QP\",\"image\":{\"@type\":\"ImageObject\",\"inLanguage\":\"es\",\"@id\":\"https:\\\/\\\/secure.gravatar.com\\\/avatar\\\/c7164ed6fdec453195284ad24a5ae5b6e1eed2b848477fa2a4787ba9adf39a41?s=96&d=mm&r=g\",\"url\":\"https:\\\/\\\/secure.gravatar.com\\\/avatar\\\/c7164ed6fdec453195284ad24a5ae5b6e1eed2b848477fa2a4787ba9adf39a41?s=96&d=mm&r=g\",\"contentUrl\":\"https:\\\/\\\/secure.gravatar.com\\\/avatar\\\/c7164ed6fdec453195284ad24a5ae5b6e1eed2b848477fa2a4787ba9adf39a41?s=96&d=mm&r=g\",\"caption\":\"Redacci\u00f3n QP\"},\"url\":\"https:\\\/\\\/quehacerpolitico.mx\\\/?author=2\"}]}<\/script>\n<!-- \/ Yoast SEO plugin. -->","yoast_head_json":{"title":"Hombre sin estudios ni trabajo, el perfil m\u00e1s afectado por COVID-19 en M\u00e9xico -","robots":{"index":"index","follow":"follow","max-snippet":"max-snippet:-1","max-image-preview":"max-image-preview:large","max-video-preview":"max-video-preview:-1"},"canonical":"https:\/\/quehacerpolitico.mx\/?p=60644","og_locale":"es_MX","og_type":"article","og_title":"Hombre sin estudios ni trabajo, el perfil m\u00e1s afectado por COVID-19 en M\u00e9xico -","og_description":"Hombre sin estudios ni trabajo, el perfil m\u00e1s afectado por COVID-19 en M\u00e9xico Por Redacci\u00f3n...","og_url":"https:\/\/quehacerpolitico.mx\/?p=60644","article_published_time":"2020-07-16T17:16:46+00:00","og_image":[{"width":320,"height":305,"url":"https:\/\/quehacerpolitico.mx\/wp-content\/uploads\/2020\/07\/9FA6098A-C2C5-4EDD-BEB7-1B6780D0C7CA.jpeg","type":"image\/jpeg"}],"author":"Redacci\u00f3n QP","twitter_card":"summary_large_image","twitter_misc":{"Escrito por":"Redacci\u00f3n QP","Tiempo de lectura":"4 minutos"},"schema":{"@context":"https:\/\/schema.org","@graph":[{"@type":"Article","@id":"https:\/\/quehacerpolitico.mx\/?p=60644#article","isPartOf":{"@id":"https:\/\/quehacerpolitico.mx\/?p=60644"},"author":{"name":"Redacci\u00f3n QP","@id":"https:\/\/quehacerpolitico.mx\/#\/schema\/person\/496d8ad2d1d3f8036101dca7ee39e585"},"headline":"Hombre sin estudios ni trabajo, el perfil m\u00e1s afectado por COVID-19 en M\u00e9xico","datePublished":"2020-07-16T17:16:46+00:00","mainEntityOfPage":{"@id":"https:\/\/quehacerpolitico.mx\/?p=60644"},"wordCount":724,"commentCount":0,"image":{"@id":"https:\/\/quehacerpolitico.mx\/?p=60644#primaryimage"},"thumbnailUrl":"https:\/\/quehacerpolitico.mx\/wp-content\/uploads\/2020\/07\/9FA6098A-C2C5-4EDD-BEB7-1B6780D0C7CA.jpeg","articleSection":["Noticias"],"inLanguage":"es","potentialAction":[{"@type":"CommentAction","name":"Comment","target":["https:\/\/quehacerpolitico.mx\/?p=60644#respond"]}]},{"@type":"WebPage","@id":"https:\/\/quehacerpolitico.mx\/?p=60644","url":"https:\/\/quehacerpolitico.mx\/?p=60644","name":"Hombre sin estudios ni trabajo, el perfil m\u00e1s afectado por COVID-19 en M\u00e9xico -","isPartOf":{"@id":"https:\/\/quehacerpolitico.mx\/#website"},"primaryImageOfPage":{"@id":"https:\/\/quehacerpolitico.mx\/?p=60644#primaryimage"},"image":{"@id":"https:\/\/quehacerpolitico.mx\/?p=60644#primaryimage"},"thumbnailUrl":"https:\/\/quehacerpolitico.mx\/wp-content\/uploads\/2020\/07\/9FA6098A-C2C5-4EDD-BEB7-1B6780D0C7CA.jpeg","datePublished":"2020-07-16T17:16:46+00:00","author":{"@id":"https:\/\/quehacerpolitico.mx\/#\/schema\/person\/496d8ad2d1d3f8036101dca7ee39e585"},"breadcrumb":{"@id":"https:\/\/quehacerpolitico.mx\/?p=60644#breadcrumb"},"inLanguage":"es","potentialAction":[{"@type":"ReadAction","target":["https:\/\/quehacerpolitico.mx\/?p=60644"]}]},{"@type":"ImageObject","inLanguage":"es","@id":"https:\/\/quehacerpolitico.mx\/?p=60644#primaryimage","url":"https:\/\/quehacerpolitico.mx\/wp-content\/uploads\/2020\/07\/9FA6098A-C2C5-4EDD-BEB7-1B6780D0C7CA.jpeg","contentUrl":"https:\/\/quehacerpolitico.mx\/wp-content\/uploads\/2020\/07\/9FA6098A-C2C5-4EDD-BEB7-1B6780D0C7CA.jpeg","width":320,"height":305},{"@type":"BreadcrumbList","@id":"https:\/\/quehacerpolitico.mx\/?p=60644#breadcrumb","itemListElement":[{"@type":"ListItem","position":1,"name":"Inicio","item":"https:\/\/quehacerpolitico.mx\/"},{"@type":"ListItem","position":2,"name":"Hombre sin estudios ni trabajo, el perfil m\u00e1s afectado por COVID-19 en M\u00e9xico"}]},{"@type":"WebSite","@id":"https:\/\/quehacerpolitico.mx\/#website","url":"https:\/\/quehacerpolitico.mx\/","name":"","description":"","potentialAction":[{"@type":"SearchAction","target":{"@type":"EntryPoint","urlTemplate":"https:\/\/quehacerpolitico.mx\/?s={search_term_string}"},"query-input":{"@type":"PropertyValueSpecification","valueRequired":true,"valueName":"search_term_string"}}],"inLanguage":"es"},{"@type":"Person","@id":"https:\/\/quehacerpolitico.mx\/#\/schema\/person\/496d8ad2d1d3f8036101dca7ee39e585","name":"Redacci\u00f3n QP","image":{"@type":"ImageObject","inLanguage":"es","@id":"https:\/\/secure.gravatar.com\/avatar\/c7164ed6fdec453195284ad24a5ae5b6e1eed2b848477fa2a4787ba9adf39a41?s=96&d=mm&r=g","url":"https:\/\/secure.gravatar.com\/avatar\/c7164ed6fdec453195284ad24a5ae5b6e1eed2b848477fa2a4787ba9adf39a41?s=96&d=mm&r=g","contentUrl":"https:\/\/secure.gravatar.com\/avatar\/c7164ed6fdec453195284ad24a5ae5b6e1eed2b848477fa2a4787ba9adf39a41?s=96&d=mm&r=g","caption":"Redacci\u00f3n QP"},"url":"https:\/\/quehacerpolitico.mx\/?author=2"}]}},"featured_image_urls":{"full":["https:\/\/quehacerpolitico.mx\/wp-content\/uploads\/2020\/07\/9FA6098A-C2C5-4EDD-BEB7-1B6780D0C7CA.jpeg",320,305,false],"thumbnail":["https:\/\/quehacerpolitico.mx\/wp-content\/uploads\/2020\/07\/9FA6098A-C2C5-4EDD-BEB7-1B6780D0C7CA-150x150.jpeg",150,150,true],"medium":["https:\/\/quehacerpolitico.mx\/wp-content\/uploads\/2020\/07\/9FA6098A-C2C5-4EDD-BEB7-1B6780D0C7CA-300x286.jpeg",300,286,true],"medium_large":["https:\/\/quehacerpolitico.mx\/wp-content\/uploads\/2020\/07\/9FA6098A-C2C5-4EDD-BEB7-1B6780D0C7CA.jpeg",320,305,false],"large":["https:\/\/quehacerpolitico.mx\/wp-content\/uploads\/2020\/07\/9FA6098A-C2C5-4EDD-BEB7-1B6780D0C7CA.jpeg",320,305,false],"1536x1536":["https:\/\/quehacerpolitico.mx\/wp-content\/uploads\/2020\/07\/9FA6098A-C2C5-4EDD-BEB7-1B6780D0C7CA.jpeg",320,305,false],"2048x2048":["https:\/\/quehacerpolitico.mx\/wp-content\/uploads\/2020\/07\/9FA6098A-C2C5-4EDD-BEB7-1B6780D0C7CA.jpeg",320,305,false],"covernews-featured":["https:\/\/quehacerpolitico.mx\/wp-content\/uploads\/2020\/07\/9FA6098A-C2C5-4EDD-BEB7-1B6780D0C7CA.jpeg",320,305,false],"covernews-medium":["https:\/\/quehacerpolitico.mx\/wp-content\/uploads\/2020\/07\/9FA6098A-C2C5-4EDD-BEB7-1B6780D0C7CA.jpeg",320,305,false]},"author_info":{"display_name":"Redacci\u00f3n QP","author_link":"https:\/\/quehacerpolitico.mx\/?author=2"},"category_info":"<a href=\"https:\/\/quehacerpolitico.mx\/?cat=2\" rel=\"category\">Noticias<\/a>","tag_info":"Noticias","comment_count":"0","_links":{"self":[{"href":"https:\/\/quehacerpolitico.mx\/index.php?rest_route=\/wp\/v2\/posts\/60644","targetHints":{"allow":["GET"]}}],"collection":[{"href":"https:\/\/quehacerpolitico.mx\/index.php?rest_route=\/wp\/v2\/posts"}],"about":[{"href":"https:\/\/quehacerpolitico.mx\/index.php?rest_route=\/wp\/v2\/types\/post"}],"author":[{"embeddable":true,"href":"https:\/\/quehacerpolitico.mx\/index.php?rest_route=\/wp\/v2\/users\/2"}],"replies":[{"embeddable":true,"href":"https:\/\/quehacerpolitico.mx\/index.php?rest_route=%2Fwp%2Fv2%2Fcomments&post=60644"}],"version-history":[{"count":0,"href":"https:\/\/quehacerpolitico.mx\/index.php?rest_route=\/wp\/v2\/posts\/60644\/revisions"}],"wp:featuredmedia":[{"embeddable":true,"href":"https:\/\/quehacerpolitico.mx\/index.php?rest_route=\/wp\/v2\/media\/60645"}],"wp:attachment":[{"href":"https:\/\/quehacerpolitico.mx\/index.php?rest_route=%2Fwp%2Fv2%2Fmedia&parent=60644"}],"wp:term":[{"taxonomy":"category","embeddable":true,"href":"https:\/\/quehacerpolitico.mx\/index.php?rest_route=%2Fwp%2Fv2%2Fcategories&post=60644"},{"taxonomy":"post_tag","embeddable":true,"href":"https:\/\/quehacerpolitico.mx\/index.php?rest_route=%2Fwp%2Fv2%2Ftags&post=60644"}],"curies":[{"name":"wp","href":"https:\/\/api.w.org\/{rel}","templated":true}]}}