{"id":60641,"date":"2020-07-16T12:06:54","date_gmt":"2020-07-16T17:06:54","guid":{"rendered":"http:\/\/quehacerpolitico.mx\/?p=60641"},"modified":"2020-07-16T12:06:54","modified_gmt":"2020-07-16T17:06:54","slug":"lopez-obrador-abierto-a-analizar-un-nuevo-pacto-fiscal","status":"publish","type":"post","link":"https:\/\/quehacerpolitico.mx\/?p=60641","title":{"rendered":"L\u00f3pez Obrador, abierto a analizar un nuevo Pacto Fiscal"},"content":{"rendered":"<h1 class=\"news-title\">L\u00f3pez Obrador, abierto a analizar un nuevo Pacto Fiscal<br \/>\nPor Redacci\u00f3n QP<\/h1>\n<p>El Presidente sugiere\u00a0la reestructuraci\u00f3n de deudas p\u00fablicas para tener un respiro en las finanzas locales<\/p>\n<p>Ante la crisis por la pandemia de coronavirus y el d\u00e9ficit p\u00fablico de estados y municipios, el Presidente Andres Manuel L\u00f3pez Obrador\u00a0<strong>sugiri\u00f3 la reestructuraci\u00f3n de deudas p\u00fablicas para tener un respiro en las finanzas locales.<\/strong><\/p>\n<p>En su conferencia de prensa, e la Base A\u00e9rea Militar n\u00famero 5 de Zapopan, Jalisco, el titular del Ejecutivo se mostr\u00f3 abierto a analizar un nuevo Pacto Fiscal, para <strong>que lo que se recaude a nivel nacional se distribuya con una nueva f\u00f3rmula.<\/strong><\/p>\n<p>Y agreg\u00f3: &#8220;Otra opci\u00f3n es reestructurar las deudas, en el caso de la renegociaci\u00f3n de deudas, lo que se busca es pagar menos intereses y alargar los plazos y eso da un respiro a las finanzas, hay que hacerlo, se hace en todo el mundo&#8221;, dijo.<\/p>\n<p>El Presidente acept\u00f3\u00a0que de manera leg\u00edtima las entidades le solicitan a la Federaci\u00f3n m\u00e1s recursos, pero<strong> la Federaci\u00f3n tambi\u00e9n tiene l\u00edmites y tiene que buscar que se mantengan las finanzas sanas<\/strong> y que no se endeude el pa\u00eds que podamos cumplir con todos los compromisos.<\/p>\n<p>Reconoci\u00f3 que en el gobierno federal y los gobiernos estatales se enfrenta una situaci\u00f3n dif\u00edcil y delicada porque heredaron una gran deuda p\u00fablica de las pasadas administraciones, pues no obstante, asegur\u00f3 que ha crecido la transferencia de recursos a los estados.<\/p>\n<p>&#8220;En nuestro caso no le hemos quitado recursos a los estados, <strong>se les ha entregado lo que por ley les corresponde y de manera puntual<\/strong>, estamos al d\u00eda en la entrega de recursos de la Federaci\u00f3n&#8221;.<\/p>\n<p>En medio de la crisis sanitaria por COVID-19,\u00a0los estados y municipios enfrentan reducciones de sus participaciones y aportaciones federales, y mantienen una deuda de 641 mil 853 millones de pesos de acuerdo con el Centro de Estudios de las Finanzas P\u00fablicas (CEFP) de la C\u00e1mara de Diputados.<\/p>\n<p>Seg\u00fan las cifras del CEFP <strong>el gobierno federal entreg\u00f3 18 mil 456 millones de pesos menos de recursos federalizados<\/strong> a los gobiernos locales durante los primeros cinco\u00a0meses de 2020.<\/p>\n<p>Con informaci\u00f3n de SUN<\/p>\n","protected":false},"excerpt":{"rendered":"<p>L\u00f3pez Obrador, abierto a analizar un nuevo Pacto Fiscal Por Redacci\u00f3n QP El Presidente sugiere\u00a0la&#8230;<\/p>\n","protected":false},"author":2,"featured_media":60642,"comment_status":"open","ping_status":"open","sticky":false,"template":"","format":"standard","meta":{"_monsterinsights_skip_tracking":false,"_monsterinsights_sitenote_active":false,"_monsterinsights_sitenote_note":"","_monsterinsights_sitenote_category":0,"footnotes":""},"categories":[2],"tags":[],"class_list":["post-60641","post","type-post","status-publish","format-standard","has-post-thumbnail","hentry","category-noticias"],"yoast_head":"<!-- This site is optimized with the Yoast SEO plugin v27.3 - https:\/\/yoast.com\/product\/yoast-seo-wordpress\/ -->\n<title>L\u00f3pez Obrador, abierto a analizar un nuevo Pacto Fiscal -<\/title>\n<meta name=\"robots\" content=\"index, follow, max-snippet:-1, max-image-preview:large, max-video-preview:-1\" \/>\n<link rel=\"canonical\" href=\"https:\/\/quehacerpolitico.mx\/?p=60641\" \/>\n<meta property=\"og:locale\" content=\"es_MX\" \/>\n<meta property=\"og:type\" content=\"article\" \/>\n<meta property=\"og:title\" content=\"L\u00f3pez Obrador, abierto a analizar un nuevo Pacto Fiscal -\" \/>\n<meta property=\"og:description\" content=\"L\u00f3pez Obrador, abierto a analizar un nuevo Pacto Fiscal Por Redacci\u00f3n QP El Presidente sugiere\u00a0la...\" \/>\n<meta property=\"og:url\" content=\"https:\/\/quehacerpolitico.mx\/?p=60641\" \/>\n<meta property=\"article:published_time\" content=\"2020-07-16T17:06:54+00:00\" \/>\n<meta property=\"og:image\" content=\"https:\/\/quehacerpolitico.mx\/wp-content\/uploads\/2020\/07\/7B9C24FE-1D28-46A5-9764-396370883C67.jpeg\" \/>\n\t<meta property=\"og:image:width\" content=\"1231\" \/>\n\t<meta property=\"og:image:height\" content=\"643\" \/>\n\t<meta property=\"og:image:type\" content=\"image\/jpeg\" \/>\n<meta name=\"author\" content=\"Redacci\u00f3n QP\" \/>\n<meta name=\"twitter:card\" content=\"summary_large_image\" \/>\n<meta name=\"twitter:label1\" content=\"Escrito por\" \/>\n\t<meta name=\"twitter:data1\" content=\"Redacci\u00f3n QP\" \/>\n\t<meta name=\"twitter:label2\" content=\"Tiempo de lectura\" \/>\n\t<meta name=\"twitter:data2\" content=\"2 minutos\" \/>\n<script type=\"application\/ld+json\" class=\"yoast-schema-graph\">{\"@context\":\"https:\\\/\\\/schema.org\",\"@graph\":[{\"@type\":\"Article\",\"@id\":\"https:\\\/\\\/quehacerpolitico.mx\\\/?p=60641#article\",\"isPartOf\":{\"@id\":\"https:\\\/\\\/quehacerpolitico.mx\\\/?p=60641\"},\"author\":{\"name\":\"Redacci\u00f3n QP\",\"@id\":\"https:\\\/\\\/quehacerpolitico.mx\\\/#\\\/schema\\\/person\\\/496d8ad2d1d3f8036101dca7ee39e585\"},\"headline\":\"L\u00f3pez Obrador, abierto a analizar un nuevo Pacto Fiscal\",\"datePublished\":\"2020-07-16T17:06:54+00:00\",\"mainEntityOfPage\":{\"@id\":\"https:\\\/\\\/quehacerpolitico.mx\\\/?p=60641\"},\"wordCount\":392,\"commentCount\":0,\"image\":{\"@id\":\"https:\\\/\\\/quehacerpolitico.mx\\\/?p=60641#primaryimage\"},\"thumbnailUrl\":\"https:\\\/\\\/quehacerpolitico.mx\\\/wp-content\\\/uploads\\\/2020\\\/07\\\/7B9C24FE-1D28-46A5-9764-396370883C67.jpeg\",\"articleSection\":[\"Noticias\"],\"inLanguage\":\"es\",\"potentialAction\":[{\"@type\":\"CommentAction\",\"name\":\"Comment\",\"target\":[\"https:\\\/\\\/quehacerpolitico.mx\\\/?p=60641#respond\"]}]},{\"@type\":\"WebPage\",\"@id\":\"https:\\\/\\\/quehacerpolitico.mx\\\/?p=60641\",\"url\":\"https:\\\/\\\/quehacerpolitico.mx\\\/?p=60641\",\"name\":\"L\u00f3pez Obrador, abierto a analizar un nuevo Pacto Fiscal -\",\"isPartOf\":{\"@id\":\"https:\\\/\\\/quehacerpolitico.mx\\\/#website\"},\"primaryImageOfPage\":{\"@id\":\"https:\\\/\\\/quehacerpolitico.mx\\\/?p=60641#primaryimage\"},\"image\":{\"@id\":\"https:\\\/\\\/quehacerpolitico.mx\\\/?p=60641#primaryimage\"},\"thumbnailUrl\":\"https:\\\/\\\/quehacerpolitico.mx\\\/wp-content\\\/uploads\\\/2020\\\/07\\\/7B9C24FE-1D28-46A5-9764-396370883C67.jpeg\",\"datePublished\":\"2020-07-16T17:06:54+00:00\",\"author\":{\"@id\":\"https:\\\/\\\/quehacerpolitico.mx\\\/#\\\/schema\\\/person\\\/496d8ad2d1d3f8036101dca7ee39e585\"},\"breadcrumb\":{\"@id\":\"https:\\\/\\\/quehacerpolitico.mx\\\/?p=60641#breadcrumb\"},\"inLanguage\":\"es\",\"potentialAction\":[{\"@type\":\"ReadAction\",\"target\":[\"https:\\\/\\\/quehacerpolitico.mx\\\/?p=60641\"]}]},{\"@type\":\"ImageObject\",\"inLanguage\":\"es\",\"@id\":\"https:\\\/\\\/quehacerpolitico.mx\\\/?p=60641#primaryimage\",\"url\":\"https:\\\/\\\/quehacerpolitico.mx\\\/wp-content\\\/uploads\\\/2020\\\/07\\\/7B9C24FE-1D28-46A5-9764-396370883C67.jpeg\",\"contentUrl\":\"https:\\\/\\\/quehacerpolitico.mx\\\/wp-content\\\/uploads\\\/2020\\\/07\\\/7B9C24FE-1D28-46A5-9764-396370883C67.jpeg\",\"width\":1231,\"height\":643},{\"@type\":\"BreadcrumbList\",\"@id\":\"https:\\\/\\\/quehacerpolitico.mx\\\/?p=60641#breadcrumb\",\"itemListElement\":[{\"@type\":\"ListItem\",\"position\":1,\"name\":\"Inicio\",\"item\":\"https:\\\/\\\/quehacerpolitico.mx\\\/\"},{\"@type\":\"ListItem\",\"position\":2,\"name\":\"L\u00f3pez Obrador, abierto a analizar un nuevo Pacto Fiscal\"}]},{\"@type\":\"WebSite\",\"@id\":\"https:\\\/\\\/quehacerpolitico.mx\\\/#website\",\"url\":\"https:\\\/\\\/quehacerpolitico.mx\\\/\",\"name\":\"\",\"description\":\"\",\"potentialAction\":[{\"@type\":\"SearchAction\",\"target\":{\"@type\":\"EntryPoint\",\"urlTemplate\":\"https:\\\/\\\/quehacerpolitico.mx\\\/?s={search_term_string}\"},\"query-input\":{\"@type\":\"PropertyValueSpecification\",\"valueRequired\":true,\"valueName\":\"search_term_string\"}}],\"inLanguage\":\"es\"},{\"@type\":\"Person\",\"@id\":\"https:\\\/\\\/quehacerpolitico.mx\\\/#\\\/schema\\\/person\\\/496d8ad2d1d3f8036101dca7ee39e585\",\"name\":\"Redacci\u00f3n QP\",\"image\":{\"@type\":\"ImageObject\",\"inLanguage\":\"es\",\"@id\":\"https:\\\/\\\/secure.gravatar.com\\\/avatar\\\/c7164ed6fdec453195284ad24a5ae5b6e1eed2b848477fa2a4787ba9adf39a41?s=96&d=mm&r=g\",\"url\":\"https:\\\/\\\/secure.gravatar.com\\\/avatar\\\/c7164ed6fdec453195284ad24a5ae5b6e1eed2b848477fa2a4787ba9adf39a41?s=96&d=mm&r=g\",\"contentUrl\":\"https:\\\/\\\/secure.gravatar.com\\\/avatar\\\/c7164ed6fdec453195284ad24a5ae5b6e1eed2b848477fa2a4787ba9adf39a41?s=96&d=mm&r=g\",\"caption\":\"Redacci\u00f3n QP\"},\"url\":\"https:\\\/\\\/quehacerpolitico.mx\\\/?author=2\"}]}<\/script>\n<!-- \/ Yoast SEO plugin. -->","yoast_head_json":{"title":"L\u00f3pez Obrador, abierto a analizar un nuevo Pacto Fiscal -","robots":{"index":"index","follow":"follow","max-snippet":"max-snippet:-1","max-image-preview":"max-image-preview:large","max-video-preview":"max-video-preview:-1"},"canonical":"https:\/\/quehacerpolitico.mx\/?p=60641","og_locale":"es_MX","og_type":"article","og_title":"L\u00f3pez Obrador, abierto a analizar un nuevo Pacto Fiscal -","og_description":"L\u00f3pez Obrador, abierto a analizar un nuevo Pacto Fiscal Por Redacci\u00f3n QP El Presidente sugiere\u00a0la...","og_url":"https:\/\/quehacerpolitico.mx\/?p=60641","article_published_time":"2020-07-16T17:06:54+00:00","og_image":[{"width":1231,"height":643,"url":"https:\/\/quehacerpolitico.mx\/wp-content\/uploads\/2020\/07\/7B9C24FE-1D28-46A5-9764-396370883C67.jpeg","type":"image\/jpeg"}],"author":"Redacci\u00f3n QP","twitter_card":"summary_large_image","twitter_misc":{"Escrito por":"Redacci\u00f3n QP","Tiempo de lectura":"2 minutos"},"schema":{"@context":"https:\/\/schema.org","@graph":[{"@type":"Article","@id":"https:\/\/quehacerpolitico.mx\/?p=60641#article","isPartOf":{"@id":"https:\/\/quehacerpolitico.mx\/?p=60641"},"author":{"name":"Redacci\u00f3n QP","@id":"https:\/\/quehacerpolitico.mx\/#\/schema\/person\/496d8ad2d1d3f8036101dca7ee39e585"},"headline":"L\u00f3pez Obrador, abierto a analizar un nuevo Pacto Fiscal","datePublished":"2020-07-16T17:06:54+00:00","mainEntityOfPage":{"@id":"https:\/\/quehacerpolitico.mx\/?p=60641"},"wordCount":392,"commentCount":0,"image":{"@id":"https:\/\/quehacerpolitico.mx\/?p=60641#primaryimage"},"thumbnailUrl":"https:\/\/quehacerpolitico.mx\/wp-content\/uploads\/2020\/07\/7B9C24FE-1D28-46A5-9764-396370883C67.jpeg","articleSection":["Noticias"],"inLanguage":"es","potentialAction":[{"@type":"CommentAction","name":"Comment","target":["https:\/\/quehacerpolitico.mx\/?p=60641#respond"]}]},{"@type":"WebPage","@id":"https:\/\/quehacerpolitico.mx\/?p=60641","url":"https:\/\/quehacerpolitico.mx\/?p=60641","name":"L\u00f3pez Obrador, abierto a analizar un nuevo Pacto Fiscal -","isPartOf":{"@id":"https:\/\/quehacerpolitico.mx\/#website"},"primaryImageOfPage":{"@id":"https:\/\/quehacerpolitico.mx\/?p=60641#primaryimage"},"image":{"@id":"https:\/\/quehacerpolitico.mx\/?p=60641#primaryimage"},"thumbnailUrl":"https:\/\/quehacerpolitico.mx\/wp-content\/uploads\/2020\/07\/7B9C24FE-1D28-46A5-9764-396370883C67.jpeg","datePublished":"2020-07-16T17:06:54+00:00","author":{"@id":"https:\/\/quehacerpolitico.mx\/#\/schema\/person\/496d8ad2d1d3f8036101dca7ee39e585"},"breadcrumb":{"@id":"https:\/\/quehacerpolitico.mx\/?p=60641#breadcrumb"},"inLanguage":"es","potentialAction":[{"@type":"ReadAction","target":["https:\/\/quehacerpolitico.mx\/?p=60641"]}]},{"@type":"ImageObject","inLanguage":"es","@id":"https:\/\/quehacerpolitico.mx\/?p=60641#primaryimage","url":"https:\/\/quehacerpolitico.mx\/wp-content\/uploads\/2020\/07\/7B9C24FE-1D28-46A5-9764-396370883C67.jpeg","contentUrl":"https:\/\/quehacerpolitico.mx\/wp-content\/uploads\/2020\/07\/7B9C24FE-1D28-46A5-9764-396370883C67.jpeg","width":1231,"height":643},{"@type":"BreadcrumbList","@id":"https:\/\/quehacerpolitico.mx\/?p=60641#breadcrumb","itemListElement":[{"@type":"ListItem","position":1,"name":"Inicio","item":"https:\/\/quehacerpolitico.mx\/"},{"@type":"ListItem","position":2,"name":"L\u00f3pez Obrador, abierto a analizar un nuevo Pacto Fiscal"}]},{"@type":"WebSite","@id":"https:\/\/quehacerpolitico.mx\/#website","url":"https:\/\/quehacerpolitico.mx\/","name":"","description":"","potentialAction":[{"@type":"SearchAction","target":{"@type":"EntryPoint","urlTemplate":"https:\/\/quehacerpolitico.mx\/?s={search_term_string}"},"query-input":{"@type":"PropertyValueSpecification","valueRequired":true,"valueName":"search_term_string"}}],"inLanguage":"es"},{"@type":"Person","@id":"https:\/\/quehacerpolitico.mx\/#\/schema\/person\/496d8ad2d1d3f8036101dca7ee39e585","name":"Redacci\u00f3n QP","image":{"@type":"ImageObject","inLanguage":"es","@id":"https:\/\/secure.gravatar.com\/avatar\/c7164ed6fdec453195284ad24a5ae5b6e1eed2b848477fa2a4787ba9adf39a41?s=96&d=mm&r=g","url":"https:\/\/secure.gravatar.com\/avatar\/c7164ed6fdec453195284ad24a5ae5b6e1eed2b848477fa2a4787ba9adf39a41?s=96&d=mm&r=g","contentUrl":"https:\/\/secure.gravatar.com\/avatar\/c7164ed6fdec453195284ad24a5ae5b6e1eed2b848477fa2a4787ba9adf39a41?s=96&d=mm&r=g","caption":"Redacci\u00f3n QP"},"url":"https:\/\/quehacerpolitico.mx\/?author=2"}]}},"featured_image_urls":{"full":["https:\/\/quehacerpolitico.mx\/wp-content\/uploads\/2020\/07\/7B9C24FE-1D28-46A5-9764-396370883C67.jpeg",1231,643,false],"thumbnail":["https:\/\/quehacerpolitico.mx\/wp-content\/uploads\/2020\/07\/7B9C24FE-1D28-46A5-9764-396370883C67-150x150.jpeg",150,150,true],"medium":["https:\/\/quehacerpolitico.mx\/wp-content\/uploads\/2020\/07\/7B9C24FE-1D28-46A5-9764-396370883C67-300x157.jpeg",300,157,true],"medium_large":["https:\/\/quehacerpolitico.mx\/wp-content\/uploads\/2020\/07\/7B9C24FE-1D28-46A5-9764-396370883C67-768x401.jpeg",640,334,true],"large":["https:\/\/quehacerpolitico.mx\/wp-content\/uploads\/2020\/07\/7B9C24FE-1D28-46A5-9764-396370883C67-1024x535.jpeg",640,334,true],"1536x1536":["https:\/\/quehacerpolitico.mx\/wp-content\/uploads\/2020\/07\/7B9C24FE-1D28-46A5-9764-396370883C67.jpeg",1231,643,false],"2048x2048":["https:\/\/quehacerpolitico.mx\/wp-content\/uploads\/2020\/07\/7B9C24FE-1D28-46A5-9764-396370883C67.jpeg",1231,643,false],"covernews-featured":["https:\/\/quehacerpolitico.mx\/wp-content\/uploads\/2020\/07\/7B9C24FE-1D28-46A5-9764-396370883C67.jpeg",1024,535,false],"covernews-medium":["https:\/\/quehacerpolitico.mx\/wp-content\/uploads\/2020\/07\/7B9C24FE-1D28-46A5-9764-396370883C67.jpeg",540,282,false]},"author_info":{"display_name":"Redacci\u00f3n QP","author_link":"https:\/\/quehacerpolitico.mx\/?author=2"},"category_info":"<a href=\"https:\/\/quehacerpolitico.mx\/?cat=2\" rel=\"category\">Noticias<\/a>","tag_info":"Noticias","comment_count":"0","_links":{"self":[{"href":"https:\/\/quehacerpolitico.mx\/index.php?rest_route=\/wp\/v2\/posts\/60641","targetHints":{"allow":["GET"]}}],"collection":[{"href":"https:\/\/quehacerpolitico.mx\/index.php?rest_route=\/wp\/v2\/posts"}],"about":[{"href":"https:\/\/quehacerpolitico.mx\/index.php?rest_route=\/wp\/v2\/types\/post"}],"author":[{"embeddable":true,"href":"https:\/\/quehacerpolitico.mx\/index.php?rest_route=\/wp\/v2\/users\/2"}],"replies":[{"embeddable":true,"href":"https:\/\/quehacerpolitico.mx\/index.php?rest_route=%2Fwp%2Fv2%2Fcomments&post=60641"}],"version-history":[{"count":0,"href":"https:\/\/quehacerpolitico.mx\/index.php?rest_route=\/wp\/v2\/posts\/60641\/revisions"}],"wp:featuredmedia":[{"embeddable":true,"href":"https:\/\/quehacerpolitico.mx\/index.php?rest_route=\/wp\/v2\/media\/60642"}],"wp:attachment":[{"href":"https:\/\/quehacerpolitico.mx\/index.php?rest_route=%2Fwp%2Fv2%2Fmedia&parent=60641"}],"wp:term":[{"taxonomy":"category","embeddable":true,"href":"https:\/\/quehacerpolitico.mx\/index.php?rest_route=%2Fwp%2Fv2%2Fcategories&post=60641"},{"taxonomy":"post_tag","embeddable":true,"href":"https:\/\/quehacerpolitico.mx\/index.php?rest_route=%2Fwp%2Fv2%2Ftags&post=60641"}],"curies":[{"name":"wp","href":"https:\/\/api.w.org\/{rel}","templated":true}]}}