{"id":60484,"date":"2020-07-13T19:40:03","date_gmt":"2020-07-14T00:40:03","guid":{"rendered":"http:\/\/quehacerpolitico.mx\/?p=60484"},"modified":"2020-07-13T19:40:03","modified_gmt":"2020-07-14T00:40:03","slug":"internacionales-carolina-alonso-romei-la-ciudad-de-nueva-york-registra-su-primer-dia-sin-muertos-por-covid-19","status":"publish","type":"post","link":"https:\/\/quehacerpolitico.mx\/?p=60484","title":{"rendered":"Internacionales\/\/\/Carolina Alonso Romei\/\/\/La ciudad de Nueva York registra su primer d\u00eda sin muertos por COVID-19"},"content":{"rendered":"<h1 class=\"news-title\">La ciudad de Nueva York registra su primer d\u00eda sin muertos por COVID-19<br \/>\nPor Carolina Alonso Romei<\/h1>\n<p>Internacionalista<\/p>\n<p>El alcalde Bill de Blasio indica que 56 personas fueron hospitalizadas el domingo por el coronavirus y que el 2% de las que se hab\u00edan sometido a an\u00e1lisis han dado positivo<\/p>\n<p>La ciudad de Nueva York\u00a0<strong>no registr\u00f3 ninguna v\u00edctima mortal por COVID-19 en 24 horas por primera vez desde el comienzo de la pandemia,<\/strong> seg\u00fan anunci\u00f3 este lunes el alcalde Bill de Blasio, que advirti\u00f3 sobre el aumento del \u00edndice de contagios entre los j\u00f3venes de 20 a 29 a\u00f1os.<\/p>\n<p>En su rueda de prensa diaria, el regidor indic\u00f3 que 56 personas fueron hospitalizadas ayer por el coronavirus y que el 2% de las que se hab\u00edan sometido a an\u00e1lisis de sangre han dado positivo.<\/p>\n<p>De Blasio se mostr\u00f3 optimista ante estas cifras, pero insisti\u00f3 en que <strong>&#8220;la enfermedad est\u00e1 muy lejos de ser vencida&#8221;<\/strong> y record\u00f3 que todav\u00eda hay muchos estados en el pa\u00eds donde el coronavirus\u00a0sigue extendi\u00e9ndose.<\/p>\n<p>Asimismo, pidi\u00f3 a los neoyorquinos que lleven mascarillas siempre que se encuentren en el interior de cualquier edificio, excepto en sus propias casas, debido a la dificultad de mantener la distancia social de dos metros.<\/p>\n<p>En ese sentido, subray\u00f3 que mientras el \u00edndice de contagios est\u00e1 bajando en la mayor\u00eda de horquillas de edad, <strong>se ha registrado un aumento destacable entre los j\u00f3venes con edades entre 20 y 29 a\u00f1os<\/strong> y en menor medida entre las personas de 30 a 39 a\u00f1os.<\/p>\n<p>Seg\u00fan los datos oficiales, <strong>m\u00e1s de 17 mil 500 personas han muerto en la ciudad como consecuencia de la pandemia,<\/strong> que ha causado m\u00e1s de 135 mil muertos en Estados Unidos, de acuerdo con el centro Johns Hopkins.<\/p>\n<p>El gobernador de Nueva York, Andrew Cuomo, asegur\u00f3 el s\u00e1bado que teme la posibilidad de un nuevo incremento de casos de coronavirus en la regi\u00f3n dado el elevado n\u00famero que se est\u00e1 registrando en el resto de EU.<\/p>\n<p>&#8220;La \u00fanica pregunta es cu\u00e1nto subir\u00e1&#8221;, dijo Cuomo en una entrevista con la radio WAMC sobre la posibilidad del aumento de coronavirus en el estado, que durante los meses de marzo, abril y mayo fue el epicentro de la pandemia.<\/p>\n<p><strong>&#8220;No es posible que lo tengan por todo el pa\u00eds y que no vuelva&#8221;,<\/strong> asever\u00f3.<\/p>\n<p>El miedo de Cuomo al regreso de la pandemia a Nueva York se produce pese a la cuarentena obligatoria que se ha impuesto para todas aquellas personas que llegan a la regi\u00f3n Triestatal (Nueva York, Nueva Jersey y Connecticut) desde una larga lista de estados.<\/p>\n<p>Entre ellos est\u00e1n Alabama, Arkansas, Arizona, Florida, Carolina del Norte, Carolina del Sur, Texas, Utah, California, Georgia y Nevada.<\/p>\n<p>Nueva York se encuentra desde el pasado 6 de julio en la fase 3 de la reapertura\u00a0de la ciudad y han abierto un gran n\u00famero de negocios como las tiendas de minoristas, peluquer\u00edas y centros de tratamientos personales, as\u00ed como los restaurantes, que no pueden ofrecer comida en su interior pero s\u00ed instalar terrazas.<\/p>\n<p>Sin embargo, todav\u00eda hay negocios como gimnasios, teatros y museos que contin\u00faan cerrados y los centros de trabajo mantienen restricciones sobre las labores presenciales.<\/p>\n<p>Con Informaci\u00f3n de EFE<\/p>\n","protected":false},"excerpt":{"rendered":"<p>La ciudad de Nueva York registra su primer d\u00eda sin muertos por COVID-19 Por Carolina&#8230;<\/p>\n","protected":false},"author":2,"featured_media":60485,"comment_status":"open","ping_status":"open","sticky":false,"template":"","format":"standard","meta":{"_monsterinsights_skip_tracking":false,"_monsterinsights_sitenote_active":false,"_monsterinsights_sitenote_note":"","_monsterinsights_sitenote_category":0,"footnotes":""},"categories":[1],"tags":[],"class_list":["post-60484","post","type-post","status-publish","format-standard","has-post-thumbnail","hentry","category-sin-categoria"],"yoast_head":"<!-- This site is optimized with the Yoast SEO plugin v27.3 - https:\/\/yoast.com\/product\/yoast-seo-wordpress\/ -->\n<title>Internacionales\/\/\/Carolina Alonso Romei\/\/\/La ciudad de Nueva York registra su primer d\u00eda sin muertos por COVID-19 -<\/title>\n<meta name=\"robots\" content=\"index, follow, max-snippet:-1, max-image-preview:large, max-video-preview:-1\" \/>\n<link rel=\"canonical\" href=\"https:\/\/quehacerpolitico.mx\/?p=60484\" \/>\n<meta property=\"og:locale\" content=\"es_MX\" \/>\n<meta property=\"og:type\" content=\"article\" \/>\n<meta property=\"og:title\" content=\"Internacionales\/\/\/Carolina Alonso Romei\/\/\/La ciudad de Nueva York registra su primer d\u00eda sin muertos por COVID-19 -\" \/>\n<meta property=\"og:description\" content=\"La ciudad de Nueva York registra su primer d\u00eda sin muertos por COVID-19 Por Carolina...\" \/>\n<meta property=\"og:url\" content=\"https:\/\/quehacerpolitico.mx\/?p=60484\" \/>\n<meta property=\"article:published_time\" content=\"2020-07-14T00:40:03+00:00\" \/>\n<meta property=\"og:image\" content=\"https:\/\/quehacerpolitico.mx\/wp-content\/uploads\/2020\/07\/5EFF1979-AEC4-4D39-8D62-38A071AD98D5.jpeg\" \/>\n\t<meta property=\"og:image:width\" content=\"320\" \/>\n\t<meta property=\"og:image:height\" content=\"305\" \/>\n\t<meta property=\"og:image:type\" content=\"image\/jpeg\" \/>\n<meta name=\"author\" content=\"Redacci\u00f3n QP\" \/>\n<meta name=\"twitter:card\" content=\"summary_large_image\" \/>\n<meta name=\"twitter:label1\" content=\"Escrito por\" \/>\n\t<meta name=\"twitter:data1\" content=\"Redacci\u00f3n QP\" \/>\n\t<meta name=\"twitter:label2\" content=\"Tiempo de lectura\" \/>\n\t<meta name=\"twitter:data2\" content=\"3 minutos\" \/>\n<script type=\"application\/ld+json\" class=\"yoast-schema-graph\">{\"@context\":\"https:\\\/\\\/schema.org\",\"@graph\":[{\"@type\":\"Article\",\"@id\":\"https:\\\/\\\/quehacerpolitico.mx\\\/?p=60484#article\",\"isPartOf\":{\"@id\":\"https:\\\/\\\/quehacerpolitico.mx\\\/?p=60484\"},\"author\":{\"name\":\"Redacci\u00f3n QP\",\"@id\":\"https:\\\/\\\/quehacerpolitico.mx\\\/#\\\/schema\\\/person\\\/496d8ad2d1d3f8036101dca7ee39e585\"},\"headline\":\"Internacionales\\\/\\\/\\\/Carolina Alonso Romei\\\/\\\/\\\/La ciudad de Nueva York registra su primer d\u00eda sin muertos por COVID-19\",\"datePublished\":\"2020-07-14T00:40:03+00:00\",\"mainEntityOfPage\":{\"@id\":\"https:\\\/\\\/quehacerpolitico.mx\\\/?p=60484\"},\"wordCount\":562,\"commentCount\":0,\"image\":{\"@id\":\"https:\\\/\\\/quehacerpolitico.mx\\\/?p=60484#primaryimage\"},\"thumbnailUrl\":\"https:\\\/\\\/quehacerpolitico.mx\\\/wp-content\\\/uploads\\\/2020\\\/07\\\/5EFF1979-AEC4-4D39-8D62-38A071AD98D5.jpeg\",\"articleSection\":[\"Internacionales\"],\"inLanguage\":\"es\",\"potentialAction\":[{\"@type\":\"CommentAction\",\"name\":\"Comment\",\"target\":[\"https:\\\/\\\/quehacerpolitico.mx\\\/?p=60484#respond\"]}]},{\"@type\":\"WebPage\",\"@id\":\"https:\\\/\\\/quehacerpolitico.mx\\\/?p=60484\",\"url\":\"https:\\\/\\\/quehacerpolitico.mx\\\/?p=60484\",\"name\":\"Internacionales\\\/\\\/\\\/Carolina Alonso Romei\\\/\\\/\\\/La ciudad de Nueva York registra su primer d\u00eda sin muertos por COVID-19 -\",\"isPartOf\":{\"@id\":\"https:\\\/\\\/quehacerpolitico.mx\\\/#website\"},\"primaryImageOfPage\":{\"@id\":\"https:\\\/\\\/quehacerpolitico.mx\\\/?p=60484#primaryimage\"},\"image\":{\"@id\":\"https:\\\/\\\/quehacerpolitico.mx\\\/?p=60484#primaryimage\"},\"thumbnailUrl\":\"https:\\\/\\\/quehacerpolitico.mx\\\/wp-content\\\/uploads\\\/2020\\\/07\\\/5EFF1979-AEC4-4D39-8D62-38A071AD98D5.jpeg\",\"datePublished\":\"2020-07-14T00:40:03+00:00\",\"author\":{\"@id\":\"https:\\\/\\\/quehacerpolitico.mx\\\/#\\\/schema\\\/person\\\/496d8ad2d1d3f8036101dca7ee39e585\"},\"breadcrumb\":{\"@id\":\"https:\\\/\\\/quehacerpolitico.mx\\\/?p=60484#breadcrumb\"},\"inLanguage\":\"es\",\"potentialAction\":[{\"@type\":\"ReadAction\",\"target\":[\"https:\\\/\\\/quehacerpolitico.mx\\\/?p=60484\"]}]},{\"@type\":\"ImageObject\",\"inLanguage\":\"es\",\"@id\":\"https:\\\/\\\/quehacerpolitico.mx\\\/?p=60484#primaryimage\",\"url\":\"https:\\\/\\\/quehacerpolitico.mx\\\/wp-content\\\/uploads\\\/2020\\\/07\\\/5EFF1979-AEC4-4D39-8D62-38A071AD98D5.jpeg\",\"contentUrl\":\"https:\\\/\\\/quehacerpolitico.mx\\\/wp-content\\\/uploads\\\/2020\\\/07\\\/5EFF1979-AEC4-4D39-8D62-38A071AD98D5.jpeg\",\"width\":320,\"height\":305},{\"@type\":\"BreadcrumbList\",\"@id\":\"https:\\\/\\\/quehacerpolitico.mx\\\/?p=60484#breadcrumb\",\"itemListElement\":[{\"@type\":\"ListItem\",\"position\":1,\"name\":\"Inicio\",\"item\":\"https:\\\/\\\/quehacerpolitico.mx\\\/\"},{\"@type\":\"ListItem\",\"position\":2,\"name\":\"Internacionales\\\/\\\/\\\/Carolina Alonso Romei\\\/\\\/\\\/La ciudad de Nueva York registra su primer d\u00eda sin muertos por COVID-19\"}]},{\"@type\":\"WebSite\",\"@id\":\"https:\\\/\\\/quehacerpolitico.mx\\\/#website\",\"url\":\"https:\\\/\\\/quehacerpolitico.mx\\\/\",\"name\":\"\",\"description\":\"\",\"potentialAction\":[{\"@type\":\"SearchAction\",\"target\":{\"@type\":\"EntryPoint\",\"urlTemplate\":\"https:\\\/\\\/quehacerpolitico.mx\\\/?s={search_term_string}\"},\"query-input\":{\"@type\":\"PropertyValueSpecification\",\"valueRequired\":true,\"valueName\":\"search_term_string\"}}],\"inLanguage\":\"es\"},{\"@type\":\"Person\",\"@id\":\"https:\\\/\\\/quehacerpolitico.mx\\\/#\\\/schema\\\/person\\\/496d8ad2d1d3f8036101dca7ee39e585\",\"name\":\"Redacci\u00f3n QP\",\"image\":{\"@type\":\"ImageObject\",\"inLanguage\":\"es\",\"@id\":\"https:\\\/\\\/secure.gravatar.com\\\/avatar\\\/c7164ed6fdec453195284ad24a5ae5b6e1eed2b848477fa2a4787ba9adf39a41?s=96&d=mm&r=g\",\"url\":\"https:\\\/\\\/secure.gravatar.com\\\/avatar\\\/c7164ed6fdec453195284ad24a5ae5b6e1eed2b848477fa2a4787ba9adf39a41?s=96&d=mm&r=g\",\"contentUrl\":\"https:\\\/\\\/secure.gravatar.com\\\/avatar\\\/c7164ed6fdec453195284ad24a5ae5b6e1eed2b848477fa2a4787ba9adf39a41?s=96&d=mm&r=g\",\"caption\":\"Redacci\u00f3n QP\"},\"url\":\"https:\\\/\\\/quehacerpolitico.mx\\\/?author=2\"}]}<\/script>\n<!-- \/ Yoast SEO plugin. -->","yoast_head_json":{"title":"Internacionales\/\/\/Carolina Alonso Romei\/\/\/La ciudad de Nueva York registra su primer d\u00eda sin muertos por COVID-19 -","robots":{"index":"index","follow":"follow","max-snippet":"max-snippet:-1","max-image-preview":"max-image-preview:large","max-video-preview":"max-video-preview:-1"},"canonical":"https:\/\/quehacerpolitico.mx\/?p=60484","og_locale":"es_MX","og_type":"article","og_title":"Internacionales\/\/\/Carolina Alonso Romei\/\/\/La ciudad de Nueva York registra su primer d\u00eda sin muertos por COVID-19 -","og_description":"La ciudad de Nueva York registra su primer d\u00eda sin muertos por COVID-19 Por Carolina...","og_url":"https:\/\/quehacerpolitico.mx\/?p=60484","article_published_time":"2020-07-14T00:40:03+00:00","og_image":[{"width":320,"height":305,"url":"https:\/\/quehacerpolitico.mx\/wp-content\/uploads\/2020\/07\/5EFF1979-AEC4-4D39-8D62-38A071AD98D5.jpeg","type":"image\/jpeg"}],"author":"Redacci\u00f3n QP","twitter_card":"summary_large_image","twitter_misc":{"Escrito por":"Redacci\u00f3n QP","Tiempo de lectura":"3 minutos"},"schema":{"@context":"https:\/\/schema.org","@graph":[{"@type":"Article","@id":"https:\/\/quehacerpolitico.mx\/?p=60484#article","isPartOf":{"@id":"https:\/\/quehacerpolitico.mx\/?p=60484"},"author":{"name":"Redacci\u00f3n QP","@id":"https:\/\/quehacerpolitico.mx\/#\/schema\/person\/496d8ad2d1d3f8036101dca7ee39e585"},"headline":"Internacionales\/\/\/Carolina Alonso Romei\/\/\/La ciudad de Nueva York registra su primer d\u00eda sin muertos por COVID-19","datePublished":"2020-07-14T00:40:03+00:00","mainEntityOfPage":{"@id":"https:\/\/quehacerpolitico.mx\/?p=60484"},"wordCount":562,"commentCount":0,"image":{"@id":"https:\/\/quehacerpolitico.mx\/?p=60484#primaryimage"},"thumbnailUrl":"https:\/\/quehacerpolitico.mx\/wp-content\/uploads\/2020\/07\/5EFF1979-AEC4-4D39-8D62-38A071AD98D5.jpeg","articleSection":["Internacionales"],"inLanguage":"es","potentialAction":[{"@type":"CommentAction","name":"Comment","target":["https:\/\/quehacerpolitico.mx\/?p=60484#respond"]}]},{"@type":"WebPage","@id":"https:\/\/quehacerpolitico.mx\/?p=60484","url":"https:\/\/quehacerpolitico.mx\/?p=60484","name":"Internacionales\/\/\/Carolina Alonso Romei\/\/\/La ciudad de Nueva York registra su primer d\u00eda sin muertos por COVID-19 -","isPartOf":{"@id":"https:\/\/quehacerpolitico.mx\/#website"},"primaryImageOfPage":{"@id":"https:\/\/quehacerpolitico.mx\/?p=60484#primaryimage"},"image":{"@id":"https:\/\/quehacerpolitico.mx\/?p=60484#primaryimage"},"thumbnailUrl":"https:\/\/quehacerpolitico.mx\/wp-content\/uploads\/2020\/07\/5EFF1979-AEC4-4D39-8D62-38A071AD98D5.jpeg","datePublished":"2020-07-14T00:40:03+00:00","author":{"@id":"https:\/\/quehacerpolitico.mx\/#\/schema\/person\/496d8ad2d1d3f8036101dca7ee39e585"},"breadcrumb":{"@id":"https:\/\/quehacerpolitico.mx\/?p=60484#breadcrumb"},"inLanguage":"es","potentialAction":[{"@type":"ReadAction","target":["https:\/\/quehacerpolitico.mx\/?p=60484"]}]},{"@type":"ImageObject","inLanguage":"es","@id":"https:\/\/quehacerpolitico.mx\/?p=60484#primaryimage","url":"https:\/\/quehacerpolitico.mx\/wp-content\/uploads\/2020\/07\/5EFF1979-AEC4-4D39-8D62-38A071AD98D5.jpeg","contentUrl":"https:\/\/quehacerpolitico.mx\/wp-content\/uploads\/2020\/07\/5EFF1979-AEC4-4D39-8D62-38A071AD98D5.jpeg","width":320,"height":305},{"@type":"BreadcrumbList","@id":"https:\/\/quehacerpolitico.mx\/?p=60484#breadcrumb","itemListElement":[{"@type":"ListItem","position":1,"name":"Inicio","item":"https:\/\/quehacerpolitico.mx\/"},{"@type":"ListItem","position":2,"name":"Internacionales\/\/\/Carolina Alonso Romei\/\/\/La ciudad de Nueva York registra su primer d\u00eda sin muertos por COVID-19"}]},{"@type":"WebSite","@id":"https:\/\/quehacerpolitico.mx\/#website","url":"https:\/\/quehacerpolitico.mx\/","name":"","description":"","potentialAction":[{"@type":"SearchAction","target":{"@type":"EntryPoint","urlTemplate":"https:\/\/quehacerpolitico.mx\/?s={search_term_string}"},"query-input":{"@type":"PropertyValueSpecification","valueRequired":true,"valueName":"search_term_string"}}],"inLanguage":"es"},{"@type":"Person","@id":"https:\/\/quehacerpolitico.mx\/#\/schema\/person\/496d8ad2d1d3f8036101dca7ee39e585","name":"Redacci\u00f3n QP","image":{"@type":"ImageObject","inLanguage":"es","@id":"https:\/\/secure.gravatar.com\/avatar\/c7164ed6fdec453195284ad24a5ae5b6e1eed2b848477fa2a4787ba9adf39a41?s=96&d=mm&r=g","url":"https:\/\/secure.gravatar.com\/avatar\/c7164ed6fdec453195284ad24a5ae5b6e1eed2b848477fa2a4787ba9adf39a41?s=96&d=mm&r=g","contentUrl":"https:\/\/secure.gravatar.com\/avatar\/c7164ed6fdec453195284ad24a5ae5b6e1eed2b848477fa2a4787ba9adf39a41?s=96&d=mm&r=g","caption":"Redacci\u00f3n QP"},"url":"https:\/\/quehacerpolitico.mx\/?author=2"}]}},"featured_image_urls":{"full":["https:\/\/quehacerpolitico.mx\/wp-content\/uploads\/2020\/07\/5EFF1979-AEC4-4D39-8D62-38A071AD98D5.jpeg",320,305,false],"thumbnail":["https:\/\/quehacerpolitico.mx\/wp-content\/uploads\/2020\/07\/5EFF1979-AEC4-4D39-8D62-38A071AD98D5-150x150.jpeg",150,150,true],"medium":["https:\/\/quehacerpolitico.mx\/wp-content\/uploads\/2020\/07\/5EFF1979-AEC4-4D39-8D62-38A071AD98D5-300x286.jpeg",300,286,true],"medium_large":["https:\/\/quehacerpolitico.mx\/wp-content\/uploads\/2020\/07\/5EFF1979-AEC4-4D39-8D62-38A071AD98D5.jpeg",320,305,false],"large":["https:\/\/quehacerpolitico.mx\/wp-content\/uploads\/2020\/07\/5EFF1979-AEC4-4D39-8D62-38A071AD98D5.jpeg",320,305,false],"1536x1536":["https:\/\/quehacerpolitico.mx\/wp-content\/uploads\/2020\/07\/5EFF1979-AEC4-4D39-8D62-38A071AD98D5.jpeg",320,305,false],"2048x2048":["https:\/\/quehacerpolitico.mx\/wp-content\/uploads\/2020\/07\/5EFF1979-AEC4-4D39-8D62-38A071AD98D5.jpeg",320,305,false],"covernews-featured":["https:\/\/quehacerpolitico.mx\/wp-content\/uploads\/2020\/07\/5EFF1979-AEC4-4D39-8D62-38A071AD98D5.jpeg",320,305,false],"covernews-medium":["https:\/\/quehacerpolitico.mx\/wp-content\/uploads\/2020\/07\/5EFF1979-AEC4-4D39-8D62-38A071AD98D5.jpeg",320,305,false]},"author_info":{"display_name":"Redacci\u00f3n QP","author_link":"https:\/\/quehacerpolitico.mx\/?author=2"},"category_info":"<a href=\"https:\/\/quehacerpolitico.mx\/?cat=1\" rel=\"category\">Internacionales<\/a>","tag_info":"Internacionales","comment_count":"0","_links":{"self":[{"href":"https:\/\/quehacerpolitico.mx\/index.php?rest_route=\/wp\/v2\/posts\/60484","targetHints":{"allow":["GET"]}}],"collection":[{"href":"https:\/\/quehacerpolitico.mx\/index.php?rest_route=\/wp\/v2\/posts"}],"about":[{"href":"https:\/\/quehacerpolitico.mx\/index.php?rest_route=\/wp\/v2\/types\/post"}],"author":[{"embeddable":true,"href":"https:\/\/quehacerpolitico.mx\/index.php?rest_route=\/wp\/v2\/users\/2"}],"replies":[{"embeddable":true,"href":"https:\/\/quehacerpolitico.mx\/index.php?rest_route=%2Fwp%2Fv2%2Fcomments&post=60484"}],"version-history":[{"count":0,"href":"https:\/\/quehacerpolitico.mx\/index.php?rest_route=\/wp\/v2\/posts\/60484\/revisions"}],"wp:featuredmedia":[{"embeddable":true,"href":"https:\/\/quehacerpolitico.mx\/index.php?rest_route=\/wp\/v2\/media\/60485"}],"wp:attachment":[{"href":"https:\/\/quehacerpolitico.mx\/index.php?rest_route=%2Fwp%2Fv2%2Fmedia&parent=60484"}],"wp:term":[{"taxonomy":"category","embeddable":true,"href":"https:\/\/quehacerpolitico.mx\/index.php?rest_route=%2Fwp%2Fv2%2Fcategories&post=60484"},{"taxonomy":"post_tag","embeddable":true,"href":"https:\/\/quehacerpolitico.mx\/index.php?rest_route=%2Fwp%2Fv2%2Ftags&post=60484"}],"curies":[{"name":"wp","href":"https:\/\/api.w.org\/{rel}","templated":true}]}}