{"id":60481,"date":"2020-07-13T19:27:47","date_gmt":"2020-07-14T00:27:47","guid":{"rendered":"http:\/\/quehacerpolitico.mx\/?p=60481"},"modified":"2020-07-13T19:27:47","modified_gmt":"2020-07-14T00:27:47","slug":"internacionales-carolina-alonso-romei-pfizer-consigue-via-rapida-en-eu-para-dos-vacunas-contra-covid-19","status":"publish","type":"post","link":"https:\/\/quehacerpolitico.mx\/?p=60481","title":{"rendered":"Internacionales\/\/\/Carolina Alonso Romei\/\/\/Pfizer consigue v\u00eda r\u00e1pida en EU para dos vacunas contra COVID-19"},"content":{"rendered":"<h1 class=\"news-title\">Pfizer consigue v\u00eda r\u00e1pida en EU para dos vacunas contra COVID-19<br \/>\nPor Carolina Alonso Romei<\/h1>\n<p>Internacionalista<\/p>\n<p>Lo que permitir\u00e1 una aprobaci\u00f3n m\u00e1s r\u00e1pida para su uso si las vacunas demuestran ser eficaces y seguras tras las pruebas cl\u00ednicas<\/p>\n<p>La farmac\u00e9utica Pfizer y su socia BioNTech <strong>consiguieron la autorizaci\u00f3n por parte del regulador estadounidense para la aprobaci\u00f3n por v\u00eda r\u00e1pida de dos candidatas a vacunas contra el\u00a0COVID-19, inform\u00f3 la compa\u00f1\u00eda<\/strong>.<\/p>\n<p>La Administraci\u00f3n de Alimentos y F\u00e1rmacos (FDA, por sus siglas en ingl\u00e9s) concedi\u00f3 el paso a la v\u00eda r\u00e1pida o &#8220;fast-track&#8221;, <strong>lo que permitir\u00e1 una aprobaci\u00f3n m\u00e1s r\u00e1pida para su uso si las vacunas demuestran ser eficaces y seguras tras las pruebas cl\u00ednicas<\/strong>.<\/p>\n<p>Seg\u00fan la estadounidense Pfizer, la decisi\u00f3n del regulador est\u00e1 basada en los resultados preliminares de la vacuna BNT162b1 en las fases 1 y 2 en estudios con humanos en EU\u00a0y Alemania, as\u00ed como en estudios inmunol\u00f3gicos con animales.<\/p>\n<p><strong>Las dos empresas presentaron el 1 de julio un primer estudio de la respuesta a la vacuna BNT162b1 en Estados Unidos, que est\u00e1 a la espera de revisi\u00f3n<\/strong>, mientras que los datos preliminares de las pruebas cl\u00ednicas en Alemania se presentar\u00e1n a lo largo de este mes.<\/p>\n<p>&#8220;La decisi\u00f3n de la FDA es un importante hito en los esfuerzos para desarrollar un vacuna efectiva y segura contra el (coronavirus) SARS-CoV-2&#8221;, indic\u00f3 Peter Honig, vicepresidente de Asuntos Regulatorios de Pfizer, en un comunicado.<\/p>\n<p>El programa BNT162 incluye dos candidatas a vacunas (BNT162b1 y BNT162b2) contra el COVID-19 basadas en una tecnolog\u00eda de ARN mensajero o mRNA desarrollada por BioNTech.<\/p>\n<p>El comunicado de hoy c<strong>onfirm\u00f3 que la fase 3 de pruebas cl\u00ednicas, la m\u00e1s crucial, comenzar\u00e1 a m\u00e1s tardar a finales de este mes,<\/strong> algo que ya adelant\u00f3 el consejero delegado de BioNTech, \u00d6zlem T\u00fcreci, en una entrevista la semana pasada.<\/p>\n<p>Pfizer y la empresa alemana detallaron hoy que <strong>se espera que en las pruebas participen unas 30 mil\u00a0personas<\/strong>.<\/p>\n<p>&#8220;Si los estudios resultan exitosos y la candidata a vacuna recibe aprobaci\u00f3n regulatoria, las compa\u00f1\u00edas esperan poder producir hasta 100 millones de dosis a finales de 2020, con la posibilidad de superar los mil 200 millones de dosis a finales de 2021&#8221;, se\u00f1ala el comunicado.<\/p>\n<p>Con informaci\u00f3n de EFE<\/p>\n","protected":false},"excerpt":{"rendered":"<p>Pfizer consigue v\u00eda r\u00e1pida en EU para dos vacunas contra COVID-19 Por Carolina Alonso Romei&#8230;<\/p>\n","protected":false},"author":2,"featured_media":60482,"comment_status":"open","ping_status":"open","sticky":false,"template":"","format":"standard","meta":{"_monsterinsights_skip_tracking":false,"_monsterinsights_sitenote_active":false,"_monsterinsights_sitenote_note":"","_monsterinsights_sitenote_category":0,"footnotes":""},"categories":[1],"tags":[],"class_list":["post-60481","post","type-post","status-publish","format-standard","has-post-thumbnail","hentry","category-sin-categoria"],"yoast_head":"<!-- This site is optimized with the Yoast SEO plugin v27.3 - https:\/\/yoast.com\/product\/yoast-seo-wordpress\/ -->\n<title>Internacionales\/\/\/Carolina Alonso Romei\/\/\/Pfizer consigue v\u00eda r\u00e1pida en EU para dos vacunas contra COVID-19 -<\/title>\n<meta name=\"robots\" content=\"index, follow, max-snippet:-1, max-image-preview:large, max-video-preview:-1\" \/>\n<link rel=\"canonical\" href=\"https:\/\/quehacerpolitico.mx\/?p=60481\" \/>\n<meta property=\"og:locale\" content=\"es_MX\" \/>\n<meta property=\"og:type\" content=\"article\" \/>\n<meta property=\"og:title\" content=\"Internacionales\/\/\/Carolina Alonso Romei\/\/\/Pfizer consigue v\u00eda r\u00e1pida en EU para dos vacunas contra COVID-19 -\" \/>\n<meta property=\"og:description\" content=\"Pfizer consigue v\u00eda r\u00e1pida en EU para dos vacunas contra COVID-19 Por Carolina Alonso Romei...\" \/>\n<meta property=\"og:url\" content=\"https:\/\/quehacerpolitico.mx\/?p=60481\" \/>\n<meta property=\"article:published_time\" content=\"2020-07-14T00:27:47+00:00\" \/>\n<meta property=\"og:image\" content=\"https:\/\/quehacerpolitico.mx\/wp-content\/uploads\/2020\/07\/65805009-BD6D-4A03-8196-4C227E1D754E.jpeg\" \/>\n\t<meta property=\"og:image:width\" content=\"320\" \/>\n\t<meta property=\"og:image:height\" content=\"305\" \/>\n\t<meta property=\"og:image:type\" content=\"image\/jpeg\" \/>\n<meta name=\"author\" content=\"Redacci\u00f3n QP\" \/>\n<meta name=\"twitter:card\" content=\"summary_large_image\" \/>\n<meta name=\"twitter:label1\" content=\"Escrito por\" \/>\n\t<meta name=\"twitter:data1\" content=\"Redacci\u00f3n QP\" \/>\n\t<meta name=\"twitter:label2\" content=\"Tiempo de lectura\" \/>\n\t<meta name=\"twitter:data2\" content=\"2 minutos\" \/>\n<script type=\"application\/ld+json\" class=\"yoast-schema-graph\">{\"@context\":\"https:\\\/\\\/schema.org\",\"@graph\":[{\"@type\":\"Article\",\"@id\":\"https:\\\/\\\/quehacerpolitico.mx\\\/?p=60481#article\",\"isPartOf\":{\"@id\":\"https:\\\/\\\/quehacerpolitico.mx\\\/?p=60481\"},\"author\":{\"name\":\"Redacci\u00f3n QP\",\"@id\":\"https:\\\/\\\/quehacerpolitico.mx\\\/#\\\/schema\\\/person\\\/496d8ad2d1d3f8036101dca7ee39e585\"},\"headline\":\"Internacionales\\\/\\\/\\\/Carolina Alonso Romei\\\/\\\/\\\/Pfizer consigue v\u00eda r\u00e1pida en EU para dos vacunas contra COVID-19\",\"datePublished\":\"2020-07-14T00:27:47+00:00\",\"mainEntityOfPage\":{\"@id\":\"https:\\\/\\\/quehacerpolitico.mx\\\/?p=60481\"},\"wordCount\":418,\"commentCount\":0,\"image\":{\"@id\":\"https:\\\/\\\/quehacerpolitico.mx\\\/?p=60481#primaryimage\"},\"thumbnailUrl\":\"https:\\\/\\\/quehacerpolitico.mx\\\/wp-content\\\/uploads\\\/2020\\\/07\\\/65805009-BD6D-4A03-8196-4C227E1D754E.jpeg\",\"articleSection\":[\"Internacionales\"],\"inLanguage\":\"es\",\"potentialAction\":[{\"@type\":\"CommentAction\",\"name\":\"Comment\",\"target\":[\"https:\\\/\\\/quehacerpolitico.mx\\\/?p=60481#respond\"]}]},{\"@type\":\"WebPage\",\"@id\":\"https:\\\/\\\/quehacerpolitico.mx\\\/?p=60481\",\"url\":\"https:\\\/\\\/quehacerpolitico.mx\\\/?p=60481\",\"name\":\"Internacionales\\\/\\\/\\\/Carolina Alonso Romei\\\/\\\/\\\/Pfizer consigue v\u00eda r\u00e1pida en EU para dos vacunas contra COVID-19 -\",\"isPartOf\":{\"@id\":\"https:\\\/\\\/quehacerpolitico.mx\\\/#website\"},\"primaryImageOfPage\":{\"@id\":\"https:\\\/\\\/quehacerpolitico.mx\\\/?p=60481#primaryimage\"},\"image\":{\"@id\":\"https:\\\/\\\/quehacerpolitico.mx\\\/?p=60481#primaryimage\"},\"thumbnailUrl\":\"https:\\\/\\\/quehacerpolitico.mx\\\/wp-content\\\/uploads\\\/2020\\\/07\\\/65805009-BD6D-4A03-8196-4C227E1D754E.jpeg\",\"datePublished\":\"2020-07-14T00:27:47+00:00\",\"author\":{\"@id\":\"https:\\\/\\\/quehacerpolitico.mx\\\/#\\\/schema\\\/person\\\/496d8ad2d1d3f8036101dca7ee39e585\"},\"breadcrumb\":{\"@id\":\"https:\\\/\\\/quehacerpolitico.mx\\\/?p=60481#breadcrumb\"},\"inLanguage\":\"es\",\"potentialAction\":[{\"@type\":\"ReadAction\",\"target\":[\"https:\\\/\\\/quehacerpolitico.mx\\\/?p=60481\"]}]},{\"@type\":\"ImageObject\",\"inLanguage\":\"es\",\"@id\":\"https:\\\/\\\/quehacerpolitico.mx\\\/?p=60481#primaryimage\",\"url\":\"https:\\\/\\\/quehacerpolitico.mx\\\/wp-content\\\/uploads\\\/2020\\\/07\\\/65805009-BD6D-4A03-8196-4C227E1D754E.jpeg\",\"contentUrl\":\"https:\\\/\\\/quehacerpolitico.mx\\\/wp-content\\\/uploads\\\/2020\\\/07\\\/65805009-BD6D-4A03-8196-4C227E1D754E.jpeg\",\"width\":320,\"height\":305},{\"@type\":\"BreadcrumbList\",\"@id\":\"https:\\\/\\\/quehacerpolitico.mx\\\/?p=60481#breadcrumb\",\"itemListElement\":[{\"@type\":\"ListItem\",\"position\":1,\"name\":\"Inicio\",\"item\":\"https:\\\/\\\/quehacerpolitico.mx\\\/\"},{\"@type\":\"ListItem\",\"position\":2,\"name\":\"Internacionales\\\/\\\/\\\/Carolina Alonso Romei\\\/\\\/\\\/Pfizer consigue v\u00eda r\u00e1pida en EU para dos vacunas contra COVID-19\"}]},{\"@type\":\"WebSite\",\"@id\":\"https:\\\/\\\/quehacerpolitico.mx\\\/#website\",\"url\":\"https:\\\/\\\/quehacerpolitico.mx\\\/\",\"name\":\"\",\"description\":\"\",\"potentialAction\":[{\"@type\":\"SearchAction\",\"target\":{\"@type\":\"EntryPoint\",\"urlTemplate\":\"https:\\\/\\\/quehacerpolitico.mx\\\/?s={search_term_string}\"},\"query-input\":{\"@type\":\"PropertyValueSpecification\",\"valueRequired\":true,\"valueName\":\"search_term_string\"}}],\"inLanguage\":\"es\"},{\"@type\":\"Person\",\"@id\":\"https:\\\/\\\/quehacerpolitico.mx\\\/#\\\/schema\\\/person\\\/496d8ad2d1d3f8036101dca7ee39e585\",\"name\":\"Redacci\u00f3n QP\",\"image\":{\"@type\":\"ImageObject\",\"inLanguage\":\"es\",\"@id\":\"https:\\\/\\\/secure.gravatar.com\\\/avatar\\\/c7164ed6fdec453195284ad24a5ae5b6e1eed2b848477fa2a4787ba9adf39a41?s=96&d=mm&r=g\",\"url\":\"https:\\\/\\\/secure.gravatar.com\\\/avatar\\\/c7164ed6fdec453195284ad24a5ae5b6e1eed2b848477fa2a4787ba9adf39a41?s=96&d=mm&r=g\",\"contentUrl\":\"https:\\\/\\\/secure.gravatar.com\\\/avatar\\\/c7164ed6fdec453195284ad24a5ae5b6e1eed2b848477fa2a4787ba9adf39a41?s=96&d=mm&r=g\",\"caption\":\"Redacci\u00f3n QP\"},\"url\":\"https:\\\/\\\/quehacerpolitico.mx\\\/?author=2\"}]}<\/script>\n<!-- \/ Yoast SEO plugin. -->","yoast_head_json":{"title":"Internacionales\/\/\/Carolina Alonso Romei\/\/\/Pfizer consigue v\u00eda r\u00e1pida en EU para dos vacunas contra COVID-19 -","robots":{"index":"index","follow":"follow","max-snippet":"max-snippet:-1","max-image-preview":"max-image-preview:large","max-video-preview":"max-video-preview:-1"},"canonical":"https:\/\/quehacerpolitico.mx\/?p=60481","og_locale":"es_MX","og_type":"article","og_title":"Internacionales\/\/\/Carolina Alonso Romei\/\/\/Pfizer consigue v\u00eda r\u00e1pida en EU para dos vacunas contra COVID-19 -","og_description":"Pfizer consigue v\u00eda r\u00e1pida en EU para dos vacunas contra COVID-19 Por Carolina Alonso Romei...","og_url":"https:\/\/quehacerpolitico.mx\/?p=60481","article_published_time":"2020-07-14T00:27:47+00:00","og_image":[{"width":320,"height":305,"url":"https:\/\/quehacerpolitico.mx\/wp-content\/uploads\/2020\/07\/65805009-BD6D-4A03-8196-4C227E1D754E.jpeg","type":"image\/jpeg"}],"author":"Redacci\u00f3n QP","twitter_card":"summary_large_image","twitter_misc":{"Escrito por":"Redacci\u00f3n QP","Tiempo de lectura":"2 minutos"},"schema":{"@context":"https:\/\/schema.org","@graph":[{"@type":"Article","@id":"https:\/\/quehacerpolitico.mx\/?p=60481#article","isPartOf":{"@id":"https:\/\/quehacerpolitico.mx\/?p=60481"},"author":{"name":"Redacci\u00f3n QP","@id":"https:\/\/quehacerpolitico.mx\/#\/schema\/person\/496d8ad2d1d3f8036101dca7ee39e585"},"headline":"Internacionales\/\/\/Carolina Alonso Romei\/\/\/Pfizer consigue v\u00eda r\u00e1pida en EU para dos vacunas contra COVID-19","datePublished":"2020-07-14T00:27:47+00:00","mainEntityOfPage":{"@id":"https:\/\/quehacerpolitico.mx\/?p=60481"},"wordCount":418,"commentCount":0,"image":{"@id":"https:\/\/quehacerpolitico.mx\/?p=60481#primaryimage"},"thumbnailUrl":"https:\/\/quehacerpolitico.mx\/wp-content\/uploads\/2020\/07\/65805009-BD6D-4A03-8196-4C227E1D754E.jpeg","articleSection":["Internacionales"],"inLanguage":"es","potentialAction":[{"@type":"CommentAction","name":"Comment","target":["https:\/\/quehacerpolitico.mx\/?p=60481#respond"]}]},{"@type":"WebPage","@id":"https:\/\/quehacerpolitico.mx\/?p=60481","url":"https:\/\/quehacerpolitico.mx\/?p=60481","name":"Internacionales\/\/\/Carolina Alonso Romei\/\/\/Pfizer consigue v\u00eda r\u00e1pida en EU para dos vacunas contra COVID-19 -","isPartOf":{"@id":"https:\/\/quehacerpolitico.mx\/#website"},"primaryImageOfPage":{"@id":"https:\/\/quehacerpolitico.mx\/?p=60481#primaryimage"},"image":{"@id":"https:\/\/quehacerpolitico.mx\/?p=60481#primaryimage"},"thumbnailUrl":"https:\/\/quehacerpolitico.mx\/wp-content\/uploads\/2020\/07\/65805009-BD6D-4A03-8196-4C227E1D754E.jpeg","datePublished":"2020-07-14T00:27:47+00:00","author":{"@id":"https:\/\/quehacerpolitico.mx\/#\/schema\/person\/496d8ad2d1d3f8036101dca7ee39e585"},"breadcrumb":{"@id":"https:\/\/quehacerpolitico.mx\/?p=60481#breadcrumb"},"inLanguage":"es","potentialAction":[{"@type":"ReadAction","target":["https:\/\/quehacerpolitico.mx\/?p=60481"]}]},{"@type":"ImageObject","inLanguage":"es","@id":"https:\/\/quehacerpolitico.mx\/?p=60481#primaryimage","url":"https:\/\/quehacerpolitico.mx\/wp-content\/uploads\/2020\/07\/65805009-BD6D-4A03-8196-4C227E1D754E.jpeg","contentUrl":"https:\/\/quehacerpolitico.mx\/wp-content\/uploads\/2020\/07\/65805009-BD6D-4A03-8196-4C227E1D754E.jpeg","width":320,"height":305},{"@type":"BreadcrumbList","@id":"https:\/\/quehacerpolitico.mx\/?p=60481#breadcrumb","itemListElement":[{"@type":"ListItem","position":1,"name":"Inicio","item":"https:\/\/quehacerpolitico.mx\/"},{"@type":"ListItem","position":2,"name":"Internacionales\/\/\/Carolina Alonso Romei\/\/\/Pfizer consigue v\u00eda r\u00e1pida en EU para dos vacunas contra COVID-19"}]},{"@type":"WebSite","@id":"https:\/\/quehacerpolitico.mx\/#website","url":"https:\/\/quehacerpolitico.mx\/","name":"","description":"","potentialAction":[{"@type":"SearchAction","target":{"@type":"EntryPoint","urlTemplate":"https:\/\/quehacerpolitico.mx\/?s={search_term_string}"},"query-input":{"@type":"PropertyValueSpecification","valueRequired":true,"valueName":"search_term_string"}}],"inLanguage":"es"},{"@type":"Person","@id":"https:\/\/quehacerpolitico.mx\/#\/schema\/person\/496d8ad2d1d3f8036101dca7ee39e585","name":"Redacci\u00f3n QP","image":{"@type":"ImageObject","inLanguage":"es","@id":"https:\/\/secure.gravatar.com\/avatar\/c7164ed6fdec453195284ad24a5ae5b6e1eed2b848477fa2a4787ba9adf39a41?s=96&d=mm&r=g","url":"https:\/\/secure.gravatar.com\/avatar\/c7164ed6fdec453195284ad24a5ae5b6e1eed2b848477fa2a4787ba9adf39a41?s=96&d=mm&r=g","contentUrl":"https:\/\/secure.gravatar.com\/avatar\/c7164ed6fdec453195284ad24a5ae5b6e1eed2b848477fa2a4787ba9adf39a41?s=96&d=mm&r=g","caption":"Redacci\u00f3n QP"},"url":"https:\/\/quehacerpolitico.mx\/?author=2"}]}},"featured_image_urls":{"full":["https:\/\/quehacerpolitico.mx\/wp-content\/uploads\/2020\/07\/65805009-BD6D-4A03-8196-4C227E1D754E.jpeg",320,305,false],"thumbnail":["https:\/\/quehacerpolitico.mx\/wp-content\/uploads\/2020\/07\/65805009-BD6D-4A03-8196-4C227E1D754E-150x150.jpeg",150,150,true],"medium":["https:\/\/quehacerpolitico.mx\/wp-content\/uploads\/2020\/07\/65805009-BD6D-4A03-8196-4C227E1D754E-300x286.jpeg",300,286,true],"medium_large":["https:\/\/quehacerpolitico.mx\/wp-content\/uploads\/2020\/07\/65805009-BD6D-4A03-8196-4C227E1D754E.jpeg",320,305,false],"large":["https:\/\/quehacerpolitico.mx\/wp-content\/uploads\/2020\/07\/65805009-BD6D-4A03-8196-4C227E1D754E.jpeg",320,305,false],"1536x1536":["https:\/\/quehacerpolitico.mx\/wp-content\/uploads\/2020\/07\/65805009-BD6D-4A03-8196-4C227E1D754E.jpeg",320,305,false],"2048x2048":["https:\/\/quehacerpolitico.mx\/wp-content\/uploads\/2020\/07\/65805009-BD6D-4A03-8196-4C227E1D754E.jpeg",320,305,false],"covernews-featured":["https:\/\/quehacerpolitico.mx\/wp-content\/uploads\/2020\/07\/65805009-BD6D-4A03-8196-4C227E1D754E.jpeg",320,305,false],"covernews-medium":["https:\/\/quehacerpolitico.mx\/wp-content\/uploads\/2020\/07\/65805009-BD6D-4A03-8196-4C227E1D754E.jpeg",320,305,false]},"author_info":{"display_name":"Redacci\u00f3n QP","author_link":"https:\/\/quehacerpolitico.mx\/?author=2"},"category_info":"<a href=\"https:\/\/quehacerpolitico.mx\/?cat=1\" rel=\"category\">Internacionales<\/a>","tag_info":"Internacionales","comment_count":"0","_links":{"self":[{"href":"https:\/\/quehacerpolitico.mx\/index.php?rest_route=\/wp\/v2\/posts\/60481","targetHints":{"allow":["GET"]}}],"collection":[{"href":"https:\/\/quehacerpolitico.mx\/index.php?rest_route=\/wp\/v2\/posts"}],"about":[{"href":"https:\/\/quehacerpolitico.mx\/index.php?rest_route=\/wp\/v2\/types\/post"}],"author":[{"embeddable":true,"href":"https:\/\/quehacerpolitico.mx\/index.php?rest_route=\/wp\/v2\/users\/2"}],"replies":[{"embeddable":true,"href":"https:\/\/quehacerpolitico.mx\/index.php?rest_route=%2Fwp%2Fv2%2Fcomments&post=60481"}],"version-history":[{"count":0,"href":"https:\/\/quehacerpolitico.mx\/index.php?rest_route=\/wp\/v2\/posts\/60481\/revisions"}],"wp:featuredmedia":[{"embeddable":true,"href":"https:\/\/quehacerpolitico.mx\/index.php?rest_route=\/wp\/v2\/media\/60482"}],"wp:attachment":[{"href":"https:\/\/quehacerpolitico.mx\/index.php?rest_route=%2Fwp%2Fv2%2Fmedia&parent=60481"}],"wp:term":[{"taxonomy":"category","embeddable":true,"href":"https:\/\/quehacerpolitico.mx\/index.php?rest_route=%2Fwp%2Fv2%2Fcategories&post=60481"},{"taxonomy":"post_tag","embeddable":true,"href":"https:\/\/quehacerpolitico.mx\/index.php?rest_route=%2Fwp%2Fv2%2Ftags&post=60481"}],"curies":[{"name":"wp","href":"https:\/\/api.w.org\/{rel}","templated":true}]}}