{"id":60477,"date":"2020-07-13T19:11:44","date_gmt":"2020-07-14T00:11:44","guid":{"rendered":"http:\/\/quehacerpolitico.mx\/?p=60477"},"modified":"2020-07-13T19:11:44","modified_gmt":"2020-07-14T00:11:44","slug":"presentan-casco-disenado-para-prevenir-el-covid-19-en-la-nfl","status":"publish","type":"post","link":"https:\/\/quehacerpolitico.mx\/?p=60477","title":{"rendered":"Presentan casco dise\u00f1ado para prevenir el COVID-19 en la NFL"},"content":{"rendered":"<h1 class=\"news-title\">Presentan casco dise\u00f1ado para prevenir el COVID-19 en la NFL<br \/>\nPor Redacci\u00f3n QP<\/h1>\n<p>Se espera que el Oakley Mouth Shield se distribuya a los 32 equipos la pr\u00f3xima semana<\/p>\n<p>La lucha por combatir el contagio del COVID-19\u00a0ha llevado este lunes a la Liga Nacional de Futbol Americano (NFL) a dise\u00f1ar un nuevo casco que pueda darle esa protecci\u00f3n a los jugadores durante la temporada del 2020.<\/p>\n<p>Se espera que el Oakley Mouth Shield, un producto dise\u00f1ado por Oakley en colaboraci\u00f3n con m\u00e9dicos e ingenieros de la NFL y del Sindicato de Jugadores, que reduce la propagaci\u00f3n del coronavirus en el campo, se distribuya a los 32 equipos la pr\u00f3xima semana, despu\u00e9s de que se haya hecho una prueba a mayor escala.<\/p>\n<p>Las negociaciones del protocolo de seguridad est\u00e1n en curso entre la liga y los jugadores. <strong>Actualmente, no existe el mandato de usar una careta, pero los expertos en salud de la NFL son partidarios del uso del equipo de protecci\u00f3n,<\/strong> como indic\u00f3 el director m\u00e9dico de la liga, el doctor Allen Sills, sin que el mismo perjudique su rendimiento.<\/p>\n<p>La tecnolog\u00eda de lentes Oakley Prizm utilizada por esquiadores, personal militar y, m\u00e1s recientemente, jugadores de la NFL para mejorar el color y el contraste en sus viseras se presenta en el nuevo dise\u00f1o.<\/p>\n<p><strong>Las l\u00e1minas de pl\u00e1stico se extienden hacia abajo y se adhieren al protector facial. Hay v\u00edas respiratorias y aberturas en el protector bucal, pero ninguna que permita la transmisi\u00f3n directa de gotas,<\/strong> seg\u00fan el presidente del comit\u00e9 de ingenier\u00eda de la NFL, el doctor Jeff Crandall.<\/p>\n<p>El protector bucal ya se ha distribuido a los Rams de Los \u00c1ngeles y a los Cargadores de Los \u00c1ngeles, dos equipos cercanos a la base de operaciones de Oakley, por el director m\u00e9dico de la NFLPA, el doctor Thom Mayer, y tambi\u00e9n se ha enviado a varios representantes de jugadores y gerentes de equipos para recibir comentarios.<\/p>\n<p>Las dos mayores preocupaciones hasta la fecha han sido la visibilidad y la transpiraci\u00f3n, seg\u00fan Mayer, dado que habr\u00e1 m\u00e1s de dos mil 500 jugadores que lo tendr\u00e1n que utilizar, y algunos como el liniero defensivo estelar de los Texans de Houston, ya ha advertido que si tiene que utilizar una careta en el casco con protector bucal no saldr\u00e1 al campo.<\/p>\n<blockquote class=\"twitter-tweet\" data-width=\"550\" data-dnt=\"true\">\n<p lang=\"en\" dir=\"ltr\">The NFL has unveiled a mouth shield to combat the coronavirus.<\/p>\n<p>Currently, there is no mandate to wear the new product, but the NFL&#39;s medical experts are advocating for the use of the protective equipment. <a href=\"https:\/\/t.co\/WFM1b5jnRd\">https:\/\/t.co\/WFM1b5jnRd<\/a><\/p>\n<p>&mdash; NFL on ESPN (@ESPNNFL) <a href=\"https:\/\/twitter.com\/ESPNNFL\/status\/1282729000302006272?ref_src=twsrc%5Etfw\">July 13, 2020<\/a><\/p><\/blockquote>\n<p><script async src=\"https:\/\/platform.twitter.com\/widgets.js\" charset=\"utf-8\"><\/script><\/p>\n<p>Sin embargo, el dise\u00f1o actual es el resultado de un proceso interactivo basado en gran parte en la retroalimentaci\u00f3n de los jugadores, con la comodidad y la funcionalidad m\u00e1s importantes junto con la protecci\u00f3n.<\/p>\n<p><strong>Los mariscales de campo que los probaron recientemente pudieron llamar eficazmente las jugadas,<\/strong> coment\u00f3 Mayer, luego de las respuestas iniciales de que el sonido estaba demasiado amortiguado. Tambi\u00e9n se consider\u00f3 ampliamente el campo de visi\u00f3n.<\/p>\n<p>Por su parte, Crandall destac\u00f3 que Oakley ha realizado pruebas internas en las que ha rociado part\u00edculas de l\u00edquido para representar las gotas expulsadas por los jugadores y ha visto una alta tasa de \u00e9xito de transmisi\u00f3n bloqueada.<\/p>\n<p>Si bien Oakley es el proveedor oficial de la NFL, hay otros fabricantes de protectores faciales, y los jugadores tambi\u00e9n pueden terminar usando otras marcas en el 2020, seg\u00fan el director de ingresos y vicepresidente ejecutivo de la sociedad de la NFL, Renie Anderson.<\/p>\n<p>Mayer calific\u00f3 al futbol\u00a0como <strong>&#8220;probablemente el medio perfecto para transmitir el virus&#8221;, dado que es un deporte de contacto que involucra a un gran n\u00famero de jugadores.<\/strong><\/p>\n<p>La NFL y el Sindicato esperan que las diferentes medidas de seguridad que est\u00e1n tomando, incluida la introducci\u00f3n del protector bucal, conduzcan a un entorno m\u00e1s seguro para todos los jugadores, a la vez que se avanza en la innovaci\u00f3n que pueda ayudar a muchas m\u00e1s personas.<\/p>\n<p>Con Informaci\u00f3n de EFE<\/p>\n","protected":false},"excerpt":{"rendered":"<p>Presentan casco dise\u00f1ado para prevenir el COVID-19 en la NFL Por Redacci\u00f3n QP Se espera&#8230;<\/p>\n","protected":false},"author":2,"featured_media":60478,"comment_status":"open","ping_status":"open","sticky":false,"template":"","format":"standard","meta":{"_monsterinsights_skip_tracking":false,"_monsterinsights_sitenote_active":false,"_monsterinsights_sitenote_note":"","_monsterinsights_sitenote_category":0,"footnotes":""},"categories":[54],"tags":[],"class_list":["post-60477","post","type-post","status-publish","format-standard","has-post-thumbnail","hentry","category-deportes"],"yoast_head":"<!-- This site is optimized with the Yoast SEO plugin v27.3 - https:\/\/yoast.com\/product\/yoast-seo-wordpress\/ -->\n<title>Presentan casco dise\u00f1ado para prevenir el COVID-19 en la NFL -<\/title>\n<meta name=\"robots\" content=\"index, follow, max-snippet:-1, max-image-preview:large, max-video-preview:-1\" \/>\n<link rel=\"canonical\" href=\"https:\/\/quehacerpolitico.mx\/?p=60477\" \/>\n<meta property=\"og:locale\" content=\"es_MX\" \/>\n<meta property=\"og:type\" content=\"article\" \/>\n<meta property=\"og:title\" content=\"Presentan casco dise\u00f1ado para prevenir el COVID-19 en la NFL -\" \/>\n<meta property=\"og:description\" content=\"Presentan casco dise\u00f1ado para prevenir el COVID-19 en la NFL Por Redacci\u00f3n QP Se espera...\" \/>\n<meta property=\"og:url\" content=\"https:\/\/quehacerpolitico.mx\/?p=60477\" \/>\n<meta property=\"article:published_time\" content=\"2020-07-14T00:11:44+00:00\" \/>\n<meta property=\"og:image\" content=\"https:\/\/quehacerpolitico.mx\/wp-content\/uploads\/2020\/07\/DBF88D03-D75F-4973-B594-E75D0DF92875.jpeg\" \/>\n\t<meta property=\"og:image:width\" content=\"1140\" \/>\n\t<meta property=\"og:image:height\" content=\"641\" \/>\n\t<meta property=\"og:image:type\" content=\"image\/jpeg\" \/>\n<meta name=\"author\" content=\"Redacci\u00f3n QP\" \/>\n<meta name=\"twitter:card\" content=\"summary_large_image\" \/>\n<meta name=\"twitter:label1\" content=\"Escrito por\" \/>\n\t<meta name=\"twitter:data1\" content=\"Redacci\u00f3n QP\" \/>\n\t<meta name=\"twitter:label2\" content=\"Tiempo de lectura\" \/>\n\t<meta name=\"twitter:data2\" content=\"3 minutos\" \/>\n<script type=\"application\/ld+json\" class=\"yoast-schema-graph\">{\"@context\":\"https:\\\/\\\/schema.org\",\"@graph\":[{\"@type\":\"Article\",\"@id\":\"https:\\\/\\\/quehacerpolitico.mx\\\/?p=60477#article\",\"isPartOf\":{\"@id\":\"https:\\\/\\\/quehacerpolitico.mx\\\/?p=60477\"},\"author\":{\"name\":\"Redacci\u00f3n QP\",\"@id\":\"https:\\\/\\\/quehacerpolitico.mx\\\/#\\\/schema\\\/person\\\/496d8ad2d1d3f8036101dca7ee39e585\"},\"headline\":\"Presentan casco dise\u00f1ado para prevenir el COVID-19 en la NFL\",\"datePublished\":\"2020-07-14T00:11:44+00:00\",\"mainEntityOfPage\":{\"@id\":\"https:\\\/\\\/quehacerpolitico.mx\\\/?p=60477\"},\"wordCount\":670,\"commentCount\":0,\"image\":{\"@id\":\"https:\\\/\\\/quehacerpolitico.mx\\\/?p=60477#primaryimage\"},\"thumbnailUrl\":\"https:\\\/\\\/quehacerpolitico.mx\\\/wp-content\\\/uploads\\\/2020\\\/07\\\/DBF88D03-D75F-4973-B594-E75D0DF92875.jpeg\",\"articleSection\":[\"Deportes\"],\"inLanguage\":\"es\",\"potentialAction\":[{\"@type\":\"CommentAction\",\"name\":\"Comment\",\"target\":[\"https:\\\/\\\/quehacerpolitico.mx\\\/?p=60477#respond\"]}]},{\"@type\":\"WebPage\",\"@id\":\"https:\\\/\\\/quehacerpolitico.mx\\\/?p=60477\",\"url\":\"https:\\\/\\\/quehacerpolitico.mx\\\/?p=60477\",\"name\":\"Presentan casco dise\u00f1ado para prevenir el COVID-19 en la NFL -\",\"isPartOf\":{\"@id\":\"https:\\\/\\\/quehacerpolitico.mx\\\/#website\"},\"primaryImageOfPage\":{\"@id\":\"https:\\\/\\\/quehacerpolitico.mx\\\/?p=60477#primaryimage\"},\"image\":{\"@id\":\"https:\\\/\\\/quehacerpolitico.mx\\\/?p=60477#primaryimage\"},\"thumbnailUrl\":\"https:\\\/\\\/quehacerpolitico.mx\\\/wp-content\\\/uploads\\\/2020\\\/07\\\/DBF88D03-D75F-4973-B594-E75D0DF92875.jpeg\",\"datePublished\":\"2020-07-14T00:11:44+00:00\",\"author\":{\"@id\":\"https:\\\/\\\/quehacerpolitico.mx\\\/#\\\/schema\\\/person\\\/496d8ad2d1d3f8036101dca7ee39e585\"},\"breadcrumb\":{\"@id\":\"https:\\\/\\\/quehacerpolitico.mx\\\/?p=60477#breadcrumb\"},\"inLanguage\":\"es\",\"potentialAction\":[{\"@type\":\"ReadAction\",\"target\":[\"https:\\\/\\\/quehacerpolitico.mx\\\/?p=60477\"]}]},{\"@type\":\"ImageObject\",\"inLanguage\":\"es\",\"@id\":\"https:\\\/\\\/quehacerpolitico.mx\\\/?p=60477#primaryimage\",\"url\":\"https:\\\/\\\/quehacerpolitico.mx\\\/wp-content\\\/uploads\\\/2020\\\/07\\\/DBF88D03-D75F-4973-B594-E75D0DF92875.jpeg\",\"contentUrl\":\"https:\\\/\\\/quehacerpolitico.mx\\\/wp-content\\\/uploads\\\/2020\\\/07\\\/DBF88D03-D75F-4973-B594-E75D0DF92875.jpeg\",\"width\":1140,\"height\":641},{\"@type\":\"BreadcrumbList\",\"@id\":\"https:\\\/\\\/quehacerpolitico.mx\\\/?p=60477#breadcrumb\",\"itemListElement\":[{\"@type\":\"ListItem\",\"position\":1,\"name\":\"Inicio\",\"item\":\"https:\\\/\\\/quehacerpolitico.mx\\\/\"},{\"@type\":\"ListItem\",\"position\":2,\"name\":\"Presentan casco dise\u00f1ado para prevenir el COVID-19 en la NFL\"}]},{\"@type\":\"WebSite\",\"@id\":\"https:\\\/\\\/quehacerpolitico.mx\\\/#website\",\"url\":\"https:\\\/\\\/quehacerpolitico.mx\\\/\",\"name\":\"\",\"description\":\"\",\"potentialAction\":[{\"@type\":\"SearchAction\",\"target\":{\"@type\":\"EntryPoint\",\"urlTemplate\":\"https:\\\/\\\/quehacerpolitico.mx\\\/?s={search_term_string}\"},\"query-input\":{\"@type\":\"PropertyValueSpecification\",\"valueRequired\":true,\"valueName\":\"search_term_string\"}}],\"inLanguage\":\"es\"},{\"@type\":\"Person\",\"@id\":\"https:\\\/\\\/quehacerpolitico.mx\\\/#\\\/schema\\\/person\\\/496d8ad2d1d3f8036101dca7ee39e585\",\"name\":\"Redacci\u00f3n QP\",\"image\":{\"@type\":\"ImageObject\",\"inLanguage\":\"es\",\"@id\":\"https:\\\/\\\/secure.gravatar.com\\\/avatar\\\/c7164ed6fdec453195284ad24a5ae5b6e1eed2b848477fa2a4787ba9adf39a41?s=96&d=mm&r=g\",\"url\":\"https:\\\/\\\/secure.gravatar.com\\\/avatar\\\/c7164ed6fdec453195284ad24a5ae5b6e1eed2b848477fa2a4787ba9adf39a41?s=96&d=mm&r=g\",\"contentUrl\":\"https:\\\/\\\/secure.gravatar.com\\\/avatar\\\/c7164ed6fdec453195284ad24a5ae5b6e1eed2b848477fa2a4787ba9adf39a41?s=96&d=mm&r=g\",\"caption\":\"Redacci\u00f3n QP\"},\"url\":\"https:\\\/\\\/quehacerpolitico.mx\\\/?author=2\"}]}<\/script>\n<!-- \/ Yoast SEO plugin. -->","yoast_head_json":{"title":"Presentan casco dise\u00f1ado para prevenir el COVID-19 en la NFL -","robots":{"index":"index","follow":"follow","max-snippet":"max-snippet:-1","max-image-preview":"max-image-preview:large","max-video-preview":"max-video-preview:-1"},"canonical":"https:\/\/quehacerpolitico.mx\/?p=60477","og_locale":"es_MX","og_type":"article","og_title":"Presentan casco dise\u00f1ado para prevenir el COVID-19 en la NFL -","og_description":"Presentan casco dise\u00f1ado para prevenir el COVID-19 en la NFL Por Redacci\u00f3n QP Se espera...","og_url":"https:\/\/quehacerpolitico.mx\/?p=60477","article_published_time":"2020-07-14T00:11:44+00:00","og_image":[{"width":1140,"height":641,"url":"https:\/\/quehacerpolitico.mx\/wp-content\/uploads\/2020\/07\/DBF88D03-D75F-4973-B594-E75D0DF92875.jpeg","type":"image\/jpeg"}],"author":"Redacci\u00f3n QP","twitter_card":"summary_large_image","twitter_misc":{"Escrito por":"Redacci\u00f3n QP","Tiempo de lectura":"3 minutos"},"schema":{"@context":"https:\/\/schema.org","@graph":[{"@type":"Article","@id":"https:\/\/quehacerpolitico.mx\/?p=60477#article","isPartOf":{"@id":"https:\/\/quehacerpolitico.mx\/?p=60477"},"author":{"name":"Redacci\u00f3n QP","@id":"https:\/\/quehacerpolitico.mx\/#\/schema\/person\/496d8ad2d1d3f8036101dca7ee39e585"},"headline":"Presentan casco dise\u00f1ado para prevenir el COVID-19 en la NFL","datePublished":"2020-07-14T00:11:44+00:00","mainEntityOfPage":{"@id":"https:\/\/quehacerpolitico.mx\/?p=60477"},"wordCount":670,"commentCount":0,"image":{"@id":"https:\/\/quehacerpolitico.mx\/?p=60477#primaryimage"},"thumbnailUrl":"https:\/\/quehacerpolitico.mx\/wp-content\/uploads\/2020\/07\/DBF88D03-D75F-4973-B594-E75D0DF92875.jpeg","articleSection":["Deportes"],"inLanguage":"es","potentialAction":[{"@type":"CommentAction","name":"Comment","target":["https:\/\/quehacerpolitico.mx\/?p=60477#respond"]}]},{"@type":"WebPage","@id":"https:\/\/quehacerpolitico.mx\/?p=60477","url":"https:\/\/quehacerpolitico.mx\/?p=60477","name":"Presentan casco dise\u00f1ado para prevenir el COVID-19 en la NFL -","isPartOf":{"@id":"https:\/\/quehacerpolitico.mx\/#website"},"primaryImageOfPage":{"@id":"https:\/\/quehacerpolitico.mx\/?p=60477#primaryimage"},"image":{"@id":"https:\/\/quehacerpolitico.mx\/?p=60477#primaryimage"},"thumbnailUrl":"https:\/\/quehacerpolitico.mx\/wp-content\/uploads\/2020\/07\/DBF88D03-D75F-4973-B594-E75D0DF92875.jpeg","datePublished":"2020-07-14T00:11:44+00:00","author":{"@id":"https:\/\/quehacerpolitico.mx\/#\/schema\/person\/496d8ad2d1d3f8036101dca7ee39e585"},"breadcrumb":{"@id":"https:\/\/quehacerpolitico.mx\/?p=60477#breadcrumb"},"inLanguage":"es","potentialAction":[{"@type":"ReadAction","target":["https:\/\/quehacerpolitico.mx\/?p=60477"]}]},{"@type":"ImageObject","inLanguage":"es","@id":"https:\/\/quehacerpolitico.mx\/?p=60477#primaryimage","url":"https:\/\/quehacerpolitico.mx\/wp-content\/uploads\/2020\/07\/DBF88D03-D75F-4973-B594-E75D0DF92875.jpeg","contentUrl":"https:\/\/quehacerpolitico.mx\/wp-content\/uploads\/2020\/07\/DBF88D03-D75F-4973-B594-E75D0DF92875.jpeg","width":1140,"height":641},{"@type":"BreadcrumbList","@id":"https:\/\/quehacerpolitico.mx\/?p=60477#breadcrumb","itemListElement":[{"@type":"ListItem","position":1,"name":"Inicio","item":"https:\/\/quehacerpolitico.mx\/"},{"@type":"ListItem","position":2,"name":"Presentan casco dise\u00f1ado para prevenir el COVID-19 en la NFL"}]},{"@type":"WebSite","@id":"https:\/\/quehacerpolitico.mx\/#website","url":"https:\/\/quehacerpolitico.mx\/","name":"","description":"","potentialAction":[{"@type":"SearchAction","target":{"@type":"EntryPoint","urlTemplate":"https:\/\/quehacerpolitico.mx\/?s={search_term_string}"},"query-input":{"@type":"PropertyValueSpecification","valueRequired":true,"valueName":"search_term_string"}}],"inLanguage":"es"},{"@type":"Person","@id":"https:\/\/quehacerpolitico.mx\/#\/schema\/person\/496d8ad2d1d3f8036101dca7ee39e585","name":"Redacci\u00f3n QP","image":{"@type":"ImageObject","inLanguage":"es","@id":"https:\/\/secure.gravatar.com\/avatar\/c7164ed6fdec453195284ad24a5ae5b6e1eed2b848477fa2a4787ba9adf39a41?s=96&d=mm&r=g","url":"https:\/\/secure.gravatar.com\/avatar\/c7164ed6fdec453195284ad24a5ae5b6e1eed2b848477fa2a4787ba9adf39a41?s=96&d=mm&r=g","contentUrl":"https:\/\/secure.gravatar.com\/avatar\/c7164ed6fdec453195284ad24a5ae5b6e1eed2b848477fa2a4787ba9adf39a41?s=96&d=mm&r=g","caption":"Redacci\u00f3n QP"},"url":"https:\/\/quehacerpolitico.mx\/?author=2"}]}},"featured_image_urls":{"full":["https:\/\/quehacerpolitico.mx\/wp-content\/uploads\/2020\/07\/DBF88D03-D75F-4973-B594-E75D0DF92875.jpeg",1140,641,false],"thumbnail":["https:\/\/quehacerpolitico.mx\/wp-content\/uploads\/2020\/07\/DBF88D03-D75F-4973-B594-E75D0DF92875-150x150.jpeg",150,150,true],"medium":["https:\/\/quehacerpolitico.mx\/wp-content\/uploads\/2020\/07\/DBF88D03-D75F-4973-B594-E75D0DF92875-300x169.jpeg",300,169,true],"medium_large":["https:\/\/quehacerpolitico.mx\/wp-content\/uploads\/2020\/07\/DBF88D03-D75F-4973-B594-E75D0DF92875-768x432.jpeg",640,360,true],"large":["https:\/\/quehacerpolitico.mx\/wp-content\/uploads\/2020\/07\/DBF88D03-D75F-4973-B594-E75D0DF92875-1024x576.jpeg",640,360,true],"1536x1536":["https:\/\/quehacerpolitico.mx\/wp-content\/uploads\/2020\/07\/DBF88D03-D75F-4973-B594-E75D0DF92875.jpeg",1140,641,false],"2048x2048":["https:\/\/quehacerpolitico.mx\/wp-content\/uploads\/2020\/07\/DBF88D03-D75F-4973-B594-E75D0DF92875.jpeg",1140,641,false],"covernews-featured":["https:\/\/quehacerpolitico.mx\/wp-content\/uploads\/2020\/07\/DBF88D03-D75F-4973-B594-E75D0DF92875.jpeg",1024,576,false],"covernews-medium":["https:\/\/quehacerpolitico.mx\/wp-content\/uploads\/2020\/07\/DBF88D03-D75F-4973-B594-E75D0DF92875.jpeg",540,304,false]},"author_info":{"display_name":"Redacci\u00f3n QP","author_link":"https:\/\/quehacerpolitico.mx\/?author=2"},"category_info":"<a href=\"https:\/\/quehacerpolitico.mx\/?cat=54\" rel=\"category\">Deportes<\/a>","tag_info":"Deportes","comment_count":"0","_links":{"self":[{"href":"https:\/\/quehacerpolitico.mx\/index.php?rest_route=\/wp\/v2\/posts\/60477","targetHints":{"allow":["GET"]}}],"collection":[{"href":"https:\/\/quehacerpolitico.mx\/index.php?rest_route=\/wp\/v2\/posts"}],"about":[{"href":"https:\/\/quehacerpolitico.mx\/index.php?rest_route=\/wp\/v2\/types\/post"}],"author":[{"embeddable":true,"href":"https:\/\/quehacerpolitico.mx\/index.php?rest_route=\/wp\/v2\/users\/2"}],"replies":[{"embeddable":true,"href":"https:\/\/quehacerpolitico.mx\/index.php?rest_route=%2Fwp%2Fv2%2Fcomments&post=60477"}],"version-history":[{"count":0,"href":"https:\/\/quehacerpolitico.mx\/index.php?rest_route=\/wp\/v2\/posts\/60477\/revisions"}],"wp:featuredmedia":[{"embeddable":true,"href":"https:\/\/quehacerpolitico.mx\/index.php?rest_route=\/wp\/v2\/media\/60478"}],"wp:attachment":[{"href":"https:\/\/quehacerpolitico.mx\/index.php?rest_route=%2Fwp%2Fv2%2Fmedia&parent=60477"}],"wp:term":[{"taxonomy":"category","embeddable":true,"href":"https:\/\/quehacerpolitico.mx\/index.php?rest_route=%2Fwp%2Fv2%2Fcategories&post=60477"},{"taxonomy":"post_tag","embeddable":true,"href":"https:\/\/quehacerpolitico.mx\/index.php?rest_route=%2Fwp%2Fv2%2Ftags&post=60477"}],"curies":[{"name":"wp","href":"https:\/\/api.w.org\/{rel}","templated":true}]}}