{"id":59940,"date":"2020-06-30T11:11:34","date_gmt":"2020-06-30T16:11:34","guid":{"rendered":"http:\/\/quehacerpolitico.mx\/?p=59940"},"modified":"2020-06-30T11:11:34","modified_gmt":"2020-06-30T16:11:34","slug":"emilio-lozoya-austin-presenta-en-espana-solicitud-para-aceptar-extradicion-a-mexico","status":"publish","type":"post","link":"https:\/\/quehacerpolitico.mx\/?p=59940","title":{"rendered":"Emilio Lozoya Austin presenta en Espa\u00f1a solicitud para aceptar extradici\u00f3n a M\u00e9xico"},"content":{"rendered":"<h1>Emilio Lozoya Austin presenta en Espa\u00f1a solicitud para aceptar extradici\u00f3n a M\u00e9xico<br \/>\nPor Redacci\u00f3n QP<\/h1>\n<p>Emilio Lozoya, exdirector de Pemex, presenta en Espa\u00f1a solicitud para aceptar extradici\u00f3n a M\u00e9xico, informa el fiscal de M\u00e9xico, Alejandro Gertz Manero<\/p>\n<p>La ma\u00f1ana de este martes, el fiscal <strong>Alejandro Gertz Manero<\/strong> dijo que <strong>Emilio Lozoya<\/strong>, <strong>exdirector de Petroleos Mexicanos (Pemex)<\/strong>, present\u00f3 en Espa\u00f1a solicitud para aceptar extradici\u00f3n a M\u00e9xico.<\/p>\n<blockquote class=\"twitter-tweet\" data-width=\"550\" data-dnt=\"true\">\n<p lang=\"es\" dir=\"ltr\">\u26a0\ufe0f <a href=\"https:\/\/twitter.com\/hashtag\/EmilioLozoya?src=hash&amp;ref_src=twsrc%5Etfw\">#EmilioLozoya<\/a> vuelve a M\u00e9xico <\/p>\n<p>Acept\u00f3 la extradici\u00f3n y se pondr\u00e1 en manos de la justicia mexicana<\/p>\n<p>\u00bfC\u00f3mo pas\u00f3 de alto funcionario a perseguido por el caso <a href=\"https:\/\/twitter.com\/hashtag\/Odebrecht?src=hash&amp;ref_src=twsrc%5Etfw\">#Odebrecht<\/a>?<\/p>\n<p> <a href=\"https:\/\/t.co\/DJDF6iVRNN\">pic.twitter.com\/DJDF6iVRNN<\/a><\/p>\n<p>&mdash; Ruido en la Red (@RuidoEnLaRed) <a href=\"https:\/\/twitter.com\/RuidoEnLaRed\/status\/1277987731499409408?ref_src=twsrc%5Etfw\">June 30, 2020<\/a><\/p><\/blockquote>\n<p><script async src=\"https:\/\/platform.twitter.com\/widgets.js\" charset=\"utf-8\"><\/script><\/p>\n<p>En una video conferencia, el titular de la Fiscal\u00eda General de la Rep\u00fablica (FGR) dijo que el exfuncionario de Pemex ofreci\u00f3 su colaboraci\u00f3n para esclarecer los hechos que le han sido imputados.<\/p>\n<p>Alejandro Gertz Manero destac\u00f3 que Emilio Lozoya, exdirector general de Pemex, present\u00f3 formalmente ante la Sala Penal del Reino de Espa\u00f1a, su solicitud por escrito en la que acepta la medida de extradici\u00f3n requerida por la Fiscal\u00eda General de la Rep\u00fablica (FGR) para ser entregado a las autoridades mexicanas y esclarecer los hechos que le han sido imputados.<\/p>\n<p>Lozoya es investigado por presuntamente haber estado involucrado en un esquema de sobornos y lavado de dinero de la brasile\u00f1a Odebrecht y se encuentra detenido en Madrid.<\/p>\n<p><iframe loading=\"lazy\" title=\"#EnVivo Mensaje a medios\" width=\"640\" height=\"360\" src=\"https:\/\/www.youtube.com\/embed\/2-uXQiJFmog?feature=oembed\" frameborder=\"0\" allow=\"accelerometer; autoplay; clipboard-write; encrypted-media; gyroscope; picture-in-picture; web-share\" referrerpolicy=\"strict-origin-when-cross-origin\" allowfullscreen><\/iframe><\/p>\n","protected":false},"excerpt":{"rendered":"<p>Emilio Lozoya Austin presenta en Espa\u00f1a solicitud para aceptar extradici\u00f3n a M\u00e9xico Por Redacci\u00f3n QP&#8230;<\/p>\n","protected":false},"author":2,"featured_media":59941,"comment_status":"open","ping_status":"open","sticky":false,"template":"","format":"standard","meta":{"_monsterinsights_skip_tracking":false,"_monsterinsights_sitenote_active":false,"_monsterinsights_sitenote_note":"","_monsterinsights_sitenote_category":0,"footnotes":""},"categories":[2],"tags":[],"class_list":["post-59940","post","type-post","status-publish","format-standard","has-post-thumbnail","hentry","category-noticias"],"yoast_head":"<!-- This site is optimized with the Yoast SEO plugin v27.3 - https:\/\/yoast.com\/product\/yoast-seo-wordpress\/ -->\n<title>Emilio Lozoya Austin presenta en Espa\u00f1a solicitud para aceptar extradici\u00f3n a M\u00e9xico -<\/title>\n<meta name=\"robots\" content=\"index, follow, max-snippet:-1, max-image-preview:large, max-video-preview:-1\" \/>\n<link rel=\"canonical\" href=\"https:\/\/quehacerpolitico.mx\/?p=59940\" \/>\n<meta property=\"og:locale\" content=\"es_MX\" \/>\n<meta property=\"og:type\" content=\"article\" \/>\n<meta property=\"og:title\" content=\"Emilio Lozoya Austin presenta en Espa\u00f1a solicitud para aceptar extradici\u00f3n a M\u00e9xico -\" \/>\n<meta property=\"og:description\" content=\"Emilio Lozoya Austin presenta en Espa\u00f1a solicitud para aceptar extradici\u00f3n a M\u00e9xico Por Redacci\u00f3n QP...\" \/>\n<meta property=\"og:url\" content=\"https:\/\/quehacerpolitico.mx\/?p=59940\" \/>\n<meta property=\"article:published_time\" content=\"2020-06-30T16:11:34+00:00\" \/>\n<meta property=\"og:image\" content=\"https:\/\/quehacerpolitico.mx\/wp-content\/uploads\/2020\/06\/920C5288-EB12-487B-8204-D27E5E857BF3.jpeg\" \/>\n\t<meta property=\"og:image:width\" content=\"739\" \/>\n\t<meta property=\"og:image:height\" content=\"415\" \/>\n\t<meta property=\"og:image:type\" content=\"image\/jpeg\" \/>\n<meta name=\"author\" content=\"Redacci\u00f3n QP\" \/>\n<meta name=\"twitter:card\" content=\"summary_large_image\" \/>\n<meta name=\"twitter:label1\" content=\"Escrito por\" \/>\n\t<meta name=\"twitter:data1\" content=\"Redacci\u00f3n QP\" \/>\n\t<meta name=\"twitter:label2\" content=\"Tiempo de lectura\" \/>\n\t<meta name=\"twitter:data2\" content=\"1 minuto\" \/>\n<script type=\"application\/ld+json\" class=\"yoast-schema-graph\">{\"@context\":\"https:\\\/\\\/schema.org\",\"@graph\":[{\"@type\":\"Article\",\"@id\":\"https:\\\/\\\/quehacerpolitico.mx\\\/?p=59940#article\",\"isPartOf\":{\"@id\":\"https:\\\/\\\/quehacerpolitico.mx\\\/?p=59940\"},\"author\":{\"name\":\"Redacci\u00f3n QP\",\"@id\":\"https:\\\/\\\/quehacerpolitico.mx\\\/#\\\/schema\\\/person\\\/496d8ad2d1d3f8036101dca7ee39e585\"},\"headline\":\"Emilio Lozoya Austin presenta en Espa\u00f1a solicitud para aceptar extradici\u00f3n a M\u00e9xico\",\"datePublished\":\"2020-06-30T16:11:34+00:00\",\"mainEntityOfPage\":{\"@id\":\"https:\\\/\\\/quehacerpolitico.mx\\\/?p=59940\"},\"wordCount\":227,\"commentCount\":0,\"image\":{\"@id\":\"https:\\\/\\\/quehacerpolitico.mx\\\/?p=59940#primaryimage\"},\"thumbnailUrl\":\"https:\\\/\\\/quehacerpolitico.mx\\\/wp-content\\\/uploads\\\/2020\\\/06\\\/920C5288-EB12-487B-8204-D27E5E857BF3.jpeg\",\"articleSection\":[\"Noticias\"],\"inLanguage\":\"es\",\"potentialAction\":[{\"@type\":\"CommentAction\",\"name\":\"Comment\",\"target\":[\"https:\\\/\\\/quehacerpolitico.mx\\\/?p=59940#respond\"]}]},{\"@type\":\"WebPage\",\"@id\":\"https:\\\/\\\/quehacerpolitico.mx\\\/?p=59940\",\"url\":\"https:\\\/\\\/quehacerpolitico.mx\\\/?p=59940\",\"name\":\"Emilio Lozoya Austin presenta en Espa\u00f1a solicitud para aceptar extradici\u00f3n a M\u00e9xico -\",\"isPartOf\":{\"@id\":\"https:\\\/\\\/quehacerpolitico.mx\\\/#website\"},\"primaryImageOfPage\":{\"@id\":\"https:\\\/\\\/quehacerpolitico.mx\\\/?p=59940#primaryimage\"},\"image\":{\"@id\":\"https:\\\/\\\/quehacerpolitico.mx\\\/?p=59940#primaryimage\"},\"thumbnailUrl\":\"https:\\\/\\\/quehacerpolitico.mx\\\/wp-content\\\/uploads\\\/2020\\\/06\\\/920C5288-EB12-487B-8204-D27E5E857BF3.jpeg\",\"datePublished\":\"2020-06-30T16:11:34+00:00\",\"author\":{\"@id\":\"https:\\\/\\\/quehacerpolitico.mx\\\/#\\\/schema\\\/person\\\/496d8ad2d1d3f8036101dca7ee39e585\"},\"breadcrumb\":{\"@id\":\"https:\\\/\\\/quehacerpolitico.mx\\\/?p=59940#breadcrumb\"},\"inLanguage\":\"es\",\"potentialAction\":[{\"@type\":\"ReadAction\",\"target\":[\"https:\\\/\\\/quehacerpolitico.mx\\\/?p=59940\"]}]},{\"@type\":\"ImageObject\",\"inLanguage\":\"es\",\"@id\":\"https:\\\/\\\/quehacerpolitico.mx\\\/?p=59940#primaryimage\",\"url\":\"https:\\\/\\\/quehacerpolitico.mx\\\/wp-content\\\/uploads\\\/2020\\\/06\\\/920C5288-EB12-487B-8204-D27E5E857BF3.jpeg\",\"contentUrl\":\"https:\\\/\\\/quehacerpolitico.mx\\\/wp-content\\\/uploads\\\/2020\\\/06\\\/920C5288-EB12-487B-8204-D27E5E857BF3.jpeg\",\"width\":739,\"height\":415},{\"@type\":\"BreadcrumbList\",\"@id\":\"https:\\\/\\\/quehacerpolitico.mx\\\/?p=59940#breadcrumb\",\"itemListElement\":[{\"@type\":\"ListItem\",\"position\":1,\"name\":\"Inicio\",\"item\":\"https:\\\/\\\/quehacerpolitico.mx\\\/\"},{\"@type\":\"ListItem\",\"position\":2,\"name\":\"Emilio Lozoya Austin presenta en Espa\u00f1a solicitud para aceptar extradici\u00f3n a M\u00e9xico\"}]},{\"@type\":\"WebSite\",\"@id\":\"https:\\\/\\\/quehacerpolitico.mx\\\/#website\",\"url\":\"https:\\\/\\\/quehacerpolitico.mx\\\/\",\"name\":\"\",\"description\":\"\",\"potentialAction\":[{\"@type\":\"SearchAction\",\"target\":{\"@type\":\"EntryPoint\",\"urlTemplate\":\"https:\\\/\\\/quehacerpolitico.mx\\\/?s={search_term_string}\"},\"query-input\":{\"@type\":\"PropertyValueSpecification\",\"valueRequired\":true,\"valueName\":\"search_term_string\"}}],\"inLanguage\":\"es\"},{\"@type\":\"Person\",\"@id\":\"https:\\\/\\\/quehacerpolitico.mx\\\/#\\\/schema\\\/person\\\/496d8ad2d1d3f8036101dca7ee39e585\",\"name\":\"Redacci\u00f3n QP\",\"image\":{\"@type\":\"ImageObject\",\"inLanguage\":\"es\",\"@id\":\"https:\\\/\\\/secure.gravatar.com\\\/avatar\\\/c7164ed6fdec453195284ad24a5ae5b6e1eed2b848477fa2a4787ba9adf39a41?s=96&d=mm&r=g\",\"url\":\"https:\\\/\\\/secure.gravatar.com\\\/avatar\\\/c7164ed6fdec453195284ad24a5ae5b6e1eed2b848477fa2a4787ba9adf39a41?s=96&d=mm&r=g\",\"contentUrl\":\"https:\\\/\\\/secure.gravatar.com\\\/avatar\\\/c7164ed6fdec453195284ad24a5ae5b6e1eed2b848477fa2a4787ba9adf39a41?s=96&d=mm&r=g\",\"caption\":\"Redacci\u00f3n QP\"},\"url\":\"https:\\\/\\\/quehacerpolitico.mx\\\/?author=2\"}]}<\/script>\n<!-- \/ Yoast SEO plugin. -->","yoast_head_json":{"title":"Emilio Lozoya Austin presenta en Espa\u00f1a solicitud para aceptar extradici\u00f3n a M\u00e9xico -","robots":{"index":"index","follow":"follow","max-snippet":"max-snippet:-1","max-image-preview":"max-image-preview:large","max-video-preview":"max-video-preview:-1"},"canonical":"https:\/\/quehacerpolitico.mx\/?p=59940","og_locale":"es_MX","og_type":"article","og_title":"Emilio Lozoya Austin presenta en Espa\u00f1a solicitud para aceptar extradici\u00f3n a M\u00e9xico -","og_description":"Emilio Lozoya Austin presenta en Espa\u00f1a solicitud para aceptar extradici\u00f3n a M\u00e9xico Por Redacci\u00f3n QP...","og_url":"https:\/\/quehacerpolitico.mx\/?p=59940","article_published_time":"2020-06-30T16:11:34+00:00","og_image":[{"width":739,"height":415,"url":"https:\/\/quehacerpolitico.mx\/wp-content\/uploads\/2020\/06\/920C5288-EB12-487B-8204-D27E5E857BF3.jpeg","type":"image\/jpeg"}],"author":"Redacci\u00f3n QP","twitter_card":"summary_large_image","twitter_misc":{"Escrito por":"Redacci\u00f3n QP","Tiempo de lectura":"1 minuto"},"schema":{"@context":"https:\/\/schema.org","@graph":[{"@type":"Article","@id":"https:\/\/quehacerpolitico.mx\/?p=59940#article","isPartOf":{"@id":"https:\/\/quehacerpolitico.mx\/?p=59940"},"author":{"name":"Redacci\u00f3n QP","@id":"https:\/\/quehacerpolitico.mx\/#\/schema\/person\/496d8ad2d1d3f8036101dca7ee39e585"},"headline":"Emilio Lozoya Austin presenta en Espa\u00f1a solicitud para aceptar extradici\u00f3n a M\u00e9xico","datePublished":"2020-06-30T16:11:34+00:00","mainEntityOfPage":{"@id":"https:\/\/quehacerpolitico.mx\/?p=59940"},"wordCount":227,"commentCount":0,"image":{"@id":"https:\/\/quehacerpolitico.mx\/?p=59940#primaryimage"},"thumbnailUrl":"https:\/\/quehacerpolitico.mx\/wp-content\/uploads\/2020\/06\/920C5288-EB12-487B-8204-D27E5E857BF3.jpeg","articleSection":["Noticias"],"inLanguage":"es","potentialAction":[{"@type":"CommentAction","name":"Comment","target":["https:\/\/quehacerpolitico.mx\/?p=59940#respond"]}]},{"@type":"WebPage","@id":"https:\/\/quehacerpolitico.mx\/?p=59940","url":"https:\/\/quehacerpolitico.mx\/?p=59940","name":"Emilio Lozoya Austin presenta en Espa\u00f1a solicitud para aceptar extradici\u00f3n a M\u00e9xico -","isPartOf":{"@id":"https:\/\/quehacerpolitico.mx\/#website"},"primaryImageOfPage":{"@id":"https:\/\/quehacerpolitico.mx\/?p=59940#primaryimage"},"image":{"@id":"https:\/\/quehacerpolitico.mx\/?p=59940#primaryimage"},"thumbnailUrl":"https:\/\/quehacerpolitico.mx\/wp-content\/uploads\/2020\/06\/920C5288-EB12-487B-8204-D27E5E857BF3.jpeg","datePublished":"2020-06-30T16:11:34+00:00","author":{"@id":"https:\/\/quehacerpolitico.mx\/#\/schema\/person\/496d8ad2d1d3f8036101dca7ee39e585"},"breadcrumb":{"@id":"https:\/\/quehacerpolitico.mx\/?p=59940#breadcrumb"},"inLanguage":"es","potentialAction":[{"@type":"ReadAction","target":["https:\/\/quehacerpolitico.mx\/?p=59940"]}]},{"@type":"ImageObject","inLanguage":"es","@id":"https:\/\/quehacerpolitico.mx\/?p=59940#primaryimage","url":"https:\/\/quehacerpolitico.mx\/wp-content\/uploads\/2020\/06\/920C5288-EB12-487B-8204-D27E5E857BF3.jpeg","contentUrl":"https:\/\/quehacerpolitico.mx\/wp-content\/uploads\/2020\/06\/920C5288-EB12-487B-8204-D27E5E857BF3.jpeg","width":739,"height":415},{"@type":"BreadcrumbList","@id":"https:\/\/quehacerpolitico.mx\/?p=59940#breadcrumb","itemListElement":[{"@type":"ListItem","position":1,"name":"Inicio","item":"https:\/\/quehacerpolitico.mx\/"},{"@type":"ListItem","position":2,"name":"Emilio Lozoya Austin presenta en Espa\u00f1a solicitud para aceptar extradici\u00f3n a M\u00e9xico"}]},{"@type":"WebSite","@id":"https:\/\/quehacerpolitico.mx\/#website","url":"https:\/\/quehacerpolitico.mx\/","name":"","description":"","potentialAction":[{"@type":"SearchAction","target":{"@type":"EntryPoint","urlTemplate":"https:\/\/quehacerpolitico.mx\/?s={search_term_string}"},"query-input":{"@type":"PropertyValueSpecification","valueRequired":true,"valueName":"search_term_string"}}],"inLanguage":"es"},{"@type":"Person","@id":"https:\/\/quehacerpolitico.mx\/#\/schema\/person\/496d8ad2d1d3f8036101dca7ee39e585","name":"Redacci\u00f3n QP","image":{"@type":"ImageObject","inLanguage":"es","@id":"https:\/\/secure.gravatar.com\/avatar\/c7164ed6fdec453195284ad24a5ae5b6e1eed2b848477fa2a4787ba9adf39a41?s=96&d=mm&r=g","url":"https:\/\/secure.gravatar.com\/avatar\/c7164ed6fdec453195284ad24a5ae5b6e1eed2b848477fa2a4787ba9adf39a41?s=96&d=mm&r=g","contentUrl":"https:\/\/secure.gravatar.com\/avatar\/c7164ed6fdec453195284ad24a5ae5b6e1eed2b848477fa2a4787ba9adf39a41?s=96&d=mm&r=g","caption":"Redacci\u00f3n QP"},"url":"https:\/\/quehacerpolitico.mx\/?author=2"}]}},"featured_image_urls":{"full":["https:\/\/quehacerpolitico.mx\/wp-content\/uploads\/2020\/06\/920C5288-EB12-487B-8204-D27E5E857BF3.jpeg",739,415,false],"thumbnail":["https:\/\/quehacerpolitico.mx\/wp-content\/uploads\/2020\/06\/920C5288-EB12-487B-8204-D27E5E857BF3-150x150.jpeg",150,150,true],"medium":["https:\/\/quehacerpolitico.mx\/wp-content\/uploads\/2020\/06\/920C5288-EB12-487B-8204-D27E5E857BF3-300x168.jpeg",300,168,true],"medium_large":["https:\/\/quehacerpolitico.mx\/wp-content\/uploads\/2020\/06\/920C5288-EB12-487B-8204-D27E5E857BF3.jpeg",640,359,false],"large":["https:\/\/quehacerpolitico.mx\/wp-content\/uploads\/2020\/06\/920C5288-EB12-487B-8204-D27E5E857BF3.jpeg",640,359,false],"1536x1536":["https:\/\/quehacerpolitico.mx\/wp-content\/uploads\/2020\/06\/920C5288-EB12-487B-8204-D27E5E857BF3.jpeg",739,415,false],"2048x2048":["https:\/\/quehacerpolitico.mx\/wp-content\/uploads\/2020\/06\/920C5288-EB12-487B-8204-D27E5E857BF3.jpeg",739,415,false],"covernews-featured":["https:\/\/quehacerpolitico.mx\/wp-content\/uploads\/2020\/06\/920C5288-EB12-487B-8204-D27E5E857BF3.jpeg",739,415,false],"covernews-medium":["https:\/\/quehacerpolitico.mx\/wp-content\/uploads\/2020\/06\/920C5288-EB12-487B-8204-D27E5E857BF3.jpeg",540,303,false]},"author_info":{"display_name":"Redacci\u00f3n QP","author_link":"https:\/\/quehacerpolitico.mx\/?author=2"},"category_info":"<a href=\"https:\/\/quehacerpolitico.mx\/?cat=2\" rel=\"category\">Noticias<\/a>","tag_info":"Noticias","comment_count":"0","_links":{"self":[{"href":"https:\/\/quehacerpolitico.mx\/index.php?rest_route=\/wp\/v2\/posts\/59940","targetHints":{"allow":["GET"]}}],"collection":[{"href":"https:\/\/quehacerpolitico.mx\/index.php?rest_route=\/wp\/v2\/posts"}],"about":[{"href":"https:\/\/quehacerpolitico.mx\/index.php?rest_route=\/wp\/v2\/types\/post"}],"author":[{"embeddable":true,"href":"https:\/\/quehacerpolitico.mx\/index.php?rest_route=\/wp\/v2\/users\/2"}],"replies":[{"embeddable":true,"href":"https:\/\/quehacerpolitico.mx\/index.php?rest_route=%2Fwp%2Fv2%2Fcomments&post=59940"}],"version-history":[{"count":0,"href":"https:\/\/quehacerpolitico.mx\/index.php?rest_route=\/wp\/v2\/posts\/59940\/revisions"}],"wp:featuredmedia":[{"embeddable":true,"href":"https:\/\/quehacerpolitico.mx\/index.php?rest_route=\/wp\/v2\/media\/59941"}],"wp:attachment":[{"href":"https:\/\/quehacerpolitico.mx\/index.php?rest_route=%2Fwp%2Fv2%2Fmedia&parent=59940"}],"wp:term":[{"taxonomy":"category","embeddable":true,"href":"https:\/\/quehacerpolitico.mx\/index.php?rest_route=%2Fwp%2Fv2%2Fcategories&post=59940"},{"taxonomy":"post_tag","embeddable":true,"href":"https:\/\/quehacerpolitico.mx\/index.php?rest_route=%2Fwp%2Fv2%2Ftags&post=59940"}],"curies":[{"name":"wp","href":"https:\/\/api.w.org\/{rel}","templated":true}]}}