{"id":59936,"date":"2020-06-30T10:54:46","date_gmt":"2020-06-30T15:54:46","guid":{"rendered":"http:\/\/quehacerpolitico.mx\/?p=59936"},"modified":"2020-06-30T10:54:46","modified_gmt":"2020-06-30T15:54:46","slug":"fgr-solicita-46-ordenes-de-aprehension-por-caso-ayotzinapa-gertz-manero","status":"publish","type":"post","link":"https:\/\/quehacerpolitico.mx\/?p=59936","title":{"rendered":"FGR solicita 46 \u00f3rdenes de aprehensi\u00f3n por caso Ayotzinapa: Gertz Manero"},"content":{"rendered":"<h1>FGR solicita 46 \u00f3rdenes de aprehensi\u00f3n por caso Ayotzinapa: Gertz Manero<br \/>\nPor Redacci\u00f3n QP<\/h1>\n<p>El fiscal Alejandro Gertz Manero inform\u00f3 que Tom\u00e1s Zer\u00f3n, extitular de la Agencia de Investigaci\u00f3n Criminal, cuenta con ficha roja de Interpol<\/p>\n<p>La ma\u00f1ana de este martes, el <strong>fiscal Alejandro Gertz Manero<\/strong> dijo que la <strong>Fiscal\u00eda General de la Rep\u00fablica<\/strong> <strong>(FGR)<\/strong> solicit\u00f3 46 \u00f3rdenes de aprehensi\u00f3n por el caso Ayotzinapa.<\/p>\n<p><iframe loading=\"lazy\" title=\"#EnVivo Mensaje a medios\" width=\"640\" height=\"360\" src=\"https:\/\/www.youtube.com\/embed\/2-uXQiJFmog?feature=oembed\" frameborder=\"0\" allow=\"accelerometer; autoplay; clipboard-write; encrypted-media; gyroscope; picture-in-picture; web-share\" referrerpolicy=\"strict-origin-when-cross-origin\" allowfullscreen><\/iframe><\/p>\n<p>A trav\u00e9s de una video conferencia, el titular de la Fiscal\u00eda General de la Rep\u00fablica destac\u00f3 que las \u00f3rdenes fueron giradas en contra de autoridades de diferentes municipios de Guerrero.<\/p>\n<p>Gertz Manero inform\u00f3 que Tom\u00e1s Zer\u00f3n, extitular de la Agencia de Investigaci\u00f3n Criminal (AIC) de la FGR, cuenta con ficha roja de Interpol para su extradici\u00f3n.<\/p>\n<p>Con informaci\u00f3n de FOROtv<\/p>\n","protected":false},"excerpt":{"rendered":"<p>FGR solicita 46 \u00f3rdenes de aprehensi\u00f3n por caso Ayotzinapa: Gertz Manero Por Redacci\u00f3n QP El&#8230;<\/p>\n","protected":false},"author":2,"featured_media":59938,"comment_status":"open","ping_status":"open","sticky":false,"template":"","format":"standard","meta":{"_monsterinsights_skip_tracking":false,"_monsterinsights_sitenote_active":false,"_monsterinsights_sitenote_note":"","_monsterinsights_sitenote_category":0,"footnotes":""},"categories":[2],"tags":[],"class_list":["post-59936","post","type-post","status-publish","format-standard","has-post-thumbnail","hentry","category-noticias"],"yoast_head":"<!-- This site is optimized with the Yoast SEO plugin v27.3 - https:\/\/yoast.com\/product\/yoast-seo-wordpress\/ -->\n<title>FGR solicita 46 \u00f3rdenes de aprehensi\u00f3n por caso Ayotzinapa: Gertz Manero -<\/title>\n<meta name=\"robots\" content=\"index, follow, max-snippet:-1, max-image-preview:large, max-video-preview:-1\" \/>\n<link rel=\"canonical\" href=\"https:\/\/quehacerpolitico.mx\/?p=59936\" \/>\n<meta property=\"og:locale\" content=\"es_MX\" \/>\n<meta property=\"og:type\" content=\"article\" \/>\n<meta property=\"og:title\" content=\"FGR solicita 46 \u00f3rdenes de aprehensi\u00f3n por caso Ayotzinapa: Gertz Manero -\" \/>\n<meta property=\"og:description\" content=\"FGR solicita 46 \u00f3rdenes de aprehensi\u00f3n por caso Ayotzinapa: Gertz Manero Por Redacci\u00f3n QP El...\" \/>\n<meta property=\"og:url\" content=\"https:\/\/quehacerpolitico.mx\/?p=59936\" \/>\n<meta property=\"article:published_time\" content=\"2020-06-30T15:54:46+00:00\" \/>\n<meta property=\"og:image\" content=\"https:\/\/quehacerpolitico.mx\/wp-content\/uploads\/2020\/06\/2F4044CB-6D64-4500-A741-90BCBB6BD407.jpeg\" \/>\n\t<meta property=\"og:image:width\" content=\"1242\" \/>\n\t<meta property=\"og:image:height\" content=\"610\" \/>\n\t<meta property=\"og:image:type\" content=\"image\/jpeg\" \/>\n<meta name=\"author\" content=\"Redacci\u00f3n QP\" \/>\n<meta name=\"twitter:card\" content=\"summary_large_image\" \/>\n<meta name=\"twitter:label1\" content=\"Escrito por\" \/>\n\t<meta name=\"twitter:data1\" content=\"Redacci\u00f3n QP\" \/>\n\t<meta name=\"twitter:label2\" content=\"Tiempo de lectura\" \/>\n\t<meta name=\"twitter:data2\" content=\"1 minuto\" \/>\n<script type=\"application\/ld+json\" class=\"yoast-schema-graph\">{\"@context\":\"https:\\\/\\\/schema.org\",\"@graph\":[{\"@type\":\"Article\",\"@id\":\"https:\\\/\\\/quehacerpolitico.mx\\\/?p=59936#article\",\"isPartOf\":{\"@id\":\"https:\\\/\\\/quehacerpolitico.mx\\\/?p=59936\"},\"author\":{\"name\":\"Redacci\u00f3n QP\",\"@id\":\"https:\\\/\\\/quehacerpolitico.mx\\\/#\\\/schema\\\/person\\\/496d8ad2d1d3f8036101dca7ee39e585\"},\"headline\":\"FGR solicita 46 \u00f3rdenes de aprehensi\u00f3n por caso Ayotzinapa: Gertz Manero\",\"datePublished\":\"2020-06-30T15:54:46+00:00\",\"mainEntityOfPage\":{\"@id\":\"https:\\\/\\\/quehacerpolitico.mx\\\/?p=59936\"},\"wordCount\":154,\"commentCount\":0,\"image\":{\"@id\":\"https:\\\/\\\/quehacerpolitico.mx\\\/?p=59936#primaryimage\"},\"thumbnailUrl\":\"https:\\\/\\\/quehacerpolitico.mx\\\/wp-content\\\/uploads\\\/2020\\\/06\\\/2F4044CB-6D64-4500-A741-90BCBB6BD407.jpeg\",\"articleSection\":[\"Noticias\"],\"inLanguage\":\"es\",\"potentialAction\":[{\"@type\":\"CommentAction\",\"name\":\"Comment\",\"target\":[\"https:\\\/\\\/quehacerpolitico.mx\\\/?p=59936#respond\"]}]},{\"@type\":\"WebPage\",\"@id\":\"https:\\\/\\\/quehacerpolitico.mx\\\/?p=59936\",\"url\":\"https:\\\/\\\/quehacerpolitico.mx\\\/?p=59936\",\"name\":\"FGR solicita 46 \u00f3rdenes de aprehensi\u00f3n por caso Ayotzinapa: Gertz Manero -\",\"isPartOf\":{\"@id\":\"https:\\\/\\\/quehacerpolitico.mx\\\/#website\"},\"primaryImageOfPage\":{\"@id\":\"https:\\\/\\\/quehacerpolitico.mx\\\/?p=59936#primaryimage\"},\"image\":{\"@id\":\"https:\\\/\\\/quehacerpolitico.mx\\\/?p=59936#primaryimage\"},\"thumbnailUrl\":\"https:\\\/\\\/quehacerpolitico.mx\\\/wp-content\\\/uploads\\\/2020\\\/06\\\/2F4044CB-6D64-4500-A741-90BCBB6BD407.jpeg\",\"datePublished\":\"2020-06-30T15:54:46+00:00\",\"author\":{\"@id\":\"https:\\\/\\\/quehacerpolitico.mx\\\/#\\\/schema\\\/person\\\/496d8ad2d1d3f8036101dca7ee39e585\"},\"breadcrumb\":{\"@id\":\"https:\\\/\\\/quehacerpolitico.mx\\\/?p=59936#breadcrumb\"},\"inLanguage\":\"es\",\"potentialAction\":[{\"@type\":\"ReadAction\",\"target\":[\"https:\\\/\\\/quehacerpolitico.mx\\\/?p=59936\"]}]},{\"@type\":\"ImageObject\",\"inLanguage\":\"es\",\"@id\":\"https:\\\/\\\/quehacerpolitico.mx\\\/?p=59936#primaryimage\",\"url\":\"https:\\\/\\\/quehacerpolitico.mx\\\/wp-content\\\/uploads\\\/2020\\\/06\\\/2F4044CB-6D64-4500-A741-90BCBB6BD407.jpeg\",\"contentUrl\":\"https:\\\/\\\/quehacerpolitico.mx\\\/wp-content\\\/uploads\\\/2020\\\/06\\\/2F4044CB-6D64-4500-A741-90BCBB6BD407.jpeg\",\"width\":1242,\"height\":610},{\"@type\":\"BreadcrumbList\",\"@id\":\"https:\\\/\\\/quehacerpolitico.mx\\\/?p=59936#breadcrumb\",\"itemListElement\":[{\"@type\":\"ListItem\",\"position\":1,\"name\":\"Inicio\",\"item\":\"https:\\\/\\\/quehacerpolitico.mx\\\/\"},{\"@type\":\"ListItem\",\"position\":2,\"name\":\"FGR solicita 46 \u00f3rdenes de aprehensi\u00f3n por caso Ayotzinapa: Gertz Manero\"}]},{\"@type\":\"WebSite\",\"@id\":\"https:\\\/\\\/quehacerpolitico.mx\\\/#website\",\"url\":\"https:\\\/\\\/quehacerpolitico.mx\\\/\",\"name\":\"\",\"description\":\"\",\"potentialAction\":[{\"@type\":\"SearchAction\",\"target\":{\"@type\":\"EntryPoint\",\"urlTemplate\":\"https:\\\/\\\/quehacerpolitico.mx\\\/?s={search_term_string}\"},\"query-input\":{\"@type\":\"PropertyValueSpecification\",\"valueRequired\":true,\"valueName\":\"search_term_string\"}}],\"inLanguage\":\"es\"},{\"@type\":\"Person\",\"@id\":\"https:\\\/\\\/quehacerpolitico.mx\\\/#\\\/schema\\\/person\\\/496d8ad2d1d3f8036101dca7ee39e585\",\"name\":\"Redacci\u00f3n QP\",\"image\":{\"@type\":\"ImageObject\",\"inLanguage\":\"es\",\"@id\":\"https:\\\/\\\/secure.gravatar.com\\\/avatar\\\/c7164ed6fdec453195284ad24a5ae5b6e1eed2b848477fa2a4787ba9adf39a41?s=96&d=mm&r=g\",\"url\":\"https:\\\/\\\/secure.gravatar.com\\\/avatar\\\/c7164ed6fdec453195284ad24a5ae5b6e1eed2b848477fa2a4787ba9adf39a41?s=96&d=mm&r=g\",\"contentUrl\":\"https:\\\/\\\/secure.gravatar.com\\\/avatar\\\/c7164ed6fdec453195284ad24a5ae5b6e1eed2b848477fa2a4787ba9adf39a41?s=96&d=mm&r=g\",\"caption\":\"Redacci\u00f3n QP\"},\"url\":\"https:\\\/\\\/quehacerpolitico.mx\\\/?author=2\"}]}<\/script>\n<!-- \/ Yoast SEO plugin. -->","yoast_head_json":{"title":"FGR solicita 46 \u00f3rdenes de aprehensi\u00f3n por caso Ayotzinapa: Gertz Manero -","robots":{"index":"index","follow":"follow","max-snippet":"max-snippet:-1","max-image-preview":"max-image-preview:large","max-video-preview":"max-video-preview:-1"},"canonical":"https:\/\/quehacerpolitico.mx\/?p=59936","og_locale":"es_MX","og_type":"article","og_title":"FGR solicita 46 \u00f3rdenes de aprehensi\u00f3n por caso Ayotzinapa: Gertz Manero -","og_description":"FGR solicita 46 \u00f3rdenes de aprehensi\u00f3n por caso Ayotzinapa: Gertz Manero Por Redacci\u00f3n QP El...","og_url":"https:\/\/quehacerpolitico.mx\/?p=59936","article_published_time":"2020-06-30T15:54:46+00:00","og_image":[{"width":1242,"height":610,"url":"https:\/\/quehacerpolitico.mx\/wp-content\/uploads\/2020\/06\/2F4044CB-6D64-4500-A741-90BCBB6BD407.jpeg","type":"image\/jpeg"}],"author":"Redacci\u00f3n QP","twitter_card":"summary_large_image","twitter_misc":{"Escrito por":"Redacci\u00f3n QP","Tiempo de lectura":"1 minuto"},"schema":{"@context":"https:\/\/schema.org","@graph":[{"@type":"Article","@id":"https:\/\/quehacerpolitico.mx\/?p=59936#article","isPartOf":{"@id":"https:\/\/quehacerpolitico.mx\/?p=59936"},"author":{"name":"Redacci\u00f3n QP","@id":"https:\/\/quehacerpolitico.mx\/#\/schema\/person\/496d8ad2d1d3f8036101dca7ee39e585"},"headline":"FGR solicita 46 \u00f3rdenes de aprehensi\u00f3n por caso Ayotzinapa: Gertz Manero","datePublished":"2020-06-30T15:54:46+00:00","mainEntityOfPage":{"@id":"https:\/\/quehacerpolitico.mx\/?p=59936"},"wordCount":154,"commentCount":0,"image":{"@id":"https:\/\/quehacerpolitico.mx\/?p=59936#primaryimage"},"thumbnailUrl":"https:\/\/quehacerpolitico.mx\/wp-content\/uploads\/2020\/06\/2F4044CB-6D64-4500-A741-90BCBB6BD407.jpeg","articleSection":["Noticias"],"inLanguage":"es","potentialAction":[{"@type":"CommentAction","name":"Comment","target":["https:\/\/quehacerpolitico.mx\/?p=59936#respond"]}]},{"@type":"WebPage","@id":"https:\/\/quehacerpolitico.mx\/?p=59936","url":"https:\/\/quehacerpolitico.mx\/?p=59936","name":"FGR solicita 46 \u00f3rdenes de aprehensi\u00f3n por caso Ayotzinapa: Gertz Manero -","isPartOf":{"@id":"https:\/\/quehacerpolitico.mx\/#website"},"primaryImageOfPage":{"@id":"https:\/\/quehacerpolitico.mx\/?p=59936#primaryimage"},"image":{"@id":"https:\/\/quehacerpolitico.mx\/?p=59936#primaryimage"},"thumbnailUrl":"https:\/\/quehacerpolitico.mx\/wp-content\/uploads\/2020\/06\/2F4044CB-6D64-4500-A741-90BCBB6BD407.jpeg","datePublished":"2020-06-30T15:54:46+00:00","author":{"@id":"https:\/\/quehacerpolitico.mx\/#\/schema\/person\/496d8ad2d1d3f8036101dca7ee39e585"},"breadcrumb":{"@id":"https:\/\/quehacerpolitico.mx\/?p=59936#breadcrumb"},"inLanguage":"es","potentialAction":[{"@type":"ReadAction","target":["https:\/\/quehacerpolitico.mx\/?p=59936"]}]},{"@type":"ImageObject","inLanguage":"es","@id":"https:\/\/quehacerpolitico.mx\/?p=59936#primaryimage","url":"https:\/\/quehacerpolitico.mx\/wp-content\/uploads\/2020\/06\/2F4044CB-6D64-4500-A741-90BCBB6BD407.jpeg","contentUrl":"https:\/\/quehacerpolitico.mx\/wp-content\/uploads\/2020\/06\/2F4044CB-6D64-4500-A741-90BCBB6BD407.jpeg","width":1242,"height":610},{"@type":"BreadcrumbList","@id":"https:\/\/quehacerpolitico.mx\/?p=59936#breadcrumb","itemListElement":[{"@type":"ListItem","position":1,"name":"Inicio","item":"https:\/\/quehacerpolitico.mx\/"},{"@type":"ListItem","position":2,"name":"FGR solicita 46 \u00f3rdenes de aprehensi\u00f3n por caso Ayotzinapa: Gertz Manero"}]},{"@type":"WebSite","@id":"https:\/\/quehacerpolitico.mx\/#website","url":"https:\/\/quehacerpolitico.mx\/","name":"","description":"","potentialAction":[{"@type":"SearchAction","target":{"@type":"EntryPoint","urlTemplate":"https:\/\/quehacerpolitico.mx\/?s={search_term_string}"},"query-input":{"@type":"PropertyValueSpecification","valueRequired":true,"valueName":"search_term_string"}}],"inLanguage":"es"},{"@type":"Person","@id":"https:\/\/quehacerpolitico.mx\/#\/schema\/person\/496d8ad2d1d3f8036101dca7ee39e585","name":"Redacci\u00f3n QP","image":{"@type":"ImageObject","inLanguage":"es","@id":"https:\/\/secure.gravatar.com\/avatar\/c7164ed6fdec453195284ad24a5ae5b6e1eed2b848477fa2a4787ba9adf39a41?s=96&d=mm&r=g","url":"https:\/\/secure.gravatar.com\/avatar\/c7164ed6fdec453195284ad24a5ae5b6e1eed2b848477fa2a4787ba9adf39a41?s=96&d=mm&r=g","contentUrl":"https:\/\/secure.gravatar.com\/avatar\/c7164ed6fdec453195284ad24a5ae5b6e1eed2b848477fa2a4787ba9adf39a41?s=96&d=mm&r=g","caption":"Redacci\u00f3n QP"},"url":"https:\/\/quehacerpolitico.mx\/?author=2"}]}},"featured_image_urls":{"full":["https:\/\/quehacerpolitico.mx\/wp-content\/uploads\/2020\/06\/2F4044CB-6D64-4500-A741-90BCBB6BD407.jpeg",1242,610,false],"thumbnail":["https:\/\/quehacerpolitico.mx\/wp-content\/uploads\/2020\/06\/2F4044CB-6D64-4500-A741-90BCBB6BD407-150x150.jpeg",150,150,true],"medium":["https:\/\/quehacerpolitico.mx\/wp-content\/uploads\/2020\/06\/2F4044CB-6D64-4500-A741-90BCBB6BD407-300x147.jpeg",300,147,true],"medium_large":["https:\/\/quehacerpolitico.mx\/wp-content\/uploads\/2020\/06\/2F4044CB-6D64-4500-A741-90BCBB6BD407-768x377.jpeg",640,314,true],"large":["https:\/\/quehacerpolitico.mx\/wp-content\/uploads\/2020\/06\/2F4044CB-6D64-4500-A741-90BCBB6BD407-1024x503.jpeg",640,314,true],"1536x1536":["https:\/\/quehacerpolitico.mx\/wp-content\/uploads\/2020\/06\/2F4044CB-6D64-4500-A741-90BCBB6BD407.jpeg",1242,610,false],"2048x2048":["https:\/\/quehacerpolitico.mx\/wp-content\/uploads\/2020\/06\/2F4044CB-6D64-4500-A741-90BCBB6BD407.jpeg",1242,610,false],"covernews-featured":["https:\/\/quehacerpolitico.mx\/wp-content\/uploads\/2020\/06\/2F4044CB-6D64-4500-A741-90BCBB6BD407.jpeg",1024,503,false],"covernews-medium":["https:\/\/quehacerpolitico.mx\/wp-content\/uploads\/2020\/06\/2F4044CB-6D64-4500-A741-90BCBB6BD407.jpeg",540,265,false]},"author_info":{"display_name":"Redacci\u00f3n QP","author_link":"https:\/\/quehacerpolitico.mx\/?author=2"},"category_info":"<a href=\"https:\/\/quehacerpolitico.mx\/?cat=2\" rel=\"category\">Noticias<\/a>","tag_info":"Noticias","comment_count":"0","_links":{"self":[{"href":"https:\/\/quehacerpolitico.mx\/index.php?rest_route=\/wp\/v2\/posts\/59936","targetHints":{"allow":["GET"]}}],"collection":[{"href":"https:\/\/quehacerpolitico.mx\/index.php?rest_route=\/wp\/v2\/posts"}],"about":[{"href":"https:\/\/quehacerpolitico.mx\/index.php?rest_route=\/wp\/v2\/types\/post"}],"author":[{"embeddable":true,"href":"https:\/\/quehacerpolitico.mx\/index.php?rest_route=\/wp\/v2\/users\/2"}],"replies":[{"embeddable":true,"href":"https:\/\/quehacerpolitico.mx\/index.php?rest_route=%2Fwp%2Fv2%2Fcomments&post=59936"}],"version-history":[{"count":0,"href":"https:\/\/quehacerpolitico.mx\/index.php?rest_route=\/wp\/v2\/posts\/59936\/revisions"}],"wp:featuredmedia":[{"embeddable":true,"href":"https:\/\/quehacerpolitico.mx\/index.php?rest_route=\/wp\/v2\/media\/59938"}],"wp:attachment":[{"href":"https:\/\/quehacerpolitico.mx\/index.php?rest_route=%2Fwp%2Fv2%2Fmedia&parent=59936"}],"wp:term":[{"taxonomy":"category","embeddable":true,"href":"https:\/\/quehacerpolitico.mx\/index.php?rest_route=%2Fwp%2Fv2%2Fcategories&post=59936"},{"taxonomy":"post_tag","embeddable":true,"href":"https:\/\/quehacerpolitico.mx\/index.php?rest_route=%2Fwp%2Fv2%2Ftags&post=59936"}],"curies":[{"name":"wp","href":"https:\/\/api.w.org\/{rel}","templated":true}]}}