{"id":59930,"date":"2020-06-30T10:37:56","date_gmt":"2020-06-30T15:37:56","guid":{"rendered":"http:\/\/quehacerpolitico.mx\/?p=59930"},"modified":"2020-06-30T10:37:56","modified_gmt":"2020-06-30T15:37:56","slug":"linea-roja-jacqueline-morgado-no-tengo-hasta-el-momento-sintomas-de-covid-19-lopez-obrador","status":"publish","type":"post","link":"https:\/\/quehacerpolitico.mx\/?p=59930","title":{"rendered":"L\u00ednea Roja\/\/\/Jacqueline Morgado\/\/\/No tengo hasta el momento s\u00edntomas de COVID-19: L\u00f3pez Obrador"},"content":{"rendered":"<h1 class=\"news-title\">No tengo hasta el momento s\u00edntomas de COVID-19: L\u00f3pez Obrador<br \/>\nPor Jacqueline Morgado<\/h1>\n<p>Indica\u00a0que ante el viaje que har\u00e1 a EU,\u00a0considera\u00a0que tiene que ir en buenas condiciones de salud, puesto que no quiere afectar a nadie<\/p>\n<p>El Presidente Andres Manuel L\u00f3pez Obrador inform\u00f3 esta ma\u00f1ana que <strong>es obediente y se apega a los protocolos y recomendaciones de salud<\/strong>, y asegur\u00f3 que hasta el momento no tiene s\u00edntomas de COVID-19, <strong>&#8220;estoy bien afortunadamente&#8221;<\/strong>, se\u00f1al\u00f3.<\/p>\n<p>En conferencia de prensa, el titular del Ejecutivo federal indic\u00f3 que ante el viaje que har\u00e1 a Estados Unidos para reunirse con su hom\u00f3logo Donald Trump <strong>consider\u00f3 que tiene que ir en buenas condiciones de salud, puesto que no quiere afectar a nadie<\/strong>.<\/p>\n<p>&#8220;Soy obediente, me apego a los protocolos de salud y a las recomendaciones. En las reuniones de trabajo se guarda la sana distancia, en las reuniones de la ma\u00f1ana por ejemplo que tratamos a veces dos o tres asuntos y son no solo miembros de gabinete de seguridad, sino del gabinete de salud, a veces asuntos que tiene que ver con la econom\u00eda, con Pemex, y lo que hacemos es que hay una sala de espera antes de pasar a la reuni\u00f3n, se termina el tema, salen servidores p\u00fablicos y entran otros. <strong>No hay amontonamiento, nos cuidamos, no tengo hasta ahora s\u00edntomas<\/strong>&#8220;.<\/p>\n<p>&#8220;Lo que me han recomendado y nos han recomendado a todos, que si hay dolor de cabeza, calentura, dolor de cuerpo y tos seca y luego le agregaron dolor de garganta, pero pues <strong>no tengo afortunadamente ninguno de estos s\u00edntomas, estoy pendiente<\/strong>&#8220;.<\/p>\n<p>&#8220;Si se lleva a cabo el viaje a Estados Unidos, voy a procurar ver en qu\u00e9 condiciones voy a salir, tengo que ir sano, no solo por m\u00ed, sino para no afectar a nadie, tengo que actuar de manera responsable, en su momento lo vamos a ir viendo. Estoy bien afortunadamente&#8221;.<\/p>\n<p>En Palacio Nacional, el Mandatario <strong>se\u00f1al\u00f3 que le han recomendado que &#8220;ya es tiempo de dar vuelta a la hoja&#8221;, y que ya no se trate el tema del COVID-19<\/strong>, pero indic\u00f3 que la informaci\u00f3n y las conferencias de prensa del gabinete de salud, encabezadas por el subsecretario de Prevenci\u00f3n y Promoci\u00f3n de la Salud, Hugo L\u00f3pez-Gatell<\/p>\n<p>&#8220;Hay quienes me dicen que ya es tiempo de cambiar la hoja, de dar vuelta a la hoja, que ya no hablemos sobre el tema, pero debemos de continuar, porque la informaci\u00f3n ayuda mucho, adem\u00e1s evitar el amarillismo. \u00bfC\u00f3mo se combate el amarillismo, la informaci\u00f3n falsa? Pues con argumentos informando con claridad de manera profesional, por eso Hugo L\u00f3pez-Gatell va a continuar informando y cuidarnos entre nosotros&#8221;, agreg\u00f3.<\/p>\n<p>Con informaci\u00f3n de SUN<\/p>\n","protected":false},"excerpt":{"rendered":"<p>No tengo hasta el momento s\u00edntomas de COVID-19: L\u00f3pez Obrador Por Jacqueline Morgado Indica\u00a0que ante&#8230;<\/p>\n","protected":false},"author":2,"featured_media":59931,"comment_status":"open","ping_status":"open","sticky":false,"template":"","format":"standard","meta":{"_monsterinsights_skip_tracking":false,"_monsterinsights_sitenote_active":false,"_monsterinsights_sitenote_note":"","_monsterinsights_sitenote_category":0,"footnotes":""},"categories":[2],"tags":[],"class_list":["post-59930","post","type-post","status-publish","format-standard","has-post-thumbnail","hentry","category-noticias"],"yoast_head":"<!-- This site is optimized with the Yoast SEO plugin v27.3 - https:\/\/yoast.com\/product\/yoast-seo-wordpress\/ -->\n<title>L\u00ednea Roja\/\/\/Jacqueline Morgado\/\/\/No tengo hasta el momento s\u00edntomas de COVID-19: L\u00f3pez Obrador -<\/title>\n<meta name=\"robots\" content=\"index, follow, max-snippet:-1, max-image-preview:large, max-video-preview:-1\" \/>\n<link rel=\"canonical\" href=\"https:\/\/quehacerpolitico.mx\/?p=59930\" \/>\n<meta property=\"og:locale\" content=\"es_MX\" \/>\n<meta property=\"og:type\" content=\"article\" \/>\n<meta property=\"og:title\" content=\"L\u00ednea Roja\/\/\/Jacqueline Morgado\/\/\/No tengo hasta el momento s\u00edntomas de COVID-19: L\u00f3pez Obrador -\" \/>\n<meta property=\"og:description\" content=\"No tengo hasta el momento s\u00edntomas de COVID-19: L\u00f3pez Obrador Por Jacqueline Morgado Indica\u00a0que ante...\" \/>\n<meta property=\"og:url\" content=\"https:\/\/quehacerpolitico.mx\/?p=59930\" \/>\n<meta property=\"article:published_time\" content=\"2020-06-30T15:37:56+00:00\" \/>\n<meta property=\"og:image\" content=\"https:\/\/quehacerpolitico.mx\/wp-content\/uploads\/2020\/06\/9F0289CF-3379-4CC0-ADB5-AC11C88D0A71.jpeg\" \/>\n\t<meta property=\"og:image:width\" content=\"1242\" \/>\n\t<meta property=\"og:image:height\" content=\"648\" \/>\n\t<meta property=\"og:image:type\" content=\"image\/jpeg\" \/>\n<meta name=\"author\" content=\"Redacci\u00f3n QP\" \/>\n<meta name=\"twitter:card\" content=\"summary_large_image\" \/>\n<meta name=\"twitter:label1\" content=\"Escrito por\" \/>\n\t<meta name=\"twitter:data1\" content=\"Redacci\u00f3n QP\" \/>\n\t<meta name=\"twitter:label2\" content=\"Tiempo de lectura\" \/>\n\t<meta name=\"twitter:data2\" content=\"2 minutos\" \/>\n<script type=\"application\/ld+json\" class=\"yoast-schema-graph\">{\"@context\":\"https:\\\/\\\/schema.org\",\"@graph\":[{\"@type\":\"Article\",\"@id\":\"https:\\\/\\\/quehacerpolitico.mx\\\/?p=59930#article\",\"isPartOf\":{\"@id\":\"https:\\\/\\\/quehacerpolitico.mx\\\/?p=59930\"},\"author\":{\"name\":\"Redacci\u00f3n QP\",\"@id\":\"https:\\\/\\\/quehacerpolitico.mx\\\/#\\\/schema\\\/person\\\/496d8ad2d1d3f8036101dca7ee39e585\"},\"headline\":\"L\u00ednea Roja\\\/\\\/\\\/Jacqueline Morgado\\\/\\\/\\\/No tengo hasta el momento s\u00edntomas de COVID-19: L\u00f3pez Obrador\",\"datePublished\":\"2020-06-30T15:37:56+00:00\",\"mainEntityOfPage\":{\"@id\":\"https:\\\/\\\/quehacerpolitico.mx\\\/?p=59930\"},\"wordCount\":484,\"commentCount\":0,\"image\":{\"@id\":\"https:\\\/\\\/quehacerpolitico.mx\\\/?p=59930#primaryimage\"},\"thumbnailUrl\":\"https:\\\/\\\/quehacerpolitico.mx\\\/wp-content\\\/uploads\\\/2020\\\/06\\\/9F0289CF-3379-4CC0-ADB5-AC11C88D0A71.jpeg\",\"articleSection\":[\"Noticias\"],\"inLanguage\":\"es\",\"potentialAction\":[{\"@type\":\"CommentAction\",\"name\":\"Comment\",\"target\":[\"https:\\\/\\\/quehacerpolitico.mx\\\/?p=59930#respond\"]}]},{\"@type\":\"WebPage\",\"@id\":\"https:\\\/\\\/quehacerpolitico.mx\\\/?p=59930\",\"url\":\"https:\\\/\\\/quehacerpolitico.mx\\\/?p=59930\",\"name\":\"L\u00ednea Roja\\\/\\\/\\\/Jacqueline Morgado\\\/\\\/\\\/No tengo hasta el momento s\u00edntomas de COVID-19: L\u00f3pez Obrador -\",\"isPartOf\":{\"@id\":\"https:\\\/\\\/quehacerpolitico.mx\\\/#website\"},\"primaryImageOfPage\":{\"@id\":\"https:\\\/\\\/quehacerpolitico.mx\\\/?p=59930#primaryimage\"},\"image\":{\"@id\":\"https:\\\/\\\/quehacerpolitico.mx\\\/?p=59930#primaryimage\"},\"thumbnailUrl\":\"https:\\\/\\\/quehacerpolitico.mx\\\/wp-content\\\/uploads\\\/2020\\\/06\\\/9F0289CF-3379-4CC0-ADB5-AC11C88D0A71.jpeg\",\"datePublished\":\"2020-06-30T15:37:56+00:00\",\"author\":{\"@id\":\"https:\\\/\\\/quehacerpolitico.mx\\\/#\\\/schema\\\/person\\\/496d8ad2d1d3f8036101dca7ee39e585\"},\"breadcrumb\":{\"@id\":\"https:\\\/\\\/quehacerpolitico.mx\\\/?p=59930#breadcrumb\"},\"inLanguage\":\"es\",\"potentialAction\":[{\"@type\":\"ReadAction\",\"target\":[\"https:\\\/\\\/quehacerpolitico.mx\\\/?p=59930\"]}]},{\"@type\":\"ImageObject\",\"inLanguage\":\"es\",\"@id\":\"https:\\\/\\\/quehacerpolitico.mx\\\/?p=59930#primaryimage\",\"url\":\"https:\\\/\\\/quehacerpolitico.mx\\\/wp-content\\\/uploads\\\/2020\\\/06\\\/9F0289CF-3379-4CC0-ADB5-AC11C88D0A71.jpeg\",\"contentUrl\":\"https:\\\/\\\/quehacerpolitico.mx\\\/wp-content\\\/uploads\\\/2020\\\/06\\\/9F0289CF-3379-4CC0-ADB5-AC11C88D0A71.jpeg\",\"width\":1242,\"height\":648},{\"@type\":\"BreadcrumbList\",\"@id\":\"https:\\\/\\\/quehacerpolitico.mx\\\/?p=59930#breadcrumb\",\"itemListElement\":[{\"@type\":\"ListItem\",\"position\":1,\"name\":\"Inicio\",\"item\":\"https:\\\/\\\/quehacerpolitico.mx\\\/\"},{\"@type\":\"ListItem\",\"position\":2,\"name\":\"L\u00ednea Roja\\\/\\\/\\\/Jacqueline Morgado\\\/\\\/\\\/No tengo hasta el momento s\u00edntomas de COVID-19: L\u00f3pez Obrador\"}]},{\"@type\":\"WebSite\",\"@id\":\"https:\\\/\\\/quehacerpolitico.mx\\\/#website\",\"url\":\"https:\\\/\\\/quehacerpolitico.mx\\\/\",\"name\":\"\",\"description\":\"\",\"potentialAction\":[{\"@type\":\"SearchAction\",\"target\":{\"@type\":\"EntryPoint\",\"urlTemplate\":\"https:\\\/\\\/quehacerpolitico.mx\\\/?s={search_term_string}\"},\"query-input\":{\"@type\":\"PropertyValueSpecification\",\"valueRequired\":true,\"valueName\":\"search_term_string\"}}],\"inLanguage\":\"es\"},{\"@type\":\"Person\",\"@id\":\"https:\\\/\\\/quehacerpolitico.mx\\\/#\\\/schema\\\/person\\\/496d8ad2d1d3f8036101dca7ee39e585\",\"name\":\"Redacci\u00f3n QP\",\"image\":{\"@type\":\"ImageObject\",\"inLanguage\":\"es\",\"@id\":\"https:\\\/\\\/secure.gravatar.com\\\/avatar\\\/c7164ed6fdec453195284ad24a5ae5b6e1eed2b848477fa2a4787ba9adf39a41?s=96&d=mm&r=g\",\"url\":\"https:\\\/\\\/secure.gravatar.com\\\/avatar\\\/c7164ed6fdec453195284ad24a5ae5b6e1eed2b848477fa2a4787ba9adf39a41?s=96&d=mm&r=g\",\"contentUrl\":\"https:\\\/\\\/secure.gravatar.com\\\/avatar\\\/c7164ed6fdec453195284ad24a5ae5b6e1eed2b848477fa2a4787ba9adf39a41?s=96&d=mm&r=g\",\"caption\":\"Redacci\u00f3n QP\"},\"url\":\"https:\\\/\\\/quehacerpolitico.mx\\\/?author=2\"}]}<\/script>\n<!-- \/ Yoast SEO plugin. -->","yoast_head_json":{"title":"L\u00ednea Roja\/\/\/Jacqueline Morgado\/\/\/No tengo hasta el momento s\u00edntomas de COVID-19: L\u00f3pez Obrador -","robots":{"index":"index","follow":"follow","max-snippet":"max-snippet:-1","max-image-preview":"max-image-preview:large","max-video-preview":"max-video-preview:-1"},"canonical":"https:\/\/quehacerpolitico.mx\/?p=59930","og_locale":"es_MX","og_type":"article","og_title":"L\u00ednea Roja\/\/\/Jacqueline Morgado\/\/\/No tengo hasta el momento s\u00edntomas de COVID-19: L\u00f3pez Obrador -","og_description":"No tengo hasta el momento s\u00edntomas de COVID-19: L\u00f3pez Obrador Por Jacqueline Morgado Indica\u00a0que ante...","og_url":"https:\/\/quehacerpolitico.mx\/?p=59930","article_published_time":"2020-06-30T15:37:56+00:00","og_image":[{"width":1242,"height":648,"url":"https:\/\/quehacerpolitico.mx\/wp-content\/uploads\/2020\/06\/9F0289CF-3379-4CC0-ADB5-AC11C88D0A71.jpeg","type":"image\/jpeg"}],"author":"Redacci\u00f3n QP","twitter_card":"summary_large_image","twitter_misc":{"Escrito por":"Redacci\u00f3n QP","Tiempo de lectura":"2 minutos"},"schema":{"@context":"https:\/\/schema.org","@graph":[{"@type":"Article","@id":"https:\/\/quehacerpolitico.mx\/?p=59930#article","isPartOf":{"@id":"https:\/\/quehacerpolitico.mx\/?p=59930"},"author":{"name":"Redacci\u00f3n QP","@id":"https:\/\/quehacerpolitico.mx\/#\/schema\/person\/496d8ad2d1d3f8036101dca7ee39e585"},"headline":"L\u00ednea Roja\/\/\/Jacqueline Morgado\/\/\/No tengo hasta el momento s\u00edntomas de COVID-19: L\u00f3pez Obrador","datePublished":"2020-06-30T15:37:56+00:00","mainEntityOfPage":{"@id":"https:\/\/quehacerpolitico.mx\/?p=59930"},"wordCount":484,"commentCount":0,"image":{"@id":"https:\/\/quehacerpolitico.mx\/?p=59930#primaryimage"},"thumbnailUrl":"https:\/\/quehacerpolitico.mx\/wp-content\/uploads\/2020\/06\/9F0289CF-3379-4CC0-ADB5-AC11C88D0A71.jpeg","articleSection":["Noticias"],"inLanguage":"es","potentialAction":[{"@type":"CommentAction","name":"Comment","target":["https:\/\/quehacerpolitico.mx\/?p=59930#respond"]}]},{"@type":"WebPage","@id":"https:\/\/quehacerpolitico.mx\/?p=59930","url":"https:\/\/quehacerpolitico.mx\/?p=59930","name":"L\u00ednea Roja\/\/\/Jacqueline Morgado\/\/\/No tengo hasta el momento s\u00edntomas de COVID-19: L\u00f3pez Obrador -","isPartOf":{"@id":"https:\/\/quehacerpolitico.mx\/#website"},"primaryImageOfPage":{"@id":"https:\/\/quehacerpolitico.mx\/?p=59930#primaryimage"},"image":{"@id":"https:\/\/quehacerpolitico.mx\/?p=59930#primaryimage"},"thumbnailUrl":"https:\/\/quehacerpolitico.mx\/wp-content\/uploads\/2020\/06\/9F0289CF-3379-4CC0-ADB5-AC11C88D0A71.jpeg","datePublished":"2020-06-30T15:37:56+00:00","author":{"@id":"https:\/\/quehacerpolitico.mx\/#\/schema\/person\/496d8ad2d1d3f8036101dca7ee39e585"},"breadcrumb":{"@id":"https:\/\/quehacerpolitico.mx\/?p=59930#breadcrumb"},"inLanguage":"es","potentialAction":[{"@type":"ReadAction","target":["https:\/\/quehacerpolitico.mx\/?p=59930"]}]},{"@type":"ImageObject","inLanguage":"es","@id":"https:\/\/quehacerpolitico.mx\/?p=59930#primaryimage","url":"https:\/\/quehacerpolitico.mx\/wp-content\/uploads\/2020\/06\/9F0289CF-3379-4CC0-ADB5-AC11C88D0A71.jpeg","contentUrl":"https:\/\/quehacerpolitico.mx\/wp-content\/uploads\/2020\/06\/9F0289CF-3379-4CC0-ADB5-AC11C88D0A71.jpeg","width":1242,"height":648},{"@type":"BreadcrumbList","@id":"https:\/\/quehacerpolitico.mx\/?p=59930#breadcrumb","itemListElement":[{"@type":"ListItem","position":1,"name":"Inicio","item":"https:\/\/quehacerpolitico.mx\/"},{"@type":"ListItem","position":2,"name":"L\u00ednea Roja\/\/\/Jacqueline Morgado\/\/\/No tengo hasta el momento s\u00edntomas de COVID-19: L\u00f3pez Obrador"}]},{"@type":"WebSite","@id":"https:\/\/quehacerpolitico.mx\/#website","url":"https:\/\/quehacerpolitico.mx\/","name":"","description":"","potentialAction":[{"@type":"SearchAction","target":{"@type":"EntryPoint","urlTemplate":"https:\/\/quehacerpolitico.mx\/?s={search_term_string}"},"query-input":{"@type":"PropertyValueSpecification","valueRequired":true,"valueName":"search_term_string"}}],"inLanguage":"es"},{"@type":"Person","@id":"https:\/\/quehacerpolitico.mx\/#\/schema\/person\/496d8ad2d1d3f8036101dca7ee39e585","name":"Redacci\u00f3n QP","image":{"@type":"ImageObject","inLanguage":"es","@id":"https:\/\/secure.gravatar.com\/avatar\/c7164ed6fdec453195284ad24a5ae5b6e1eed2b848477fa2a4787ba9adf39a41?s=96&d=mm&r=g","url":"https:\/\/secure.gravatar.com\/avatar\/c7164ed6fdec453195284ad24a5ae5b6e1eed2b848477fa2a4787ba9adf39a41?s=96&d=mm&r=g","contentUrl":"https:\/\/secure.gravatar.com\/avatar\/c7164ed6fdec453195284ad24a5ae5b6e1eed2b848477fa2a4787ba9adf39a41?s=96&d=mm&r=g","caption":"Redacci\u00f3n QP"},"url":"https:\/\/quehacerpolitico.mx\/?author=2"}]}},"featured_image_urls":{"full":["https:\/\/quehacerpolitico.mx\/wp-content\/uploads\/2020\/06\/9F0289CF-3379-4CC0-ADB5-AC11C88D0A71.jpeg",1242,648,false],"thumbnail":["https:\/\/quehacerpolitico.mx\/wp-content\/uploads\/2020\/06\/9F0289CF-3379-4CC0-ADB5-AC11C88D0A71-150x150.jpeg",150,150,true],"medium":["https:\/\/quehacerpolitico.mx\/wp-content\/uploads\/2020\/06\/9F0289CF-3379-4CC0-ADB5-AC11C88D0A71-300x157.jpeg",300,157,true],"medium_large":["https:\/\/quehacerpolitico.mx\/wp-content\/uploads\/2020\/06\/9F0289CF-3379-4CC0-ADB5-AC11C88D0A71-768x401.jpeg",640,334,true],"large":["https:\/\/quehacerpolitico.mx\/wp-content\/uploads\/2020\/06\/9F0289CF-3379-4CC0-ADB5-AC11C88D0A71-1024x534.jpeg",640,334,true],"1536x1536":["https:\/\/quehacerpolitico.mx\/wp-content\/uploads\/2020\/06\/9F0289CF-3379-4CC0-ADB5-AC11C88D0A71.jpeg",1242,648,false],"2048x2048":["https:\/\/quehacerpolitico.mx\/wp-content\/uploads\/2020\/06\/9F0289CF-3379-4CC0-ADB5-AC11C88D0A71.jpeg",1242,648,false],"covernews-featured":["https:\/\/quehacerpolitico.mx\/wp-content\/uploads\/2020\/06\/9F0289CF-3379-4CC0-ADB5-AC11C88D0A71.jpeg",1024,534,false],"covernews-medium":["https:\/\/quehacerpolitico.mx\/wp-content\/uploads\/2020\/06\/9F0289CF-3379-4CC0-ADB5-AC11C88D0A71.jpeg",540,282,false]},"author_info":{"display_name":"Redacci\u00f3n QP","author_link":"https:\/\/quehacerpolitico.mx\/?author=2"},"category_info":"<a href=\"https:\/\/quehacerpolitico.mx\/?cat=2\" rel=\"category\">Noticias<\/a>","tag_info":"Noticias","comment_count":"0","_links":{"self":[{"href":"https:\/\/quehacerpolitico.mx\/index.php?rest_route=\/wp\/v2\/posts\/59930","targetHints":{"allow":["GET"]}}],"collection":[{"href":"https:\/\/quehacerpolitico.mx\/index.php?rest_route=\/wp\/v2\/posts"}],"about":[{"href":"https:\/\/quehacerpolitico.mx\/index.php?rest_route=\/wp\/v2\/types\/post"}],"author":[{"embeddable":true,"href":"https:\/\/quehacerpolitico.mx\/index.php?rest_route=\/wp\/v2\/users\/2"}],"replies":[{"embeddable":true,"href":"https:\/\/quehacerpolitico.mx\/index.php?rest_route=%2Fwp%2Fv2%2Fcomments&post=59930"}],"version-history":[{"count":0,"href":"https:\/\/quehacerpolitico.mx\/index.php?rest_route=\/wp\/v2\/posts\/59930\/revisions"}],"wp:featuredmedia":[{"embeddable":true,"href":"https:\/\/quehacerpolitico.mx\/index.php?rest_route=\/wp\/v2\/media\/59931"}],"wp:attachment":[{"href":"https:\/\/quehacerpolitico.mx\/index.php?rest_route=%2Fwp%2Fv2%2Fmedia&parent=59930"}],"wp:term":[{"taxonomy":"category","embeddable":true,"href":"https:\/\/quehacerpolitico.mx\/index.php?rest_route=%2Fwp%2Fv2%2Fcategories&post=59930"},{"taxonomy":"post_tag","embeddable":true,"href":"https:\/\/quehacerpolitico.mx\/index.php?rest_route=%2Fwp%2Fv2%2Ftags&post=59930"}],"curies":[{"name":"wp","href":"https:\/\/api.w.org\/{rel}","templated":true}]}}