{"id":59919,"date":"2020-06-30T09:19:52","date_gmt":"2020-06-30T14:19:52","guid":{"rendered":"http:\/\/quehacerpolitico.mx\/?p=59919"},"modified":"2020-06-30T09:19:52","modified_gmt":"2020-06-30T14:19:52","slug":"linea-roja-jacqueline-morgado-pandemia-podria-durar-entre-dos-y-tres-anos-asegura-lopez-gatell","status":"publish","type":"post","link":"https:\/\/quehacerpolitico.mx\/?p=59919","title":{"rendered":"L\u00ednea Roja\/\/\/Jacqueline Morgado\/\/\/Pandemia podr\u00eda durar entre dos y tres a\u00f1os, asegura L\u00f3pez-Gatell"},"content":{"rendered":"<h1 class=\"news-title\">Pandemia podr\u00eda durar entre dos y tres a\u00f1os, asegura L\u00f3pez-Gatell<br \/>\nPor Jacqueline Morgado<\/h1>\n<p>El subsecretario de Prevenci\u00f3n y Promoci\u00f3n de la Salud se\u00f1ala que es necesario que la poblaci\u00f3n aprenda a vivir con el virus y con medidas para evitar contagios<\/p>\n<p>Hugo L\u00f3pez-Gatell, subsecretario de Prevenci\u00f3n y Promoci\u00f3n de la Salud, inform\u00f3 que con base a conjeturas cient\u00edficas se prev\u00e9 que la pandemia del COVID-19 pueda durar entre dos y tres a\u00f1os en el mundo.<\/p>\n<p>En conferencia de prensa que encabeza el Presidente Andr\u00e9s Manuel L\u00f3pez Obrador, el subsecretario se\u00f1al\u00f3 que ante este panorama es necesario que la poblaci\u00f3n aprenda a vivir en una situaci\u00f3n, donde si bien, no se puede eliminar de manera absoluta el virus, si se pueden disminuir los riesgos de contagiarse.<\/p>\n<p><strong>&#8220;\u00bfCu\u00e1nto tiempo en total va a durar todo esto? No se puede precisar, pero algunas conjeturas cient\u00edficas apuntan a que esto podr\u00eda durar varios a\u00f1os, posiblemente dos o tres a\u00f1os, durante todo el proceso en que est\u00e9 en forma sincr\u00f3nica, en desfase de tiempo, presentando la epidemia en el mundo&#8221;<\/strong>.<\/p>\n<div class=\"banner b2\">\n<div id=\"div-gpt-ad-1505954097040-2\" data-google-query-id=\"CPyLzYTdqeoCFYf8TwodZ_8JbA\">\n<p>&#8220;Dada esa realidad, la nueva normalidad lo que implica es vivir en una situaci\u00f3n en donde no podemos eliminar un riesgo de manera absoluta, no lo podemos eliminar del planeta pero si podemos integrarnos a vivir en sociedad en las actividades que son indispensables para la vida humana en todos los pa\u00edses haci\u00e9ndolo de una manera que nos permita disminuir esos riesgos y en la disminuci\u00f3n de esos riesgos hay cambios de pr\u00e1cticas, pr\u00e1cticas de vida diaria, que nos permiten disminuir la probabilidad de ser contagiados&#8221;.<\/p>\n<p>En este sentido, <strong>L\u00f3pez-Gatell se\u00f1al\u00f3 que algunos elementos que se deben de seguir por la poblaci\u00f3n es mantener pr\u00e1cticas de sana distancia entre la poblaci\u00f3n<\/strong>.<\/p>\n<p>&#8220;No podemos estar tan cercanos porque la forma de transmisi\u00f3n de este virus es a trav\u00e9s de las gotas y gotas peque\u00f1as y aerosoles respiratorios, que todos producimos al hablar, al gritar, al cantar, al toser, al estornudar, esa es una medida muy importante&#8221;.<\/p>\n<p>&#8220;Y la segunda es el lavado contin\u00fao de manos, lavarnos las manos perfectamente con agua y jab\u00f3n; si no est\u00e1 disponible el agua y jab\u00f3n puede usarse alcohol en gel o en soluci\u00f3n concentraci\u00f3n de 70% para desinfectar las manos y evitar que a trav\u00e9s de las manos nos contagiemos por tocarnos los ojos, la nariz o la boca y llevar el virus a nuestro organismo&#8221;.<\/p>\n<p><strong>El subsecretario de Prevenci\u00f3n y Promoci\u00f3n de la Salud inform\u00f3 que como medidas complementarias que pueden ayudar es la reorganizaci\u00f3n del espacio f\u00edsico, entre ellos, la distancia en la que nos sentamos en un establecimiento comercial<\/strong>, por ejemplo, de alimentos, la distancia a la que estamos unos a otros en el espacio f\u00edsico, en el mercado, en un tianguis, en una plaza p\u00fablica, y eventualmente en otras actividades que eventualmente se va a ir abriendo en este proceso de nueva normalidad.<\/p>\n<p>Con informaci\u00f3n de SUN<\/p>\n<\/div>\n<\/div>\n","protected":false},"excerpt":{"rendered":"<p>Pandemia podr\u00eda durar entre dos y tres a\u00f1os, asegura L\u00f3pez-Gatell Por Jacqueline Morgado El subsecretario&#8230;<\/p>\n","protected":false},"author":2,"featured_media":59920,"comment_status":"open","ping_status":"open","sticky":false,"template":"","format":"standard","meta":{"_monsterinsights_skip_tracking":false,"_monsterinsights_sitenote_active":false,"_monsterinsights_sitenote_note":"","_monsterinsights_sitenote_category":0,"footnotes":""},"categories":[2],"tags":[],"class_list":["post-59919","post","type-post","status-publish","format-standard","has-post-thumbnail","hentry","category-noticias"],"yoast_head":"<!-- This site is optimized with the Yoast SEO plugin v27.3 - https:\/\/yoast.com\/product\/yoast-seo-wordpress\/ -->\n<title>L\u00ednea Roja\/\/\/Jacqueline Morgado\/\/\/Pandemia podr\u00eda durar entre dos y tres a\u00f1os, asegura L\u00f3pez-Gatell -<\/title>\n<meta name=\"robots\" content=\"index, follow, max-snippet:-1, max-image-preview:large, max-video-preview:-1\" \/>\n<link rel=\"canonical\" href=\"https:\/\/quehacerpolitico.mx\/?p=59919\" \/>\n<meta property=\"og:locale\" content=\"es_MX\" \/>\n<meta property=\"og:type\" content=\"article\" \/>\n<meta property=\"og:title\" content=\"L\u00ednea Roja\/\/\/Jacqueline Morgado\/\/\/Pandemia podr\u00eda durar entre dos y tres a\u00f1os, asegura L\u00f3pez-Gatell -\" \/>\n<meta property=\"og:description\" content=\"Pandemia podr\u00eda durar entre dos y tres a\u00f1os, asegura L\u00f3pez-Gatell Por Jacqueline Morgado El subsecretario...\" \/>\n<meta property=\"og:url\" content=\"https:\/\/quehacerpolitico.mx\/?p=59919\" \/>\n<meta property=\"article:published_time\" content=\"2020-06-30T14:19:52+00:00\" \/>\n<meta property=\"og:image\" content=\"https:\/\/quehacerpolitico.mx\/wp-content\/uploads\/2020\/06\/65A9796B-40EA-45EB-87E6-8325DA909499.jpeg\" \/>\n\t<meta property=\"og:image:width\" content=\"1242\" \/>\n\t<meta property=\"og:image:height\" content=\"677\" \/>\n\t<meta property=\"og:image:type\" content=\"image\/jpeg\" \/>\n<meta name=\"author\" content=\"Redacci\u00f3n QP\" \/>\n<meta name=\"twitter:card\" content=\"summary_large_image\" \/>\n<meta name=\"twitter:label1\" content=\"Escrito por\" \/>\n\t<meta name=\"twitter:data1\" content=\"Redacci\u00f3n QP\" \/>\n\t<meta name=\"twitter:label2\" content=\"Tiempo de lectura\" \/>\n\t<meta name=\"twitter:data2\" content=\"3 minutos\" \/>\n<script type=\"application\/ld+json\" class=\"yoast-schema-graph\">{\"@context\":\"https:\\\/\\\/schema.org\",\"@graph\":[{\"@type\":\"Article\",\"@id\":\"https:\\\/\\\/quehacerpolitico.mx\\\/?p=59919#article\",\"isPartOf\":{\"@id\":\"https:\\\/\\\/quehacerpolitico.mx\\\/?p=59919\"},\"author\":{\"name\":\"Redacci\u00f3n QP\",\"@id\":\"https:\\\/\\\/quehacerpolitico.mx\\\/#\\\/schema\\\/person\\\/496d8ad2d1d3f8036101dca7ee39e585\"},\"headline\":\"L\u00ednea Roja\\\/\\\/\\\/Jacqueline Morgado\\\/\\\/\\\/Pandemia podr\u00eda durar entre dos y tres a\u00f1os, asegura L\u00f3pez-Gatell\",\"datePublished\":\"2020-06-30T14:19:52+00:00\",\"mainEntityOfPage\":{\"@id\":\"https:\\\/\\\/quehacerpolitico.mx\\\/?p=59919\"},\"wordCount\":548,\"commentCount\":0,\"image\":{\"@id\":\"https:\\\/\\\/quehacerpolitico.mx\\\/?p=59919#primaryimage\"},\"thumbnailUrl\":\"https:\\\/\\\/quehacerpolitico.mx\\\/wp-content\\\/uploads\\\/2020\\\/06\\\/65A9796B-40EA-45EB-87E6-8325DA909499.jpeg\",\"articleSection\":[\"Noticias\"],\"inLanguage\":\"es\",\"potentialAction\":[{\"@type\":\"CommentAction\",\"name\":\"Comment\",\"target\":[\"https:\\\/\\\/quehacerpolitico.mx\\\/?p=59919#respond\"]}]},{\"@type\":\"WebPage\",\"@id\":\"https:\\\/\\\/quehacerpolitico.mx\\\/?p=59919\",\"url\":\"https:\\\/\\\/quehacerpolitico.mx\\\/?p=59919\",\"name\":\"L\u00ednea Roja\\\/\\\/\\\/Jacqueline Morgado\\\/\\\/\\\/Pandemia podr\u00eda durar entre dos y tres a\u00f1os, asegura L\u00f3pez-Gatell -\",\"isPartOf\":{\"@id\":\"https:\\\/\\\/quehacerpolitico.mx\\\/#website\"},\"primaryImageOfPage\":{\"@id\":\"https:\\\/\\\/quehacerpolitico.mx\\\/?p=59919#primaryimage\"},\"image\":{\"@id\":\"https:\\\/\\\/quehacerpolitico.mx\\\/?p=59919#primaryimage\"},\"thumbnailUrl\":\"https:\\\/\\\/quehacerpolitico.mx\\\/wp-content\\\/uploads\\\/2020\\\/06\\\/65A9796B-40EA-45EB-87E6-8325DA909499.jpeg\",\"datePublished\":\"2020-06-30T14:19:52+00:00\",\"author\":{\"@id\":\"https:\\\/\\\/quehacerpolitico.mx\\\/#\\\/schema\\\/person\\\/496d8ad2d1d3f8036101dca7ee39e585\"},\"breadcrumb\":{\"@id\":\"https:\\\/\\\/quehacerpolitico.mx\\\/?p=59919#breadcrumb\"},\"inLanguage\":\"es\",\"potentialAction\":[{\"@type\":\"ReadAction\",\"target\":[\"https:\\\/\\\/quehacerpolitico.mx\\\/?p=59919\"]}]},{\"@type\":\"ImageObject\",\"inLanguage\":\"es\",\"@id\":\"https:\\\/\\\/quehacerpolitico.mx\\\/?p=59919#primaryimage\",\"url\":\"https:\\\/\\\/quehacerpolitico.mx\\\/wp-content\\\/uploads\\\/2020\\\/06\\\/65A9796B-40EA-45EB-87E6-8325DA909499.jpeg\",\"contentUrl\":\"https:\\\/\\\/quehacerpolitico.mx\\\/wp-content\\\/uploads\\\/2020\\\/06\\\/65A9796B-40EA-45EB-87E6-8325DA909499.jpeg\",\"width\":1242,\"height\":677},{\"@type\":\"BreadcrumbList\",\"@id\":\"https:\\\/\\\/quehacerpolitico.mx\\\/?p=59919#breadcrumb\",\"itemListElement\":[{\"@type\":\"ListItem\",\"position\":1,\"name\":\"Inicio\",\"item\":\"https:\\\/\\\/quehacerpolitico.mx\\\/\"},{\"@type\":\"ListItem\",\"position\":2,\"name\":\"L\u00ednea Roja\\\/\\\/\\\/Jacqueline Morgado\\\/\\\/\\\/Pandemia podr\u00eda durar entre dos y tres a\u00f1os, asegura L\u00f3pez-Gatell\"}]},{\"@type\":\"WebSite\",\"@id\":\"https:\\\/\\\/quehacerpolitico.mx\\\/#website\",\"url\":\"https:\\\/\\\/quehacerpolitico.mx\\\/\",\"name\":\"\",\"description\":\"\",\"potentialAction\":[{\"@type\":\"SearchAction\",\"target\":{\"@type\":\"EntryPoint\",\"urlTemplate\":\"https:\\\/\\\/quehacerpolitico.mx\\\/?s={search_term_string}\"},\"query-input\":{\"@type\":\"PropertyValueSpecification\",\"valueRequired\":true,\"valueName\":\"search_term_string\"}}],\"inLanguage\":\"es\"},{\"@type\":\"Person\",\"@id\":\"https:\\\/\\\/quehacerpolitico.mx\\\/#\\\/schema\\\/person\\\/496d8ad2d1d3f8036101dca7ee39e585\",\"name\":\"Redacci\u00f3n QP\",\"image\":{\"@type\":\"ImageObject\",\"inLanguage\":\"es\",\"@id\":\"https:\\\/\\\/secure.gravatar.com\\\/avatar\\\/c7164ed6fdec453195284ad24a5ae5b6e1eed2b848477fa2a4787ba9adf39a41?s=96&d=mm&r=g\",\"url\":\"https:\\\/\\\/secure.gravatar.com\\\/avatar\\\/c7164ed6fdec453195284ad24a5ae5b6e1eed2b848477fa2a4787ba9adf39a41?s=96&d=mm&r=g\",\"contentUrl\":\"https:\\\/\\\/secure.gravatar.com\\\/avatar\\\/c7164ed6fdec453195284ad24a5ae5b6e1eed2b848477fa2a4787ba9adf39a41?s=96&d=mm&r=g\",\"caption\":\"Redacci\u00f3n QP\"},\"url\":\"https:\\\/\\\/quehacerpolitico.mx\\\/?author=2\"}]}<\/script>\n<!-- \/ Yoast SEO plugin. -->","yoast_head_json":{"title":"L\u00ednea Roja\/\/\/Jacqueline Morgado\/\/\/Pandemia podr\u00eda durar entre dos y tres a\u00f1os, asegura L\u00f3pez-Gatell -","robots":{"index":"index","follow":"follow","max-snippet":"max-snippet:-1","max-image-preview":"max-image-preview:large","max-video-preview":"max-video-preview:-1"},"canonical":"https:\/\/quehacerpolitico.mx\/?p=59919","og_locale":"es_MX","og_type":"article","og_title":"L\u00ednea Roja\/\/\/Jacqueline Morgado\/\/\/Pandemia podr\u00eda durar entre dos y tres a\u00f1os, asegura L\u00f3pez-Gatell -","og_description":"Pandemia podr\u00eda durar entre dos y tres a\u00f1os, asegura L\u00f3pez-Gatell Por Jacqueline Morgado El subsecretario...","og_url":"https:\/\/quehacerpolitico.mx\/?p=59919","article_published_time":"2020-06-30T14:19:52+00:00","og_image":[{"width":1242,"height":677,"url":"https:\/\/quehacerpolitico.mx\/wp-content\/uploads\/2020\/06\/65A9796B-40EA-45EB-87E6-8325DA909499.jpeg","type":"image\/jpeg"}],"author":"Redacci\u00f3n QP","twitter_card":"summary_large_image","twitter_misc":{"Escrito por":"Redacci\u00f3n QP","Tiempo de lectura":"3 minutos"},"schema":{"@context":"https:\/\/schema.org","@graph":[{"@type":"Article","@id":"https:\/\/quehacerpolitico.mx\/?p=59919#article","isPartOf":{"@id":"https:\/\/quehacerpolitico.mx\/?p=59919"},"author":{"name":"Redacci\u00f3n QP","@id":"https:\/\/quehacerpolitico.mx\/#\/schema\/person\/496d8ad2d1d3f8036101dca7ee39e585"},"headline":"L\u00ednea Roja\/\/\/Jacqueline Morgado\/\/\/Pandemia podr\u00eda durar entre dos y tres a\u00f1os, asegura L\u00f3pez-Gatell","datePublished":"2020-06-30T14:19:52+00:00","mainEntityOfPage":{"@id":"https:\/\/quehacerpolitico.mx\/?p=59919"},"wordCount":548,"commentCount":0,"image":{"@id":"https:\/\/quehacerpolitico.mx\/?p=59919#primaryimage"},"thumbnailUrl":"https:\/\/quehacerpolitico.mx\/wp-content\/uploads\/2020\/06\/65A9796B-40EA-45EB-87E6-8325DA909499.jpeg","articleSection":["Noticias"],"inLanguage":"es","potentialAction":[{"@type":"CommentAction","name":"Comment","target":["https:\/\/quehacerpolitico.mx\/?p=59919#respond"]}]},{"@type":"WebPage","@id":"https:\/\/quehacerpolitico.mx\/?p=59919","url":"https:\/\/quehacerpolitico.mx\/?p=59919","name":"L\u00ednea Roja\/\/\/Jacqueline Morgado\/\/\/Pandemia podr\u00eda durar entre dos y tres a\u00f1os, asegura L\u00f3pez-Gatell -","isPartOf":{"@id":"https:\/\/quehacerpolitico.mx\/#website"},"primaryImageOfPage":{"@id":"https:\/\/quehacerpolitico.mx\/?p=59919#primaryimage"},"image":{"@id":"https:\/\/quehacerpolitico.mx\/?p=59919#primaryimage"},"thumbnailUrl":"https:\/\/quehacerpolitico.mx\/wp-content\/uploads\/2020\/06\/65A9796B-40EA-45EB-87E6-8325DA909499.jpeg","datePublished":"2020-06-30T14:19:52+00:00","author":{"@id":"https:\/\/quehacerpolitico.mx\/#\/schema\/person\/496d8ad2d1d3f8036101dca7ee39e585"},"breadcrumb":{"@id":"https:\/\/quehacerpolitico.mx\/?p=59919#breadcrumb"},"inLanguage":"es","potentialAction":[{"@type":"ReadAction","target":["https:\/\/quehacerpolitico.mx\/?p=59919"]}]},{"@type":"ImageObject","inLanguage":"es","@id":"https:\/\/quehacerpolitico.mx\/?p=59919#primaryimage","url":"https:\/\/quehacerpolitico.mx\/wp-content\/uploads\/2020\/06\/65A9796B-40EA-45EB-87E6-8325DA909499.jpeg","contentUrl":"https:\/\/quehacerpolitico.mx\/wp-content\/uploads\/2020\/06\/65A9796B-40EA-45EB-87E6-8325DA909499.jpeg","width":1242,"height":677},{"@type":"BreadcrumbList","@id":"https:\/\/quehacerpolitico.mx\/?p=59919#breadcrumb","itemListElement":[{"@type":"ListItem","position":1,"name":"Inicio","item":"https:\/\/quehacerpolitico.mx\/"},{"@type":"ListItem","position":2,"name":"L\u00ednea Roja\/\/\/Jacqueline Morgado\/\/\/Pandemia podr\u00eda durar entre dos y tres a\u00f1os, asegura L\u00f3pez-Gatell"}]},{"@type":"WebSite","@id":"https:\/\/quehacerpolitico.mx\/#website","url":"https:\/\/quehacerpolitico.mx\/","name":"","description":"","potentialAction":[{"@type":"SearchAction","target":{"@type":"EntryPoint","urlTemplate":"https:\/\/quehacerpolitico.mx\/?s={search_term_string}"},"query-input":{"@type":"PropertyValueSpecification","valueRequired":true,"valueName":"search_term_string"}}],"inLanguage":"es"},{"@type":"Person","@id":"https:\/\/quehacerpolitico.mx\/#\/schema\/person\/496d8ad2d1d3f8036101dca7ee39e585","name":"Redacci\u00f3n QP","image":{"@type":"ImageObject","inLanguage":"es","@id":"https:\/\/secure.gravatar.com\/avatar\/c7164ed6fdec453195284ad24a5ae5b6e1eed2b848477fa2a4787ba9adf39a41?s=96&d=mm&r=g","url":"https:\/\/secure.gravatar.com\/avatar\/c7164ed6fdec453195284ad24a5ae5b6e1eed2b848477fa2a4787ba9adf39a41?s=96&d=mm&r=g","contentUrl":"https:\/\/secure.gravatar.com\/avatar\/c7164ed6fdec453195284ad24a5ae5b6e1eed2b848477fa2a4787ba9adf39a41?s=96&d=mm&r=g","caption":"Redacci\u00f3n QP"},"url":"https:\/\/quehacerpolitico.mx\/?author=2"}]}},"featured_image_urls":{"full":["https:\/\/quehacerpolitico.mx\/wp-content\/uploads\/2020\/06\/65A9796B-40EA-45EB-87E6-8325DA909499.jpeg",1242,677,false],"thumbnail":["https:\/\/quehacerpolitico.mx\/wp-content\/uploads\/2020\/06\/65A9796B-40EA-45EB-87E6-8325DA909499-150x150.jpeg",150,150,true],"medium":["https:\/\/quehacerpolitico.mx\/wp-content\/uploads\/2020\/06\/65A9796B-40EA-45EB-87E6-8325DA909499-300x164.jpeg",300,164,true],"medium_large":["https:\/\/quehacerpolitico.mx\/wp-content\/uploads\/2020\/06\/65A9796B-40EA-45EB-87E6-8325DA909499-768x419.jpeg",640,349,true],"large":["https:\/\/quehacerpolitico.mx\/wp-content\/uploads\/2020\/06\/65A9796B-40EA-45EB-87E6-8325DA909499-1024x558.jpeg",640,349,true],"1536x1536":["https:\/\/quehacerpolitico.mx\/wp-content\/uploads\/2020\/06\/65A9796B-40EA-45EB-87E6-8325DA909499.jpeg",1242,677,false],"2048x2048":["https:\/\/quehacerpolitico.mx\/wp-content\/uploads\/2020\/06\/65A9796B-40EA-45EB-87E6-8325DA909499.jpeg",1242,677,false],"covernews-featured":["https:\/\/quehacerpolitico.mx\/wp-content\/uploads\/2020\/06\/65A9796B-40EA-45EB-87E6-8325DA909499.jpeg",1024,558,false],"covernews-medium":["https:\/\/quehacerpolitico.mx\/wp-content\/uploads\/2020\/06\/65A9796B-40EA-45EB-87E6-8325DA909499.jpeg",540,294,false]},"author_info":{"display_name":"Redacci\u00f3n QP","author_link":"https:\/\/quehacerpolitico.mx\/?author=2"},"category_info":"<a href=\"https:\/\/quehacerpolitico.mx\/?cat=2\" rel=\"category\">Noticias<\/a>","tag_info":"Noticias","comment_count":"0","_links":{"self":[{"href":"https:\/\/quehacerpolitico.mx\/index.php?rest_route=\/wp\/v2\/posts\/59919","targetHints":{"allow":["GET"]}}],"collection":[{"href":"https:\/\/quehacerpolitico.mx\/index.php?rest_route=\/wp\/v2\/posts"}],"about":[{"href":"https:\/\/quehacerpolitico.mx\/index.php?rest_route=\/wp\/v2\/types\/post"}],"author":[{"embeddable":true,"href":"https:\/\/quehacerpolitico.mx\/index.php?rest_route=\/wp\/v2\/users\/2"}],"replies":[{"embeddable":true,"href":"https:\/\/quehacerpolitico.mx\/index.php?rest_route=%2Fwp%2Fv2%2Fcomments&post=59919"}],"version-history":[{"count":0,"href":"https:\/\/quehacerpolitico.mx\/index.php?rest_route=\/wp\/v2\/posts\/59919\/revisions"}],"wp:featuredmedia":[{"embeddable":true,"href":"https:\/\/quehacerpolitico.mx\/index.php?rest_route=\/wp\/v2\/media\/59920"}],"wp:attachment":[{"href":"https:\/\/quehacerpolitico.mx\/index.php?rest_route=%2Fwp%2Fv2%2Fmedia&parent=59919"}],"wp:term":[{"taxonomy":"category","embeddable":true,"href":"https:\/\/quehacerpolitico.mx\/index.php?rest_route=%2Fwp%2Fv2%2Fcategories&post=59919"},{"taxonomy":"post_tag","embeddable":true,"href":"https:\/\/quehacerpolitico.mx\/index.php?rest_route=%2Fwp%2Fv2%2Ftags&post=59919"}],"curies":[{"name":"wp","href":"https:\/\/api.w.org\/{rel}","templated":true}]}}