{"id":59916,"date":"2020-06-30T09:09:49","date_gmt":"2020-06-30T14:09:49","guid":{"rendered":"http:\/\/quehacerpolitico.mx\/?p=59916"},"modified":"2020-06-30T09:09:49","modified_gmt":"2020-06-30T14:09:49","slug":"linea-roja-jacqueline-morgado-lopez-obrador-celebrara-primer-aniversario-de-la-guardia-nacional","status":"publish","type":"post","link":"https:\/\/quehacerpolitico.mx\/?p=59916","title":{"rendered":"L\u00ednea Roja\/\/\/Jacqueline Morgado\/\/\/L\u00f3pez Obrador celebrar\u00e1 primer aniversario de la Guardia Nacional"},"content":{"rendered":"<h1 class=\"news-title\">L\u00f3pez Obrador celebrar\u00e1 primer aniversario de la Guardia Nacional<br \/>\nPor Jacqueline Morgado<\/h1>\n<div class=\"news-subtitle\">\n<p>El Mandatario realizar\u00e1 un evento a las 10:00 horas en el Campo Militar Marte de la Ciudad de M\u00e9xico<\/p>\n<\/div>\n<div class=\"social-share-box normal\">\n<p>El Presidente Andres Manuel L\u00f3pez Obrador\u00a0dijo que este martes a las 10:00 horas en el Campo Militar Marte de la Ciudad de M\u00e9xico celebrar\u00e1 el primer aniversario de la creaci\u00f3n de la Guardia Nacional.<\/p>\n<p>En su conferencia de prensa, en Palacio Nacional, el Presidente record\u00f3 que esa nueva corporaci\u00f3n policiaca se cre\u00f3 para garantizar la paz y la tranquilidad de los ciudadanos y del pa\u00eds.<\/p>\n<p><strong>&#8220;Es el primer aniversario de la Guardia Nacional en el Campo Marte y vamos a estar con los integrantes de la Guardia Nacional en su primer aniversario&#8221;<\/strong>.<\/p>\n<p>El 28 de febrero de 2019, el Congreso aprob\u00f3 la creaci\u00f3n de una Guardia Nacional con 60 mil elementos para combatir la crisis de seguridad p\u00fablica del pa\u00eds.<\/p>\n<p>Se trata del cuerpo de seguridad formado en -un inicio- por elementos de la Polic\u00eda Militar, Polic\u00eda Naval y elementos de la extinta Polic\u00eda Federal para enfrentar la inseguridad y los grupos de la delincuencia organizada.<\/p>\n<p><strong>El 30 de junio de 2019 la Guardia Nacional entr\u00f3 en operaci\u00f3n<\/strong>.<\/p>\n<p>Con informaci\u00f3n de SUN<\/p>\n<\/div>\n","protected":false},"excerpt":{"rendered":"<p>L\u00f3pez Obrador celebrar\u00e1 primer aniversario de la Guardia Nacional Por Jacqueline Morgado El Mandatario realizar\u00e1&#8230;<\/p>\n","protected":false},"author":2,"featured_media":59917,"comment_status":"open","ping_status":"open","sticky":false,"template":"","format":"standard","meta":{"_monsterinsights_skip_tracking":false,"_monsterinsights_sitenote_active":false,"_monsterinsights_sitenote_note":"","_monsterinsights_sitenote_category":0,"footnotes":""},"categories":[2],"tags":[],"class_list":["post-59916","post","type-post","status-publish","format-standard","has-post-thumbnail","hentry","category-noticias"],"yoast_head":"<!-- This site is optimized with the Yoast SEO plugin v27.3 - https:\/\/yoast.com\/product\/yoast-seo-wordpress\/ -->\n<title>L\u00ednea Roja\/\/\/Jacqueline Morgado\/\/\/L\u00f3pez Obrador celebrar\u00e1 primer aniversario de la Guardia Nacional -<\/title>\n<meta name=\"robots\" content=\"index, follow, max-snippet:-1, max-image-preview:large, max-video-preview:-1\" \/>\n<link rel=\"canonical\" href=\"https:\/\/quehacerpolitico.mx\/?p=59916\" \/>\n<meta property=\"og:locale\" content=\"es_MX\" \/>\n<meta property=\"og:type\" content=\"article\" \/>\n<meta property=\"og:title\" content=\"L\u00ednea Roja\/\/\/Jacqueline Morgado\/\/\/L\u00f3pez Obrador celebrar\u00e1 primer aniversario de la Guardia Nacional -\" \/>\n<meta property=\"og:description\" content=\"L\u00f3pez Obrador celebrar\u00e1 primer aniversario de la Guardia Nacional Por Jacqueline Morgado El Mandatario realizar\u00e1...\" \/>\n<meta property=\"og:url\" content=\"https:\/\/quehacerpolitico.mx\/?p=59916\" \/>\n<meta property=\"article:published_time\" content=\"2020-06-30T14:09:49+00:00\" \/>\n<meta property=\"og:image\" content=\"https:\/\/quehacerpolitico.mx\/wp-content\/uploads\/2020\/06\/E7DD6A83-46C3-4892-8CE3-1EE1E0F51DCE.jpeg\" \/>\n\t<meta property=\"og:image:width\" content=\"1242\" \/>\n\t<meta property=\"og:image:height\" content=\"617\" \/>\n\t<meta property=\"og:image:type\" content=\"image\/jpeg\" \/>\n<meta name=\"author\" content=\"Redacci\u00f3n QP\" \/>\n<meta name=\"twitter:card\" content=\"summary_large_image\" \/>\n<meta name=\"twitter:label1\" content=\"Escrito por\" \/>\n\t<meta name=\"twitter:data1\" content=\"Redacci\u00f3n QP\" \/>\n\t<meta name=\"twitter:label2\" content=\"Tiempo de lectura\" \/>\n\t<meta name=\"twitter:data2\" content=\"1 minuto\" \/>\n<script type=\"application\/ld+json\" class=\"yoast-schema-graph\">{\"@context\":\"https:\\\/\\\/schema.org\",\"@graph\":[{\"@type\":\"Article\",\"@id\":\"https:\\\/\\\/quehacerpolitico.mx\\\/?p=59916#article\",\"isPartOf\":{\"@id\":\"https:\\\/\\\/quehacerpolitico.mx\\\/?p=59916\"},\"author\":{\"name\":\"Redacci\u00f3n QP\",\"@id\":\"https:\\\/\\\/quehacerpolitico.mx\\\/#\\\/schema\\\/person\\\/496d8ad2d1d3f8036101dca7ee39e585\"},\"headline\":\"L\u00ednea Roja\\\/\\\/\\\/Jacqueline Morgado\\\/\\\/\\\/L\u00f3pez Obrador celebrar\u00e1 primer aniversario de la Guardia Nacional\",\"datePublished\":\"2020-06-30T14:09:49+00:00\",\"mainEntityOfPage\":{\"@id\":\"https:\\\/\\\/quehacerpolitico.mx\\\/?p=59916\"},\"wordCount\":227,\"commentCount\":0,\"image\":{\"@id\":\"https:\\\/\\\/quehacerpolitico.mx\\\/?p=59916#primaryimage\"},\"thumbnailUrl\":\"https:\\\/\\\/quehacerpolitico.mx\\\/wp-content\\\/uploads\\\/2020\\\/06\\\/E7DD6A83-46C3-4892-8CE3-1EE1E0F51DCE.jpeg\",\"articleSection\":[\"Noticias\"],\"inLanguage\":\"es\",\"potentialAction\":[{\"@type\":\"CommentAction\",\"name\":\"Comment\",\"target\":[\"https:\\\/\\\/quehacerpolitico.mx\\\/?p=59916#respond\"]}]},{\"@type\":\"WebPage\",\"@id\":\"https:\\\/\\\/quehacerpolitico.mx\\\/?p=59916\",\"url\":\"https:\\\/\\\/quehacerpolitico.mx\\\/?p=59916\",\"name\":\"L\u00ednea Roja\\\/\\\/\\\/Jacqueline Morgado\\\/\\\/\\\/L\u00f3pez Obrador celebrar\u00e1 primer aniversario de la Guardia Nacional -\",\"isPartOf\":{\"@id\":\"https:\\\/\\\/quehacerpolitico.mx\\\/#website\"},\"primaryImageOfPage\":{\"@id\":\"https:\\\/\\\/quehacerpolitico.mx\\\/?p=59916#primaryimage\"},\"image\":{\"@id\":\"https:\\\/\\\/quehacerpolitico.mx\\\/?p=59916#primaryimage\"},\"thumbnailUrl\":\"https:\\\/\\\/quehacerpolitico.mx\\\/wp-content\\\/uploads\\\/2020\\\/06\\\/E7DD6A83-46C3-4892-8CE3-1EE1E0F51DCE.jpeg\",\"datePublished\":\"2020-06-30T14:09:49+00:00\",\"author\":{\"@id\":\"https:\\\/\\\/quehacerpolitico.mx\\\/#\\\/schema\\\/person\\\/496d8ad2d1d3f8036101dca7ee39e585\"},\"breadcrumb\":{\"@id\":\"https:\\\/\\\/quehacerpolitico.mx\\\/?p=59916#breadcrumb\"},\"inLanguage\":\"es\",\"potentialAction\":[{\"@type\":\"ReadAction\",\"target\":[\"https:\\\/\\\/quehacerpolitico.mx\\\/?p=59916\"]}]},{\"@type\":\"ImageObject\",\"inLanguage\":\"es\",\"@id\":\"https:\\\/\\\/quehacerpolitico.mx\\\/?p=59916#primaryimage\",\"url\":\"https:\\\/\\\/quehacerpolitico.mx\\\/wp-content\\\/uploads\\\/2020\\\/06\\\/E7DD6A83-46C3-4892-8CE3-1EE1E0F51DCE.jpeg\",\"contentUrl\":\"https:\\\/\\\/quehacerpolitico.mx\\\/wp-content\\\/uploads\\\/2020\\\/06\\\/E7DD6A83-46C3-4892-8CE3-1EE1E0F51DCE.jpeg\",\"width\":1242,\"height\":617},{\"@type\":\"BreadcrumbList\",\"@id\":\"https:\\\/\\\/quehacerpolitico.mx\\\/?p=59916#breadcrumb\",\"itemListElement\":[{\"@type\":\"ListItem\",\"position\":1,\"name\":\"Inicio\",\"item\":\"https:\\\/\\\/quehacerpolitico.mx\\\/\"},{\"@type\":\"ListItem\",\"position\":2,\"name\":\"L\u00ednea Roja\\\/\\\/\\\/Jacqueline Morgado\\\/\\\/\\\/L\u00f3pez Obrador celebrar\u00e1 primer aniversario de la Guardia Nacional\"}]},{\"@type\":\"WebSite\",\"@id\":\"https:\\\/\\\/quehacerpolitico.mx\\\/#website\",\"url\":\"https:\\\/\\\/quehacerpolitico.mx\\\/\",\"name\":\"\",\"description\":\"\",\"potentialAction\":[{\"@type\":\"SearchAction\",\"target\":{\"@type\":\"EntryPoint\",\"urlTemplate\":\"https:\\\/\\\/quehacerpolitico.mx\\\/?s={search_term_string}\"},\"query-input\":{\"@type\":\"PropertyValueSpecification\",\"valueRequired\":true,\"valueName\":\"search_term_string\"}}],\"inLanguage\":\"es\"},{\"@type\":\"Person\",\"@id\":\"https:\\\/\\\/quehacerpolitico.mx\\\/#\\\/schema\\\/person\\\/496d8ad2d1d3f8036101dca7ee39e585\",\"name\":\"Redacci\u00f3n QP\",\"image\":{\"@type\":\"ImageObject\",\"inLanguage\":\"es\",\"@id\":\"https:\\\/\\\/secure.gravatar.com\\\/avatar\\\/c7164ed6fdec453195284ad24a5ae5b6e1eed2b848477fa2a4787ba9adf39a41?s=96&d=mm&r=g\",\"url\":\"https:\\\/\\\/secure.gravatar.com\\\/avatar\\\/c7164ed6fdec453195284ad24a5ae5b6e1eed2b848477fa2a4787ba9adf39a41?s=96&d=mm&r=g\",\"contentUrl\":\"https:\\\/\\\/secure.gravatar.com\\\/avatar\\\/c7164ed6fdec453195284ad24a5ae5b6e1eed2b848477fa2a4787ba9adf39a41?s=96&d=mm&r=g\",\"caption\":\"Redacci\u00f3n QP\"},\"url\":\"https:\\\/\\\/quehacerpolitico.mx\\\/?author=2\"}]}<\/script>\n<!-- \/ Yoast SEO plugin. -->","yoast_head_json":{"title":"L\u00ednea Roja\/\/\/Jacqueline Morgado\/\/\/L\u00f3pez Obrador celebrar\u00e1 primer aniversario de la Guardia Nacional -","robots":{"index":"index","follow":"follow","max-snippet":"max-snippet:-1","max-image-preview":"max-image-preview:large","max-video-preview":"max-video-preview:-1"},"canonical":"https:\/\/quehacerpolitico.mx\/?p=59916","og_locale":"es_MX","og_type":"article","og_title":"L\u00ednea Roja\/\/\/Jacqueline Morgado\/\/\/L\u00f3pez Obrador celebrar\u00e1 primer aniversario de la Guardia Nacional -","og_description":"L\u00f3pez Obrador celebrar\u00e1 primer aniversario de la Guardia Nacional Por Jacqueline Morgado El Mandatario realizar\u00e1...","og_url":"https:\/\/quehacerpolitico.mx\/?p=59916","article_published_time":"2020-06-30T14:09:49+00:00","og_image":[{"width":1242,"height":617,"url":"https:\/\/quehacerpolitico.mx\/wp-content\/uploads\/2020\/06\/E7DD6A83-46C3-4892-8CE3-1EE1E0F51DCE.jpeg","type":"image\/jpeg"}],"author":"Redacci\u00f3n QP","twitter_card":"summary_large_image","twitter_misc":{"Escrito por":"Redacci\u00f3n QP","Tiempo de lectura":"1 minuto"},"schema":{"@context":"https:\/\/schema.org","@graph":[{"@type":"Article","@id":"https:\/\/quehacerpolitico.mx\/?p=59916#article","isPartOf":{"@id":"https:\/\/quehacerpolitico.mx\/?p=59916"},"author":{"name":"Redacci\u00f3n QP","@id":"https:\/\/quehacerpolitico.mx\/#\/schema\/person\/496d8ad2d1d3f8036101dca7ee39e585"},"headline":"L\u00ednea Roja\/\/\/Jacqueline Morgado\/\/\/L\u00f3pez Obrador celebrar\u00e1 primer aniversario de la Guardia Nacional","datePublished":"2020-06-30T14:09:49+00:00","mainEntityOfPage":{"@id":"https:\/\/quehacerpolitico.mx\/?p=59916"},"wordCount":227,"commentCount":0,"image":{"@id":"https:\/\/quehacerpolitico.mx\/?p=59916#primaryimage"},"thumbnailUrl":"https:\/\/quehacerpolitico.mx\/wp-content\/uploads\/2020\/06\/E7DD6A83-46C3-4892-8CE3-1EE1E0F51DCE.jpeg","articleSection":["Noticias"],"inLanguage":"es","potentialAction":[{"@type":"CommentAction","name":"Comment","target":["https:\/\/quehacerpolitico.mx\/?p=59916#respond"]}]},{"@type":"WebPage","@id":"https:\/\/quehacerpolitico.mx\/?p=59916","url":"https:\/\/quehacerpolitico.mx\/?p=59916","name":"L\u00ednea Roja\/\/\/Jacqueline Morgado\/\/\/L\u00f3pez Obrador celebrar\u00e1 primer aniversario de la Guardia Nacional -","isPartOf":{"@id":"https:\/\/quehacerpolitico.mx\/#website"},"primaryImageOfPage":{"@id":"https:\/\/quehacerpolitico.mx\/?p=59916#primaryimage"},"image":{"@id":"https:\/\/quehacerpolitico.mx\/?p=59916#primaryimage"},"thumbnailUrl":"https:\/\/quehacerpolitico.mx\/wp-content\/uploads\/2020\/06\/E7DD6A83-46C3-4892-8CE3-1EE1E0F51DCE.jpeg","datePublished":"2020-06-30T14:09:49+00:00","author":{"@id":"https:\/\/quehacerpolitico.mx\/#\/schema\/person\/496d8ad2d1d3f8036101dca7ee39e585"},"breadcrumb":{"@id":"https:\/\/quehacerpolitico.mx\/?p=59916#breadcrumb"},"inLanguage":"es","potentialAction":[{"@type":"ReadAction","target":["https:\/\/quehacerpolitico.mx\/?p=59916"]}]},{"@type":"ImageObject","inLanguage":"es","@id":"https:\/\/quehacerpolitico.mx\/?p=59916#primaryimage","url":"https:\/\/quehacerpolitico.mx\/wp-content\/uploads\/2020\/06\/E7DD6A83-46C3-4892-8CE3-1EE1E0F51DCE.jpeg","contentUrl":"https:\/\/quehacerpolitico.mx\/wp-content\/uploads\/2020\/06\/E7DD6A83-46C3-4892-8CE3-1EE1E0F51DCE.jpeg","width":1242,"height":617},{"@type":"BreadcrumbList","@id":"https:\/\/quehacerpolitico.mx\/?p=59916#breadcrumb","itemListElement":[{"@type":"ListItem","position":1,"name":"Inicio","item":"https:\/\/quehacerpolitico.mx\/"},{"@type":"ListItem","position":2,"name":"L\u00ednea Roja\/\/\/Jacqueline Morgado\/\/\/L\u00f3pez Obrador celebrar\u00e1 primer aniversario de la Guardia Nacional"}]},{"@type":"WebSite","@id":"https:\/\/quehacerpolitico.mx\/#website","url":"https:\/\/quehacerpolitico.mx\/","name":"","description":"","potentialAction":[{"@type":"SearchAction","target":{"@type":"EntryPoint","urlTemplate":"https:\/\/quehacerpolitico.mx\/?s={search_term_string}"},"query-input":{"@type":"PropertyValueSpecification","valueRequired":true,"valueName":"search_term_string"}}],"inLanguage":"es"},{"@type":"Person","@id":"https:\/\/quehacerpolitico.mx\/#\/schema\/person\/496d8ad2d1d3f8036101dca7ee39e585","name":"Redacci\u00f3n QP","image":{"@type":"ImageObject","inLanguage":"es","@id":"https:\/\/secure.gravatar.com\/avatar\/c7164ed6fdec453195284ad24a5ae5b6e1eed2b848477fa2a4787ba9adf39a41?s=96&d=mm&r=g","url":"https:\/\/secure.gravatar.com\/avatar\/c7164ed6fdec453195284ad24a5ae5b6e1eed2b848477fa2a4787ba9adf39a41?s=96&d=mm&r=g","contentUrl":"https:\/\/secure.gravatar.com\/avatar\/c7164ed6fdec453195284ad24a5ae5b6e1eed2b848477fa2a4787ba9adf39a41?s=96&d=mm&r=g","caption":"Redacci\u00f3n QP"},"url":"https:\/\/quehacerpolitico.mx\/?author=2"}]}},"featured_image_urls":{"full":["https:\/\/quehacerpolitico.mx\/wp-content\/uploads\/2020\/06\/E7DD6A83-46C3-4892-8CE3-1EE1E0F51DCE.jpeg",1242,617,false],"thumbnail":["https:\/\/quehacerpolitico.mx\/wp-content\/uploads\/2020\/06\/E7DD6A83-46C3-4892-8CE3-1EE1E0F51DCE-150x150.jpeg",150,150,true],"medium":["https:\/\/quehacerpolitico.mx\/wp-content\/uploads\/2020\/06\/E7DD6A83-46C3-4892-8CE3-1EE1E0F51DCE-300x149.jpeg",300,149,true],"medium_large":["https:\/\/quehacerpolitico.mx\/wp-content\/uploads\/2020\/06\/E7DD6A83-46C3-4892-8CE3-1EE1E0F51DCE-768x382.jpeg",640,318,true],"large":["https:\/\/quehacerpolitico.mx\/wp-content\/uploads\/2020\/06\/E7DD6A83-46C3-4892-8CE3-1EE1E0F51DCE-1024x509.jpeg",640,318,true],"1536x1536":["https:\/\/quehacerpolitico.mx\/wp-content\/uploads\/2020\/06\/E7DD6A83-46C3-4892-8CE3-1EE1E0F51DCE.jpeg",1242,617,false],"2048x2048":["https:\/\/quehacerpolitico.mx\/wp-content\/uploads\/2020\/06\/E7DD6A83-46C3-4892-8CE3-1EE1E0F51DCE.jpeg",1242,617,false],"covernews-featured":["https:\/\/quehacerpolitico.mx\/wp-content\/uploads\/2020\/06\/E7DD6A83-46C3-4892-8CE3-1EE1E0F51DCE.jpeg",1024,509,false],"covernews-medium":["https:\/\/quehacerpolitico.mx\/wp-content\/uploads\/2020\/06\/E7DD6A83-46C3-4892-8CE3-1EE1E0F51DCE.jpeg",540,268,false]},"author_info":{"display_name":"Redacci\u00f3n QP","author_link":"https:\/\/quehacerpolitico.mx\/?author=2"},"category_info":"<a href=\"https:\/\/quehacerpolitico.mx\/?cat=2\" rel=\"category\">Noticias<\/a>","tag_info":"Noticias","comment_count":"0","_links":{"self":[{"href":"https:\/\/quehacerpolitico.mx\/index.php?rest_route=\/wp\/v2\/posts\/59916","targetHints":{"allow":["GET"]}}],"collection":[{"href":"https:\/\/quehacerpolitico.mx\/index.php?rest_route=\/wp\/v2\/posts"}],"about":[{"href":"https:\/\/quehacerpolitico.mx\/index.php?rest_route=\/wp\/v2\/types\/post"}],"author":[{"embeddable":true,"href":"https:\/\/quehacerpolitico.mx\/index.php?rest_route=\/wp\/v2\/users\/2"}],"replies":[{"embeddable":true,"href":"https:\/\/quehacerpolitico.mx\/index.php?rest_route=%2Fwp%2Fv2%2Fcomments&post=59916"}],"version-history":[{"count":0,"href":"https:\/\/quehacerpolitico.mx\/index.php?rest_route=\/wp\/v2\/posts\/59916\/revisions"}],"wp:featuredmedia":[{"embeddable":true,"href":"https:\/\/quehacerpolitico.mx\/index.php?rest_route=\/wp\/v2\/media\/59917"}],"wp:attachment":[{"href":"https:\/\/quehacerpolitico.mx\/index.php?rest_route=%2Fwp%2Fv2%2Fmedia&parent=59916"}],"wp:term":[{"taxonomy":"category","embeddable":true,"href":"https:\/\/quehacerpolitico.mx\/index.php?rest_route=%2Fwp%2Fv2%2Fcategories&post=59916"},{"taxonomy":"post_tag","embeddable":true,"href":"https:\/\/quehacerpolitico.mx\/index.php?rest_route=%2Fwp%2Fv2%2Ftags&post=59916"}],"curies":[{"name":"wp","href":"https:\/\/api.w.org\/{rel}","templated":true}]}}