{"id":59906,"date":"2020-06-30T08:49:31","date_gmt":"2020-06-30T13:49:31","guid":{"rendered":"http:\/\/quehacerpolitico.mx\/?p=59906"},"modified":"2020-06-30T08:49:31","modified_gmt":"2020-06-30T13:49:31","slug":"tecate-pal-norte-2020-queda-cancelado-definitivamente","status":"publish","type":"post","link":"https:\/\/quehacerpolitico.mx\/?p=59906","title":{"rendered":"Tecate Pa&#8217;l Norte 2020 queda cancelado definitivamente"},"content":{"rendered":"<h1 class=\"news-title\">Tecate Pa&#8217;l Norte 2020 queda cancelado definitivamente<br \/>\nPor Redacci\u00f3n QP<\/h1>\n<p>Los organizadores confirman que las entradas adquiridas podr\u00e1n ser usadas para el siguiente a\u00f1o<\/p>\n<p>A trav\u00e9s de un comunicado, <strong>los organizadores del Pa&#8217;l Norte confirmaron que la edici\u00f3n 2020 del festival regio queda cancelado definitivamente<\/strong> luego de que no encontraran la forma de llevarlo a cabo.<\/p>\n<p>&#8220;A pesar de buscar incansablemente distintas maneras de continuar con la edici\u00f3n 2020 de Tecate Pa&#8217;l Norte, siempre estar\u00e1 por encima de todo tu salud y seguridad, as\u00ed como la de los artistas, staff y patrocinadores&#8221;.<\/p>\n<p><strong>El anuncio tambi\u00e9n confirma que las entradas adquiridas podr\u00e1n ser usadas para el siguiente a\u00f1o, adem\u00e1s de que dar\u00e1n la informaci\u00f3n necesaria para los reembolsos de que sean requeridos.<\/strong><\/p>\n<p>&#8220;Todos los boletos adquiridos ser\u00e1n v\u00e1lidos para Tecate Pa&#8217;l Norte 2021 y en las pr\u00f3ximas semanas daremos m\u00e1s informaci\u00f3n sobre esta nueva edici\u00f3n, as\u00ed como las opciones para quienes no puedan conservar su boleto&#8221;.<\/p>\n<blockquote class=\"twitter-tweet\" data-width=\"550\" data-dnt=\"true\">\n<p lang=\"zxx\" dir=\"ltr\"><a href=\"https:\/\/t.co\/qNC6CJILte\">pic.twitter.com\/qNC6CJILte<\/a><\/p>\n<p>&mdash; Tecate Pal Norte (@TecatePalNorte) <a href=\"https:\/\/twitter.com\/TecatePalNorte\/status\/1277723518461972484?ref_src=twsrc%5Etfw\">June 29, 2020<\/a><\/p><\/blockquote>\n<p><script async src=\"https:\/\/platform.twitter.com\/widgets.js\" charset=\"utf-8\"><\/script><\/p>\n<p>Surgieron comentarios y reacciones de los internautas, quienes algunos lamentaron la noticia y otros agradecieron por poner la salud como lo m\u00e1s importante.<\/p>\n<blockquote class=\"twitter-tweet\" data-width=\"550\" data-dnt=\"true\">\n<p lang=\"es\" dir=\"ltr\">Cuando te enteras que el festival Pa&#39;l Norte pas\u00f3 a ser pa&#39;l otro a\u00f1o. <a href=\"https:\/\/twitter.com\/hashtag\/PalNorte?src=hash&amp;ref_src=twsrc%5Etfw\">#PalNorte<\/a> <a href=\"https:\/\/t.co\/WL0C0l8F84\">pic.twitter.com\/WL0C0l8F84<\/a><\/p>\n<p>&mdash; Mar\u00eda Fernanda (@mafer_julian) <a href=\"https:\/\/twitter.com\/mafer_julian\/status\/1276326114907099136?ref_src=twsrc%5Etfw\">June 26, 2020<\/a><\/p><\/blockquote>\n<p><script async src=\"https:\/\/platform.twitter.com\/widgets.js\" charset=\"utf-8\"><\/script><\/p>\n<p>https:\/\/twitter.com\/festfriendsmx\/status\/1277735227981512706?s=21<\/p>\n<p>https:\/\/twitter.com\/linfocit0\/status\/1277734146882838528?s=21<\/p>\n<blockquote class=\"twitter-tweet\" data-width=\"550\" data-dnt=\"true\">\n<p lang=\"es\" dir=\"ltr\">Era un hecho que Pa&#39;l Norte Norte tampoco se iba a hacer este a\u00f1o. <\/p>\n<p>Ojal\u00e1 que el pr\u00f3ximo a\u00f1o sea de uno o dos d\u00edas m\u00e1s, puede sonar loco, pero ser\u00eda una manera de hacerlo m\u00e1s fuerte despu\u00e9s de todo esto que est\u00e1 pasando.<\/p>\n<p>&mdash; Ale \u270c\ud83c\udffc (@aleesilva04) <a href=\"https:\/\/twitter.com\/aleesilva04\/status\/1277729591902289920?ref_src=twsrc%5Etfw\">June 29, 2020<\/a><\/p><\/blockquote>\n<p><script async src=\"https:\/\/platform.twitter.com\/widgets.js\" charset=\"utf-8\"><\/script><\/p>\n<p>Fue el pasado 25 de junio cuando Manuel de la O Cavazos, secretario de Salud de Nuevo Le\u00f3n, dio a conocer que el concierto ser\u00eda pospuesto una vez m\u00e1s debido al aumento de contagios por Covid-19 en Monterrey.<\/p>\n<p>Pa&#8217;l Norte 2020 iba a ser la novena edici\u00f3n del festival, el cual contaba con The Strokes y Tame Impala como los actos principales.<\/p>\n<p>Con Informaci\u00f3n de SUN<\/p>\n","protected":false},"excerpt":{"rendered":"<p>Tecate Pa&#8217;l Norte 2020 queda cancelado definitivamente Por Redacci\u00f3n QP Los organizadores confirman que las&#8230;<\/p>\n","protected":false},"author":2,"featured_media":59911,"comment_status":"open","ping_status":"open","sticky":false,"template":"","format":"standard","meta":{"_monsterinsights_skip_tracking":false,"_monsterinsights_sitenote_active":false,"_monsterinsights_sitenote_note":"","_monsterinsights_sitenote_category":0,"footnotes":""},"categories":[58],"tags":[],"class_list":["post-59906","post","type-post","status-publish","format-standard","has-post-thumbnail","hentry","category-cultura"],"yoast_head":"<!-- This site is optimized with the Yoast SEO plugin v27.3 - https:\/\/yoast.com\/product\/yoast-seo-wordpress\/ -->\n<title>Tecate Pa&#039;l Norte 2020 queda cancelado definitivamente -<\/title>\n<meta name=\"robots\" content=\"index, follow, max-snippet:-1, max-image-preview:large, max-video-preview:-1\" \/>\n<link rel=\"canonical\" href=\"https:\/\/quehacerpolitico.mx\/?p=59906\" \/>\n<meta property=\"og:locale\" content=\"es_MX\" \/>\n<meta property=\"og:type\" content=\"article\" \/>\n<meta property=\"og:title\" content=\"Tecate Pa&#039;l Norte 2020 queda cancelado definitivamente -\" \/>\n<meta property=\"og:description\" content=\"Tecate Pa&#8217;l Norte 2020 queda cancelado definitivamente Por Redacci\u00f3n QP Los organizadores confirman que las...\" \/>\n<meta property=\"og:url\" content=\"https:\/\/quehacerpolitico.mx\/?p=59906\" \/>\n<meta property=\"article:published_time\" content=\"2020-06-30T13:49:31+00:00\" \/>\n<meta property=\"og:image\" content=\"https:\/\/quehacerpolitico.mx\/wp-content\/uploads\/2020\/06\/0843F5B6-E293-482C-8A79-DCBB5678FD84.jpeg\" \/>\n\t<meta property=\"og:image:width\" content=\"320\" \/>\n\t<meta property=\"og:image:height\" content=\"305\" \/>\n\t<meta property=\"og:image:type\" content=\"image\/jpeg\" \/>\n<meta name=\"author\" content=\"Redacci\u00f3n QP\" \/>\n<meta name=\"twitter:card\" content=\"summary_large_image\" \/>\n<meta name=\"twitter:label1\" content=\"Escrito por\" \/>\n\t<meta name=\"twitter:data1\" content=\"Redacci\u00f3n QP\" \/>\n\t<meta name=\"twitter:label2\" content=\"Tiempo de lectura\" \/>\n\t<meta name=\"twitter:data2\" content=\"1 minuto\" \/>\n<script type=\"application\/ld+json\" class=\"yoast-schema-graph\">{\"@context\":\"https:\\\/\\\/schema.org\",\"@graph\":[{\"@type\":\"Article\",\"@id\":\"https:\\\/\\\/quehacerpolitico.mx\\\/?p=59906#article\",\"isPartOf\":{\"@id\":\"https:\\\/\\\/quehacerpolitico.mx\\\/?p=59906\"},\"author\":{\"name\":\"Redacci\u00f3n QP\",\"@id\":\"https:\\\/\\\/quehacerpolitico.mx\\\/#\\\/schema\\\/person\\\/496d8ad2d1d3f8036101dca7ee39e585\"},\"headline\":\"Tecate Pa&#8217;l Norte 2020 queda cancelado definitivamente\",\"datePublished\":\"2020-06-30T13:49:31+00:00\",\"mainEntityOfPage\":{\"@id\":\"https:\\\/\\\/quehacerpolitico.mx\\\/?p=59906\"},\"wordCount\":305,\"commentCount\":0,\"image\":{\"@id\":\"https:\\\/\\\/quehacerpolitico.mx\\\/?p=59906#primaryimage\"},\"thumbnailUrl\":\"https:\\\/\\\/quehacerpolitico.mx\\\/wp-content\\\/uploads\\\/2020\\\/06\\\/0843F5B6-E293-482C-8A79-DCBB5678FD84.jpeg\",\"articleSection\":[\"Cultura y Entretenimiento\"],\"inLanguage\":\"es\",\"potentialAction\":[{\"@type\":\"CommentAction\",\"name\":\"Comment\",\"target\":[\"https:\\\/\\\/quehacerpolitico.mx\\\/?p=59906#respond\"]}]},{\"@type\":\"WebPage\",\"@id\":\"https:\\\/\\\/quehacerpolitico.mx\\\/?p=59906\",\"url\":\"https:\\\/\\\/quehacerpolitico.mx\\\/?p=59906\",\"name\":\"Tecate Pa'l Norte 2020 queda cancelado definitivamente -\",\"isPartOf\":{\"@id\":\"https:\\\/\\\/quehacerpolitico.mx\\\/#website\"},\"primaryImageOfPage\":{\"@id\":\"https:\\\/\\\/quehacerpolitico.mx\\\/?p=59906#primaryimage\"},\"image\":{\"@id\":\"https:\\\/\\\/quehacerpolitico.mx\\\/?p=59906#primaryimage\"},\"thumbnailUrl\":\"https:\\\/\\\/quehacerpolitico.mx\\\/wp-content\\\/uploads\\\/2020\\\/06\\\/0843F5B6-E293-482C-8A79-DCBB5678FD84.jpeg\",\"datePublished\":\"2020-06-30T13:49:31+00:00\",\"author\":{\"@id\":\"https:\\\/\\\/quehacerpolitico.mx\\\/#\\\/schema\\\/person\\\/496d8ad2d1d3f8036101dca7ee39e585\"},\"breadcrumb\":{\"@id\":\"https:\\\/\\\/quehacerpolitico.mx\\\/?p=59906#breadcrumb\"},\"inLanguage\":\"es\",\"potentialAction\":[{\"@type\":\"ReadAction\",\"target\":[\"https:\\\/\\\/quehacerpolitico.mx\\\/?p=59906\"]}]},{\"@type\":\"ImageObject\",\"inLanguage\":\"es\",\"@id\":\"https:\\\/\\\/quehacerpolitico.mx\\\/?p=59906#primaryimage\",\"url\":\"https:\\\/\\\/quehacerpolitico.mx\\\/wp-content\\\/uploads\\\/2020\\\/06\\\/0843F5B6-E293-482C-8A79-DCBB5678FD84.jpeg\",\"contentUrl\":\"https:\\\/\\\/quehacerpolitico.mx\\\/wp-content\\\/uploads\\\/2020\\\/06\\\/0843F5B6-E293-482C-8A79-DCBB5678FD84.jpeg\",\"width\":320,\"height\":305},{\"@type\":\"BreadcrumbList\",\"@id\":\"https:\\\/\\\/quehacerpolitico.mx\\\/?p=59906#breadcrumb\",\"itemListElement\":[{\"@type\":\"ListItem\",\"position\":1,\"name\":\"Inicio\",\"item\":\"https:\\\/\\\/quehacerpolitico.mx\\\/\"},{\"@type\":\"ListItem\",\"position\":2,\"name\":\"Tecate Pa&#8217;l Norte 2020 queda cancelado definitivamente\"}]},{\"@type\":\"WebSite\",\"@id\":\"https:\\\/\\\/quehacerpolitico.mx\\\/#website\",\"url\":\"https:\\\/\\\/quehacerpolitico.mx\\\/\",\"name\":\"\",\"description\":\"\",\"potentialAction\":[{\"@type\":\"SearchAction\",\"target\":{\"@type\":\"EntryPoint\",\"urlTemplate\":\"https:\\\/\\\/quehacerpolitico.mx\\\/?s={search_term_string}\"},\"query-input\":{\"@type\":\"PropertyValueSpecification\",\"valueRequired\":true,\"valueName\":\"search_term_string\"}}],\"inLanguage\":\"es\"},{\"@type\":\"Person\",\"@id\":\"https:\\\/\\\/quehacerpolitico.mx\\\/#\\\/schema\\\/person\\\/496d8ad2d1d3f8036101dca7ee39e585\",\"name\":\"Redacci\u00f3n QP\",\"image\":{\"@type\":\"ImageObject\",\"inLanguage\":\"es\",\"@id\":\"https:\\\/\\\/secure.gravatar.com\\\/avatar\\\/c7164ed6fdec453195284ad24a5ae5b6e1eed2b848477fa2a4787ba9adf39a41?s=96&d=mm&r=g\",\"url\":\"https:\\\/\\\/secure.gravatar.com\\\/avatar\\\/c7164ed6fdec453195284ad24a5ae5b6e1eed2b848477fa2a4787ba9adf39a41?s=96&d=mm&r=g\",\"contentUrl\":\"https:\\\/\\\/secure.gravatar.com\\\/avatar\\\/c7164ed6fdec453195284ad24a5ae5b6e1eed2b848477fa2a4787ba9adf39a41?s=96&d=mm&r=g\",\"caption\":\"Redacci\u00f3n QP\"},\"url\":\"https:\\\/\\\/quehacerpolitico.mx\\\/?author=2\"}]}<\/script>\n<!-- \/ Yoast SEO plugin. -->","yoast_head_json":{"title":"Tecate Pa'l Norte 2020 queda cancelado definitivamente -","robots":{"index":"index","follow":"follow","max-snippet":"max-snippet:-1","max-image-preview":"max-image-preview:large","max-video-preview":"max-video-preview:-1"},"canonical":"https:\/\/quehacerpolitico.mx\/?p=59906","og_locale":"es_MX","og_type":"article","og_title":"Tecate Pa'l Norte 2020 queda cancelado definitivamente -","og_description":"Tecate Pa&#8217;l Norte 2020 queda cancelado definitivamente Por Redacci\u00f3n QP Los organizadores confirman que las...","og_url":"https:\/\/quehacerpolitico.mx\/?p=59906","article_published_time":"2020-06-30T13:49:31+00:00","og_image":[{"width":320,"height":305,"url":"https:\/\/quehacerpolitico.mx\/wp-content\/uploads\/2020\/06\/0843F5B6-E293-482C-8A79-DCBB5678FD84.jpeg","type":"image\/jpeg"}],"author":"Redacci\u00f3n QP","twitter_card":"summary_large_image","twitter_misc":{"Escrito por":"Redacci\u00f3n QP","Tiempo de lectura":"1 minuto"},"schema":{"@context":"https:\/\/schema.org","@graph":[{"@type":"Article","@id":"https:\/\/quehacerpolitico.mx\/?p=59906#article","isPartOf":{"@id":"https:\/\/quehacerpolitico.mx\/?p=59906"},"author":{"name":"Redacci\u00f3n QP","@id":"https:\/\/quehacerpolitico.mx\/#\/schema\/person\/496d8ad2d1d3f8036101dca7ee39e585"},"headline":"Tecate Pa&#8217;l Norte 2020 queda cancelado definitivamente","datePublished":"2020-06-30T13:49:31+00:00","mainEntityOfPage":{"@id":"https:\/\/quehacerpolitico.mx\/?p=59906"},"wordCount":305,"commentCount":0,"image":{"@id":"https:\/\/quehacerpolitico.mx\/?p=59906#primaryimage"},"thumbnailUrl":"https:\/\/quehacerpolitico.mx\/wp-content\/uploads\/2020\/06\/0843F5B6-E293-482C-8A79-DCBB5678FD84.jpeg","articleSection":["Cultura y Entretenimiento"],"inLanguage":"es","potentialAction":[{"@type":"CommentAction","name":"Comment","target":["https:\/\/quehacerpolitico.mx\/?p=59906#respond"]}]},{"@type":"WebPage","@id":"https:\/\/quehacerpolitico.mx\/?p=59906","url":"https:\/\/quehacerpolitico.mx\/?p=59906","name":"Tecate Pa'l Norte 2020 queda cancelado definitivamente -","isPartOf":{"@id":"https:\/\/quehacerpolitico.mx\/#website"},"primaryImageOfPage":{"@id":"https:\/\/quehacerpolitico.mx\/?p=59906#primaryimage"},"image":{"@id":"https:\/\/quehacerpolitico.mx\/?p=59906#primaryimage"},"thumbnailUrl":"https:\/\/quehacerpolitico.mx\/wp-content\/uploads\/2020\/06\/0843F5B6-E293-482C-8A79-DCBB5678FD84.jpeg","datePublished":"2020-06-30T13:49:31+00:00","author":{"@id":"https:\/\/quehacerpolitico.mx\/#\/schema\/person\/496d8ad2d1d3f8036101dca7ee39e585"},"breadcrumb":{"@id":"https:\/\/quehacerpolitico.mx\/?p=59906#breadcrumb"},"inLanguage":"es","potentialAction":[{"@type":"ReadAction","target":["https:\/\/quehacerpolitico.mx\/?p=59906"]}]},{"@type":"ImageObject","inLanguage":"es","@id":"https:\/\/quehacerpolitico.mx\/?p=59906#primaryimage","url":"https:\/\/quehacerpolitico.mx\/wp-content\/uploads\/2020\/06\/0843F5B6-E293-482C-8A79-DCBB5678FD84.jpeg","contentUrl":"https:\/\/quehacerpolitico.mx\/wp-content\/uploads\/2020\/06\/0843F5B6-E293-482C-8A79-DCBB5678FD84.jpeg","width":320,"height":305},{"@type":"BreadcrumbList","@id":"https:\/\/quehacerpolitico.mx\/?p=59906#breadcrumb","itemListElement":[{"@type":"ListItem","position":1,"name":"Inicio","item":"https:\/\/quehacerpolitico.mx\/"},{"@type":"ListItem","position":2,"name":"Tecate Pa&#8217;l Norte 2020 queda cancelado definitivamente"}]},{"@type":"WebSite","@id":"https:\/\/quehacerpolitico.mx\/#website","url":"https:\/\/quehacerpolitico.mx\/","name":"","description":"","potentialAction":[{"@type":"SearchAction","target":{"@type":"EntryPoint","urlTemplate":"https:\/\/quehacerpolitico.mx\/?s={search_term_string}"},"query-input":{"@type":"PropertyValueSpecification","valueRequired":true,"valueName":"search_term_string"}}],"inLanguage":"es"},{"@type":"Person","@id":"https:\/\/quehacerpolitico.mx\/#\/schema\/person\/496d8ad2d1d3f8036101dca7ee39e585","name":"Redacci\u00f3n QP","image":{"@type":"ImageObject","inLanguage":"es","@id":"https:\/\/secure.gravatar.com\/avatar\/c7164ed6fdec453195284ad24a5ae5b6e1eed2b848477fa2a4787ba9adf39a41?s=96&d=mm&r=g","url":"https:\/\/secure.gravatar.com\/avatar\/c7164ed6fdec453195284ad24a5ae5b6e1eed2b848477fa2a4787ba9adf39a41?s=96&d=mm&r=g","contentUrl":"https:\/\/secure.gravatar.com\/avatar\/c7164ed6fdec453195284ad24a5ae5b6e1eed2b848477fa2a4787ba9adf39a41?s=96&d=mm&r=g","caption":"Redacci\u00f3n QP"},"url":"https:\/\/quehacerpolitico.mx\/?author=2"}]}},"featured_image_urls":{"full":["https:\/\/quehacerpolitico.mx\/wp-content\/uploads\/2020\/06\/0843F5B6-E293-482C-8A79-DCBB5678FD84.jpeg",320,305,false],"thumbnail":["https:\/\/quehacerpolitico.mx\/wp-content\/uploads\/2020\/06\/0843F5B6-E293-482C-8A79-DCBB5678FD84-150x150.jpeg",150,150,true],"medium":["https:\/\/quehacerpolitico.mx\/wp-content\/uploads\/2020\/06\/0843F5B6-E293-482C-8A79-DCBB5678FD84-300x286.jpeg",300,286,true],"medium_large":["https:\/\/quehacerpolitico.mx\/wp-content\/uploads\/2020\/06\/0843F5B6-E293-482C-8A79-DCBB5678FD84.jpeg",320,305,false],"large":["https:\/\/quehacerpolitico.mx\/wp-content\/uploads\/2020\/06\/0843F5B6-E293-482C-8A79-DCBB5678FD84.jpeg",320,305,false],"1536x1536":["https:\/\/quehacerpolitico.mx\/wp-content\/uploads\/2020\/06\/0843F5B6-E293-482C-8A79-DCBB5678FD84.jpeg",320,305,false],"2048x2048":["https:\/\/quehacerpolitico.mx\/wp-content\/uploads\/2020\/06\/0843F5B6-E293-482C-8A79-DCBB5678FD84.jpeg",320,305,false],"covernews-featured":["https:\/\/quehacerpolitico.mx\/wp-content\/uploads\/2020\/06\/0843F5B6-E293-482C-8A79-DCBB5678FD84.jpeg",320,305,false],"covernews-medium":["https:\/\/quehacerpolitico.mx\/wp-content\/uploads\/2020\/06\/0843F5B6-E293-482C-8A79-DCBB5678FD84.jpeg",320,305,false]},"author_info":{"display_name":"Redacci\u00f3n QP","author_link":"https:\/\/quehacerpolitico.mx\/?author=2"},"category_info":"<a href=\"https:\/\/quehacerpolitico.mx\/?cat=58\" rel=\"category\">Cultura y Entretenimiento<\/a>","tag_info":"Cultura y Entretenimiento","comment_count":"0","_links":{"self":[{"href":"https:\/\/quehacerpolitico.mx\/index.php?rest_route=\/wp\/v2\/posts\/59906","targetHints":{"allow":["GET"]}}],"collection":[{"href":"https:\/\/quehacerpolitico.mx\/index.php?rest_route=\/wp\/v2\/posts"}],"about":[{"href":"https:\/\/quehacerpolitico.mx\/index.php?rest_route=\/wp\/v2\/types\/post"}],"author":[{"embeddable":true,"href":"https:\/\/quehacerpolitico.mx\/index.php?rest_route=\/wp\/v2\/users\/2"}],"replies":[{"embeddable":true,"href":"https:\/\/quehacerpolitico.mx\/index.php?rest_route=%2Fwp%2Fv2%2Fcomments&post=59906"}],"version-history":[{"count":0,"href":"https:\/\/quehacerpolitico.mx\/index.php?rest_route=\/wp\/v2\/posts\/59906\/revisions"}],"wp:featuredmedia":[{"embeddable":true,"href":"https:\/\/quehacerpolitico.mx\/index.php?rest_route=\/wp\/v2\/media\/59911"}],"wp:attachment":[{"href":"https:\/\/quehacerpolitico.mx\/index.php?rest_route=%2Fwp%2Fv2%2Fmedia&parent=59906"}],"wp:term":[{"taxonomy":"category","embeddable":true,"href":"https:\/\/quehacerpolitico.mx\/index.php?rest_route=%2Fwp%2Fv2%2Fcategories&post=59906"},{"taxonomy":"post_tag","embeddable":true,"href":"https:\/\/quehacerpolitico.mx\/index.php?rest_route=%2Fwp%2Fv2%2Ftags&post=59906"}],"curies":[{"name":"wp","href":"https:\/\/api.w.org\/{rel}","templated":true}]}}