{"id":59896,"date":"2020-06-30T08:20:09","date_gmt":"2020-06-30T13:20:09","guid":{"rendered":"http:\/\/quehacerpolitico.mx\/?p=59896"},"modified":"2020-06-30T08:20:09","modified_gmt":"2020-06-30T13:20:09","slug":"sorteo-de-champions-y-europa-league-sera-el-10-de-julio","status":"publish","type":"post","link":"https:\/\/quehacerpolitico.mx\/?p=59896","title":{"rendered":"Sorteo de Champions y Europa League ser\u00e1 el 10 de julio"},"content":{"rendered":"<h1 class=\"news-title\">Sorteo de Champions y Europa League\u00a0ser\u00e1 el 10 de julio<br \/>\nPor Redacci\u00f3n QP<\/h1>\n<p>A falta de resolverse algunas eliminatorias-\u00a0las cuales se jugar\u00e1n en agosto-\u00a0la UEFA hizo oficial el d\u00eda del sorteo para los Cuartos de Final de las competiciones europeas<\/p>\n<p>La UEFA confirm\u00f3 este martes que los sorteos de cuartos de final, semifinales y la final de la Liga de Campeones se celebrar\u00e1n el viernes 10 de julio en su sede de Nyon (Suiza), donde se\u00a0sortear\u00e1n igualmente las \u00faltimas eliminatorias de la Liga Europa.<\/p>\n<p><strong>Tambi\u00e9n record\u00f3 que no habr\u00e1 cabezas de serie o impedimento de enfrentamiento entre rivales del mismo pa\u00eds y que cualquier restricci\u00f3n ser\u00e1 anunciada antes del sorteo.<\/strong><\/p>\n<p>El sorteo para la final se realizar\u00e1 para determinar el equipo que juega como local por razones administrativas.<\/p>\n<p><strong>El Comit\u00e9 Ejecutivo de la UEFA anunci\u00f3 el pasado 17 de junio que la Liga de Campeones 2019\/20 se resolver\u00e1 con una fase final entre ocho equipos en Lisboa, que se disputar\u00e1 entre el 12 y el 23 de agosto.<\/strong><\/p>\n<p><strong>Esta fase la jugar\u00e1n a partido \u00fanico los cuatro equipos que se clasificaron para cuartos de final antes del par\u00f3n por la pandemia del coronavirus y los cuatro que salgan de las eliminatorias que a\u00fan deben decidirse.<\/strong> Los encuentros tendr\u00e1n lugar en el estadio de La Luz, en el que juega el Benfica, y el Jos\u00e9 Alvalade, del Sporting de Portugal.<\/p>\n<p>Antes de la interrupci\u00f3n por la pandemia del coronavirus, a principios de marzo, el Atalanta elimin\u00f3 al Valencia, el Leipzig al Tottenham, el Atl\u00e9tico de Madrid al Liverpool, defensor del t\u00edtulo, y el Par\u00eds Saint Germain al Borussia Dortmund.<\/p>\n<p>Quedan por resolverse las eliminatorias de octavos entre el Manchester City y el Real Madrid, con ventaja para el cuadro ingl\u00e9s, que gan\u00f3 en el Santiago Bernab\u00e9u por 1-2; entre el Juventus y el Lyon, con ventaja para el cuadro franc\u00e9s tras imponerse en la ida por 1-0; entre el Bayern M\u00fanich y el Chelsea, con clara ventaja para los b\u00e1varos tras vencer en Londres por 0-3; y entre el Barcelona y el N\u00e1poles despu\u00e9s del empate a uno de San Paolo.<\/p>\n<p><strong>Qued\u00f3 aplazada la decisi\u00f3n sobre d\u00f3nde se jugar\u00e1n estos enfrentamientos, que se tomar\u00e1 seg\u00fan evolucione la pandemia.<\/strong> Si no se puede en los campos de los equipos que deben jugar la vuelta en casa, se han propuesto las sedes de Guimaraes (estadio Afonso Henriques) y Oporto (Dragao).<\/p>\n<p><strong>Seg\u00fan el calendario hecho p\u00fablico por la UEFA, los partidos pendientes de octavos se jugar\u00e1n los d\u00edas 7 y 8 de agosto; los cuartos de final tendr\u00e1n lugar entre el 12 y el 15 ya en Lisboa; las semifinales el 18 y el 19 y la gran final el d\u00eda 23.<\/strong><\/p>\n<p><strong>La\u00a0Europa League 2019-2020 tambi\u00e9n se resolver\u00e1 con una fase final a ocho que acabar\u00e1 el 21 de agosto en la ciudad alemana de Colonia.<\/strong> El tramo decisivo del torneo comenzar\u00e1 el 10 de dicho mes, con eliminatorias a partido \u00fanico tambi\u00e9n en las ciudades alemanas de Duisburgo, Gelsenkirchen y Dusseldorf, adem\u00e1s de Colonia.<\/p>\n<p>Los partidos de octavos de final, fase en la que se interrumpi\u00f3 la competici\u00f3n por la pandemia de la COVID-19, se disputar\u00e1n el 5\/6 de agosto\u00a0y la UEFA decidir\u00e1 en su momento si se jugar\u00e1n en el campo del equipo local o en Alemania.<\/p>\n<p><strong>En el caso de las eliminatorias Inter de Mil\u00e1n-Getafe y Sevilla-Roma, que no pudieron celebrar el encuentro de ida, se resolver\u00e1n a partido \u00fanico en una sede por confirmar.<\/strong><\/p>\n<p>Los otros enfrentamientos cuyo primer encuentro s\u00ed se jug\u00f3 son LASK-Manchester United (0-5), Eintracht Fr\u00e1ncfort-Basilea (0-3), Estambul Basaksehir-Copenhague (1-0), Wolfsburgo-Shaktar Donetsk (1-2), Olympiakos-Wolverhampton (1-1) y Rangers-Bayer Leverkusen (1-3).<\/p>\n<p><strong>Los cuartos de final se disputar\u00e1n el 10\/11 de agosto, las semifinales el 16\/17 de agosto y la final en Colonia se jugar\u00e1 el 21 de agosto.<\/strong><\/p>\n<p>Con informaci\u00f3n de EFE<\/p>\n","protected":false},"excerpt":{"rendered":"<p>Sorteo de Champions y Europa League\u00a0ser\u00e1 el 10 de julio Por Redacci\u00f3n QP A falta&#8230;<\/p>\n","protected":false},"author":2,"featured_media":59897,"comment_status":"open","ping_status":"open","sticky":false,"template":"","format":"standard","meta":{"_monsterinsights_skip_tracking":false,"_monsterinsights_sitenote_active":false,"_monsterinsights_sitenote_note":"","_monsterinsights_sitenote_category":0,"footnotes":""},"categories":[54],"tags":[],"class_list":["post-59896","post","type-post","status-publish","format-standard","has-post-thumbnail","hentry","category-deportes"],"yoast_head":"<!-- This site is optimized with the Yoast SEO plugin v27.3 - https:\/\/yoast.com\/product\/yoast-seo-wordpress\/ -->\n<title>Sorteo de Champions y Europa League ser\u00e1 el 10 de julio -<\/title>\n<meta name=\"robots\" content=\"index, follow, max-snippet:-1, max-image-preview:large, max-video-preview:-1\" \/>\n<link rel=\"canonical\" href=\"https:\/\/quehacerpolitico.mx\/?p=59896\" \/>\n<meta property=\"og:locale\" content=\"es_MX\" \/>\n<meta property=\"og:type\" content=\"article\" \/>\n<meta property=\"og:title\" content=\"Sorteo de Champions y Europa League ser\u00e1 el 10 de julio -\" \/>\n<meta property=\"og:description\" content=\"Sorteo de Champions y Europa League\u00a0ser\u00e1 el 10 de julio Por Redacci\u00f3n QP A falta...\" \/>\n<meta property=\"og:url\" content=\"https:\/\/quehacerpolitico.mx\/?p=59896\" \/>\n<meta property=\"article:published_time\" content=\"2020-06-30T13:20:09+00:00\" \/>\n<meta property=\"og:image\" content=\"https:\/\/quehacerpolitico.mx\/wp-content\/uploads\/2020\/06\/22B541FA-2CDD-456F-B399-0436BB654F33.jpeg\" \/>\n\t<meta property=\"og:image:width\" content=\"320\" \/>\n\t<meta property=\"og:image:height\" content=\"305\" \/>\n\t<meta property=\"og:image:type\" content=\"image\/jpeg\" \/>\n<meta name=\"author\" content=\"Redacci\u00f3n QP\" \/>\n<meta name=\"twitter:card\" content=\"summary_large_image\" \/>\n<meta name=\"twitter:label1\" content=\"Escrito por\" \/>\n\t<meta name=\"twitter:data1\" content=\"Redacci\u00f3n QP\" \/>\n\t<meta name=\"twitter:label2\" content=\"Tiempo de lectura\" \/>\n\t<meta name=\"twitter:data2\" content=\"3 minutos\" \/>\n<script type=\"application\/ld+json\" class=\"yoast-schema-graph\">{\"@context\":\"https:\\\/\\\/schema.org\",\"@graph\":[{\"@type\":\"Article\",\"@id\":\"https:\\\/\\\/quehacerpolitico.mx\\\/?p=59896#article\",\"isPartOf\":{\"@id\":\"https:\\\/\\\/quehacerpolitico.mx\\\/?p=59896\"},\"author\":{\"name\":\"Redacci\u00f3n QP\",\"@id\":\"https:\\\/\\\/quehacerpolitico.mx\\\/#\\\/schema\\\/person\\\/496d8ad2d1d3f8036101dca7ee39e585\"},\"headline\":\"Sorteo de Champions y Europa League ser\u00e1 el 10 de julio\",\"datePublished\":\"2020-06-30T13:20:09+00:00\",\"mainEntityOfPage\":{\"@id\":\"https:\\\/\\\/quehacerpolitico.mx\\\/?p=59896\"},\"wordCount\":674,\"commentCount\":0,\"image\":{\"@id\":\"https:\\\/\\\/quehacerpolitico.mx\\\/?p=59896#primaryimage\"},\"thumbnailUrl\":\"https:\\\/\\\/quehacerpolitico.mx\\\/wp-content\\\/uploads\\\/2020\\\/06\\\/22B541FA-2CDD-456F-B399-0436BB654F33.jpeg\",\"articleSection\":[\"Deportes\"],\"inLanguage\":\"es\",\"potentialAction\":[{\"@type\":\"CommentAction\",\"name\":\"Comment\",\"target\":[\"https:\\\/\\\/quehacerpolitico.mx\\\/?p=59896#respond\"]}]},{\"@type\":\"WebPage\",\"@id\":\"https:\\\/\\\/quehacerpolitico.mx\\\/?p=59896\",\"url\":\"https:\\\/\\\/quehacerpolitico.mx\\\/?p=59896\",\"name\":\"Sorteo de Champions y Europa League ser\u00e1 el 10 de julio -\",\"isPartOf\":{\"@id\":\"https:\\\/\\\/quehacerpolitico.mx\\\/#website\"},\"primaryImageOfPage\":{\"@id\":\"https:\\\/\\\/quehacerpolitico.mx\\\/?p=59896#primaryimage\"},\"image\":{\"@id\":\"https:\\\/\\\/quehacerpolitico.mx\\\/?p=59896#primaryimage\"},\"thumbnailUrl\":\"https:\\\/\\\/quehacerpolitico.mx\\\/wp-content\\\/uploads\\\/2020\\\/06\\\/22B541FA-2CDD-456F-B399-0436BB654F33.jpeg\",\"datePublished\":\"2020-06-30T13:20:09+00:00\",\"author\":{\"@id\":\"https:\\\/\\\/quehacerpolitico.mx\\\/#\\\/schema\\\/person\\\/496d8ad2d1d3f8036101dca7ee39e585\"},\"breadcrumb\":{\"@id\":\"https:\\\/\\\/quehacerpolitico.mx\\\/?p=59896#breadcrumb\"},\"inLanguage\":\"es\",\"potentialAction\":[{\"@type\":\"ReadAction\",\"target\":[\"https:\\\/\\\/quehacerpolitico.mx\\\/?p=59896\"]}]},{\"@type\":\"ImageObject\",\"inLanguage\":\"es\",\"@id\":\"https:\\\/\\\/quehacerpolitico.mx\\\/?p=59896#primaryimage\",\"url\":\"https:\\\/\\\/quehacerpolitico.mx\\\/wp-content\\\/uploads\\\/2020\\\/06\\\/22B541FA-2CDD-456F-B399-0436BB654F33.jpeg\",\"contentUrl\":\"https:\\\/\\\/quehacerpolitico.mx\\\/wp-content\\\/uploads\\\/2020\\\/06\\\/22B541FA-2CDD-456F-B399-0436BB654F33.jpeg\",\"width\":320,\"height\":305},{\"@type\":\"BreadcrumbList\",\"@id\":\"https:\\\/\\\/quehacerpolitico.mx\\\/?p=59896#breadcrumb\",\"itemListElement\":[{\"@type\":\"ListItem\",\"position\":1,\"name\":\"Inicio\",\"item\":\"https:\\\/\\\/quehacerpolitico.mx\\\/\"},{\"@type\":\"ListItem\",\"position\":2,\"name\":\"Sorteo de Champions y Europa League ser\u00e1 el 10 de julio\"}]},{\"@type\":\"WebSite\",\"@id\":\"https:\\\/\\\/quehacerpolitico.mx\\\/#website\",\"url\":\"https:\\\/\\\/quehacerpolitico.mx\\\/\",\"name\":\"\",\"description\":\"\",\"potentialAction\":[{\"@type\":\"SearchAction\",\"target\":{\"@type\":\"EntryPoint\",\"urlTemplate\":\"https:\\\/\\\/quehacerpolitico.mx\\\/?s={search_term_string}\"},\"query-input\":{\"@type\":\"PropertyValueSpecification\",\"valueRequired\":true,\"valueName\":\"search_term_string\"}}],\"inLanguage\":\"es\"},{\"@type\":\"Person\",\"@id\":\"https:\\\/\\\/quehacerpolitico.mx\\\/#\\\/schema\\\/person\\\/496d8ad2d1d3f8036101dca7ee39e585\",\"name\":\"Redacci\u00f3n QP\",\"image\":{\"@type\":\"ImageObject\",\"inLanguage\":\"es\",\"@id\":\"https:\\\/\\\/secure.gravatar.com\\\/avatar\\\/c7164ed6fdec453195284ad24a5ae5b6e1eed2b848477fa2a4787ba9adf39a41?s=96&d=mm&r=g\",\"url\":\"https:\\\/\\\/secure.gravatar.com\\\/avatar\\\/c7164ed6fdec453195284ad24a5ae5b6e1eed2b848477fa2a4787ba9adf39a41?s=96&d=mm&r=g\",\"contentUrl\":\"https:\\\/\\\/secure.gravatar.com\\\/avatar\\\/c7164ed6fdec453195284ad24a5ae5b6e1eed2b848477fa2a4787ba9adf39a41?s=96&d=mm&r=g\",\"caption\":\"Redacci\u00f3n QP\"},\"url\":\"https:\\\/\\\/quehacerpolitico.mx\\\/?author=2\"}]}<\/script>\n<!-- \/ Yoast SEO plugin. -->","yoast_head_json":{"title":"Sorteo de Champions y Europa League ser\u00e1 el 10 de julio -","robots":{"index":"index","follow":"follow","max-snippet":"max-snippet:-1","max-image-preview":"max-image-preview:large","max-video-preview":"max-video-preview:-1"},"canonical":"https:\/\/quehacerpolitico.mx\/?p=59896","og_locale":"es_MX","og_type":"article","og_title":"Sorteo de Champions y Europa League ser\u00e1 el 10 de julio -","og_description":"Sorteo de Champions y Europa League\u00a0ser\u00e1 el 10 de julio Por Redacci\u00f3n QP A falta...","og_url":"https:\/\/quehacerpolitico.mx\/?p=59896","article_published_time":"2020-06-30T13:20:09+00:00","og_image":[{"width":320,"height":305,"url":"https:\/\/quehacerpolitico.mx\/wp-content\/uploads\/2020\/06\/22B541FA-2CDD-456F-B399-0436BB654F33.jpeg","type":"image\/jpeg"}],"author":"Redacci\u00f3n QP","twitter_card":"summary_large_image","twitter_misc":{"Escrito por":"Redacci\u00f3n QP","Tiempo de lectura":"3 minutos"},"schema":{"@context":"https:\/\/schema.org","@graph":[{"@type":"Article","@id":"https:\/\/quehacerpolitico.mx\/?p=59896#article","isPartOf":{"@id":"https:\/\/quehacerpolitico.mx\/?p=59896"},"author":{"name":"Redacci\u00f3n QP","@id":"https:\/\/quehacerpolitico.mx\/#\/schema\/person\/496d8ad2d1d3f8036101dca7ee39e585"},"headline":"Sorteo de Champions y Europa League ser\u00e1 el 10 de julio","datePublished":"2020-06-30T13:20:09+00:00","mainEntityOfPage":{"@id":"https:\/\/quehacerpolitico.mx\/?p=59896"},"wordCount":674,"commentCount":0,"image":{"@id":"https:\/\/quehacerpolitico.mx\/?p=59896#primaryimage"},"thumbnailUrl":"https:\/\/quehacerpolitico.mx\/wp-content\/uploads\/2020\/06\/22B541FA-2CDD-456F-B399-0436BB654F33.jpeg","articleSection":["Deportes"],"inLanguage":"es","potentialAction":[{"@type":"CommentAction","name":"Comment","target":["https:\/\/quehacerpolitico.mx\/?p=59896#respond"]}]},{"@type":"WebPage","@id":"https:\/\/quehacerpolitico.mx\/?p=59896","url":"https:\/\/quehacerpolitico.mx\/?p=59896","name":"Sorteo de Champions y Europa League ser\u00e1 el 10 de julio -","isPartOf":{"@id":"https:\/\/quehacerpolitico.mx\/#website"},"primaryImageOfPage":{"@id":"https:\/\/quehacerpolitico.mx\/?p=59896#primaryimage"},"image":{"@id":"https:\/\/quehacerpolitico.mx\/?p=59896#primaryimage"},"thumbnailUrl":"https:\/\/quehacerpolitico.mx\/wp-content\/uploads\/2020\/06\/22B541FA-2CDD-456F-B399-0436BB654F33.jpeg","datePublished":"2020-06-30T13:20:09+00:00","author":{"@id":"https:\/\/quehacerpolitico.mx\/#\/schema\/person\/496d8ad2d1d3f8036101dca7ee39e585"},"breadcrumb":{"@id":"https:\/\/quehacerpolitico.mx\/?p=59896#breadcrumb"},"inLanguage":"es","potentialAction":[{"@type":"ReadAction","target":["https:\/\/quehacerpolitico.mx\/?p=59896"]}]},{"@type":"ImageObject","inLanguage":"es","@id":"https:\/\/quehacerpolitico.mx\/?p=59896#primaryimage","url":"https:\/\/quehacerpolitico.mx\/wp-content\/uploads\/2020\/06\/22B541FA-2CDD-456F-B399-0436BB654F33.jpeg","contentUrl":"https:\/\/quehacerpolitico.mx\/wp-content\/uploads\/2020\/06\/22B541FA-2CDD-456F-B399-0436BB654F33.jpeg","width":320,"height":305},{"@type":"BreadcrumbList","@id":"https:\/\/quehacerpolitico.mx\/?p=59896#breadcrumb","itemListElement":[{"@type":"ListItem","position":1,"name":"Inicio","item":"https:\/\/quehacerpolitico.mx\/"},{"@type":"ListItem","position":2,"name":"Sorteo de Champions y Europa League ser\u00e1 el 10 de julio"}]},{"@type":"WebSite","@id":"https:\/\/quehacerpolitico.mx\/#website","url":"https:\/\/quehacerpolitico.mx\/","name":"","description":"","potentialAction":[{"@type":"SearchAction","target":{"@type":"EntryPoint","urlTemplate":"https:\/\/quehacerpolitico.mx\/?s={search_term_string}"},"query-input":{"@type":"PropertyValueSpecification","valueRequired":true,"valueName":"search_term_string"}}],"inLanguage":"es"},{"@type":"Person","@id":"https:\/\/quehacerpolitico.mx\/#\/schema\/person\/496d8ad2d1d3f8036101dca7ee39e585","name":"Redacci\u00f3n QP","image":{"@type":"ImageObject","inLanguage":"es","@id":"https:\/\/secure.gravatar.com\/avatar\/c7164ed6fdec453195284ad24a5ae5b6e1eed2b848477fa2a4787ba9adf39a41?s=96&d=mm&r=g","url":"https:\/\/secure.gravatar.com\/avatar\/c7164ed6fdec453195284ad24a5ae5b6e1eed2b848477fa2a4787ba9adf39a41?s=96&d=mm&r=g","contentUrl":"https:\/\/secure.gravatar.com\/avatar\/c7164ed6fdec453195284ad24a5ae5b6e1eed2b848477fa2a4787ba9adf39a41?s=96&d=mm&r=g","caption":"Redacci\u00f3n QP"},"url":"https:\/\/quehacerpolitico.mx\/?author=2"}]}},"featured_image_urls":{"full":["https:\/\/quehacerpolitico.mx\/wp-content\/uploads\/2020\/06\/22B541FA-2CDD-456F-B399-0436BB654F33.jpeg",320,305,false],"thumbnail":["https:\/\/quehacerpolitico.mx\/wp-content\/uploads\/2020\/06\/22B541FA-2CDD-456F-B399-0436BB654F33-150x150.jpeg",150,150,true],"medium":["https:\/\/quehacerpolitico.mx\/wp-content\/uploads\/2020\/06\/22B541FA-2CDD-456F-B399-0436BB654F33-300x286.jpeg",300,286,true],"medium_large":["https:\/\/quehacerpolitico.mx\/wp-content\/uploads\/2020\/06\/22B541FA-2CDD-456F-B399-0436BB654F33.jpeg",320,305,false],"large":["https:\/\/quehacerpolitico.mx\/wp-content\/uploads\/2020\/06\/22B541FA-2CDD-456F-B399-0436BB654F33.jpeg",320,305,false],"1536x1536":["https:\/\/quehacerpolitico.mx\/wp-content\/uploads\/2020\/06\/22B541FA-2CDD-456F-B399-0436BB654F33.jpeg",320,305,false],"2048x2048":["https:\/\/quehacerpolitico.mx\/wp-content\/uploads\/2020\/06\/22B541FA-2CDD-456F-B399-0436BB654F33.jpeg",320,305,false],"covernews-featured":["https:\/\/quehacerpolitico.mx\/wp-content\/uploads\/2020\/06\/22B541FA-2CDD-456F-B399-0436BB654F33.jpeg",320,305,false],"covernews-medium":["https:\/\/quehacerpolitico.mx\/wp-content\/uploads\/2020\/06\/22B541FA-2CDD-456F-B399-0436BB654F33.jpeg",320,305,false]},"author_info":{"display_name":"Redacci\u00f3n QP","author_link":"https:\/\/quehacerpolitico.mx\/?author=2"},"category_info":"<a href=\"https:\/\/quehacerpolitico.mx\/?cat=54\" rel=\"category\">Deportes<\/a>","tag_info":"Deportes","comment_count":"0","_links":{"self":[{"href":"https:\/\/quehacerpolitico.mx\/index.php?rest_route=\/wp\/v2\/posts\/59896","targetHints":{"allow":["GET"]}}],"collection":[{"href":"https:\/\/quehacerpolitico.mx\/index.php?rest_route=\/wp\/v2\/posts"}],"about":[{"href":"https:\/\/quehacerpolitico.mx\/index.php?rest_route=\/wp\/v2\/types\/post"}],"author":[{"embeddable":true,"href":"https:\/\/quehacerpolitico.mx\/index.php?rest_route=\/wp\/v2\/users\/2"}],"replies":[{"embeddable":true,"href":"https:\/\/quehacerpolitico.mx\/index.php?rest_route=%2Fwp%2Fv2%2Fcomments&post=59896"}],"version-history":[{"count":0,"href":"https:\/\/quehacerpolitico.mx\/index.php?rest_route=\/wp\/v2\/posts\/59896\/revisions"}],"wp:featuredmedia":[{"embeddable":true,"href":"https:\/\/quehacerpolitico.mx\/index.php?rest_route=\/wp\/v2\/media\/59897"}],"wp:attachment":[{"href":"https:\/\/quehacerpolitico.mx\/index.php?rest_route=%2Fwp%2Fv2%2Fmedia&parent=59896"}],"wp:term":[{"taxonomy":"category","embeddable":true,"href":"https:\/\/quehacerpolitico.mx\/index.php?rest_route=%2Fwp%2Fv2%2Fcategories&post=59896"},{"taxonomy":"post_tag","embeddable":true,"href":"https:\/\/quehacerpolitico.mx\/index.php?rest_route=%2Fwp%2Fv2%2Ftags&post=59896"}],"curies":[{"name":"wp","href":"https:\/\/api.w.org\/{rel}","templated":true}]}}