{"id":59893,"date":"2020-06-30T08:01:27","date_gmt":"2020-06-30T13:01:27","guid":{"rendered":"http:\/\/quehacerpolitico.mx\/?p=59893"},"modified":"2020-06-30T08:01:27","modified_gmt":"2020-06-30T13:01:27","slug":"voces-del-periodista-desde-filomeno-mata-8-mouris-salloum-george-17-de-fondos-de-retiro-en-manos-extranjeras","status":"publish","type":"post","link":"https:\/\/quehacerpolitico.mx\/?p=59893","title":{"rendered":"Voces del Periodista Desde Filomeno Mata 8\/\/\/Mouris Salloum George\/\/\/17% de fondos de retiro en manos extranjeras"},"content":{"rendered":"<h1 class=\"entry-title penci-entry-title penci-title-\">17% de fondos de retiro en manos extranjeras<br \/>\nPor Mouris Salloum George<\/h1>\n<p>Director General del Club de Periodistas de M\u00e9xico AC<\/p>\n<p>En medio de la <strong><em>hemorragia humana <\/em><\/strong>provocada por la guerra calderoniana, en 2010 qued\u00f3 relegada una informaci\u00f3n cuyo calibre no se ha ponderado <strong>socialmente<\/strong>\u2026 hasta ahora.<\/p>\n<p>Para abrir boca, partamos de un ingenuo supuesto que consiste en creer que los <strong>fondos de retiro de los trabajadores mexicanos<\/strong>, <strong><em>son patrimonio social<\/em><\/strong>, habida cuenta que se forman con aportaciones de obreros y empleados y aleatoriamente de directivos de empresas privadas, as\u00ed como las cuotas de los emprendedores.<\/p>\n<p>Si as\u00ed es, \u00bfesos recursos pueden ser inscritos en el privado <strong>\u00cdndice Mundial de Bonos Gubernamentales <\/strong>(WGBI por sus siglas en ingl\u00e9s)? La marca que hace diez a\u00f1os controlaba este \u00edndice era el grupo financiero estadunidense <strong><em>Citi<\/em><\/strong>.<\/p>\n<p>De un an\u00e1lisis de aquellos tiempos en publicaciones especializadas, recogemos que alg\u00fan tipo de bonos en el mercado internacional no gozan precisamente de popularidad y demanda. Se desa\u00edran como <strong><em>bonos chatarra<\/em><\/strong>.<\/p>\n<p><strong>Se llevan los fondos y los regresan como \u201cinversi\u00f3n extranjera\u201d<\/strong><\/p>\n<p>Cuando <strong>Enrique Pe\u00f1a Nieto <\/strong>emprendi\u00f3 la obra emblem\u00e1tica de su sexenio, el <strong>Nuevo Aeropuerto Internacional de la Ciudad de M\u00e9xico<\/strong>, sali\u00f3 basura a balc\u00f3n: Se financiar\u00eda en parte con los fondos para el retiro de los trabajadores. Uno de nuestros colaboradores relat\u00f3 con pelos y se\u00f1ales c\u00f3mo operadores for\u00e1neos idearon papeles y rutas para tomar recursos de esa fuente a fin de retornarlos bajo la figura de <strong><em>inversi\u00f3n extranjera<\/em><\/strong>.<\/p>\n<p>Dicho lo cual, vamos a nuestros d\u00edas de pandemia: Para febrero de 2020, las privadas Administradoras de Fondo de Retiro (Afore) hab\u00edan acumulado <strong>m\u00e1s de 4 billones de pesos<\/strong>. Para mayo se habr\u00edan incrementado en m\u00e1s de 200 mil millones de pesos. Sus comadres, las Sociedades de Inversi\u00f3n Especializadas (Siefore), deciden <strong><em>discrecionalmente<\/em><\/strong>a que destinos se dirige la inversi\u00f3n.<\/p>\n<p>A la Comisi\u00f3n Nacional del Sistema de Retiro (Consar), seguramente se le notifican aquellas operaciones. Dif\u00edcilmente, en d\u00edas de suspensi\u00f3n de actividades <strong><em>no esenciales<\/em><\/strong>, a titulares de m\u00e1s de 50 millones de cuentas individuales se les tiene al tanto de sus estados de cuenta. No ocurre ni en tiempos \u201cnormales\u201d.<\/p>\n<p>En el oc\u00e9ano del <strong>Covid-19 <\/strong>abundan los pescadores en aguas broncas. Los hay incluso entre m\u00e9dicos privados y las empresas de laboratorios que los subsidian a cambio de recetar sus productos. Pero esta es otra historia.<\/p>\n<p><strong>730 mil millones de pesos favorecen intereses for\u00e1neos<\/strong><\/p>\n<p>Lo que en esta entrega vale destacar, es que en doce meses recientes, a mayo, el apetito de corporativos extranjeros por <strong>dinero ajeno<\/strong>, el de los mexicanos, se dispar\u00f3 de 11.9 por ciento a <strong>17.1 por ciento<\/strong>.<\/p>\n<p>En n\u00fameros relativos, de 464 mil millones a <strong>730 mil millones de pesos<\/strong>. Y contando.<\/p>\n<p>En ese fen\u00f3meno inciden la <strong>devaluaci\u00f3n del peso<\/strong> y mejores rendimientos que en el mercado interno.<\/p>\n<p><strong>L\u00e1stima, Margarito, tu cuenta sufri\u00f3 minusval\u00edas<\/strong><\/p>\n<p>Ahora bien: En la \u201cnormalidad\u201d, la feroz competencia entre las operadoras provoca incesante migraci\u00f3n de los ahorradores de una firma a otra, coartada para no tener al corriente la comunicaci\u00f3n sobre los estados de las cuentas individuales.<\/p>\n<p>La crisis ocupacional por el coronavirus, ha acelerado la solicitud de disposici\u00f3n de recursos en los saldos Afores <strong><em>para llenar tripa de mal a\u00f1o<\/em><\/strong>.<\/p>\n<p>Pero la cuesti\u00f3n es otra: Por ejemplo, en 2017 el \u00cdndice de Precios y Cotizaciones (IPC) de la Bolsa Mexicana de Valores registr\u00f3 jornadas con <strong><em>m\u00e1ximos hist\u00f3ricos<\/em><\/strong>. \u00bfRepercutieron en los estados de cuenta de los ahorradores?<\/p>\n<p>Mientras buscamos alguna respuesta, tenemos documentado el dato inverso: Cuando el IPC cae, el aviso a los due\u00f1os del dinero en el mercado especulativo es: <strong><em>Tu capital resinti\u00f3 una minusval\u00eda<\/em><\/strong>. En d\u00edas de mayo el indicador sufri\u00f3 ca\u00eddas de <strong>m\u00e1s de 5 por ciento<\/strong> en algunas jornadas.<\/p>\n<p>Y ah\u00ed viene, viene, viene, otro mandarriazo: Se cocina la reforma la ley en la materia para que las cuotas se eleven hasta <strong>15 por ciento <\/strong>del salario-aportaci\u00f3n patronal.<\/p>\n<p>\u00a1Qu\u00e9 le vamos a hacer! As\u00ed funciona la <strong><em>mano invisible del mercado<\/em> <\/strong>en el planeta neoliberal.<\/p>\n","protected":false},"excerpt":{"rendered":"<p>17% de fondos de retiro en manos extranjeras Por Mouris Salloum George Director General del&#8230;<\/p>\n","protected":false},"author":2,"featured_media":59894,"comment_status":"open","ping_status":"open","sticky":false,"template":"","format":"standard","meta":{"_monsterinsights_skip_tracking":false,"_monsterinsights_sitenote_active":false,"_monsterinsights_sitenote_note":"","_monsterinsights_sitenote_category":0,"footnotes":""},"categories":[2],"tags":[],"class_list":["post-59893","post","type-post","status-publish","format-standard","has-post-thumbnail","hentry","category-noticias"],"yoast_head":"<!-- This site is optimized with the Yoast SEO plugin v27.3 - https:\/\/yoast.com\/product\/yoast-seo-wordpress\/ -->\n<title>Voces del Periodista Desde Filomeno Mata 8\/\/\/Mouris Salloum George\/\/\/17% de fondos de retiro en manos extranjeras -<\/title>\n<meta name=\"robots\" content=\"index, follow, max-snippet:-1, max-image-preview:large, max-video-preview:-1\" \/>\n<link rel=\"canonical\" href=\"https:\/\/quehacerpolitico.mx\/?p=59893\" \/>\n<meta property=\"og:locale\" content=\"es_MX\" \/>\n<meta property=\"og:type\" content=\"article\" \/>\n<meta property=\"og:title\" content=\"Voces del Periodista Desde Filomeno Mata 8\/\/\/Mouris Salloum George\/\/\/17% de fondos de retiro en manos extranjeras -\" \/>\n<meta property=\"og:description\" content=\"17% de fondos de retiro en manos extranjeras Por Mouris Salloum George Director General del...\" \/>\n<meta property=\"og:url\" content=\"https:\/\/quehacerpolitico.mx\/?p=59893\" \/>\n<meta property=\"article:published_time\" content=\"2020-06-30T13:01:27+00:00\" \/>\n<meta property=\"og:image\" content=\"https:\/\/quehacerpolitico.mx\/wp-content\/uploads\/2020\/06\/14754A10-D404-4BB2-BC24-3669CA1C5152.jpeg\" \/>\n\t<meta property=\"og:image:width\" content=\"400\" \/>\n\t<meta property=\"og:image:height\" content=\"400\" \/>\n\t<meta property=\"og:image:type\" content=\"image\/jpeg\" \/>\n<meta name=\"author\" content=\"Redacci\u00f3n QP\" \/>\n<meta name=\"twitter:card\" content=\"summary_large_image\" \/>\n<meta name=\"twitter:label1\" content=\"Escrito por\" \/>\n\t<meta name=\"twitter:data1\" content=\"Redacci\u00f3n QP\" \/>\n\t<meta name=\"twitter:label2\" content=\"Tiempo de lectura\" \/>\n\t<meta name=\"twitter:data2\" content=\"3 minutos\" \/>\n<script type=\"application\/ld+json\" class=\"yoast-schema-graph\">{\"@context\":\"https:\\\/\\\/schema.org\",\"@graph\":[{\"@type\":\"Article\",\"@id\":\"https:\\\/\\\/quehacerpolitico.mx\\\/?p=59893#article\",\"isPartOf\":{\"@id\":\"https:\\\/\\\/quehacerpolitico.mx\\\/?p=59893\"},\"author\":{\"name\":\"Redacci\u00f3n QP\",\"@id\":\"https:\\\/\\\/quehacerpolitico.mx\\\/#\\\/schema\\\/person\\\/496d8ad2d1d3f8036101dca7ee39e585\"},\"headline\":\"Voces del Periodista Desde Filomeno Mata 8\\\/\\\/\\\/Mouris Salloum George\\\/\\\/\\\/17% de fondos de retiro en manos extranjeras\",\"datePublished\":\"2020-06-30T13:01:27+00:00\",\"mainEntityOfPage\":{\"@id\":\"https:\\\/\\\/quehacerpolitico.mx\\\/?p=59893\"},\"wordCount\":711,\"commentCount\":0,\"image\":{\"@id\":\"https:\\\/\\\/quehacerpolitico.mx\\\/?p=59893#primaryimage\"},\"thumbnailUrl\":\"https:\\\/\\\/quehacerpolitico.mx\\\/wp-content\\\/uploads\\\/2020\\\/06\\\/14754A10-D404-4BB2-BC24-3669CA1C5152.jpeg\",\"articleSection\":[\"Noticias\"],\"inLanguage\":\"es\",\"potentialAction\":[{\"@type\":\"CommentAction\",\"name\":\"Comment\",\"target\":[\"https:\\\/\\\/quehacerpolitico.mx\\\/?p=59893#respond\"]}]},{\"@type\":\"WebPage\",\"@id\":\"https:\\\/\\\/quehacerpolitico.mx\\\/?p=59893\",\"url\":\"https:\\\/\\\/quehacerpolitico.mx\\\/?p=59893\",\"name\":\"Voces del Periodista Desde Filomeno Mata 8\\\/\\\/\\\/Mouris Salloum George\\\/\\\/\\\/17% de fondos de retiro en manos extranjeras -\",\"isPartOf\":{\"@id\":\"https:\\\/\\\/quehacerpolitico.mx\\\/#website\"},\"primaryImageOfPage\":{\"@id\":\"https:\\\/\\\/quehacerpolitico.mx\\\/?p=59893#primaryimage\"},\"image\":{\"@id\":\"https:\\\/\\\/quehacerpolitico.mx\\\/?p=59893#primaryimage\"},\"thumbnailUrl\":\"https:\\\/\\\/quehacerpolitico.mx\\\/wp-content\\\/uploads\\\/2020\\\/06\\\/14754A10-D404-4BB2-BC24-3669CA1C5152.jpeg\",\"datePublished\":\"2020-06-30T13:01:27+00:00\",\"author\":{\"@id\":\"https:\\\/\\\/quehacerpolitico.mx\\\/#\\\/schema\\\/person\\\/496d8ad2d1d3f8036101dca7ee39e585\"},\"breadcrumb\":{\"@id\":\"https:\\\/\\\/quehacerpolitico.mx\\\/?p=59893#breadcrumb\"},\"inLanguage\":\"es\",\"potentialAction\":[{\"@type\":\"ReadAction\",\"target\":[\"https:\\\/\\\/quehacerpolitico.mx\\\/?p=59893\"]}]},{\"@type\":\"ImageObject\",\"inLanguage\":\"es\",\"@id\":\"https:\\\/\\\/quehacerpolitico.mx\\\/?p=59893#primaryimage\",\"url\":\"https:\\\/\\\/quehacerpolitico.mx\\\/wp-content\\\/uploads\\\/2020\\\/06\\\/14754A10-D404-4BB2-BC24-3669CA1C5152.jpeg\",\"contentUrl\":\"https:\\\/\\\/quehacerpolitico.mx\\\/wp-content\\\/uploads\\\/2020\\\/06\\\/14754A10-D404-4BB2-BC24-3669CA1C5152.jpeg\",\"width\":400,\"height\":400},{\"@type\":\"BreadcrumbList\",\"@id\":\"https:\\\/\\\/quehacerpolitico.mx\\\/?p=59893#breadcrumb\",\"itemListElement\":[{\"@type\":\"ListItem\",\"position\":1,\"name\":\"Inicio\",\"item\":\"https:\\\/\\\/quehacerpolitico.mx\\\/\"},{\"@type\":\"ListItem\",\"position\":2,\"name\":\"Voces del Periodista Desde Filomeno Mata 8\\\/\\\/\\\/Mouris Salloum George\\\/\\\/\\\/17% de fondos de retiro en manos extranjeras\"}]},{\"@type\":\"WebSite\",\"@id\":\"https:\\\/\\\/quehacerpolitico.mx\\\/#website\",\"url\":\"https:\\\/\\\/quehacerpolitico.mx\\\/\",\"name\":\"\",\"description\":\"\",\"potentialAction\":[{\"@type\":\"SearchAction\",\"target\":{\"@type\":\"EntryPoint\",\"urlTemplate\":\"https:\\\/\\\/quehacerpolitico.mx\\\/?s={search_term_string}\"},\"query-input\":{\"@type\":\"PropertyValueSpecification\",\"valueRequired\":true,\"valueName\":\"search_term_string\"}}],\"inLanguage\":\"es\"},{\"@type\":\"Person\",\"@id\":\"https:\\\/\\\/quehacerpolitico.mx\\\/#\\\/schema\\\/person\\\/496d8ad2d1d3f8036101dca7ee39e585\",\"name\":\"Redacci\u00f3n QP\",\"image\":{\"@type\":\"ImageObject\",\"inLanguage\":\"es\",\"@id\":\"https:\\\/\\\/secure.gravatar.com\\\/avatar\\\/c7164ed6fdec453195284ad24a5ae5b6e1eed2b848477fa2a4787ba9adf39a41?s=96&d=mm&r=g\",\"url\":\"https:\\\/\\\/secure.gravatar.com\\\/avatar\\\/c7164ed6fdec453195284ad24a5ae5b6e1eed2b848477fa2a4787ba9adf39a41?s=96&d=mm&r=g\",\"contentUrl\":\"https:\\\/\\\/secure.gravatar.com\\\/avatar\\\/c7164ed6fdec453195284ad24a5ae5b6e1eed2b848477fa2a4787ba9adf39a41?s=96&d=mm&r=g\",\"caption\":\"Redacci\u00f3n QP\"},\"url\":\"https:\\\/\\\/quehacerpolitico.mx\\\/?author=2\"}]}<\/script>\n<!-- \/ Yoast SEO plugin. -->","yoast_head_json":{"title":"Voces del Periodista Desde Filomeno Mata 8\/\/\/Mouris Salloum George\/\/\/17% de fondos de retiro en manos extranjeras -","robots":{"index":"index","follow":"follow","max-snippet":"max-snippet:-1","max-image-preview":"max-image-preview:large","max-video-preview":"max-video-preview:-1"},"canonical":"https:\/\/quehacerpolitico.mx\/?p=59893","og_locale":"es_MX","og_type":"article","og_title":"Voces del Periodista Desde Filomeno Mata 8\/\/\/Mouris Salloum George\/\/\/17% de fondos de retiro en manos extranjeras -","og_description":"17% de fondos de retiro en manos extranjeras Por Mouris Salloum George Director General del...","og_url":"https:\/\/quehacerpolitico.mx\/?p=59893","article_published_time":"2020-06-30T13:01:27+00:00","og_image":[{"width":400,"height":400,"url":"https:\/\/quehacerpolitico.mx\/wp-content\/uploads\/2020\/06\/14754A10-D404-4BB2-BC24-3669CA1C5152.jpeg","type":"image\/jpeg"}],"author":"Redacci\u00f3n QP","twitter_card":"summary_large_image","twitter_misc":{"Escrito por":"Redacci\u00f3n QP","Tiempo de lectura":"3 minutos"},"schema":{"@context":"https:\/\/schema.org","@graph":[{"@type":"Article","@id":"https:\/\/quehacerpolitico.mx\/?p=59893#article","isPartOf":{"@id":"https:\/\/quehacerpolitico.mx\/?p=59893"},"author":{"name":"Redacci\u00f3n QP","@id":"https:\/\/quehacerpolitico.mx\/#\/schema\/person\/496d8ad2d1d3f8036101dca7ee39e585"},"headline":"Voces del Periodista Desde Filomeno Mata 8\/\/\/Mouris Salloum George\/\/\/17% de fondos de retiro en manos extranjeras","datePublished":"2020-06-30T13:01:27+00:00","mainEntityOfPage":{"@id":"https:\/\/quehacerpolitico.mx\/?p=59893"},"wordCount":711,"commentCount":0,"image":{"@id":"https:\/\/quehacerpolitico.mx\/?p=59893#primaryimage"},"thumbnailUrl":"https:\/\/quehacerpolitico.mx\/wp-content\/uploads\/2020\/06\/14754A10-D404-4BB2-BC24-3669CA1C5152.jpeg","articleSection":["Noticias"],"inLanguage":"es","potentialAction":[{"@type":"CommentAction","name":"Comment","target":["https:\/\/quehacerpolitico.mx\/?p=59893#respond"]}]},{"@type":"WebPage","@id":"https:\/\/quehacerpolitico.mx\/?p=59893","url":"https:\/\/quehacerpolitico.mx\/?p=59893","name":"Voces del Periodista Desde Filomeno Mata 8\/\/\/Mouris Salloum George\/\/\/17% de fondos de retiro en manos extranjeras -","isPartOf":{"@id":"https:\/\/quehacerpolitico.mx\/#website"},"primaryImageOfPage":{"@id":"https:\/\/quehacerpolitico.mx\/?p=59893#primaryimage"},"image":{"@id":"https:\/\/quehacerpolitico.mx\/?p=59893#primaryimage"},"thumbnailUrl":"https:\/\/quehacerpolitico.mx\/wp-content\/uploads\/2020\/06\/14754A10-D404-4BB2-BC24-3669CA1C5152.jpeg","datePublished":"2020-06-30T13:01:27+00:00","author":{"@id":"https:\/\/quehacerpolitico.mx\/#\/schema\/person\/496d8ad2d1d3f8036101dca7ee39e585"},"breadcrumb":{"@id":"https:\/\/quehacerpolitico.mx\/?p=59893#breadcrumb"},"inLanguage":"es","potentialAction":[{"@type":"ReadAction","target":["https:\/\/quehacerpolitico.mx\/?p=59893"]}]},{"@type":"ImageObject","inLanguage":"es","@id":"https:\/\/quehacerpolitico.mx\/?p=59893#primaryimage","url":"https:\/\/quehacerpolitico.mx\/wp-content\/uploads\/2020\/06\/14754A10-D404-4BB2-BC24-3669CA1C5152.jpeg","contentUrl":"https:\/\/quehacerpolitico.mx\/wp-content\/uploads\/2020\/06\/14754A10-D404-4BB2-BC24-3669CA1C5152.jpeg","width":400,"height":400},{"@type":"BreadcrumbList","@id":"https:\/\/quehacerpolitico.mx\/?p=59893#breadcrumb","itemListElement":[{"@type":"ListItem","position":1,"name":"Inicio","item":"https:\/\/quehacerpolitico.mx\/"},{"@type":"ListItem","position":2,"name":"Voces del Periodista Desde Filomeno Mata 8\/\/\/Mouris Salloum George\/\/\/17% de fondos de retiro en manos extranjeras"}]},{"@type":"WebSite","@id":"https:\/\/quehacerpolitico.mx\/#website","url":"https:\/\/quehacerpolitico.mx\/","name":"","description":"","potentialAction":[{"@type":"SearchAction","target":{"@type":"EntryPoint","urlTemplate":"https:\/\/quehacerpolitico.mx\/?s={search_term_string}"},"query-input":{"@type":"PropertyValueSpecification","valueRequired":true,"valueName":"search_term_string"}}],"inLanguage":"es"},{"@type":"Person","@id":"https:\/\/quehacerpolitico.mx\/#\/schema\/person\/496d8ad2d1d3f8036101dca7ee39e585","name":"Redacci\u00f3n QP","image":{"@type":"ImageObject","inLanguage":"es","@id":"https:\/\/secure.gravatar.com\/avatar\/c7164ed6fdec453195284ad24a5ae5b6e1eed2b848477fa2a4787ba9adf39a41?s=96&d=mm&r=g","url":"https:\/\/secure.gravatar.com\/avatar\/c7164ed6fdec453195284ad24a5ae5b6e1eed2b848477fa2a4787ba9adf39a41?s=96&d=mm&r=g","contentUrl":"https:\/\/secure.gravatar.com\/avatar\/c7164ed6fdec453195284ad24a5ae5b6e1eed2b848477fa2a4787ba9adf39a41?s=96&d=mm&r=g","caption":"Redacci\u00f3n QP"},"url":"https:\/\/quehacerpolitico.mx\/?author=2"}]}},"featured_image_urls":{"full":["https:\/\/quehacerpolitico.mx\/wp-content\/uploads\/2020\/06\/14754A10-D404-4BB2-BC24-3669CA1C5152.jpeg",400,400,false],"thumbnail":["https:\/\/quehacerpolitico.mx\/wp-content\/uploads\/2020\/06\/14754A10-D404-4BB2-BC24-3669CA1C5152-150x150.jpeg",150,150,true],"medium":["https:\/\/quehacerpolitico.mx\/wp-content\/uploads\/2020\/06\/14754A10-D404-4BB2-BC24-3669CA1C5152-300x300.jpeg",300,300,true],"medium_large":["https:\/\/quehacerpolitico.mx\/wp-content\/uploads\/2020\/06\/14754A10-D404-4BB2-BC24-3669CA1C5152.jpeg",400,400,false],"large":["https:\/\/quehacerpolitico.mx\/wp-content\/uploads\/2020\/06\/14754A10-D404-4BB2-BC24-3669CA1C5152.jpeg",400,400,false],"1536x1536":["https:\/\/quehacerpolitico.mx\/wp-content\/uploads\/2020\/06\/14754A10-D404-4BB2-BC24-3669CA1C5152.jpeg",400,400,false],"2048x2048":["https:\/\/quehacerpolitico.mx\/wp-content\/uploads\/2020\/06\/14754A10-D404-4BB2-BC24-3669CA1C5152.jpeg",400,400,false],"covernews-featured":["https:\/\/quehacerpolitico.mx\/wp-content\/uploads\/2020\/06\/14754A10-D404-4BB2-BC24-3669CA1C5152.jpeg",400,400,false],"covernews-medium":["https:\/\/quehacerpolitico.mx\/wp-content\/uploads\/2020\/06\/14754A10-D404-4BB2-BC24-3669CA1C5152.jpeg",340,340,false]},"author_info":{"display_name":"Redacci\u00f3n QP","author_link":"https:\/\/quehacerpolitico.mx\/?author=2"},"category_info":"<a href=\"https:\/\/quehacerpolitico.mx\/?cat=2\" rel=\"category\">Noticias<\/a>","tag_info":"Noticias","comment_count":"0","_links":{"self":[{"href":"https:\/\/quehacerpolitico.mx\/index.php?rest_route=\/wp\/v2\/posts\/59893","targetHints":{"allow":["GET"]}}],"collection":[{"href":"https:\/\/quehacerpolitico.mx\/index.php?rest_route=\/wp\/v2\/posts"}],"about":[{"href":"https:\/\/quehacerpolitico.mx\/index.php?rest_route=\/wp\/v2\/types\/post"}],"author":[{"embeddable":true,"href":"https:\/\/quehacerpolitico.mx\/index.php?rest_route=\/wp\/v2\/users\/2"}],"replies":[{"embeddable":true,"href":"https:\/\/quehacerpolitico.mx\/index.php?rest_route=%2Fwp%2Fv2%2Fcomments&post=59893"}],"version-history":[{"count":0,"href":"https:\/\/quehacerpolitico.mx\/index.php?rest_route=\/wp\/v2\/posts\/59893\/revisions"}],"wp:featuredmedia":[{"embeddable":true,"href":"https:\/\/quehacerpolitico.mx\/index.php?rest_route=\/wp\/v2\/media\/59894"}],"wp:attachment":[{"href":"https:\/\/quehacerpolitico.mx\/index.php?rest_route=%2Fwp%2Fv2%2Fmedia&parent=59893"}],"wp:term":[{"taxonomy":"category","embeddable":true,"href":"https:\/\/quehacerpolitico.mx\/index.php?rest_route=%2Fwp%2Fv2%2Fcategories&post=59893"},{"taxonomy":"post_tag","embeddable":true,"href":"https:\/\/quehacerpolitico.mx\/index.php?rest_route=%2Fwp%2Fv2%2Ftags&post=59893"}],"curies":[{"name":"wp","href":"https:\/\/api.w.org\/{rel}","templated":true}]}}