{"id":59887,"date":"2020-06-29T21:32:46","date_gmt":"2020-06-30T02:32:46","guid":{"rendered":"http:\/\/quehacerpolitico.mx\/?p=59887"},"modified":"2020-06-29T21:32:46","modified_gmt":"2020-06-30T02:32:46","slug":"220-mil-casos-de-covid-19-con-medio-pais-en-semaforo-naranja","status":"publish","type":"post","link":"https:\/\/quehacerpolitico.mx\/?p=59887","title":{"rendered":"220 mil casos de COVID-19 con medio pa\u00eds en sem\u00e1foro naranja"},"content":{"rendered":"<h1 class=\"news-title\">220 mil casos de COVID-19 con medio pa\u00eds en sem\u00e1foro naranja<br \/>\nPor Redacci\u00f3n QP<\/h1>\n<p>La Secretar\u00eda de Salud federal\u00a0informa que el total de fallecidos por el coronavirus asciende a 27 mil 121<\/p>\n<p>A 29 d\u00edas del inicio de la &#8220;nueva normalidad&#8221; y con 18 estados de la Rep\u00fablica en color naranja del sem\u00e1foro de riesgo,\u00a0suman\u00a0220 mil 657 casos positivos de COVID-19 en M\u00e9xico, de los cuales\u00a023 mil 389 casos se encuentran activos, es decir que tuvieron fecha de inicio de s\u00edntomas en los \u00faltimos 14 d\u00edas.<\/p>\n<blockquote class=\"twitter-tweet\" data-width=\"550\" data-dnt=\"true\">\n<p lang=\"es\" dir=\"ltr\">Al 29 de junio de 2020 hay 220,657 casos confirmados, 23,389 confirmados activos y 66,910 sospechosos por <a href=\"https:\/\/twitter.com\/hashtag\/COVID19?src=hash&amp;ref_src=twsrc%5Etfw\">#COVID19<\/a>. Se han registrado 279,035 negativos, 27,121 defunciones confirmadas, 2,055 defunciones sospechosas y fueron estudiadas 566,602 personas. 1\/3 <a href=\"https:\/\/t.co\/H51XStsxaW\">pic.twitter.com\/H51XStsxaW<\/a><\/p>\n<p>&mdash; Hugo L\u00f3pez-Gatell Ram\u00edrez (@HLGatell) <a href=\"https:\/\/twitter.com\/HLGatell\/status\/1277760042213740547?ref_src=twsrc%5Etfw\">June 30, 2020<\/a><\/p><\/blockquote>\n<p><script async src=\"https:\/\/platform.twitter.com\/widgets.js\" charset=\"utf-8\"><\/script><\/p>\n<p>La Secretar\u00eda de Salud federal informa en su conferencia vespertina que <strong>a la fecha suman 27 mil 121 personas fallecidas a causa de la enfermedad<\/strong> causada por el coronavirus.<\/p>\n<p><strong>En las \u00faltimas 24 horas se registraron tres mil 805 casos nuevos de COVID-19 en M\u00e9xico<\/strong>, lo que representa el menor crecimiento porcentual d\u00eda a d\u00eda durante la pandemia en el pa\u00eds, aunque advierten, no representa a\u00fan una tendencia a la baja.<\/p>\n<p><strong>Sobre la ocupaci\u00f3n hospitalaria, se reporta que a nivel nacional se encuentra en un 44%<\/strong>, lo que significa que habr\u00eda m\u00e1s de 14 mil camas disponibles para pacientes graves; en tanto que para pacientes cr\u00edticos las camas con asistencia respiratoria est\u00e1n en 39%, que representa cinco mil 447 espacios disponibles a nivel nacional.<\/p>\n<blockquote class=\"twitter-tweet\" data-width=\"550\" data-dnt=\"true\">\n<p lang=\"es\" dir=\"ltr\">Para Jalisco, <a href=\"https:\/\/twitter.com\/SSalud_mx?ref_src=twsrc%5Etfw\">@SSalud_mx<\/a> reporta que la ocupaci\u00f3n en camas hospitalarias generales es de 23% y subi\u00f3 a 30% en camas con ventilador <a href=\"https:\/\/t.co\/jdG03v74PS\">pic.twitter.com\/jdG03v74PS<\/a><\/p>\n<p>&mdash; RodriGo RiVas UriBe (@RodrigoRivasU) <a href=\"https:\/\/twitter.com\/RodrigoRivasU\/status\/1277759711694200835?ref_src=twsrc%5Etfw\">June 30, 2020<\/a><\/p><\/blockquote>\n<p><script async src=\"https:\/\/platform.twitter.com\/widgets.js\" charset=\"utf-8\"><\/script><\/p>\n<p>Durante la conferencia vespertina sobre coronavirus COVID-19 en M\u00e9xico, se record\u00f3 que a partir de este lunes algunas entidades como Ciudad de M\u00e9xico y Jalisco pasaron al nivel Naranja\u00a0en el sem\u00e1foro de riesgo donde se permiten algunas actividades comerciales como la operaci\u00f3n de hoteles y restaurantes a un 50 por ciento de ocupaci\u00f3n, as\u00ed como parques p\u00fablicos; sin embargo eventos masivos, bares y centros nocturnos deben continuar cerrados.<\/p>\n<h2>Perfil estad\u00edstico de los enfermos de COVID-19 en M\u00e9xico<\/h2>\n<p>En la conferencia vespertina de este lunes, se presentaron detalles sobre la estad\u00edstica y demograf\u00eda de los casos positivos de COVID-19, sin variaciones considerables respecto a reportes previos.<\/p>\n<div>\n<figure class=\"image\"><img decoding=\"async\" title=\"\" src=\"https:\/\/www.informador.mx\/export\/sites\/elinformador\/img\/2020\/06\/29\/covid_edad.png_496108025.png\" alt=\"\" hspace=\"5\" vspace=\"5\" data-height=\"410\" data-size=\"w:911,h:534\" data-width=\"700\" \/><\/figure>\n<\/div>\n<p>&#8220;La mayor carga de casos confirmados est\u00e1 entre los 35 y los 49 a\u00f1os de edad (&#8230;) el 55% de ellos han sido hombres, es decir, un poco m\u00e1s de la mitad&#8221;, explic\u00f3 el doctor Jos\u00e9 Luis Alom\u00eda.<\/p>\n<p>Acerca de las personas fallecidas, los grupos de edad con m\u00e1s incidencia son aquellos a partir de los 55 y hasta los 69 a\u00f1os.<\/p>\n<p>En cuanto a las comorbilidades siguen siendo hipertensi\u00f3n, diabetes y obesidad, los padecimientos m\u00e1s frecuentes entre quienes han perdido la vida.<\/p>\n<blockquote class=\"twitter-tweet\" data-width=\"550\" data-dnt=\"true\">\n<p lang=\"es\" dir=\"ltr\">Conferencia de Prensa <a href=\"https:\/\/twitter.com\/hashtag\/COVID19?src=hash&amp;ref_src=twsrc%5Etfw\">#COVID19<\/a> | 29 de junio de 2020 <a href=\"https:\/\/twitter.com\/hashtag\/GraciasPorCuidarnos?src=hash&amp;ref_src=twsrc%5Etfw\">#GraciasPorCuidarnos<\/a> <a href=\"https:\/\/t.co\/kM6rDJ8xjH\">https:\/\/t.co\/kM6rDJ8xjH<\/a><\/p>\n<p>&mdash; SALUD M\u00e9xico (@SSalud_mx) <a href=\"https:\/\/twitter.com\/SSalud_mx\/status\/1277753017895280641?ref_src=twsrc%5Etfw\">June 29, 2020<\/a><\/p><\/blockquote>\n<p><script async src=\"https:\/\/platform.twitter.com\/widgets.js\" charset=\"utf-8\"><\/script><\/p>\n","protected":false},"excerpt":{"rendered":"<p>220 mil casos de COVID-19 con medio pa\u00eds en sem\u00e1foro naranja Por Redacci\u00f3n QP La&#8230;<\/p>\n","protected":false},"author":2,"featured_media":59891,"comment_status":"open","ping_status":"open","sticky":false,"template":"","format":"standard","meta":{"_monsterinsights_skip_tracking":false,"_monsterinsights_sitenote_active":false,"_monsterinsights_sitenote_note":"","_monsterinsights_sitenote_category":0,"footnotes":""},"categories":[2],"tags":[],"class_list":["post-59887","post","type-post","status-publish","format-standard","has-post-thumbnail","hentry","category-noticias"],"yoast_head":"<!-- This site is optimized with the Yoast SEO plugin v27.3 - https:\/\/yoast.com\/product\/yoast-seo-wordpress\/ -->\n<title>220 mil casos de COVID-19 con medio pa\u00eds en sem\u00e1foro naranja -<\/title>\n<meta name=\"robots\" content=\"index, follow, max-snippet:-1, max-image-preview:large, max-video-preview:-1\" \/>\n<link rel=\"canonical\" href=\"https:\/\/quehacerpolitico.mx\/?p=59887\" \/>\n<meta property=\"og:locale\" content=\"es_MX\" \/>\n<meta property=\"og:type\" content=\"article\" \/>\n<meta property=\"og:title\" content=\"220 mil casos de COVID-19 con medio pa\u00eds en sem\u00e1foro naranja -\" \/>\n<meta property=\"og:description\" content=\"220 mil casos de COVID-19 con medio pa\u00eds en sem\u00e1foro naranja Por Redacci\u00f3n QP La...\" \/>\n<meta property=\"og:url\" content=\"https:\/\/quehacerpolitico.mx\/?p=59887\" \/>\n<meta property=\"article:published_time\" content=\"2020-06-30T02:32:46+00:00\" \/>\n<meta property=\"og:image\" content=\"https:\/\/quehacerpolitico.mx\/wp-content\/uploads\/2020\/06\/10B497EB-7789-4FCD-ABD4-401B40B126FB.jpeg\" \/>\n\t<meta property=\"og:image:width\" content=\"1280\" \/>\n\t<meta property=\"og:image:height\" content=\"853\" \/>\n\t<meta property=\"og:image:type\" content=\"image\/jpeg\" \/>\n<meta name=\"author\" content=\"Redacci\u00f3n QP\" \/>\n<meta name=\"twitter:card\" content=\"summary_large_image\" \/>\n<meta name=\"twitter:label1\" content=\"Escrito por\" \/>\n\t<meta name=\"twitter:data1\" content=\"Redacci\u00f3n QP\" \/>\n\t<meta name=\"twitter:label2\" content=\"Tiempo de lectura\" \/>\n\t<meta name=\"twitter:data2\" content=\"2 minutos\" \/>\n<script type=\"application\/ld+json\" class=\"yoast-schema-graph\">{\"@context\":\"https:\\\/\\\/schema.org\",\"@graph\":[{\"@type\":\"Article\",\"@id\":\"https:\\\/\\\/quehacerpolitico.mx\\\/?p=59887#article\",\"isPartOf\":{\"@id\":\"https:\\\/\\\/quehacerpolitico.mx\\\/?p=59887\"},\"author\":{\"name\":\"Redacci\u00f3n QP\",\"@id\":\"https:\\\/\\\/quehacerpolitico.mx\\\/#\\\/schema\\\/person\\\/496d8ad2d1d3f8036101dca7ee39e585\"},\"headline\":\"220 mil casos de COVID-19 con medio pa\u00eds en sem\u00e1foro naranja\",\"datePublished\":\"2020-06-30T02:32:46+00:00\",\"mainEntityOfPage\":{\"@id\":\"https:\\\/\\\/quehacerpolitico.mx\\\/?p=59887\"},\"wordCount\":447,\"commentCount\":0,\"image\":{\"@id\":\"https:\\\/\\\/quehacerpolitico.mx\\\/?p=59887#primaryimage\"},\"thumbnailUrl\":\"https:\\\/\\\/quehacerpolitico.mx\\\/wp-content\\\/uploads\\\/2020\\\/06\\\/10B497EB-7789-4FCD-ABD4-401B40B126FB.jpeg\",\"articleSection\":[\"Noticias\"],\"inLanguage\":\"es\",\"potentialAction\":[{\"@type\":\"CommentAction\",\"name\":\"Comment\",\"target\":[\"https:\\\/\\\/quehacerpolitico.mx\\\/?p=59887#respond\"]}]},{\"@type\":\"WebPage\",\"@id\":\"https:\\\/\\\/quehacerpolitico.mx\\\/?p=59887\",\"url\":\"https:\\\/\\\/quehacerpolitico.mx\\\/?p=59887\",\"name\":\"220 mil casos de COVID-19 con medio pa\u00eds en sem\u00e1foro naranja -\",\"isPartOf\":{\"@id\":\"https:\\\/\\\/quehacerpolitico.mx\\\/#website\"},\"primaryImageOfPage\":{\"@id\":\"https:\\\/\\\/quehacerpolitico.mx\\\/?p=59887#primaryimage\"},\"image\":{\"@id\":\"https:\\\/\\\/quehacerpolitico.mx\\\/?p=59887#primaryimage\"},\"thumbnailUrl\":\"https:\\\/\\\/quehacerpolitico.mx\\\/wp-content\\\/uploads\\\/2020\\\/06\\\/10B497EB-7789-4FCD-ABD4-401B40B126FB.jpeg\",\"datePublished\":\"2020-06-30T02:32:46+00:00\",\"author\":{\"@id\":\"https:\\\/\\\/quehacerpolitico.mx\\\/#\\\/schema\\\/person\\\/496d8ad2d1d3f8036101dca7ee39e585\"},\"breadcrumb\":{\"@id\":\"https:\\\/\\\/quehacerpolitico.mx\\\/?p=59887#breadcrumb\"},\"inLanguage\":\"es\",\"potentialAction\":[{\"@type\":\"ReadAction\",\"target\":[\"https:\\\/\\\/quehacerpolitico.mx\\\/?p=59887\"]}]},{\"@type\":\"ImageObject\",\"inLanguage\":\"es\",\"@id\":\"https:\\\/\\\/quehacerpolitico.mx\\\/?p=59887#primaryimage\",\"url\":\"https:\\\/\\\/quehacerpolitico.mx\\\/wp-content\\\/uploads\\\/2020\\\/06\\\/10B497EB-7789-4FCD-ABD4-401B40B126FB.jpeg\",\"contentUrl\":\"https:\\\/\\\/quehacerpolitico.mx\\\/wp-content\\\/uploads\\\/2020\\\/06\\\/10B497EB-7789-4FCD-ABD4-401B40B126FB.jpeg\",\"width\":1280,\"height\":853},{\"@type\":\"BreadcrumbList\",\"@id\":\"https:\\\/\\\/quehacerpolitico.mx\\\/?p=59887#breadcrumb\",\"itemListElement\":[{\"@type\":\"ListItem\",\"position\":1,\"name\":\"Inicio\",\"item\":\"https:\\\/\\\/quehacerpolitico.mx\\\/\"},{\"@type\":\"ListItem\",\"position\":2,\"name\":\"220 mil casos de COVID-19 con medio pa\u00eds en sem\u00e1foro naranja\"}]},{\"@type\":\"WebSite\",\"@id\":\"https:\\\/\\\/quehacerpolitico.mx\\\/#website\",\"url\":\"https:\\\/\\\/quehacerpolitico.mx\\\/\",\"name\":\"\",\"description\":\"\",\"potentialAction\":[{\"@type\":\"SearchAction\",\"target\":{\"@type\":\"EntryPoint\",\"urlTemplate\":\"https:\\\/\\\/quehacerpolitico.mx\\\/?s={search_term_string}\"},\"query-input\":{\"@type\":\"PropertyValueSpecification\",\"valueRequired\":true,\"valueName\":\"search_term_string\"}}],\"inLanguage\":\"es\"},{\"@type\":\"Person\",\"@id\":\"https:\\\/\\\/quehacerpolitico.mx\\\/#\\\/schema\\\/person\\\/496d8ad2d1d3f8036101dca7ee39e585\",\"name\":\"Redacci\u00f3n QP\",\"image\":{\"@type\":\"ImageObject\",\"inLanguage\":\"es\",\"@id\":\"https:\\\/\\\/secure.gravatar.com\\\/avatar\\\/c7164ed6fdec453195284ad24a5ae5b6e1eed2b848477fa2a4787ba9adf39a41?s=96&d=mm&r=g\",\"url\":\"https:\\\/\\\/secure.gravatar.com\\\/avatar\\\/c7164ed6fdec453195284ad24a5ae5b6e1eed2b848477fa2a4787ba9adf39a41?s=96&d=mm&r=g\",\"contentUrl\":\"https:\\\/\\\/secure.gravatar.com\\\/avatar\\\/c7164ed6fdec453195284ad24a5ae5b6e1eed2b848477fa2a4787ba9adf39a41?s=96&d=mm&r=g\",\"caption\":\"Redacci\u00f3n QP\"},\"url\":\"https:\\\/\\\/quehacerpolitico.mx\\\/?author=2\"}]}<\/script>\n<!-- \/ Yoast SEO plugin. -->","yoast_head_json":{"title":"220 mil casos de COVID-19 con medio pa\u00eds en sem\u00e1foro naranja -","robots":{"index":"index","follow":"follow","max-snippet":"max-snippet:-1","max-image-preview":"max-image-preview:large","max-video-preview":"max-video-preview:-1"},"canonical":"https:\/\/quehacerpolitico.mx\/?p=59887","og_locale":"es_MX","og_type":"article","og_title":"220 mil casos de COVID-19 con medio pa\u00eds en sem\u00e1foro naranja -","og_description":"220 mil casos de COVID-19 con medio pa\u00eds en sem\u00e1foro naranja Por Redacci\u00f3n QP La...","og_url":"https:\/\/quehacerpolitico.mx\/?p=59887","article_published_time":"2020-06-30T02:32:46+00:00","og_image":[{"width":1280,"height":853,"url":"https:\/\/quehacerpolitico.mx\/wp-content\/uploads\/2020\/06\/10B497EB-7789-4FCD-ABD4-401B40B126FB.jpeg","type":"image\/jpeg"}],"author":"Redacci\u00f3n QP","twitter_card":"summary_large_image","twitter_misc":{"Escrito por":"Redacci\u00f3n QP","Tiempo de lectura":"2 minutos"},"schema":{"@context":"https:\/\/schema.org","@graph":[{"@type":"Article","@id":"https:\/\/quehacerpolitico.mx\/?p=59887#article","isPartOf":{"@id":"https:\/\/quehacerpolitico.mx\/?p=59887"},"author":{"name":"Redacci\u00f3n QP","@id":"https:\/\/quehacerpolitico.mx\/#\/schema\/person\/496d8ad2d1d3f8036101dca7ee39e585"},"headline":"220 mil casos de COVID-19 con medio pa\u00eds en sem\u00e1foro naranja","datePublished":"2020-06-30T02:32:46+00:00","mainEntityOfPage":{"@id":"https:\/\/quehacerpolitico.mx\/?p=59887"},"wordCount":447,"commentCount":0,"image":{"@id":"https:\/\/quehacerpolitico.mx\/?p=59887#primaryimage"},"thumbnailUrl":"https:\/\/quehacerpolitico.mx\/wp-content\/uploads\/2020\/06\/10B497EB-7789-4FCD-ABD4-401B40B126FB.jpeg","articleSection":["Noticias"],"inLanguage":"es","potentialAction":[{"@type":"CommentAction","name":"Comment","target":["https:\/\/quehacerpolitico.mx\/?p=59887#respond"]}]},{"@type":"WebPage","@id":"https:\/\/quehacerpolitico.mx\/?p=59887","url":"https:\/\/quehacerpolitico.mx\/?p=59887","name":"220 mil casos de COVID-19 con medio pa\u00eds en sem\u00e1foro naranja -","isPartOf":{"@id":"https:\/\/quehacerpolitico.mx\/#website"},"primaryImageOfPage":{"@id":"https:\/\/quehacerpolitico.mx\/?p=59887#primaryimage"},"image":{"@id":"https:\/\/quehacerpolitico.mx\/?p=59887#primaryimage"},"thumbnailUrl":"https:\/\/quehacerpolitico.mx\/wp-content\/uploads\/2020\/06\/10B497EB-7789-4FCD-ABD4-401B40B126FB.jpeg","datePublished":"2020-06-30T02:32:46+00:00","author":{"@id":"https:\/\/quehacerpolitico.mx\/#\/schema\/person\/496d8ad2d1d3f8036101dca7ee39e585"},"breadcrumb":{"@id":"https:\/\/quehacerpolitico.mx\/?p=59887#breadcrumb"},"inLanguage":"es","potentialAction":[{"@type":"ReadAction","target":["https:\/\/quehacerpolitico.mx\/?p=59887"]}]},{"@type":"ImageObject","inLanguage":"es","@id":"https:\/\/quehacerpolitico.mx\/?p=59887#primaryimage","url":"https:\/\/quehacerpolitico.mx\/wp-content\/uploads\/2020\/06\/10B497EB-7789-4FCD-ABD4-401B40B126FB.jpeg","contentUrl":"https:\/\/quehacerpolitico.mx\/wp-content\/uploads\/2020\/06\/10B497EB-7789-4FCD-ABD4-401B40B126FB.jpeg","width":1280,"height":853},{"@type":"BreadcrumbList","@id":"https:\/\/quehacerpolitico.mx\/?p=59887#breadcrumb","itemListElement":[{"@type":"ListItem","position":1,"name":"Inicio","item":"https:\/\/quehacerpolitico.mx\/"},{"@type":"ListItem","position":2,"name":"220 mil casos de COVID-19 con medio pa\u00eds en sem\u00e1foro naranja"}]},{"@type":"WebSite","@id":"https:\/\/quehacerpolitico.mx\/#website","url":"https:\/\/quehacerpolitico.mx\/","name":"","description":"","potentialAction":[{"@type":"SearchAction","target":{"@type":"EntryPoint","urlTemplate":"https:\/\/quehacerpolitico.mx\/?s={search_term_string}"},"query-input":{"@type":"PropertyValueSpecification","valueRequired":true,"valueName":"search_term_string"}}],"inLanguage":"es"},{"@type":"Person","@id":"https:\/\/quehacerpolitico.mx\/#\/schema\/person\/496d8ad2d1d3f8036101dca7ee39e585","name":"Redacci\u00f3n QP","image":{"@type":"ImageObject","inLanguage":"es","@id":"https:\/\/secure.gravatar.com\/avatar\/c7164ed6fdec453195284ad24a5ae5b6e1eed2b848477fa2a4787ba9adf39a41?s=96&d=mm&r=g","url":"https:\/\/secure.gravatar.com\/avatar\/c7164ed6fdec453195284ad24a5ae5b6e1eed2b848477fa2a4787ba9adf39a41?s=96&d=mm&r=g","contentUrl":"https:\/\/secure.gravatar.com\/avatar\/c7164ed6fdec453195284ad24a5ae5b6e1eed2b848477fa2a4787ba9adf39a41?s=96&d=mm&r=g","caption":"Redacci\u00f3n QP"},"url":"https:\/\/quehacerpolitico.mx\/?author=2"}]}},"featured_image_urls":{"full":["https:\/\/quehacerpolitico.mx\/wp-content\/uploads\/2020\/06\/10B497EB-7789-4FCD-ABD4-401B40B126FB.jpeg",1280,853,false],"thumbnail":["https:\/\/quehacerpolitico.mx\/wp-content\/uploads\/2020\/06\/10B497EB-7789-4FCD-ABD4-401B40B126FB-150x150.jpeg",150,150,true],"medium":["https:\/\/quehacerpolitico.mx\/wp-content\/uploads\/2020\/06\/10B497EB-7789-4FCD-ABD4-401B40B126FB-300x200.jpeg",300,200,true],"medium_large":["https:\/\/quehacerpolitico.mx\/wp-content\/uploads\/2020\/06\/10B497EB-7789-4FCD-ABD4-401B40B126FB-768x512.jpeg",640,427,true],"large":["https:\/\/quehacerpolitico.mx\/wp-content\/uploads\/2020\/06\/10B497EB-7789-4FCD-ABD4-401B40B126FB-1024x682.jpeg",640,426,true],"1536x1536":["https:\/\/quehacerpolitico.mx\/wp-content\/uploads\/2020\/06\/10B497EB-7789-4FCD-ABD4-401B40B126FB.jpeg",1280,853,false],"2048x2048":["https:\/\/quehacerpolitico.mx\/wp-content\/uploads\/2020\/06\/10B497EB-7789-4FCD-ABD4-401B40B126FB.jpeg",1280,853,false],"covernews-featured":["https:\/\/quehacerpolitico.mx\/wp-content\/uploads\/2020\/06\/10B497EB-7789-4FCD-ABD4-401B40B126FB.jpeg",1024,682,false],"covernews-medium":["https:\/\/quehacerpolitico.mx\/wp-content\/uploads\/2020\/06\/10B497EB-7789-4FCD-ABD4-401B40B126FB.jpeg",510,340,false]},"author_info":{"display_name":"Redacci\u00f3n QP","author_link":"https:\/\/quehacerpolitico.mx\/?author=2"},"category_info":"<a href=\"https:\/\/quehacerpolitico.mx\/?cat=2\" rel=\"category\">Noticias<\/a>","tag_info":"Noticias","comment_count":"0","_links":{"self":[{"href":"https:\/\/quehacerpolitico.mx\/index.php?rest_route=\/wp\/v2\/posts\/59887","targetHints":{"allow":["GET"]}}],"collection":[{"href":"https:\/\/quehacerpolitico.mx\/index.php?rest_route=\/wp\/v2\/posts"}],"about":[{"href":"https:\/\/quehacerpolitico.mx\/index.php?rest_route=\/wp\/v2\/types\/post"}],"author":[{"embeddable":true,"href":"https:\/\/quehacerpolitico.mx\/index.php?rest_route=\/wp\/v2\/users\/2"}],"replies":[{"embeddable":true,"href":"https:\/\/quehacerpolitico.mx\/index.php?rest_route=%2Fwp%2Fv2%2Fcomments&post=59887"}],"version-history":[{"count":0,"href":"https:\/\/quehacerpolitico.mx\/index.php?rest_route=\/wp\/v2\/posts\/59887\/revisions"}],"wp:featuredmedia":[{"embeddable":true,"href":"https:\/\/quehacerpolitico.mx\/index.php?rest_route=\/wp\/v2\/media\/59891"}],"wp:attachment":[{"href":"https:\/\/quehacerpolitico.mx\/index.php?rest_route=%2Fwp%2Fv2%2Fmedia&parent=59887"}],"wp:term":[{"taxonomy":"category","embeddable":true,"href":"https:\/\/quehacerpolitico.mx\/index.php?rest_route=%2Fwp%2Fv2%2Fcategories&post=59887"},{"taxonomy":"post_tag","embeddable":true,"href":"https:\/\/quehacerpolitico.mx\/index.php?rest_route=%2Fwp%2Fv2%2Ftags&post=59887"}],"curies":[{"name":"wp","href":"https:\/\/api.w.org\/{rel}","templated":true}]}}