{"id":59884,"date":"2020-06-29T15:27:44","date_gmt":"2020-06-29T20:27:44","guid":{"rendered":"http:\/\/quehacerpolitico.mx\/?p=59884"},"modified":"2020-06-29T15:27:44","modified_gmt":"2020-06-29T20:27:44","slug":"dobleces-israel-mendoza-perez-dos-anos-de-polarizacion","status":"publish","type":"post","link":"https:\/\/quehacerpolitico.mx\/?p=59884","title":{"rendered":"Dobleces\/\/\/Israel Mendoza P\u00e9rez\/\/\/Dos a\u00f1os de polarizaci\u00f3n"},"content":{"rendered":"<h1 class=\"fSize30\">Dos a\u00f1os de polarizaci\u00f3n<br \/>\nPor Israel Mendoza P\u00e9rez<\/h1>\n<p>\u00c9se es uno de los resultados a dos a\u00f1os del triunfo del gobierno de la cuatrot\u00e9. La democracia postransformaci\u00f3n se encuentra en una polarizaci\u00f3n elevada que tiene como efecto posiciones irreconciliables, lo que dificulta la posibilidad de alcanzar acuerdos y d\u00eda a d\u00eda se radicalizan las posiciones.<\/p>\n<p>A dos a\u00f1os del triunfo del presidente\u00a0<b>Andr\u00e9s Manuel L\u00f3pez Obrador<\/b>, la polarizaci\u00f3n pol\u00edtica se filtr\u00f3, como moho, hasta alcanzar a los diferentes sectores sociales entre los cuales el choque es la v\u00eda sin retorno. La atomizaci\u00f3n de las ideolog\u00edas y la lucha de contrarios es la esencia que mantiene en pie el proyecto llamado Cuarta Transformaci\u00f3n.<\/p>\n<p>La profundidad de la divisi\u00f3n pol\u00edtica y social del pa\u00eds no tiene parang\u00f3n. En 2006 cuando se ten\u00eda una presidencia leg\u00edtima y una \u201cpresidencia espuria\u201d todo se encontraba en la arena pol\u00edtica y en los c\u00edrculos de opin\u00f3cratas. Los ciudadanos eran espectadores de ambos bandos, los paneg\u00edricos del llamado \u201cproyecto alternativo de naci\u00f3n\u201d eran part\u00edcipes de las arengas. Ahora son actuantes directos y en redes sociales, dispuestos a la defensa violenta del modelo pol\u00edtico-econ\u00f3mico de la 4-T.<\/p>\n<p>De acuerdo con la encuesta M\u00e9xico \u00bfpa\u00eds polarizado? Opiniones encontradas sobre el panorama nacional, realizado por el Centro de Opini\u00f3n P\u00fablica de la Universidad del Valle de M\u00e9xico, 72% de los encuestados cree es de incertidumbre (versus 28% que percibe certidumbre), 65% de divisi\u00f3n (versus 35% de conciliaci\u00f3n), 62% de desconfianza en el gobierno (versus 38% de confianza) y para 61% de enojo (versus 39% de alegr\u00eda).<\/p>\n<p>El llamado del presidente Andr\u00e9s Manuel L\u00f3pez Obrador a definir los bandos nada de medias tintas ni simulaciones en donde se debe expresar si se est\u00e1 a favor de la transformaci\u00f3n o se apuesta porque se mantengan los privilegios y el conservadurismo. La divisi\u00f3n entre ricos y pobres, liberales y conservadores mantiene al pa\u00eds al borde de una confrontaci\u00f3n con visos de estallido social. Los comicios electorales de 2021 y la revocaci\u00f3n del mandato en 2022 son componentes id\u00f3neos para la divisi\u00f3n total del pa\u00eds.<\/p>\n<p>\u00c9se es uno de los resultados a dos a\u00f1os del triunfo del gobierno de la cuatrot\u00e9. La democracia postransformaci\u00f3n se encuentra en una polarizaci\u00f3n elevada que tiene como efecto posiciones irreconciliables, lo que dificulta la posibilidad de alcanzar acuerdos y d\u00eda a d\u00eda se radicalizan las posiciones.<\/p>\n<p>A final de cuentas, L\u00f3pez Obrador mantiene la tensi\u00f3n y el conflicto con los llamados \u201cconservadores\u201d ya que los necesita para justificar su proyecto y decisiones. Si existe resistencia tiene a quien culpar de que el proyecto no avance a los pasos agigantados deseados. Ideol\u00f3gicamente, los necesita para contrastar lo que se hace en la actualidad y lo que hac\u00eda en el pasado neoliberal.<\/p>\n<p>La pol\u00edtica de la polarizaci\u00f3n puesta en marcha desde hace dos a\u00f1os es m\u00e1s compleja de lo visto. No s\u00f3lo se trata de un gobierno contra una oposici\u00f3n opuesta a su ideolog\u00edas. Sino que va m\u00e1s all\u00e1 del c\u00edrculo de partidos pol\u00edticos. Grupos de ambientalistas, defensores de derechos humanos e inclusive de la guerrilla que bien podr\u00edan ser afines a la ideolog\u00eda dictada desde Palacio tambi\u00e9n se ubican en el espectro de la confrontaci\u00f3n por la marcada diferencia de proyectos.<\/p>\n<p>El bono electoral que inici\u00f3 desde el mismo 2 de julio de 2018 ya se encuentra desgastado por un ejercicio del poder dedicado a buscar antagonismos y no la unidad. A buscar culpables del pasado y no resultados planeados y as\u00ed contin\u00faa este proyecto de naci\u00f3n confrontado y plagado de antagonismos.<\/p>\n","protected":false},"excerpt":{"rendered":"<p>Dos a\u00f1os de polarizaci\u00f3n Por Israel Mendoza P\u00e9rez \u00c9se es uno de los resultados a&#8230;<\/p>\n","protected":false},"author":2,"featured_media":59885,"comment_status":"open","ping_status":"open","sticky":false,"template":"","format":"standard","meta":{"_monsterinsights_skip_tracking":false,"_monsterinsights_sitenote_active":false,"_monsterinsights_sitenote_note":"","_monsterinsights_sitenote_category":0,"footnotes":""},"categories":[2],"tags":[],"class_list":["post-59884","post","type-post","status-publish","format-standard","has-post-thumbnail","hentry","category-noticias"],"yoast_head":"<!-- This site is optimized with the Yoast SEO plugin v27.3 - https:\/\/yoast.com\/product\/yoast-seo-wordpress\/ -->\n<title>Dobleces\/\/\/Israel Mendoza P\u00e9rez\/\/\/Dos a\u00f1os de polarizaci\u00f3n -<\/title>\n<meta name=\"robots\" content=\"index, follow, max-snippet:-1, max-image-preview:large, max-video-preview:-1\" \/>\n<link rel=\"canonical\" href=\"https:\/\/quehacerpolitico.mx\/?p=59884\" \/>\n<meta property=\"og:locale\" content=\"es_MX\" \/>\n<meta property=\"og:type\" content=\"article\" \/>\n<meta property=\"og:title\" content=\"Dobleces\/\/\/Israel Mendoza P\u00e9rez\/\/\/Dos a\u00f1os de polarizaci\u00f3n -\" \/>\n<meta property=\"og:description\" content=\"Dos a\u00f1os de polarizaci\u00f3n Por Israel Mendoza P\u00e9rez \u00c9se es uno de los resultados a...\" \/>\n<meta property=\"og:url\" content=\"https:\/\/quehacerpolitico.mx\/?p=59884\" \/>\n<meta property=\"article:published_time\" content=\"2020-06-29T20:27:44+00:00\" \/>\n<meta property=\"og:image\" content=\"https:\/\/quehacerpolitico.mx\/wp-content\/uploads\/2020\/06\/802951DE-4155-41F3-8E34-829B06A17E75.jpeg\" \/>\n\t<meta property=\"og:image:width\" content=\"512\" \/>\n\t<meta property=\"og:image:height\" content=\"253\" \/>\n\t<meta property=\"og:image:type\" content=\"image\/jpeg\" \/>\n<meta name=\"author\" content=\"Redacci\u00f3n QP\" \/>\n<meta name=\"twitter:card\" content=\"summary_large_image\" \/>\n<meta name=\"twitter:label1\" content=\"Escrito por\" \/>\n\t<meta name=\"twitter:data1\" content=\"Redacci\u00f3n QP\" \/>\n\t<meta name=\"twitter:label2\" content=\"Tiempo de lectura\" \/>\n\t<meta name=\"twitter:data2\" content=\"3 minutos\" \/>\n<script type=\"application\/ld+json\" class=\"yoast-schema-graph\">{\"@context\":\"https:\\\/\\\/schema.org\",\"@graph\":[{\"@type\":\"Article\",\"@id\":\"https:\\\/\\\/quehacerpolitico.mx\\\/?p=59884#article\",\"isPartOf\":{\"@id\":\"https:\\\/\\\/quehacerpolitico.mx\\\/?p=59884\"},\"author\":{\"name\":\"Redacci\u00f3n QP\",\"@id\":\"https:\\\/\\\/quehacerpolitico.mx\\\/#\\\/schema\\\/person\\\/496d8ad2d1d3f8036101dca7ee39e585\"},\"headline\":\"Dobleces\\\/\\\/\\\/Israel Mendoza P\u00e9rez\\\/\\\/\\\/Dos a\u00f1os de polarizaci\u00f3n\",\"datePublished\":\"2020-06-29T20:27:44+00:00\",\"mainEntityOfPage\":{\"@id\":\"https:\\\/\\\/quehacerpolitico.mx\\\/?p=59884\"},\"wordCount\":655,\"commentCount\":0,\"image\":{\"@id\":\"https:\\\/\\\/quehacerpolitico.mx\\\/?p=59884#primaryimage\"},\"thumbnailUrl\":\"https:\\\/\\\/quehacerpolitico.mx\\\/wp-content\\\/uploads\\\/2020\\\/06\\\/802951DE-4155-41F3-8E34-829B06A17E75.jpeg\",\"articleSection\":[\"Noticias\"],\"inLanguage\":\"es\",\"potentialAction\":[{\"@type\":\"CommentAction\",\"name\":\"Comment\",\"target\":[\"https:\\\/\\\/quehacerpolitico.mx\\\/?p=59884#respond\"]}]},{\"@type\":\"WebPage\",\"@id\":\"https:\\\/\\\/quehacerpolitico.mx\\\/?p=59884\",\"url\":\"https:\\\/\\\/quehacerpolitico.mx\\\/?p=59884\",\"name\":\"Dobleces\\\/\\\/\\\/Israel Mendoza P\u00e9rez\\\/\\\/\\\/Dos a\u00f1os de polarizaci\u00f3n -\",\"isPartOf\":{\"@id\":\"https:\\\/\\\/quehacerpolitico.mx\\\/#website\"},\"primaryImageOfPage\":{\"@id\":\"https:\\\/\\\/quehacerpolitico.mx\\\/?p=59884#primaryimage\"},\"image\":{\"@id\":\"https:\\\/\\\/quehacerpolitico.mx\\\/?p=59884#primaryimage\"},\"thumbnailUrl\":\"https:\\\/\\\/quehacerpolitico.mx\\\/wp-content\\\/uploads\\\/2020\\\/06\\\/802951DE-4155-41F3-8E34-829B06A17E75.jpeg\",\"datePublished\":\"2020-06-29T20:27:44+00:00\",\"author\":{\"@id\":\"https:\\\/\\\/quehacerpolitico.mx\\\/#\\\/schema\\\/person\\\/496d8ad2d1d3f8036101dca7ee39e585\"},\"breadcrumb\":{\"@id\":\"https:\\\/\\\/quehacerpolitico.mx\\\/?p=59884#breadcrumb\"},\"inLanguage\":\"es\",\"potentialAction\":[{\"@type\":\"ReadAction\",\"target\":[\"https:\\\/\\\/quehacerpolitico.mx\\\/?p=59884\"]}]},{\"@type\":\"ImageObject\",\"inLanguage\":\"es\",\"@id\":\"https:\\\/\\\/quehacerpolitico.mx\\\/?p=59884#primaryimage\",\"url\":\"https:\\\/\\\/quehacerpolitico.mx\\\/wp-content\\\/uploads\\\/2020\\\/06\\\/802951DE-4155-41F3-8E34-829B06A17E75.jpeg\",\"contentUrl\":\"https:\\\/\\\/quehacerpolitico.mx\\\/wp-content\\\/uploads\\\/2020\\\/06\\\/802951DE-4155-41F3-8E34-829B06A17E75.jpeg\",\"width\":512,\"height\":253},{\"@type\":\"BreadcrumbList\",\"@id\":\"https:\\\/\\\/quehacerpolitico.mx\\\/?p=59884#breadcrumb\",\"itemListElement\":[{\"@type\":\"ListItem\",\"position\":1,\"name\":\"Inicio\",\"item\":\"https:\\\/\\\/quehacerpolitico.mx\\\/\"},{\"@type\":\"ListItem\",\"position\":2,\"name\":\"Dobleces\\\/\\\/\\\/Israel Mendoza P\u00e9rez\\\/\\\/\\\/Dos a\u00f1os de polarizaci\u00f3n\"}]},{\"@type\":\"WebSite\",\"@id\":\"https:\\\/\\\/quehacerpolitico.mx\\\/#website\",\"url\":\"https:\\\/\\\/quehacerpolitico.mx\\\/\",\"name\":\"\",\"description\":\"\",\"potentialAction\":[{\"@type\":\"SearchAction\",\"target\":{\"@type\":\"EntryPoint\",\"urlTemplate\":\"https:\\\/\\\/quehacerpolitico.mx\\\/?s={search_term_string}\"},\"query-input\":{\"@type\":\"PropertyValueSpecification\",\"valueRequired\":true,\"valueName\":\"search_term_string\"}}],\"inLanguage\":\"es\"},{\"@type\":\"Person\",\"@id\":\"https:\\\/\\\/quehacerpolitico.mx\\\/#\\\/schema\\\/person\\\/496d8ad2d1d3f8036101dca7ee39e585\",\"name\":\"Redacci\u00f3n QP\",\"image\":{\"@type\":\"ImageObject\",\"inLanguage\":\"es\",\"@id\":\"https:\\\/\\\/secure.gravatar.com\\\/avatar\\\/c7164ed6fdec453195284ad24a5ae5b6e1eed2b848477fa2a4787ba9adf39a41?s=96&d=mm&r=g\",\"url\":\"https:\\\/\\\/secure.gravatar.com\\\/avatar\\\/c7164ed6fdec453195284ad24a5ae5b6e1eed2b848477fa2a4787ba9adf39a41?s=96&d=mm&r=g\",\"contentUrl\":\"https:\\\/\\\/secure.gravatar.com\\\/avatar\\\/c7164ed6fdec453195284ad24a5ae5b6e1eed2b848477fa2a4787ba9adf39a41?s=96&d=mm&r=g\",\"caption\":\"Redacci\u00f3n QP\"},\"url\":\"https:\\\/\\\/quehacerpolitico.mx\\\/?author=2\"}]}<\/script>\n<!-- \/ Yoast SEO plugin. -->","yoast_head_json":{"title":"Dobleces\/\/\/Israel Mendoza P\u00e9rez\/\/\/Dos a\u00f1os de polarizaci\u00f3n -","robots":{"index":"index","follow":"follow","max-snippet":"max-snippet:-1","max-image-preview":"max-image-preview:large","max-video-preview":"max-video-preview:-1"},"canonical":"https:\/\/quehacerpolitico.mx\/?p=59884","og_locale":"es_MX","og_type":"article","og_title":"Dobleces\/\/\/Israel Mendoza P\u00e9rez\/\/\/Dos a\u00f1os de polarizaci\u00f3n -","og_description":"Dos a\u00f1os de polarizaci\u00f3n Por Israel Mendoza P\u00e9rez \u00c9se es uno de los resultados a...","og_url":"https:\/\/quehacerpolitico.mx\/?p=59884","article_published_time":"2020-06-29T20:27:44+00:00","og_image":[{"width":512,"height":253,"url":"https:\/\/quehacerpolitico.mx\/wp-content\/uploads\/2020\/06\/802951DE-4155-41F3-8E34-829B06A17E75.jpeg","type":"image\/jpeg"}],"author":"Redacci\u00f3n QP","twitter_card":"summary_large_image","twitter_misc":{"Escrito por":"Redacci\u00f3n QP","Tiempo de lectura":"3 minutos"},"schema":{"@context":"https:\/\/schema.org","@graph":[{"@type":"Article","@id":"https:\/\/quehacerpolitico.mx\/?p=59884#article","isPartOf":{"@id":"https:\/\/quehacerpolitico.mx\/?p=59884"},"author":{"name":"Redacci\u00f3n QP","@id":"https:\/\/quehacerpolitico.mx\/#\/schema\/person\/496d8ad2d1d3f8036101dca7ee39e585"},"headline":"Dobleces\/\/\/Israel Mendoza P\u00e9rez\/\/\/Dos a\u00f1os de polarizaci\u00f3n","datePublished":"2020-06-29T20:27:44+00:00","mainEntityOfPage":{"@id":"https:\/\/quehacerpolitico.mx\/?p=59884"},"wordCount":655,"commentCount":0,"image":{"@id":"https:\/\/quehacerpolitico.mx\/?p=59884#primaryimage"},"thumbnailUrl":"https:\/\/quehacerpolitico.mx\/wp-content\/uploads\/2020\/06\/802951DE-4155-41F3-8E34-829B06A17E75.jpeg","articleSection":["Noticias"],"inLanguage":"es","potentialAction":[{"@type":"CommentAction","name":"Comment","target":["https:\/\/quehacerpolitico.mx\/?p=59884#respond"]}]},{"@type":"WebPage","@id":"https:\/\/quehacerpolitico.mx\/?p=59884","url":"https:\/\/quehacerpolitico.mx\/?p=59884","name":"Dobleces\/\/\/Israel Mendoza P\u00e9rez\/\/\/Dos a\u00f1os de polarizaci\u00f3n -","isPartOf":{"@id":"https:\/\/quehacerpolitico.mx\/#website"},"primaryImageOfPage":{"@id":"https:\/\/quehacerpolitico.mx\/?p=59884#primaryimage"},"image":{"@id":"https:\/\/quehacerpolitico.mx\/?p=59884#primaryimage"},"thumbnailUrl":"https:\/\/quehacerpolitico.mx\/wp-content\/uploads\/2020\/06\/802951DE-4155-41F3-8E34-829B06A17E75.jpeg","datePublished":"2020-06-29T20:27:44+00:00","author":{"@id":"https:\/\/quehacerpolitico.mx\/#\/schema\/person\/496d8ad2d1d3f8036101dca7ee39e585"},"breadcrumb":{"@id":"https:\/\/quehacerpolitico.mx\/?p=59884#breadcrumb"},"inLanguage":"es","potentialAction":[{"@type":"ReadAction","target":["https:\/\/quehacerpolitico.mx\/?p=59884"]}]},{"@type":"ImageObject","inLanguage":"es","@id":"https:\/\/quehacerpolitico.mx\/?p=59884#primaryimage","url":"https:\/\/quehacerpolitico.mx\/wp-content\/uploads\/2020\/06\/802951DE-4155-41F3-8E34-829B06A17E75.jpeg","contentUrl":"https:\/\/quehacerpolitico.mx\/wp-content\/uploads\/2020\/06\/802951DE-4155-41F3-8E34-829B06A17E75.jpeg","width":512,"height":253},{"@type":"BreadcrumbList","@id":"https:\/\/quehacerpolitico.mx\/?p=59884#breadcrumb","itemListElement":[{"@type":"ListItem","position":1,"name":"Inicio","item":"https:\/\/quehacerpolitico.mx\/"},{"@type":"ListItem","position":2,"name":"Dobleces\/\/\/Israel Mendoza P\u00e9rez\/\/\/Dos a\u00f1os de polarizaci\u00f3n"}]},{"@type":"WebSite","@id":"https:\/\/quehacerpolitico.mx\/#website","url":"https:\/\/quehacerpolitico.mx\/","name":"","description":"","potentialAction":[{"@type":"SearchAction","target":{"@type":"EntryPoint","urlTemplate":"https:\/\/quehacerpolitico.mx\/?s={search_term_string}"},"query-input":{"@type":"PropertyValueSpecification","valueRequired":true,"valueName":"search_term_string"}}],"inLanguage":"es"},{"@type":"Person","@id":"https:\/\/quehacerpolitico.mx\/#\/schema\/person\/496d8ad2d1d3f8036101dca7ee39e585","name":"Redacci\u00f3n QP","image":{"@type":"ImageObject","inLanguage":"es","@id":"https:\/\/secure.gravatar.com\/avatar\/c7164ed6fdec453195284ad24a5ae5b6e1eed2b848477fa2a4787ba9adf39a41?s=96&d=mm&r=g","url":"https:\/\/secure.gravatar.com\/avatar\/c7164ed6fdec453195284ad24a5ae5b6e1eed2b848477fa2a4787ba9adf39a41?s=96&d=mm&r=g","contentUrl":"https:\/\/secure.gravatar.com\/avatar\/c7164ed6fdec453195284ad24a5ae5b6e1eed2b848477fa2a4787ba9adf39a41?s=96&d=mm&r=g","caption":"Redacci\u00f3n QP"},"url":"https:\/\/quehacerpolitico.mx\/?author=2"}]}},"featured_image_urls":{"full":["https:\/\/quehacerpolitico.mx\/wp-content\/uploads\/2020\/06\/802951DE-4155-41F3-8E34-829B06A17E75.jpeg",512,253,false],"thumbnail":["https:\/\/quehacerpolitico.mx\/wp-content\/uploads\/2020\/06\/802951DE-4155-41F3-8E34-829B06A17E75-150x150.jpeg",150,150,true],"medium":["https:\/\/quehacerpolitico.mx\/wp-content\/uploads\/2020\/06\/802951DE-4155-41F3-8E34-829B06A17E75-300x148.jpeg",300,148,true],"medium_large":["https:\/\/quehacerpolitico.mx\/wp-content\/uploads\/2020\/06\/802951DE-4155-41F3-8E34-829B06A17E75.jpeg",512,253,false],"large":["https:\/\/quehacerpolitico.mx\/wp-content\/uploads\/2020\/06\/802951DE-4155-41F3-8E34-829B06A17E75.jpeg",512,253,false],"1536x1536":["https:\/\/quehacerpolitico.mx\/wp-content\/uploads\/2020\/06\/802951DE-4155-41F3-8E34-829B06A17E75.jpeg",512,253,false],"2048x2048":["https:\/\/quehacerpolitico.mx\/wp-content\/uploads\/2020\/06\/802951DE-4155-41F3-8E34-829B06A17E75.jpeg",512,253,false],"covernews-featured":["https:\/\/quehacerpolitico.mx\/wp-content\/uploads\/2020\/06\/802951DE-4155-41F3-8E34-829B06A17E75.jpeg",512,253,false],"covernews-medium":["https:\/\/quehacerpolitico.mx\/wp-content\/uploads\/2020\/06\/802951DE-4155-41F3-8E34-829B06A17E75.jpeg",512,253,false]},"author_info":{"display_name":"Redacci\u00f3n QP","author_link":"https:\/\/quehacerpolitico.mx\/?author=2"},"category_info":"<a href=\"https:\/\/quehacerpolitico.mx\/?cat=2\" rel=\"category\">Noticias<\/a>","tag_info":"Noticias","comment_count":"0","_links":{"self":[{"href":"https:\/\/quehacerpolitico.mx\/index.php?rest_route=\/wp\/v2\/posts\/59884","targetHints":{"allow":["GET"]}}],"collection":[{"href":"https:\/\/quehacerpolitico.mx\/index.php?rest_route=\/wp\/v2\/posts"}],"about":[{"href":"https:\/\/quehacerpolitico.mx\/index.php?rest_route=\/wp\/v2\/types\/post"}],"author":[{"embeddable":true,"href":"https:\/\/quehacerpolitico.mx\/index.php?rest_route=\/wp\/v2\/users\/2"}],"replies":[{"embeddable":true,"href":"https:\/\/quehacerpolitico.mx\/index.php?rest_route=%2Fwp%2Fv2%2Fcomments&post=59884"}],"version-history":[{"count":0,"href":"https:\/\/quehacerpolitico.mx\/index.php?rest_route=\/wp\/v2\/posts\/59884\/revisions"}],"wp:featuredmedia":[{"embeddable":true,"href":"https:\/\/quehacerpolitico.mx\/index.php?rest_route=\/wp\/v2\/media\/59885"}],"wp:attachment":[{"href":"https:\/\/quehacerpolitico.mx\/index.php?rest_route=%2Fwp%2Fv2%2Fmedia&parent=59884"}],"wp:term":[{"taxonomy":"category","embeddable":true,"href":"https:\/\/quehacerpolitico.mx\/index.php?rest_route=%2Fwp%2Fv2%2Fcategories&post=59884"},{"taxonomy":"post_tag","embeddable":true,"href":"https:\/\/quehacerpolitico.mx\/index.php?rest_route=%2Fwp%2Fv2%2Ftags&post=59884"}],"curies":[{"name":"wp","href":"https:\/\/api.w.org\/{rel}","templated":true}]}}