{"id":59881,"date":"2020-06-29T13:31:22","date_gmt":"2020-06-29T18:31:22","guid":{"rendered":"http:\/\/quehacerpolitico.mx\/?p=59881"},"modified":"2020-06-29T13:31:22","modified_gmt":"2020-06-29T18:31:22","slug":"linea-roja-jacqueline-morgado-lopez-obrador-descarta-suspender-la-ceremonia-del-grito-por-covid-19","status":"publish","type":"post","link":"https:\/\/quehacerpolitico.mx\/?p=59881","title":{"rendered":"L\u00ednea Roja\/\/\/Jacqueline Morgado\/\/\/L\u00f3pez Obrador descarta suspender la ceremonia del Grito por COVID-19"},"content":{"rendered":"<h1 class=\"news-title\">L\u00f3pez Obrador descarta suspender la ceremonia del Grito por COVID-19<br \/>\nPor Jacqueline Morgado<\/h1>\n<div class=\"news-subtitle\">\n<p>El Mandatario indica que su gobierno buscar\u00e1 la forma en que se pueda realizar este festejo con medidas sanitarias<\/p>\n<\/div>\n<div class=\"social-share-box normal\">\n<p>El Presidente Andr\u00e9s Manuel L\u00f3pez Obrador descart\u00f3 esta ma\u00f1ana de lunes que por la pandemia del COVID-19 se vaya a suspender la ceremonia del Grito de Independencia la noche del pr\u00f3ximo 15 de septiembre.<\/p>\n<p>En conferencia de prensa en Palacio Nacional, el Mandatario indic\u00f3 que su gobierno buscar\u00e1 la forma en que se pueda realizar este festejo con medidas sanitarias.<\/p>\n<p><iframe loading=\"lazy\" title=\"Covid podr\u00eda repuntar entre oto\u00f1o e invierno\" width=\"640\" height=\"360\" src=\"https:\/\/www.youtube.com\/embed\/yqgb9fHGGtI?feature=oembed\" frameborder=\"0\" allow=\"accelerometer; autoplay; clipboard-write; encrypted-media; gyroscope; picture-in-picture; web-share\" referrerpolicy=\"strict-origin-when-cross-origin\" allowfullscreen><\/iframe><\/p>\n<p><strong>&#8220;Nosotros no vamos a suspender la ceremonia, o sea ninguna ceremonia hemos suspendido que tenga que ver con fechas hist\u00f3ricas importantes, memorables&#8221;<\/strong>, asever\u00f3 el Mandatario.<\/p>\n<p>L\u00f3pez Obrador se\u00f1al\u00f3 que cuando llegue el momento, su administraci\u00f3n evaluar\u00e1 la manera de organizar este evento.<\/p>\n<p>&#8220;Ya en su momento decidimos c\u00f3mo se hace la ceremonia, pero claro que tenemos que dar el Grito de Independencia. \u00bfC\u00f3mo vamos a olvidar la historia? \u00bfC\u00f3mo vamos a olvidar la independencia y la Reforma y la Revoluci\u00f3n si estamos llevando a cabo la cuarta transformaci\u00f3n de la vida p\u00fablica del pa\u00eds?&#8221;.<\/p>\n<p><strong>El Mandatario acus\u00f3 que en sexenios anteriores se busc\u00f3 borrar la historia y no se conmemoraban estas fechas<\/strong>, &#8220;bueno se quit\u00f3 como materia el civismo, la filosof\u00eda, no se hablaba de la historia patria, predomin\u00f3 el dar m\u00e1s tiempo para la recreaci\u00f3n, de los puentes, las fechas hist\u00f3ricas pasaron a segundo plano y c\u00f3mo vamos nosotros a olvidarnos de nuestro pasado&#8221;.<\/p>\n<p>&#8220;Por eso hay mucho problema de clasismo, de racismo, se dej\u00f3 de apoyar la ciencia social, y ahora ha quedado de manifiesto algo que hemos estado aqu\u00ed diciendo, de que una cosa es la educaci\u00f3n y otra es la cultura, y de que hay personas tienen grados de doctores, que estudian en universidades del extranjero, y que no poseen, cultura, ni \u00e9tica, ni respeto&#8221;.<\/p>\n<p>Con Informaci\u00f3n de SUN<\/p>\n<\/div>\n","protected":false},"excerpt":{"rendered":"<p>L\u00f3pez Obrador descarta suspender la ceremonia del Grito por COVID-19 Por Jacqueline Morgado El Mandatario&#8230;<\/p>\n","protected":false},"author":2,"featured_media":59882,"comment_status":"open","ping_status":"open","sticky":false,"template":"","format":"standard","meta":{"_monsterinsights_skip_tracking":false,"_monsterinsights_sitenote_active":false,"_monsterinsights_sitenote_note":"","_monsterinsights_sitenote_category":0,"footnotes":""},"categories":[2],"tags":[],"class_list":["post-59881","post","type-post","status-publish","format-standard","has-post-thumbnail","hentry","category-noticias"],"yoast_head":"<!-- This site is optimized with the Yoast SEO plugin v27.3 - https:\/\/yoast.com\/product\/yoast-seo-wordpress\/ -->\n<title>L\u00ednea Roja\/\/\/Jacqueline Morgado\/\/\/L\u00f3pez Obrador descarta suspender la ceremonia del Grito por COVID-19 -<\/title>\n<meta name=\"robots\" content=\"index, follow, max-snippet:-1, max-image-preview:large, max-video-preview:-1\" \/>\n<link rel=\"canonical\" href=\"https:\/\/quehacerpolitico.mx\/?p=59881\" \/>\n<meta property=\"og:locale\" content=\"es_MX\" \/>\n<meta property=\"og:type\" content=\"article\" \/>\n<meta property=\"og:title\" content=\"L\u00ednea Roja\/\/\/Jacqueline Morgado\/\/\/L\u00f3pez Obrador descarta suspender la ceremonia del Grito por COVID-19 -\" \/>\n<meta property=\"og:description\" content=\"L\u00f3pez Obrador descarta suspender la ceremonia del Grito por COVID-19 Por Jacqueline Morgado El Mandatario...\" \/>\n<meta property=\"og:url\" content=\"https:\/\/quehacerpolitico.mx\/?p=59881\" \/>\n<meta property=\"article:published_time\" content=\"2020-06-29T18:31:22+00:00\" \/>\n<meta property=\"og:image\" content=\"https:\/\/quehacerpolitico.mx\/wp-content\/uploads\/2020\/06\/AA2DB7A5-DB61-4541-BC73-647A3A159B56.jpeg\" \/>\n\t<meta property=\"og:image:width\" content=\"1242\" \/>\n\t<meta property=\"og:image:height\" content=\"619\" \/>\n\t<meta property=\"og:image:type\" content=\"image\/jpeg\" \/>\n<meta name=\"author\" content=\"Redacci\u00f3n QP\" \/>\n<meta name=\"twitter:card\" content=\"summary_large_image\" \/>\n<meta name=\"twitter:label1\" content=\"Escrito por\" \/>\n\t<meta name=\"twitter:data1\" content=\"Redacci\u00f3n QP\" \/>\n\t<meta name=\"twitter:label2\" content=\"Tiempo de lectura\" \/>\n\t<meta name=\"twitter:data2\" content=\"2 minutos\" \/>\n<script type=\"application\/ld+json\" class=\"yoast-schema-graph\">{\"@context\":\"https:\\\/\\\/schema.org\",\"@graph\":[{\"@type\":\"Article\",\"@id\":\"https:\\\/\\\/quehacerpolitico.mx\\\/?p=59881#article\",\"isPartOf\":{\"@id\":\"https:\\\/\\\/quehacerpolitico.mx\\\/?p=59881\"},\"author\":{\"name\":\"Redacci\u00f3n QP\",\"@id\":\"https:\\\/\\\/quehacerpolitico.mx\\\/#\\\/schema\\\/person\\\/496d8ad2d1d3f8036101dca7ee39e585\"},\"headline\":\"L\u00ednea Roja\\\/\\\/\\\/Jacqueline Morgado\\\/\\\/\\\/L\u00f3pez Obrador descarta suspender la ceremonia del Grito por COVID-19\",\"datePublished\":\"2020-06-29T18:31:22+00:00\",\"mainEntityOfPage\":{\"@id\":\"https:\\\/\\\/quehacerpolitico.mx\\\/?p=59881\"},\"wordCount\":358,\"commentCount\":0,\"image\":{\"@id\":\"https:\\\/\\\/quehacerpolitico.mx\\\/?p=59881#primaryimage\"},\"thumbnailUrl\":\"https:\\\/\\\/quehacerpolitico.mx\\\/wp-content\\\/uploads\\\/2020\\\/06\\\/AA2DB7A5-DB61-4541-BC73-647A3A159B56.jpeg\",\"articleSection\":[\"Noticias\"],\"inLanguage\":\"es\",\"potentialAction\":[{\"@type\":\"CommentAction\",\"name\":\"Comment\",\"target\":[\"https:\\\/\\\/quehacerpolitico.mx\\\/?p=59881#respond\"]}]},{\"@type\":\"WebPage\",\"@id\":\"https:\\\/\\\/quehacerpolitico.mx\\\/?p=59881\",\"url\":\"https:\\\/\\\/quehacerpolitico.mx\\\/?p=59881\",\"name\":\"L\u00ednea Roja\\\/\\\/\\\/Jacqueline Morgado\\\/\\\/\\\/L\u00f3pez Obrador descarta suspender la ceremonia del Grito por COVID-19 -\",\"isPartOf\":{\"@id\":\"https:\\\/\\\/quehacerpolitico.mx\\\/#website\"},\"primaryImageOfPage\":{\"@id\":\"https:\\\/\\\/quehacerpolitico.mx\\\/?p=59881#primaryimage\"},\"image\":{\"@id\":\"https:\\\/\\\/quehacerpolitico.mx\\\/?p=59881#primaryimage\"},\"thumbnailUrl\":\"https:\\\/\\\/quehacerpolitico.mx\\\/wp-content\\\/uploads\\\/2020\\\/06\\\/AA2DB7A5-DB61-4541-BC73-647A3A159B56.jpeg\",\"datePublished\":\"2020-06-29T18:31:22+00:00\",\"author\":{\"@id\":\"https:\\\/\\\/quehacerpolitico.mx\\\/#\\\/schema\\\/person\\\/496d8ad2d1d3f8036101dca7ee39e585\"},\"breadcrumb\":{\"@id\":\"https:\\\/\\\/quehacerpolitico.mx\\\/?p=59881#breadcrumb\"},\"inLanguage\":\"es\",\"potentialAction\":[{\"@type\":\"ReadAction\",\"target\":[\"https:\\\/\\\/quehacerpolitico.mx\\\/?p=59881\"]}]},{\"@type\":\"ImageObject\",\"inLanguage\":\"es\",\"@id\":\"https:\\\/\\\/quehacerpolitico.mx\\\/?p=59881#primaryimage\",\"url\":\"https:\\\/\\\/quehacerpolitico.mx\\\/wp-content\\\/uploads\\\/2020\\\/06\\\/AA2DB7A5-DB61-4541-BC73-647A3A159B56.jpeg\",\"contentUrl\":\"https:\\\/\\\/quehacerpolitico.mx\\\/wp-content\\\/uploads\\\/2020\\\/06\\\/AA2DB7A5-DB61-4541-BC73-647A3A159B56.jpeg\",\"width\":1242,\"height\":619},{\"@type\":\"BreadcrumbList\",\"@id\":\"https:\\\/\\\/quehacerpolitico.mx\\\/?p=59881#breadcrumb\",\"itemListElement\":[{\"@type\":\"ListItem\",\"position\":1,\"name\":\"Inicio\",\"item\":\"https:\\\/\\\/quehacerpolitico.mx\\\/\"},{\"@type\":\"ListItem\",\"position\":2,\"name\":\"L\u00ednea Roja\\\/\\\/\\\/Jacqueline Morgado\\\/\\\/\\\/L\u00f3pez Obrador descarta suspender la ceremonia del Grito por COVID-19\"}]},{\"@type\":\"WebSite\",\"@id\":\"https:\\\/\\\/quehacerpolitico.mx\\\/#website\",\"url\":\"https:\\\/\\\/quehacerpolitico.mx\\\/\",\"name\":\"\",\"description\":\"\",\"potentialAction\":[{\"@type\":\"SearchAction\",\"target\":{\"@type\":\"EntryPoint\",\"urlTemplate\":\"https:\\\/\\\/quehacerpolitico.mx\\\/?s={search_term_string}\"},\"query-input\":{\"@type\":\"PropertyValueSpecification\",\"valueRequired\":true,\"valueName\":\"search_term_string\"}}],\"inLanguage\":\"es\"},{\"@type\":\"Person\",\"@id\":\"https:\\\/\\\/quehacerpolitico.mx\\\/#\\\/schema\\\/person\\\/496d8ad2d1d3f8036101dca7ee39e585\",\"name\":\"Redacci\u00f3n QP\",\"image\":{\"@type\":\"ImageObject\",\"inLanguage\":\"es\",\"@id\":\"https:\\\/\\\/secure.gravatar.com\\\/avatar\\\/c7164ed6fdec453195284ad24a5ae5b6e1eed2b848477fa2a4787ba9adf39a41?s=96&d=mm&r=g\",\"url\":\"https:\\\/\\\/secure.gravatar.com\\\/avatar\\\/c7164ed6fdec453195284ad24a5ae5b6e1eed2b848477fa2a4787ba9adf39a41?s=96&d=mm&r=g\",\"contentUrl\":\"https:\\\/\\\/secure.gravatar.com\\\/avatar\\\/c7164ed6fdec453195284ad24a5ae5b6e1eed2b848477fa2a4787ba9adf39a41?s=96&d=mm&r=g\",\"caption\":\"Redacci\u00f3n QP\"},\"url\":\"https:\\\/\\\/quehacerpolitico.mx\\\/?author=2\"}]}<\/script>\n<!-- \/ Yoast SEO plugin. -->","yoast_head_json":{"title":"L\u00ednea Roja\/\/\/Jacqueline Morgado\/\/\/L\u00f3pez Obrador descarta suspender la ceremonia del Grito por COVID-19 -","robots":{"index":"index","follow":"follow","max-snippet":"max-snippet:-1","max-image-preview":"max-image-preview:large","max-video-preview":"max-video-preview:-1"},"canonical":"https:\/\/quehacerpolitico.mx\/?p=59881","og_locale":"es_MX","og_type":"article","og_title":"L\u00ednea Roja\/\/\/Jacqueline Morgado\/\/\/L\u00f3pez Obrador descarta suspender la ceremonia del Grito por COVID-19 -","og_description":"L\u00f3pez Obrador descarta suspender la ceremonia del Grito por COVID-19 Por Jacqueline Morgado El Mandatario...","og_url":"https:\/\/quehacerpolitico.mx\/?p=59881","article_published_time":"2020-06-29T18:31:22+00:00","og_image":[{"width":1242,"height":619,"url":"https:\/\/quehacerpolitico.mx\/wp-content\/uploads\/2020\/06\/AA2DB7A5-DB61-4541-BC73-647A3A159B56.jpeg","type":"image\/jpeg"}],"author":"Redacci\u00f3n QP","twitter_card":"summary_large_image","twitter_misc":{"Escrito por":"Redacci\u00f3n QP","Tiempo de lectura":"2 minutos"},"schema":{"@context":"https:\/\/schema.org","@graph":[{"@type":"Article","@id":"https:\/\/quehacerpolitico.mx\/?p=59881#article","isPartOf":{"@id":"https:\/\/quehacerpolitico.mx\/?p=59881"},"author":{"name":"Redacci\u00f3n QP","@id":"https:\/\/quehacerpolitico.mx\/#\/schema\/person\/496d8ad2d1d3f8036101dca7ee39e585"},"headline":"L\u00ednea Roja\/\/\/Jacqueline Morgado\/\/\/L\u00f3pez Obrador descarta suspender la ceremonia del Grito por COVID-19","datePublished":"2020-06-29T18:31:22+00:00","mainEntityOfPage":{"@id":"https:\/\/quehacerpolitico.mx\/?p=59881"},"wordCount":358,"commentCount":0,"image":{"@id":"https:\/\/quehacerpolitico.mx\/?p=59881#primaryimage"},"thumbnailUrl":"https:\/\/quehacerpolitico.mx\/wp-content\/uploads\/2020\/06\/AA2DB7A5-DB61-4541-BC73-647A3A159B56.jpeg","articleSection":["Noticias"],"inLanguage":"es","potentialAction":[{"@type":"CommentAction","name":"Comment","target":["https:\/\/quehacerpolitico.mx\/?p=59881#respond"]}]},{"@type":"WebPage","@id":"https:\/\/quehacerpolitico.mx\/?p=59881","url":"https:\/\/quehacerpolitico.mx\/?p=59881","name":"L\u00ednea Roja\/\/\/Jacqueline Morgado\/\/\/L\u00f3pez Obrador descarta suspender la ceremonia del Grito por COVID-19 -","isPartOf":{"@id":"https:\/\/quehacerpolitico.mx\/#website"},"primaryImageOfPage":{"@id":"https:\/\/quehacerpolitico.mx\/?p=59881#primaryimage"},"image":{"@id":"https:\/\/quehacerpolitico.mx\/?p=59881#primaryimage"},"thumbnailUrl":"https:\/\/quehacerpolitico.mx\/wp-content\/uploads\/2020\/06\/AA2DB7A5-DB61-4541-BC73-647A3A159B56.jpeg","datePublished":"2020-06-29T18:31:22+00:00","author":{"@id":"https:\/\/quehacerpolitico.mx\/#\/schema\/person\/496d8ad2d1d3f8036101dca7ee39e585"},"breadcrumb":{"@id":"https:\/\/quehacerpolitico.mx\/?p=59881#breadcrumb"},"inLanguage":"es","potentialAction":[{"@type":"ReadAction","target":["https:\/\/quehacerpolitico.mx\/?p=59881"]}]},{"@type":"ImageObject","inLanguage":"es","@id":"https:\/\/quehacerpolitico.mx\/?p=59881#primaryimage","url":"https:\/\/quehacerpolitico.mx\/wp-content\/uploads\/2020\/06\/AA2DB7A5-DB61-4541-BC73-647A3A159B56.jpeg","contentUrl":"https:\/\/quehacerpolitico.mx\/wp-content\/uploads\/2020\/06\/AA2DB7A5-DB61-4541-BC73-647A3A159B56.jpeg","width":1242,"height":619},{"@type":"BreadcrumbList","@id":"https:\/\/quehacerpolitico.mx\/?p=59881#breadcrumb","itemListElement":[{"@type":"ListItem","position":1,"name":"Inicio","item":"https:\/\/quehacerpolitico.mx\/"},{"@type":"ListItem","position":2,"name":"L\u00ednea Roja\/\/\/Jacqueline Morgado\/\/\/L\u00f3pez Obrador descarta suspender la ceremonia del Grito por COVID-19"}]},{"@type":"WebSite","@id":"https:\/\/quehacerpolitico.mx\/#website","url":"https:\/\/quehacerpolitico.mx\/","name":"","description":"","potentialAction":[{"@type":"SearchAction","target":{"@type":"EntryPoint","urlTemplate":"https:\/\/quehacerpolitico.mx\/?s={search_term_string}"},"query-input":{"@type":"PropertyValueSpecification","valueRequired":true,"valueName":"search_term_string"}}],"inLanguage":"es"},{"@type":"Person","@id":"https:\/\/quehacerpolitico.mx\/#\/schema\/person\/496d8ad2d1d3f8036101dca7ee39e585","name":"Redacci\u00f3n QP","image":{"@type":"ImageObject","inLanguage":"es","@id":"https:\/\/secure.gravatar.com\/avatar\/c7164ed6fdec453195284ad24a5ae5b6e1eed2b848477fa2a4787ba9adf39a41?s=96&d=mm&r=g","url":"https:\/\/secure.gravatar.com\/avatar\/c7164ed6fdec453195284ad24a5ae5b6e1eed2b848477fa2a4787ba9adf39a41?s=96&d=mm&r=g","contentUrl":"https:\/\/secure.gravatar.com\/avatar\/c7164ed6fdec453195284ad24a5ae5b6e1eed2b848477fa2a4787ba9adf39a41?s=96&d=mm&r=g","caption":"Redacci\u00f3n QP"},"url":"https:\/\/quehacerpolitico.mx\/?author=2"}]}},"featured_image_urls":{"full":["https:\/\/quehacerpolitico.mx\/wp-content\/uploads\/2020\/06\/AA2DB7A5-DB61-4541-BC73-647A3A159B56.jpeg",1242,619,false],"thumbnail":["https:\/\/quehacerpolitico.mx\/wp-content\/uploads\/2020\/06\/AA2DB7A5-DB61-4541-BC73-647A3A159B56-150x150.jpeg",150,150,true],"medium":["https:\/\/quehacerpolitico.mx\/wp-content\/uploads\/2020\/06\/AA2DB7A5-DB61-4541-BC73-647A3A159B56-300x150.jpeg",300,150,true],"medium_large":["https:\/\/quehacerpolitico.mx\/wp-content\/uploads\/2020\/06\/AA2DB7A5-DB61-4541-BC73-647A3A159B56-768x383.jpeg",640,319,true],"large":["https:\/\/quehacerpolitico.mx\/wp-content\/uploads\/2020\/06\/AA2DB7A5-DB61-4541-BC73-647A3A159B56-1024x510.jpeg",640,319,true],"1536x1536":["https:\/\/quehacerpolitico.mx\/wp-content\/uploads\/2020\/06\/AA2DB7A5-DB61-4541-BC73-647A3A159B56.jpeg",1242,619,false],"2048x2048":["https:\/\/quehacerpolitico.mx\/wp-content\/uploads\/2020\/06\/AA2DB7A5-DB61-4541-BC73-647A3A159B56.jpeg",1242,619,false],"covernews-featured":["https:\/\/quehacerpolitico.mx\/wp-content\/uploads\/2020\/06\/AA2DB7A5-DB61-4541-BC73-647A3A159B56.jpeg",1024,510,false],"covernews-medium":["https:\/\/quehacerpolitico.mx\/wp-content\/uploads\/2020\/06\/AA2DB7A5-DB61-4541-BC73-647A3A159B56.jpeg",540,269,false]},"author_info":{"display_name":"Redacci\u00f3n QP","author_link":"https:\/\/quehacerpolitico.mx\/?author=2"},"category_info":"<a href=\"https:\/\/quehacerpolitico.mx\/?cat=2\" rel=\"category\">Noticias<\/a>","tag_info":"Noticias","comment_count":"0","_links":{"self":[{"href":"https:\/\/quehacerpolitico.mx\/index.php?rest_route=\/wp\/v2\/posts\/59881","targetHints":{"allow":["GET"]}}],"collection":[{"href":"https:\/\/quehacerpolitico.mx\/index.php?rest_route=\/wp\/v2\/posts"}],"about":[{"href":"https:\/\/quehacerpolitico.mx\/index.php?rest_route=\/wp\/v2\/types\/post"}],"author":[{"embeddable":true,"href":"https:\/\/quehacerpolitico.mx\/index.php?rest_route=\/wp\/v2\/users\/2"}],"replies":[{"embeddable":true,"href":"https:\/\/quehacerpolitico.mx\/index.php?rest_route=%2Fwp%2Fv2%2Fcomments&post=59881"}],"version-history":[{"count":0,"href":"https:\/\/quehacerpolitico.mx\/index.php?rest_route=\/wp\/v2\/posts\/59881\/revisions"}],"wp:featuredmedia":[{"embeddable":true,"href":"https:\/\/quehacerpolitico.mx\/index.php?rest_route=\/wp\/v2\/media\/59882"}],"wp:attachment":[{"href":"https:\/\/quehacerpolitico.mx\/index.php?rest_route=%2Fwp%2Fv2%2Fmedia&parent=59881"}],"wp:term":[{"taxonomy":"category","embeddable":true,"href":"https:\/\/quehacerpolitico.mx\/index.php?rest_route=%2Fwp%2Fv2%2Fcategories&post=59881"},{"taxonomy":"post_tag","embeddable":true,"href":"https:\/\/quehacerpolitico.mx\/index.php?rest_route=%2Fwp%2Fv2%2Ftags&post=59881"}],"curies":[{"name":"wp","href":"https:\/\/api.w.org\/{rel}","templated":true}]}}