{"id":59878,"date":"2020-06-29T11:03:51","date_gmt":"2020-06-29T16:03:51","guid":{"rendered":"http:\/\/quehacerpolitico.mx\/?p=59878"},"modified":"2020-06-29T11:03:51","modified_gmt":"2020-06-29T16:03:51","slug":"linea-roja-jacqueline-morgado-mexico-esta-por-salir-de-la-pandemia-y-necesita-reactivarse-dice-lopez-obrador","status":"publish","type":"post","link":"https:\/\/quehacerpolitico.mx\/?p=59878","title":{"rendered":"L\u00ednea Roja\/\/\/Jacqueline Morgado\/\/\/M\u00e9xico est\u00e1 por salir de la pandemia y necesita reactivarse, dice L\u00f3pez Obrador"},"content":{"rendered":"<h1 class=\"news-title\">M\u00e9xico est\u00e1 por salir de la pandemia y necesita reactivarse, dice L\u00f3pez Obrador<br \/>\nPor Jacqueline Morgado<\/h1>\n<div class=\"news-subtitle\">\n<p>El Presidente critic\u00f3 el &#8220;pesimismo&#8221; del FMI que prev\u00e9 una contracci\u00f3n del PIB para este a\u00f1o<\/p>\n<\/div>\n<div class=\"social-share-box normal\">\n<p>Los mexicanos est\u00e1n &#8220;por salir de la pandemia&#8221; del COVID-19, por lo que la econom\u00eda &#8220;necesita reactivarse&#8221;, afirm\u00f3 este lunes el Presidente Andr\u00e9s Manuel L\u00f3pez Obrador.<\/p>\n<p><strong>&#8220;Estamos por salir de la pandemia y necesitamos reactivar la econom\u00eda, salir de la recesi\u00f3n econ\u00f3mica, de la ca\u00edda que produjo el coronavirus en la econom\u00eda mundial y que nosotros podamos salir lo m\u00e1s r\u00e1pido posible&#8221;<\/strong>, coment\u00f3 el Mandatario en su rueda de prensa matutina.<\/p>\n<div id=\"teads_ad\">\n<div id=\"div-gpt-ad-1548262875188-0\" data-google-query-id=\"CIK5hqWyp-oCFYdaAQodYMYGVA\">Tras cuatro meses de la llegada de la enfermedad, M\u00e9xico acumula m\u00e1s de 216 mil casos y 26 mil 648 muertos confirmados por COVID-19 con casi la mitad del pa\u00eds en el nivel de &#8220;m\u00e1ximo riesgo&#8221;.<\/div>\n<div data-google-query-id=\"CIK5hqWyp-oCFYdaAQodYMYGVA\">\n<p>Aun as\u00ed, L\u00f3pez Obrador reiter\u00f3 su optimismo este lunes al se\u00f1alar que el mi\u00e9rcoles realizar\u00e1 una ceremonia en uno de los patios de Palacio Nacional para conmemorar el segundo aniversario de su triunfo electoral el 1 de julio de 2018.<\/p>\n<p><strong>Tambi\u00e9n descart\u00f3 suspender la ceremonia del Grito de Independencia, que se festeja el 15 de septiembre, como han anunciado gobiernos estatales por el riesgo de contagio<\/strong>.<\/p>\n<p>El Presidente tambi\u00e9n critic\u00f3 el &#8220;pesimismo&#8221; del Fondo Monetario Internacional (FMI), que prev\u00e9 una contracci\u00f3n de hasta 10.5 % del PIB de M\u00e9xico para este a\u00f1o.<\/p>\n<p>Como indicadores de &#8220;optimismo&#8221;, L\u00f3pez Obrador cit\u00f3 que en junio se perder\u00e1n menos de 100 mil empleos formales en comparaci\u00f3n con los cerca de 1 mill\u00f3n perdidos entre marzo y mayo, seg\u00fan el Instituto Mexicano del Seguro Social (IMSS).<\/p>\n<p>Tambi\u00e9n enunci\u00f3 el incremento anual promedio de 10 % de las remesas recibidas en el primer semestre del a\u00f1o.<\/p>\n<p><strong>&#8220;Todo indica que ya tocamos fondo y vamos hacia la superficie, vamos a emerger, vamos a crecer econ\u00f3micamente, ya tenemos elementos para decir que ya pas\u00f3 lo peor en t\u00e9rminos econ\u00f3micos&#8221;<\/strong>, asever\u00f3.<\/p>\n<p>En este contexto, L\u00f3pez Obrador consider\u00f3 &#8220;muy importante&#8221; y &#8220;muy oportuna&#8221; la entrada en vigor del nuevo tratado comercial entre M\u00e9xico, Estados Unidos y Canad\u00e1 (T-MEC), que este mi\u00e9rcoles reemplazar\u00e1 al Tratado de Libre Comercio de Am\u00e9rica del Norte (TLCAN).<\/p>\n<p>El nuevo acuerdo, argument\u00f3, &#8220;va a significar inversi\u00f3n&#8221; y &#8220;generaci\u00f3n de empleos&#8221; para el pa\u00eds.<\/p>\n<p>Con informaci\u00f3n de EFE<\/p>\n<\/div>\n<\/div>\n<\/div>\n","protected":false},"excerpt":{"rendered":"<p>M\u00e9xico est\u00e1 por salir de la pandemia y necesita reactivarse, dice L\u00f3pez Obrador Por Jacqueline&#8230;<\/p>\n","protected":false},"author":2,"featured_media":59879,"comment_status":"open","ping_status":"open","sticky":false,"template":"","format":"standard","meta":{"_monsterinsights_skip_tracking":false,"_monsterinsights_sitenote_active":false,"_monsterinsights_sitenote_note":"","_monsterinsights_sitenote_category":0,"footnotes":""},"categories":[2],"tags":[],"class_list":["post-59878","post","type-post","status-publish","format-standard","has-post-thumbnail","hentry","category-noticias"],"yoast_head":"<!-- This site is optimized with the Yoast SEO plugin v27.3 - https:\/\/yoast.com\/product\/yoast-seo-wordpress\/ -->\n<title>L\u00ednea Roja\/\/\/Jacqueline Morgado\/\/\/M\u00e9xico est\u00e1 por salir de la pandemia y necesita reactivarse, dice L\u00f3pez Obrador -<\/title>\n<meta name=\"robots\" content=\"index, follow, max-snippet:-1, max-image-preview:large, max-video-preview:-1\" \/>\n<link rel=\"canonical\" href=\"https:\/\/quehacerpolitico.mx\/?p=59878\" \/>\n<meta property=\"og:locale\" content=\"es_MX\" \/>\n<meta property=\"og:type\" content=\"article\" \/>\n<meta property=\"og:title\" content=\"L\u00ednea Roja\/\/\/Jacqueline Morgado\/\/\/M\u00e9xico est\u00e1 por salir de la pandemia y necesita reactivarse, dice L\u00f3pez Obrador -\" \/>\n<meta property=\"og:description\" content=\"M\u00e9xico est\u00e1 por salir de la pandemia y necesita reactivarse, dice L\u00f3pez Obrador Por Jacqueline...\" \/>\n<meta property=\"og:url\" content=\"https:\/\/quehacerpolitico.mx\/?p=59878\" \/>\n<meta property=\"article:published_time\" content=\"2020-06-29T16:03:51+00:00\" \/>\n<meta property=\"og:image\" content=\"https:\/\/quehacerpolitico.mx\/wp-content\/uploads\/2020\/06\/17A1CEC3-6CB9-469D-889C-361EF6FBB74C.jpeg\" \/>\n\t<meta property=\"og:image:width\" content=\"1242\" \/>\n\t<meta property=\"og:image:height\" content=\"659\" \/>\n\t<meta property=\"og:image:type\" content=\"image\/jpeg\" \/>\n<meta name=\"author\" content=\"Redacci\u00f3n QP\" \/>\n<meta name=\"twitter:card\" content=\"summary_large_image\" \/>\n<meta name=\"twitter:label1\" content=\"Escrito por\" \/>\n\t<meta name=\"twitter:data1\" content=\"Redacci\u00f3n QP\" \/>\n\t<meta name=\"twitter:label2\" content=\"Tiempo de lectura\" \/>\n\t<meta name=\"twitter:data2\" content=\"2 minutos\" \/>\n<script type=\"application\/ld+json\" class=\"yoast-schema-graph\">{\"@context\":\"https:\\\/\\\/schema.org\",\"@graph\":[{\"@type\":\"Article\",\"@id\":\"https:\\\/\\\/quehacerpolitico.mx\\\/?p=59878#article\",\"isPartOf\":{\"@id\":\"https:\\\/\\\/quehacerpolitico.mx\\\/?p=59878\"},\"author\":{\"name\":\"Redacci\u00f3n QP\",\"@id\":\"https:\\\/\\\/quehacerpolitico.mx\\\/#\\\/schema\\\/person\\\/496d8ad2d1d3f8036101dca7ee39e585\"},\"headline\":\"L\u00ednea Roja\\\/\\\/\\\/Jacqueline Morgado\\\/\\\/\\\/M\u00e9xico est\u00e1 por salir de la pandemia y necesita reactivarse, dice L\u00f3pez Obrador\",\"datePublished\":\"2020-06-29T16:03:51+00:00\",\"mainEntityOfPage\":{\"@id\":\"https:\\\/\\\/quehacerpolitico.mx\\\/?p=59878\"},\"wordCount\":433,\"commentCount\":0,\"image\":{\"@id\":\"https:\\\/\\\/quehacerpolitico.mx\\\/?p=59878#primaryimage\"},\"thumbnailUrl\":\"https:\\\/\\\/quehacerpolitico.mx\\\/wp-content\\\/uploads\\\/2020\\\/06\\\/17A1CEC3-6CB9-469D-889C-361EF6FBB74C.jpeg\",\"articleSection\":[\"Noticias\"],\"inLanguage\":\"es\",\"potentialAction\":[{\"@type\":\"CommentAction\",\"name\":\"Comment\",\"target\":[\"https:\\\/\\\/quehacerpolitico.mx\\\/?p=59878#respond\"]}]},{\"@type\":\"WebPage\",\"@id\":\"https:\\\/\\\/quehacerpolitico.mx\\\/?p=59878\",\"url\":\"https:\\\/\\\/quehacerpolitico.mx\\\/?p=59878\",\"name\":\"L\u00ednea Roja\\\/\\\/\\\/Jacqueline Morgado\\\/\\\/\\\/M\u00e9xico est\u00e1 por salir de la pandemia y necesita reactivarse, dice L\u00f3pez Obrador -\",\"isPartOf\":{\"@id\":\"https:\\\/\\\/quehacerpolitico.mx\\\/#website\"},\"primaryImageOfPage\":{\"@id\":\"https:\\\/\\\/quehacerpolitico.mx\\\/?p=59878#primaryimage\"},\"image\":{\"@id\":\"https:\\\/\\\/quehacerpolitico.mx\\\/?p=59878#primaryimage\"},\"thumbnailUrl\":\"https:\\\/\\\/quehacerpolitico.mx\\\/wp-content\\\/uploads\\\/2020\\\/06\\\/17A1CEC3-6CB9-469D-889C-361EF6FBB74C.jpeg\",\"datePublished\":\"2020-06-29T16:03:51+00:00\",\"author\":{\"@id\":\"https:\\\/\\\/quehacerpolitico.mx\\\/#\\\/schema\\\/person\\\/496d8ad2d1d3f8036101dca7ee39e585\"},\"breadcrumb\":{\"@id\":\"https:\\\/\\\/quehacerpolitico.mx\\\/?p=59878#breadcrumb\"},\"inLanguage\":\"es\",\"potentialAction\":[{\"@type\":\"ReadAction\",\"target\":[\"https:\\\/\\\/quehacerpolitico.mx\\\/?p=59878\"]}]},{\"@type\":\"ImageObject\",\"inLanguage\":\"es\",\"@id\":\"https:\\\/\\\/quehacerpolitico.mx\\\/?p=59878#primaryimage\",\"url\":\"https:\\\/\\\/quehacerpolitico.mx\\\/wp-content\\\/uploads\\\/2020\\\/06\\\/17A1CEC3-6CB9-469D-889C-361EF6FBB74C.jpeg\",\"contentUrl\":\"https:\\\/\\\/quehacerpolitico.mx\\\/wp-content\\\/uploads\\\/2020\\\/06\\\/17A1CEC3-6CB9-469D-889C-361EF6FBB74C.jpeg\",\"width\":1242,\"height\":659},{\"@type\":\"BreadcrumbList\",\"@id\":\"https:\\\/\\\/quehacerpolitico.mx\\\/?p=59878#breadcrumb\",\"itemListElement\":[{\"@type\":\"ListItem\",\"position\":1,\"name\":\"Inicio\",\"item\":\"https:\\\/\\\/quehacerpolitico.mx\\\/\"},{\"@type\":\"ListItem\",\"position\":2,\"name\":\"L\u00ednea Roja\\\/\\\/\\\/Jacqueline Morgado\\\/\\\/\\\/M\u00e9xico est\u00e1 por salir de la pandemia y necesita reactivarse, dice L\u00f3pez Obrador\"}]},{\"@type\":\"WebSite\",\"@id\":\"https:\\\/\\\/quehacerpolitico.mx\\\/#website\",\"url\":\"https:\\\/\\\/quehacerpolitico.mx\\\/\",\"name\":\"\",\"description\":\"\",\"potentialAction\":[{\"@type\":\"SearchAction\",\"target\":{\"@type\":\"EntryPoint\",\"urlTemplate\":\"https:\\\/\\\/quehacerpolitico.mx\\\/?s={search_term_string}\"},\"query-input\":{\"@type\":\"PropertyValueSpecification\",\"valueRequired\":true,\"valueName\":\"search_term_string\"}}],\"inLanguage\":\"es\"},{\"@type\":\"Person\",\"@id\":\"https:\\\/\\\/quehacerpolitico.mx\\\/#\\\/schema\\\/person\\\/496d8ad2d1d3f8036101dca7ee39e585\",\"name\":\"Redacci\u00f3n QP\",\"image\":{\"@type\":\"ImageObject\",\"inLanguage\":\"es\",\"@id\":\"https:\\\/\\\/secure.gravatar.com\\\/avatar\\\/c7164ed6fdec453195284ad24a5ae5b6e1eed2b848477fa2a4787ba9adf39a41?s=96&d=mm&r=g\",\"url\":\"https:\\\/\\\/secure.gravatar.com\\\/avatar\\\/c7164ed6fdec453195284ad24a5ae5b6e1eed2b848477fa2a4787ba9adf39a41?s=96&d=mm&r=g\",\"contentUrl\":\"https:\\\/\\\/secure.gravatar.com\\\/avatar\\\/c7164ed6fdec453195284ad24a5ae5b6e1eed2b848477fa2a4787ba9adf39a41?s=96&d=mm&r=g\",\"caption\":\"Redacci\u00f3n QP\"},\"url\":\"https:\\\/\\\/quehacerpolitico.mx\\\/?author=2\"}]}<\/script>\n<!-- \/ Yoast SEO plugin. -->","yoast_head_json":{"title":"L\u00ednea Roja\/\/\/Jacqueline Morgado\/\/\/M\u00e9xico est\u00e1 por salir de la pandemia y necesita reactivarse, dice L\u00f3pez Obrador -","robots":{"index":"index","follow":"follow","max-snippet":"max-snippet:-1","max-image-preview":"max-image-preview:large","max-video-preview":"max-video-preview:-1"},"canonical":"https:\/\/quehacerpolitico.mx\/?p=59878","og_locale":"es_MX","og_type":"article","og_title":"L\u00ednea Roja\/\/\/Jacqueline Morgado\/\/\/M\u00e9xico est\u00e1 por salir de la pandemia y necesita reactivarse, dice L\u00f3pez Obrador -","og_description":"M\u00e9xico est\u00e1 por salir de la pandemia y necesita reactivarse, dice L\u00f3pez Obrador Por Jacqueline...","og_url":"https:\/\/quehacerpolitico.mx\/?p=59878","article_published_time":"2020-06-29T16:03:51+00:00","og_image":[{"width":1242,"height":659,"url":"https:\/\/quehacerpolitico.mx\/wp-content\/uploads\/2020\/06\/17A1CEC3-6CB9-469D-889C-361EF6FBB74C.jpeg","type":"image\/jpeg"}],"author":"Redacci\u00f3n QP","twitter_card":"summary_large_image","twitter_misc":{"Escrito por":"Redacci\u00f3n QP","Tiempo de lectura":"2 minutos"},"schema":{"@context":"https:\/\/schema.org","@graph":[{"@type":"Article","@id":"https:\/\/quehacerpolitico.mx\/?p=59878#article","isPartOf":{"@id":"https:\/\/quehacerpolitico.mx\/?p=59878"},"author":{"name":"Redacci\u00f3n QP","@id":"https:\/\/quehacerpolitico.mx\/#\/schema\/person\/496d8ad2d1d3f8036101dca7ee39e585"},"headline":"L\u00ednea Roja\/\/\/Jacqueline Morgado\/\/\/M\u00e9xico est\u00e1 por salir de la pandemia y necesita reactivarse, dice L\u00f3pez Obrador","datePublished":"2020-06-29T16:03:51+00:00","mainEntityOfPage":{"@id":"https:\/\/quehacerpolitico.mx\/?p=59878"},"wordCount":433,"commentCount":0,"image":{"@id":"https:\/\/quehacerpolitico.mx\/?p=59878#primaryimage"},"thumbnailUrl":"https:\/\/quehacerpolitico.mx\/wp-content\/uploads\/2020\/06\/17A1CEC3-6CB9-469D-889C-361EF6FBB74C.jpeg","articleSection":["Noticias"],"inLanguage":"es","potentialAction":[{"@type":"CommentAction","name":"Comment","target":["https:\/\/quehacerpolitico.mx\/?p=59878#respond"]}]},{"@type":"WebPage","@id":"https:\/\/quehacerpolitico.mx\/?p=59878","url":"https:\/\/quehacerpolitico.mx\/?p=59878","name":"L\u00ednea Roja\/\/\/Jacqueline Morgado\/\/\/M\u00e9xico est\u00e1 por salir de la pandemia y necesita reactivarse, dice L\u00f3pez Obrador -","isPartOf":{"@id":"https:\/\/quehacerpolitico.mx\/#website"},"primaryImageOfPage":{"@id":"https:\/\/quehacerpolitico.mx\/?p=59878#primaryimage"},"image":{"@id":"https:\/\/quehacerpolitico.mx\/?p=59878#primaryimage"},"thumbnailUrl":"https:\/\/quehacerpolitico.mx\/wp-content\/uploads\/2020\/06\/17A1CEC3-6CB9-469D-889C-361EF6FBB74C.jpeg","datePublished":"2020-06-29T16:03:51+00:00","author":{"@id":"https:\/\/quehacerpolitico.mx\/#\/schema\/person\/496d8ad2d1d3f8036101dca7ee39e585"},"breadcrumb":{"@id":"https:\/\/quehacerpolitico.mx\/?p=59878#breadcrumb"},"inLanguage":"es","potentialAction":[{"@type":"ReadAction","target":["https:\/\/quehacerpolitico.mx\/?p=59878"]}]},{"@type":"ImageObject","inLanguage":"es","@id":"https:\/\/quehacerpolitico.mx\/?p=59878#primaryimage","url":"https:\/\/quehacerpolitico.mx\/wp-content\/uploads\/2020\/06\/17A1CEC3-6CB9-469D-889C-361EF6FBB74C.jpeg","contentUrl":"https:\/\/quehacerpolitico.mx\/wp-content\/uploads\/2020\/06\/17A1CEC3-6CB9-469D-889C-361EF6FBB74C.jpeg","width":1242,"height":659},{"@type":"BreadcrumbList","@id":"https:\/\/quehacerpolitico.mx\/?p=59878#breadcrumb","itemListElement":[{"@type":"ListItem","position":1,"name":"Inicio","item":"https:\/\/quehacerpolitico.mx\/"},{"@type":"ListItem","position":2,"name":"L\u00ednea Roja\/\/\/Jacqueline Morgado\/\/\/M\u00e9xico est\u00e1 por salir de la pandemia y necesita reactivarse, dice L\u00f3pez Obrador"}]},{"@type":"WebSite","@id":"https:\/\/quehacerpolitico.mx\/#website","url":"https:\/\/quehacerpolitico.mx\/","name":"","description":"","potentialAction":[{"@type":"SearchAction","target":{"@type":"EntryPoint","urlTemplate":"https:\/\/quehacerpolitico.mx\/?s={search_term_string}"},"query-input":{"@type":"PropertyValueSpecification","valueRequired":true,"valueName":"search_term_string"}}],"inLanguage":"es"},{"@type":"Person","@id":"https:\/\/quehacerpolitico.mx\/#\/schema\/person\/496d8ad2d1d3f8036101dca7ee39e585","name":"Redacci\u00f3n QP","image":{"@type":"ImageObject","inLanguage":"es","@id":"https:\/\/secure.gravatar.com\/avatar\/c7164ed6fdec453195284ad24a5ae5b6e1eed2b848477fa2a4787ba9adf39a41?s=96&d=mm&r=g","url":"https:\/\/secure.gravatar.com\/avatar\/c7164ed6fdec453195284ad24a5ae5b6e1eed2b848477fa2a4787ba9adf39a41?s=96&d=mm&r=g","contentUrl":"https:\/\/secure.gravatar.com\/avatar\/c7164ed6fdec453195284ad24a5ae5b6e1eed2b848477fa2a4787ba9adf39a41?s=96&d=mm&r=g","caption":"Redacci\u00f3n QP"},"url":"https:\/\/quehacerpolitico.mx\/?author=2"}]}},"featured_image_urls":{"full":["https:\/\/quehacerpolitico.mx\/wp-content\/uploads\/2020\/06\/17A1CEC3-6CB9-469D-889C-361EF6FBB74C.jpeg",1242,659,false],"thumbnail":["https:\/\/quehacerpolitico.mx\/wp-content\/uploads\/2020\/06\/17A1CEC3-6CB9-469D-889C-361EF6FBB74C-150x150.jpeg",150,150,true],"medium":["https:\/\/quehacerpolitico.mx\/wp-content\/uploads\/2020\/06\/17A1CEC3-6CB9-469D-889C-361EF6FBB74C-300x159.jpeg",300,159,true],"medium_large":["https:\/\/quehacerpolitico.mx\/wp-content\/uploads\/2020\/06\/17A1CEC3-6CB9-469D-889C-361EF6FBB74C-768x407.jpeg",640,339,true],"large":["https:\/\/quehacerpolitico.mx\/wp-content\/uploads\/2020\/06\/17A1CEC3-6CB9-469D-889C-361EF6FBB74C-1024x543.jpeg",640,339,true],"1536x1536":["https:\/\/quehacerpolitico.mx\/wp-content\/uploads\/2020\/06\/17A1CEC3-6CB9-469D-889C-361EF6FBB74C.jpeg",1242,659,false],"2048x2048":["https:\/\/quehacerpolitico.mx\/wp-content\/uploads\/2020\/06\/17A1CEC3-6CB9-469D-889C-361EF6FBB74C.jpeg",1242,659,false],"covernews-featured":["https:\/\/quehacerpolitico.mx\/wp-content\/uploads\/2020\/06\/17A1CEC3-6CB9-469D-889C-361EF6FBB74C.jpeg",1024,543,false],"covernews-medium":["https:\/\/quehacerpolitico.mx\/wp-content\/uploads\/2020\/06\/17A1CEC3-6CB9-469D-889C-361EF6FBB74C.jpeg",540,287,false]},"author_info":{"display_name":"Redacci\u00f3n QP","author_link":"https:\/\/quehacerpolitico.mx\/?author=2"},"category_info":"<a href=\"https:\/\/quehacerpolitico.mx\/?cat=2\" rel=\"category\">Noticias<\/a>","tag_info":"Noticias","comment_count":"0","_links":{"self":[{"href":"https:\/\/quehacerpolitico.mx\/index.php?rest_route=\/wp\/v2\/posts\/59878","targetHints":{"allow":["GET"]}}],"collection":[{"href":"https:\/\/quehacerpolitico.mx\/index.php?rest_route=\/wp\/v2\/posts"}],"about":[{"href":"https:\/\/quehacerpolitico.mx\/index.php?rest_route=\/wp\/v2\/types\/post"}],"author":[{"embeddable":true,"href":"https:\/\/quehacerpolitico.mx\/index.php?rest_route=\/wp\/v2\/users\/2"}],"replies":[{"embeddable":true,"href":"https:\/\/quehacerpolitico.mx\/index.php?rest_route=%2Fwp%2Fv2%2Fcomments&post=59878"}],"version-history":[{"count":0,"href":"https:\/\/quehacerpolitico.mx\/index.php?rest_route=\/wp\/v2\/posts\/59878\/revisions"}],"wp:featuredmedia":[{"embeddable":true,"href":"https:\/\/quehacerpolitico.mx\/index.php?rest_route=\/wp\/v2\/media\/59879"}],"wp:attachment":[{"href":"https:\/\/quehacerpolitico.mx\/index.php?rest_route=%2Fwp%2Fv2%2Fmedia&parent=59878"}],"wp:term":[{"taxonomy":"category","embeddable":true,"href":"https:\/\/quehacerpolitico.mx\/index.php?rest_route=%2Fwp%2Fv2%2Fcategories&post=59878"},{"taxonomy":"post_tag","embeddable":true,"href":"https:\/\/quehacerpolitico.mx\/index.php?rest_route=%2Fwp%2Fv2%2Ftags&post=59878"}],"curies":[{"name":"wp","href":"https:\/\/api.w.org\/{rel}","templated":true}]}}