{"id":59873,"date":"2020-06-29T10:50:18","date_gmt":"2020-06-29T15:50:18","guid":{"rendered":"http:\/\/quehacerpolitico.mx\/?p=59873"},"modified":"2020-06-29T10:50:18","modified_gmt":"2020-06-29T15:50:18","slug":"linea-roja-jacqueline-morgado-lopez-obrador-pide-al-ex-canciller-castaneda-pedir-disculpas-a-putla","status":"publish","type":"post","link":"https:\/\/quehacerpolitico.mx\/?p=59873","title":{"rendered":"L\u00ednea Roja\/\/\/Jacqueline Morgado\/\/\/L\u00f3pez Obrador pide al ex canciller Casta\u00f1eda pedir disculpas a Putla"},"content":{"rendered":"<h1 class=\"news-title\">L\u00f3pez Obrador pide al ex canciller Casta\u00f1eda pedir disculpas a Putla<br \/>\nPor Jacqueline Morgado<\/h1>\n<p>El Mandatario se\u00f1ala que estos comentaristas pueden expresarse as\u00ed en lo privado, pero en lo p\u00fablico debe detenerse un respeto a la gente y a las culturas<\/p>\n<p>El Presidente Andres Manuel L\u00f3pez Obrador exhort\u00f3 esta ma\u00f1ana al ex canciller Jorge Casta\u00f1eda a ofrecer una disculpa <strong>por haber comentado que Putla, Oaxaca es un &#8220;pueblo horroroso&#8221; y &#8220;pueblo arrabalero&#8221;, debido a que asegur\u00f3 que son expresiones clasistas y racistas<\/strong>.<\/p>\n<p>En conferencia de prensa, el titular del Ejecutivo federal <strong>se\u00f1al\u00f3 que el estado de Oaxaca es de los pueblos con m\u00e1s cultura del mundo<\/strong> por sus tradiciones, lenguas y organizaci\u00f3n social.<\/p>\n<p>&#8220;<strong>Sin duda esa es una expresi\u00f3n clasista, racista<\/strong>. \u00c9l deber\u00eda de ofrecer una disculpa porque fue funcionario p\u00fablico, adem\u00e1s es comentarista, es analista en un medio de comunicaci\u00f3n; por lo que nosotros corresponde, nuestro reconocimiento cari\u00f1oso y sincero a todos los habitantes de Putla, todos los mixtecos, a la gran cultura mixteca. Oaxaca es de los pueblos con m\u00e1s cultura en el mundo, es excepcional porque ha sabido mantener sus culturas, sus tradiciones, sus tradiciones, sus lenguas, su organizaci\u00f3n social&#8221;.<\/p>\n<p>&#8220;Cuando un personaje como Casta\u00f1eda se expresa de esa manera y otros, porque tengo entendido, porque no vi el programa, que se rieron los dem\u00e1s, Aguilar Cam\u00edn, otro intelectual org\u00e1nico del r\u00e9gimen, (Leo) Zuckermann, muertos de risa ante una expresi\u00f3n racista; o como la se\u00f1ora (Denise) Dresser que ten\u00eda una visi\u00f3n pueblerina porque se refiri\u00f3 a mi municipio, Macuspana&#8221;.<\/p>\n<p>El Mandatario <strong>se\u00f1al\u00f3 que estos comentaristas pueden expresarse as\u00ed en lo privado, pero en lo p\u00fablico debe detenerse un respeto a la gente y a las culturas<\/strong>, &#8220;y que no se vayan a rasgarse las vestiduras de que esto es censura, de que los estoy censurando, ellos independientemente de este caso se la pasan atac\u00e1ndome, es una de cal por todas las que van de arena&#8221;.<\/p>\n<p>La semana pasada el ex canciller Jorge Casta\u00f1eda calific\u00f3 como &#8220;horroroso&#8221; a Putla de Guerrero, un municipio habitado por la naci\u00f3n Triqui y ubicado en la Sierra Sur de Oaxaca, expresi\u00f3n que fue calificada como clasista por usuarios de redes sociales e incluso por el gobernador Alejandro Murat.<\/p>\n<blockquote class=\"twitter-tweet\" data-width=\"550\" data-dnt=\"true\">\n<p lang=\"es\" dir=\"ltr\">\u201cUn pueblo arrabalero y horroroso\u201d describe el clasista Ex canciller Jorge Casta\u00f1eda a una comunidad de Oaxaca <\/p>\n<p> <a href=\"https:\/\/t.co\/BPgbRzOx04\">pic.twitter.com\/BPgbRzOx04<\/a><\/p>\n<p>&mdash; Rafael Palacios (@RafaPalacios83) <a href=\"https:\/\/twitter.com\/RafaPalacios83\/status\/1276497352472367107?ref_src=twsrc%5Etfw\">June 26, 2020<\/a><\/p><\/blockquote>\n<p><script async src=\"https:\/\/platform.twitter.com\/widgets.js\" charset=\"utf-8\"><\/script><\/p>\n<p>En una transmisi\u00f3n v\u00eda remota para el programa &#8220;Es la hora de opinar&#8221;, de Foro TV, presentado por Leo Zuckermann donde se abordaba el tema de los m\u00e9dicos cubanos que llegaron a Mexico a invitaci\u00f3n del gobierno federal, <strong>el ex canciller asegur\u00f3 que estos profesionales de la salud aceptan ir a &#8220;pueblos arrabaleros&#8221; del pa\u00eds a los que nunca aceptar\u00edan ir los doctores mexicanos<\/strong>.<\/p>\n<p>Al respecto, Casta\u00f1eda cont\u00f3 que su hija Javiera, al egresar de la carrera de Medicina en la UNAM, fue enviada a brindar su servicio social a Putla, &#8220;un pueblo horroroso&#8221; y que fue tras su intervenci\u00f3n que fue reasignada a otro sitio.<\/p>\n<p>&#8220;Mi hija Javiera, cuando termin\u00f3 la facultad de Medicina aqu\u00ed en la UNAM, fue a un pueblo horroroso, en Oaxaca, Putla si no me equivoco, y luego, gracias a H\u00e9ctor, y su amistad con Di\u00f3doro, fue que la pudimos mandar a otro pueblo un poquito menos horroroso&#8221;, relat\u00f3.<\/p>\n<blockquote class=\"twitter-tweet\" data-width=\"550\" data-dnt=\"true\">\n<p lang=\"es\" dir=\"ltr\">Ex canciller <a href=\"https:\/\/twitter.com\/JorgeGCastaneda?ref_src=twsrc%5Etfw\">@JorgeGCastaneda<\/a>, dejando el clasismo de lado, estoy seguro que ha conocido lugares maravillosos en el mundo, pero ninguno como <a href=\"https:\/\/twitter.com\/hashtag\/Oaxaca?src=hash&amp;ref_src=twsrc%5Etfw\">#Oaxaca<\/a>. Conozca Putla, cada pueblo es \u00fanico, le aseguro que se maravillar\u00e1 con su cultura milenaria y riqueza en tradiciones.<\/p>\n<p>&mdash; Alejandro Murat (@alejandromurat) <a href=\"https:\/\/twitter.com\/alejandromurat\/status\/1276342742784696320?ref_src=twsrc%5Etfw\">June 26, 2020<\/a><\/p><\/blockquote>\n<p><script async src=\"https:\/\/platform.twitter.com\/widgets.js\" charset=\"utf-8\"><\/script><\/p>\n<p>Con Informaci\u00f3n de SUN<\/p>\n","protected":false},"excerpt":{"rendered":"<p>L\u00f3pez Obrador pide al ex canciller Casta\u00f1eda pedir disculpas a Putla Por Jacqueline Morgado El&#8230;<\/p>\n","protected":false},"author":2,"featured_media":59876,"comment_status":"open","ping_status":"open","sticky":false,"template":"","format":"standard","meta":{"_monsterinsights_skip_tracking":false,"_monsterinsights_sitenote_active":false,"_monsterinsights_sitenote_note":"","_monsterinsights_sitenote_category":0,"footnotes":""},"categories":[2],"tags":[],"class_list":["post-59873","post","type-post","status-publish","format-standard","has-post-thumbnail","hentry","category-noticias"],"yoast_head":"<!-- This site is optimized with the Yoast SEO plugin v27.3 - https:\/\/yoast.com\/product\/yoast-seo-wordpress\/ -->\n<title>L\u00ednea Roja\/\/\/Jacqueline Morgado\/\/\/L\u00f3pez Obrador pide al ex canciller Casta\u00f1eda pedir disculpas a Putla -<\/title>\n<meta name=\"robots\" content=\"index, follow, max-snippet:-1, max-image-preview:large, max-video-preview:-1\" \/>\n<link rel=\"canonical\" href=\"https:\/\/quehacerpolitico.mx\/?p=59873\" \/>\n<meta property=\"og:locale\" content=\"es_MX\" \/>\n<meta property=\"og:type\" content=\"article\" \/>\n<meta property=\"og:title\" content=\"L\u00ednea Roja\/\/\/Jacqueline Morgado\/\/\/L\u00f3pez Obrador pide al ex canciller Casta\u00f1eda pedir disculpas a Putla -\" \/>\n<meta property=\"og:description\" content=\"L\u00f3pez Obrador pide al ex canciller Casta\u00f1eda pedir disculpas a Putla Por Jacqueline Morgado El...\" \/>\n<meta property=\"og:url\" content=\"https:\/\/quehacerpolitico.mx\/?p=59873\" \/>\n<meta property=\"article:published_time\" content=\"2020-06-29T15:50:18+00:00\" \/>\n<meta property=\"og:image\" content=\"https:\/\/quehacerpolitico.mx\/wp-content\/uploads\/2020\/06\/5DE972BF-EC1B-4353-8B02-FF0B5B973488.jpeg\" \/>\n\t<meta property=\"og:image:width\" content=\"546\" \/>\n\t<meta property=\"og:image:height\" content=\"370\" \/>\n\t<meta property=\"og:image:type\" content=\"image\/jpeg\" \/>\n<meta name=\"author\" content=\"Redacci\u00f3n QP\" \/>\n<meta name=\"twitter:card\" content=\"summary_large_image\" \/>\n<meta name=\"twitter:label1\" content=\"Escrito por\" \/>\n\t<meta name=\"twitter:data1\" content=\"Redacci\u00f3n QP\" \/>\n\t<meta name=\"twitter:label2\" content=\"Tiempo de lectura\" \/>\n\t<meta name=\"twitter:data2\" content=\"3 minutos\" \/>\n<script type=\"application\/ld+json\" class=\"yoast-schema-graph\">{\"@context\":\"https:\\\/\\\/schema.org\",\"@graph\":[{\"@type\":\"Article\",\"@id\":\"https:\\\/\\\/quehacerpolitico.mx\\\/?p=59873#article\",\"isPartOf\":{\"@id\":\"https:\\\/\\\/quehacerpolitico.mx\\\/?p=59873\"},\"author\":{\"name\":\"Redacci\u00f3n QP\",\"@id\":\"https:\\\/\\\/quehacerpolitico.mx\\\/#\\\/schema\\\/person\\\/496d8ad2d1d3f8036101dca7ee39e585\"},\"headline\":\"L\u00ednea Roja\\\/\\\/\\\/Jacqueline Morgado\\\/\\\/\\\/L\u00f3pez Obrador pide al ex canciller Casta\u00f1eda pedir disculpas a Putla\",\"datePublished\":\"2020-06-29T15:50:18+00:00\",\"mainEntityOfPage\":{\"@id\":\"https:\\\/\\\/quehacerpolitico.mx\\\/?p=59873\"},\"wordCount\":598,\"commentCount\":0,\"image\":{\"@id\":\"https:\\\/\\\/quehacerpolitico.mx\\\/?p=59873#primaryimage\"},\"thumbnailUrl\":\"https:\\\/\\\/quehacerpolitico.mx\\\/wp-content\\\/uploads\\\/2020\\\/06\\\/5DE972BF-EC1B-4353-8B02-FF0B5B973488.jpeg\",\"articleSection\":[\"Noticias\"],\"inLanguage\":\"es\",\"potentialAction\":[{\"@type\":\"CommentAction\",\"name\":\"Comment\",\"target\":[\"https:\\\/\\\/quehacerpolitico.mx\\\/?p=59873#respond\"]}]},{\"@type\":\"WebPage\",\"@id\":\"https:\\\/\\\/quehacerpolitico.mx\\\/?p=59873\",\"url\":\"https:\\\/\\\/quehacerpolitico.mx\\\/?p=59873\",\"name\":\"L\u00ednea Roja\\\/\\\/\\\/Jacqueline Morgado\\\/\\\/\\\/L\u00f3pez Obrador pide al ex canciller Casta\u00f1eda pedir disculpas a Putla -\",\"isPartOf\":{\"@id\":\"https:\\\/\\\/quehacerpolitico.mx\\\/#website\"},\"primaryImageOfPage\":{\"@id\":\"https:\\\/\\\/quehacerpolitico.mx\\\/?p=59873#primaryimage\"},\"image\":{\"@id\":\"https:\\\/\\\/quehacerpolitico.mx\\\/?p=59873#primaryimage\"},\"thumbnailUrl\":\"https:\\\/\\\/quehacerpolitico.mx\\\/wp-content\\\/uploads\\\/2020\\\/06\\\/5DE972BF-EC1B-4353-8B02-FF0B5B973488.jpeg\",\"datePublished\":\"2020-06-29T15:50:18+00:00\",\"author\":{\"@id\":\"https:\\\/\\\/quehacerpolitico.mx\\\/#\\\/schema\\\/person\\\/496d8ad2d1d3f8036101dca7ee39e585\"},\"breadcrumb\":{\"@id\":\"https:\\\/\\\/quehacerpolitico.mx\\\/?p=59873#breadcrumb\"},\"inLanguage\":\"es\",\"potentialAction\":[{\"@type\":\"ReadAction\",\"target\":[\"https:\\\/\\\/quehacerpolitico.mx\\\/?p=59873\"]}]},{\"@type\":\"ImageObject\",\"inLanguage\":\"es\",\"@id\":\"https:\\\/\\\/quehacerpolitico.mx\\\/?p=59873#primaryimage\",\"url\":\"https:\\\/\\\/quehacerpolitico.mx\\\/wp-content\\\/uploads\\\/2020\\\/06\\\/5DE972BF-EC1B-4353-8B02-FF0B5B973488.jpeg\",\"contentUrl\":\"https:\\\/\\\/quehacerpolitico.mx\\\/wp-content\\\/uploads\\\/2020\\\/06\\\/5DE972BF-EC1B-4353-8B02-FF0B5B973488.jpeg\",\"width\":546,\"height\":370},{\"@type\":\"BreadcrumbList\",\"@id\":\"https:\\\/\\\/quehacerpolitico.mx\\\/?p=59873#breadcrumb\",\"itemListElement\":[{\"@type\":\"ListItem\",\"position\":1,\"name\":\"Inicio\",\"item\":\"https:\\\/\\\/quehacerpolitico.mx\\\/\"},{\"@type\":\"ListItem\",\"position\":2,\"name\":\"L\u00ednea Roja\\\/\\\/\\\/Jacqueline Morgado\\\/\\\/\\\/L\u00f3pez Obrador pide al ex canciller Casta\u00f1eda pedir disculpas a Putla\"}]},{\"@type\":\"WebSite\",\"@id\":\"https:\\\/\\\/quehacerpolitico.mx\\\/#website\",\"url\":\"https:\\\/\\\/quehacerpolitico.mx\\\/\",\"name\":\"\",\"description\":\"\",\"potentialAction\":[{\"@type\":\"SearchAction\",\"target\":{\"@type\":\"EntryPoint\",\"urlTemplate\":\"https:\\\/\\\/quehacerpolitico.mx\\\/?s={search_term_string}\"},\"query-input\":{\"@type\":\"PropertyValueSpecification\",\"valueRequired\":true,\"valueName\":\"search_term_string\"}}],\"inLanguage\":\"es\"},{\"@type\":\"Person\",\"@id\":\"https:\\\/\\\/quehacerpolitico.mx\\\/#\\\/schema\\\/person\\\/496d8ad2d1d3f8036101dca7ee39e585\",\"name\":\"Redacci\u00f3n QP\",\"image\":{\"@type\":\"ImageObject\",\"inLanguage\":\"es\",\"@id\":\"https:\\\/\\\/secure.gravatar.com\\\/avatar\\\/c7164ed6fdec453195284ad24a5ae5b6e1eed2b848477fa2a4787ba9adf39a41?s=96&d=mm&r=g\",\"url\":\"https:\\\/\\\/secure.gravatar.com\\\/avatar\\\/c7164ed6fdec453195284ad24a5ae5b6e1eed2b848477fa2a4787ba9adf39a41?s=96&d=mm&r=g\",\"contentUrl\":\"https:\\\/\\\/secure.gravatar.com\\\/avatar\\\/c7164ed6fdec453195284ad24a5ae5b6e1eed2b848477fa2a4787ba9adf39a41?s=96&d=mm&r=g\",\"caption\":\"Redacci\u00f3n QP\"},\"url\":\"https:\\\/\\\/quehacerpolitico.mx\\\/?author=2\"}]}<\/script>\n<!-- \/ Yoast SEO plugin. -->","yoast_head_json":{"title":"L\u00ednea Roja\/\/\/Jacqueline Morgado\/\/\/L\u00f3pez Obrador pide al ex canciller Casta\u00f1eda pedir disculpas a Putla -","robots":{"index":"index","follow":"follow","max-snippet":"max-snippet:-1","max-image-preview":"max-image-preview:large","max-video-preview":"max-video-preview:-1"},"canonical":"https:\/\/quehacerpolitico.mx\/?p=59873","og_locale":"es_MX","og_type":"article","og_title":"L\u00ednea Roja\/\/\/Jacqueline Morgado\/\/\/L\u00f3pez Obrador pide al ex canciller Casta\u00f1eda pedir disculpas a Putla -","og_description":"L\u00f3pez Obrador pide al ex canciller Casta\u00f1eda pedir disculpas a Putla Por Jacqueline Morgado El...","og_url":"https:\/\/quehacerpolitico.mx\/?p=59873","article_published_time":"2020-06-29T15:50:18+00:00","og_image":[{"width":546,"height":370,"url":"https:\/\/quehacerpolitico.mx\/wp-content\/uploads\/2020\/06\/5DE972BF-EC1B-4353-8B02-FF0B5B973488.jpeg","type":"image\/jpeg"}],"author":"Redacci\u00f3n QP","twitter_card":"summary_large_image","twitter_misc":{"Escrito por":"Redacci\u00f3n QP","Tiempo de lectura":"3 minutos"},"schema":{"@context":"https:\/\/schema.org","@graph":[{"@type":"Article","@id":"https:\/\/quehacerpolitico.mx\/?p=59873#article","isPartOf":{"@id":"https:\/\/quehacerpolitico.mx\/?p=59873"},"author":{"name":"Redacci\u00f3n QP","@id":"https:\/\/quehacerpolitico.mx\/#\/schema\/person\/496d8ad2d1d3f8036101dca7ee39e585"},"headline":"L\u00ednea Roja\/\/\/Jacqueline Morgado\/\/\/L\u00f3pez Obrador pide al ex canciller Casta\u00f1eda pedir disculpas a Putla","datePublished":"2020-06-29T15:50:18+00:00","mainEntityOfPage":{"@id":"https:\/\/quehacerpolitico.mx\/?p=59873"},"wordCount":598,"commentCount":0,"image":{"@id":"https:\/\/quehacerpolitico.mx\/?p=59873#primaryimage"},"thumbnailUrl":"https:\/\/quehacerpolitico.mx\/wp-content\/uploads\/2020\/06\/5DE972BF-EC1B-4353-8B02-FF0B5B973488.jpeg","articleSection":["Noticias"],"inLanguage":"es","potentialAction":[{"@type":"CommentAction","name":"Comment","target":["https:\/\/quehacerpolitico.mx\/?p=59873#respond"]}]},{"@type":"WebPage","@id":"https:\/\/quehacerpolitico.mx\/?p=59873","url":"https:\/\/quehacerpolitico.mx\/?p=59873","name":"L\u00ednea Roja\/\/\/Jacqueline Morgado\/\/\/L\u00f3pez Obrador pide al ex canciller Casta\u00f1eda pedir disculpas a Putla -","isPartOf":{"@id":"https:\/\/quehacerpolitico.mx\/#website"},"primaryImageOfPage":{"@id":"https:\/\/quehacerpolitico.mx\/?p=59873#primaryimage"},"image":{"@id":"https:\/\/quehacerpolitico.mx\/?p=59873#primaryimage"},"thumbnailUrl":"https:\/\/quehacerpolitico.mx\/wp-content\/uploads\/2020\/06\/5DE972BF-EC1B-4353-8B02-FF0B5B973488.jpeg","datePublished":"2020-06-29T15:50:18+00:00","author":{"@id":"https:\/\/quehacerpolitico.mx\/#\/schema\/person\/496d8ad2d1d3f8036101dca7ee39e585"},"breadcrumb":{"@id":"https:\/\/quehacerpolitico.mx\/?p=59873#breadcrumb"},"inLanguage":"es","potentialAction":[{"@type":"ReadAction","target":["https:\/\/quehacerpolitico.mx\/?p=59873"]}]},{"@type":"ImageObject","inLanguage":"es","@id":"https:\/\/quehacerpolitico.mx\/?p=59873#primaryimage","url":"https:\/\/quehacerpolitico.mx\/wp-content\/uploads\/2020\/06\/5DE972BF-EC1B-4353-8B02-FF0B5B973488.jpeg","contentUrl":"https:\/\/quehacerpolitico.mx\/wp-content\/uploads\/2020\/06\/5DE972BF-EC1B-4353-8B02-FF0B5B973488.jpeg","width":546,"height":370},{"@type":"BreadcrumbList","@id":"https:\/\/quehacerpolitico.mx\/?p=59873#breadcrumb","itemListElement":[{"@type":"ListItem","position":1,"name":"Inicio","item":"https:\/\/quehacerpolitico.mx\/"},{"@type":"ListItem","position":2,"name":"L\u00ednea Roja\/\/\/Jacqueline Morgado\/\/\/L\u00f3pez Obrador pide al ex canciller Casta\u00f1eda pedir disculpas a Putla"}]},{"@type":"WebSite","@id":"https:\/\/quehacerpolitico.mx\/#website","url":"https:\/\/quehacerpolitico.mx\/","name":"","description":"","potentialAction":[{"@type":"SearchAction","target":{"@type":"EntryPoint","urlTemplate":"https:\/\/quehacerpolitico.mx\/?s={search_term_string}"},"query-input":{"@type":"PropertyValueSpecification","valueRequired":true,"valueName":"search_term_string"}}],"inLanguage":"es"},{"@type":"Person","@id":"https:\/\/quehacerpolitico.mx\/#\/schema\/person\/496d8ad2d1d3f8036101dca7ee39e585","name":"Redacci\u00f3n QP","image":{"@type":"ImageObject","inLanguage":"es","@id":"https:\/\/secure.gravatar.com\/avatar\/c7164ed6fdec453195284ad24a5ae5b6e1eed2b848477fa2a4787ba9adf39a41?s=96&d=mm&r=g","url":"https:\/\/secure.gravatar.com\/avatar\/c7164ed6fdec453195284ad24a5ae5b6e1eed2b848477fa2a4787ba9adf39a41?s=96&d=mm&r=g","contentUrl":"https:\/\/secure.gravatar.com\/avatar\/c7164ed6fdec453195284ad24a5ae5b6e1eed2b848477fa2a4787ba9adf39a41?s=96&d=mm&r=g","caption":"Redacci\u00f3n QP"},"url":"https:\/\/quehacerpolitico.mx\/?author=2"}]}},"featured_image_urls":{"full":["https:\/\/quehacerpolitico.mx\/wp-content\/uploads\/2020\/06\/5DE972BF-EC1B-4353-8B02-FF0B5B973488.jpeg",546,370,false],"thumbnail":["https:\/\/quehacerpolitico.mx\/wp-content\/uploads\/2020\/06\/5DE972BF-EC1B-4353-8B02-FF0B5B973488-150x150.jpeg",150,150,true],"medium":["https:\/\/quehacerpolitico.mx\/wp-content\/uploads\/2020\/06\/5DE972BF-EC1B-4353-8B02-FF0B5B973488-300x203.jpeg",300,203,true],"medium_large":["https:\/\/quehacerpolitico.mx\/wp-content\/uploads\/2020\/06\/5DE972BF-EC1B-4353-8B02-FF0B5B973488.jpeg",546,370,false],"large":["https:\/\/quehacerpolitico.mx\/wp-content\/uploads\/2020\/06\/5DE972BF-EC1B-4353-8B02-FF0B5B973488.jpeg",546,370,false],"1536x1536":["https:\/\/quehacerpolitico.mx\/wp-content\/uploads\/2020\/06\/5DE972BF-EC1B-4353-8B02-FF0B5B973488.jpeg",546,370,false],"2048x2048":["https:\/\/quehacerpolitico.mx\/wp-content\/uploads\/2020\/06\/5DE972BF-EC1B-4353-8B02-FF0B5B973488.jpeg",546,370,false],"covernews-featured":["https:\/\/quehacerpolitico.mx\/wp-content\/uploads\/2020\/06\/5DE972BF-EC1B-4353-8B02-FF0B5B973488.jpeg",546,370,false],"covernews-medium":["https:\/\/quehacerpolitico.mx\/wp-content\/uploads\/2020\/06\/5DE972BF-EC1B-4353-8B02-FF0B5B973488.jpeg",502,340,false]},"author_info":{"display_name":"Redacci\u00f3n QP","author_link":"https:\/\/quehacerpolitico.mx\/?author=2"},"category_info":"<a href=\"https:\/\/quehacerpolitico.mx\/?cat=2\" rel=\"category\">Noticias<\/a>","tag_info":"Noticias","comment_count":"0","_links":{"self":[{"href":"https:\/\/quehacerpolitico.mx\/index.php?rest_route=\/wp\/v2\/posts\/59873","targetHints":{"allow":["GET"]}}],"collection":[{"href":"https:\/\/quehacerpolitico.mx\/index.php?rest_route=\/wp\/v2\/posts"}],"about":[{"href":"https:\/\/quehacerpolitico.mx\/index.php?rest_route=\/wp\/v2\/types\/post"}],"author":[{"embeddable":true,"href":"https:\/\/quehacerpolitico.mx\/index.php?rest_route=\/wp\/v2\/users\/2"}],"replies":[{"embeddable":true,"href":"https:\/\/quehacerpolitico.mx\/index.php?rest_route=%2Fwp%2Fv2%2Fcomments&post=59873"}],"version-history":[{"count":0,"href":"https:\/\/quehacerpolitico.mx\/index.php?rest_route=\/wp\/v2\/posts\/59873\/revisions"}],"wp:featuredmedia":[{"embeddable":true,"href":"https:\/\/quehacerpolitico.mx\/index.php?rest_route=\/wp\/v2\/media\/59876"}],"wp:attachment":[{"href":"https:\/\/quehacerpolitico.mx\/index.php?rest_route=%2Fwp%2Fv2%2Fmedia&parent=59873"}],"wp:term":[{"taxonomy":"category","embeddable":true,"href":"https:\/\/quehacerpolitico.mx\/index.php?rest_route=%2Fwp%2Fv2%2Fcategories&post=59873"},{"taxonomy":"post_tag","embeddable":true,"href":"https:\/\/quehacerpolitico.mx\/index.php?rest_route=%2Fwp%2Fv2%2Ftags&post=59873"}],"curies":[{"name":"wp","href":"https:\/\/api.w.org\/{rel}","templated":true}]}}