{"id":59727,"date":"2020-06-26T00:09:48","date_gmt":"2020-06-26T05:09:48","guid":{"rendered":"http:\/\/quehacerpolitico.mx\/?p=59727"},"modified":"2020-06-26T00:09:48","modified_gmt":"2020-06-26T05:09:48","slug":"mexico-debe-calibrar-bien-visita-de-lopez-obrador-a-trump-ruiz-massieu","status":"publish","type":"post","link":"https:\/\/quehacerpolitico.mx\/?p=59727","title":{"rendered":"M\u00e9xico debe &#8220;calibrar bien&#8221; visita de L\u00f3pez Obrador a Trump: Ruiz Massieu"},"content":{"rendered":"<h1 class=\"news-title\">M\u00e9xico debe &#8220;calibrar bien&#8221; visita de L\u00f3pez Obrador a Trump: Ruiz Massieu<br \/>\nPor Redacci\u00f3n QP<\/h1>\n<div class=\"news-subtitle\">\n<p>La senadora del PRI y ex canciller advierte que el encuentro puede un riesgo en el marco de las elecciones en Estados Unidos<\/p>\n<\/div>\n<div class=\"social-share-box normal\">\n<p>La senadora del PRI y ex canciller, Claudia Ruiz Massieu, consider\u00f3 que la visita del Presidente Andr\u00e9s Manuel L\u00f3pez Obrador a Washington, Estados Unidos, debi\u00f3 calibrarse desde el Gobierno federal y advirti\u00f3 que puede representar un riesgo en el marco de las elecciones en el marco de las elecciones de aquel pa\u00eds.<\/p>\n<p>&#8220;Como ex canciller tengo perfectamente claro que la conducci\u00f3n de pol\u00edtica exterior le corresponde al Ejecutivo, y le respeto en ese sentido esa conducci\u00f3n. El gobierno tendr\u00e1 la informaci\u00f3n y los factores que determinen esta toma de decisi\u00f3n de ir a Estados Unidos&#8221;.<\/p>\n<p>&#8220;Como senadora, creo que tenemos la responsabilidad de advertir que es un riesgo por el contexto electoral de Estados Unidos (\u2026) sin duda es un riesgo que yo espero y estoy segura que as\u00ed fue en la Canciller\u00eda, que se haya calibrado&#8221;, indic\u00f3.<\/p>\n<p>En conferencia de prensa virtual, la senadora aclar\u00f3 que el riesgo lo ve en el escenario electoral y de la personalidad del presidente de Estados Unidos, que se ha referido de mala manera a M\u00e9xico, justamente, con tintes pol\u00edticos.<\/p>\n<p>&#8220;Pero no perdamos de vista que esta decisi\u00f3n -por lo menos as\u00ed lo entend\u00ed de lo que transmiti\u00f3 el propio Presidente en su conferencia de prensa del d\u00eda de ayer- ser\u00e1 en el marco de la entrada en vigor del Tratado justamente&#8221;.<\/p>\n<p>&#8220;Incluso me parece que se ha referido a la posibilidad de que sea un encuentro trilateral, y ser\u00eda ese el contexto de la visita (\u2026) pues es una visita y es un encuentro trilateral que se justifica, sin perder de vista los riesgos&#8221;, aclar\u00f3.<\/p>\n<p>Sobre las declaraciones del embajador de los Estados Unidos, Christopher Landau, Ruiz Massieu hizo referencia &#8220;al mensaje&#8221; que ha enviado el Gobierno federal en cuesti\u00f3n de inversiones y defendi\u00f3 que la funci\u00f3n del embajador es &#8220;traducir&#8221; para su gobierno el clima econ\u00f3mico y pol\u00edtico del pa\u00eds donde est\u00e1 comisionado.<\/p>\n<p>&#8220;Es, yo dir\u00eda no s\u00f3lo su prerrogativa, sino su responsabilidad, traducir lo que \u00e9l advierte de la realidad mexicana a sus connacionales, en este sentido a los inversionistas. Nos preocupan las se\u00f1ales que ha mandado este gobierno al mundo y a los inversionistas&#8221;.<\/p>\n<p>&#8220;En el caso del embajador, pues me parece que es parte de la funci\u00f3n de un embajador, decodificarles la realidad del pa\u00eds en donde est\u00e1, a su sector privado, a su gobierno, etc\u00e9tera, y es lamentable que esta sea la visi\u00f3n&#8221;, a\u00f1adi\u00f3.<\/p>\n<p>Con informaci\u00f3n de SUN<\/p>\n<\/div>\n","protected":false},"excerpt":{"rendered":"<p>M\u00e9xico debe &#8220;calibrar bien&#8221; visita de L\u00f3pez Obrador a Trump: Ruiz Massieu Por Redacci\u00f3n QP&#8230;<\/p>\n","protected":false},"author":2,"featured_media":59728,"comment_status":"open","ping_status":"open","sticky":false,"template":"","format":"standard","meta":{"_monsterinsights_skip_tracking":false,"_monsterinsights_sitenote_active":false,"_monsterinsights_sitenote_note":"","_monsterinsights_sitenote_category":0,"footnotes":""},"categories":[2],"tags":[],"class_list":["post-59727","post","type-post","status-publish","format-standard","has-post-thumbnail","hentry","category-noticias"],"yoast_head":"<!-- This site is optimized with the Yoast SEO plugin v27.3 - https:\/\/yoast.com\/product\/yoast-seo-wordpress\/ -->\n<title>M\u00e9xico debe &quot;calibrar bien&quot; visita de L\u00f3pez Obrador a Trump: Ruiz Massieu -<\/title>\n<meta name=\"robots\" content=\"index, follow, max-snippet:-1, max-image-preview:large, max-video-preview:-1\" \/>\n<link rel=\"canonical\" href=\"https:\/\/quehacerpolitico.mx\/?p=59727\" \/>\n<meta property=\"og:locale\" content=\"es_MX\" \/>\n<meta property=\"og:type\" content=\"article\" \/>\n<meta property=\"og:title\" content=\"M\u00e9xico debe &quot;calibrar bien&quot; visita de L\u00f3pez Obrador a Trump: Ruiz Massieu -\" \/>\n<meta property=\"og:description\" content=\"M\u00e9xico debe &#8220;calibrar bien&#8221; visita de L\u00f3pez Obrador a Trump: Ruiz Massieu Por Redacci\u00f3n QP...\" \/>\n<meta property=\"og:url\" content=\"https:\/\/quehacerpolitico.mx\/?p=59727\" \/>\n<meta property=\"article:published_time\" content=\"2020-06-26T05:09:48+00:00\" \/>\n<meta property=\"og:image\" content=\"https:\/\/quehacerpolitico.mx\/wp-content\/uploads\/2020\/06\/632F62C6-448A-45B1-BBA7-6FB4C8A3F270.jpeg\" \/>\n\t<meta property=\"og:image:width\" content=\"540\" \/>\n\t<meta property=\"og:image:height\" content=\"359\" \/>\n\t<meta property=\"og:image:type\" content=\"image\/jpeg\" \/>\n<meta name=\"author\" content=\"Redacci\u00f3n QP\" \/>\n<meta name=\"twitter:card\" content=\"summary_large_image\" \/>\n<meta name=\"twitter:label1\" content=\"Escrito por\" \/>\n\t<meta name=\"twitter:data1\" content=\"Redacci\u00f3n QP\" \/>\n\t<meta name=\"twitter:label2\" content=\"Tiempo de lectura\" \/>\n\t<meta name=\"twitter:data2\" content=\"2 minutos\" \/>\n<script type=\"application\/ld+json\" class=\"yoast-schema-graph\">{\"@context\":\"https:\\\/\\\/schema.org\",\"@graph\":[{\"@type\":\"Article\",\"@id\":\"https:\\\/\\\/quehacerpolitico.mx\\\/?p=59727#article\",\"isPartOf\":{\"@id\":\"https:\\\/\\\/quehacerpolitico.mx\\\/?p=59727\"},\"author\":{\"name\":\"Redacci\u00f3n QP\",\"@id\":\"https:\\\/\\\/quehacerpolitico.mx\\\/#\\\/schema\\\/person\\\/496d8ad2d1d3f8036101dca7ee39e585\"},\"headline\":\"M\u00e9xico debe &#8220;calibrar bien&#8221; visita de L\u00f3pez Obrador a Trump: Ruiz Massieu\",\"datePublished\":\"2020-06-26T05:09:48+00:00\",\"mainEntityOfPage\":{\"@id\":\"https:\\\/\\\/quehacerpolitico.mx\\\/?p=59727\"},\"wordCount\":482,\"commentCount\":0,\"image\":{\"@id\":\"https:\\\/\\\/quehacerpolitico.mx\\\/?p=59727#primaryimage\"},\"thumbnailUrl\":\"https:\\\/\\\/quehacerpolitico.mx\\\/wp-content\\\/uploads\\\/2020\\\/06\\\/632F62C6-448A-45B1-BBA7-6FB4C8A3F270.jpeg\",\"articleSection\":[\"Noticias\"],\"inLanguage\":\"es\",\"potentialAction\":[{\"@type\":\"CommentAction\",\"name\":\"Comment\",\"target\":[\"https:\\\/\\\/quehacerpolitico.mx\\\/?p=59727#respond\"]}]},{\"@type\":\"WebPage\",\"@id\":\"https:\\\/\\\/quehacerpolitico.mx\\\/?p=59727\",\"url\":\"https:\\\/\\\/quehacerpolitico.mx\\\/?p=59727\",\"name\":\"M\u00e9xico debe \\\"calibrar bien\\\" visita de L\u00f3pez Obrador a Trump: Ruiz Massieu -\",\"isPartOf\":{\"@id\":\"https:\\\/\\\/quehacerpolitico.mx\\\/#website\"},\"primaryImageOfPage\":{\"@id\":\"https:\\\/\\\/quehacerpolitico.mx\\\/?p=59727#primaryimage\"},\"image\":{\"@id\":\"https:\\\/\\\/quehacerpolitico.mx\\\/?p=59727#primaryimage\"},\"thumbnailUrl\":\"https:\\\/\\\/quehacerpolitico.mx\\\/wp-content\\\/uploads\\\/2020\\\/06\\\/632F62C6-448A-45B1-BBA7-6FB4C8A3F270.jpeg\",\"datePublished\":\"2020-06-26T05:09:48+00:00\",\"author\":{\"@id\":\"https:\\\/\\\/quehacerpolitico.mx\\\/#\\\/schema\\\/person\\\/496d8ad2d1d3f8036101dca7ee39e585\"},\"breadcrumb\":{\"@id\":\"https:\\\/\\\/quehacerpolitico.mx\\\/?p=59727#breadcrumb\"},\"inLanguage\":\"es\",\"potentialAction\":[{\"@type\":\"ReadAction\",\"target\":[\"https:\\\/\\\/quehacerpolitico.mx\\\/?p=59727\"]}]},{\"@type\":\"ImageObject\",\"inLanguage\":\"es\",\"@id\":\"https:\\\/\\\/quehacerpolitico.mx\\\/?p=59727#primaryimage\",\"url\":\"https:\\\/\\\/quehacerpolitico.mx\\\/wp-content\\\/uploads\\\/2020\\\/06\\\/632F62C6-448A-45B1-BBA7-6FB4C8A3F270.jpeg\",\"contentUrl\":\"https:\\\/\\\/quehacerpolitico.mx\\\/wp-content\\\/uploads\\\/2020\\\/06\\\/632F62C6-448A-45B1-BBA7-6FB4C8A3F270.jpeg\",\"width\":540,\"height\":359},{\"@type\":\"BreadcrumbList\",\"@id\":\"https:\\\/\\\/quehacerpolitico.mx\\\/?p=59727#breadcrumb\",\"itemListElement\":[{\"@type\":\"ListItem\",\"position\":1,\"name\":\"Inicio\",\"item\":\"https:\\\/\\\/quehacerpolitico.mx\\\/\"},{\"@type\":\"ListItem\",\"position\":2,\"name\":\"M\u00e9xico debe &#8220;calibrar bien&#8221; visita de L\u00f3pez Obrador a Trump: Ruiz Massieu\"}]},{\"@type\":\"WebSite\",\"@id\":\"https:\\\/\\\/quehacerpolitico.mx\\\/#website\",\"url\":\"https:\\\/\\\/quehacerpolitico.mx\\\/\",\"name\":\"\",\"description\":\"\",\"potentialAction\":[{\"@type\":\"SearchAction\",\"target\":{\"@type\":\"EntryPoint\",\"urlTemplate\":\"https:\\\/\\\/quehacerpolitico.mx\\\/?s={search_term_string}\"},\"query-input\":{\"@type\":\"PropertyValueSpecification\",\"valueRequired\":true,\"valueName\":\"search_term_string\"}}],\"inLanguage\":\"es\"},{\"@type\":\"Person\",\"@id\":\"https:\\\/\\\/quehacerpolitico.mx\\\/#\\\/schema\\\/person\\\/496d8ad2d1d3f8036101dca7ee39e585\",\"name\":\"Redacci\u00f3n QP\",\"image\":{\"@type\":\"ImageObject\",\"inLanguage\":\"es\",\"@id\":\"https:\\\/\\\/secure.gravatar.com\\\/avatar\\\/c7164ed6fdec453195284ad24a5ae5b6e1eed2b848477fa2a4787ba9adf39a41?s=96&d=mm&r=g\",\"url\":\"https:\\\/\\\/secure.gravatar.com\\\/avatar\\\/c7164ed6fdec453195284ad24a5ae5b6e1eed2b848477fa2a4787ba9adf39a41?s=96&d=mm&r=g\",\"contentUrl\":\"https:\\\/\\\/secure.gravatar.com\\\/avatar\\\/c7164ed6fdec453195284ad24a5ae5b6e1eed2b848477fa2a4787ba9adf39a41?s=96&d=mm&r=g\",\"caption\":\"Redacci\u00f3n QP\"},\"url\":\"https:\\\/\\\/quehacerpolitico.mx\\\/?author=2\"}]}<\/script>\n<!-- \/ Yoast SEO plugin. -->","yoast_head_json":{"title":"M\u00e9xico debe \"calibrar bien\" visita de L\u00f3pez Obrador a Trump: Ruiz Massieu -","robots":{"index":"index","follow":"follow","max-snippet":"max-snippet:-1","max-image-preview":"max-image-preview:large","max-video-preview":"max-video-preview:-1"},"canonical":"https:\/\/quehacerpolitico.mx\/?p=59727","og_locale":"es_MX","og_type":"article","og_title":"M\u00e9xico debe \"calibrar bien\" visita de L\u00f3pez Obrador a Trump: Ruiz Massieu -","og_description":"M\u00e9xico debe &#8220;calibrar bien&#8221; visita de L\u00f3pez Obrador a Trump: Ruiz Massieu Por Redacci\u00f3n QP...","og_url":"https:\/\/quehacerpolitico.mx\/?p=59727","article_published_time":"2020-06-26T05:09:48+00:00","og_image":[{"width":540,"height":359,"url":"https:\/\/quehacerpolitico.mx\/wp-content\/uploads\/2020\/06\/632F62C6-448A-45B1-BBA7-6FB4C8A3F270.jpeg","type":"image\/jpeg"}],"author":"Redacci\u00f3n QP","twitter_card":"summary_large_image","twitter_misc":{"Escrito por":"Redacci\u00f3n QP","Tiempo de lectura":"2 minutos"},"schema":{"@context":"https:\/\/schema.org","@graph":[{"@type":"Article","@id":"https:\/\/quehacerpolitico.mx\/?p=59727#article","isPartOf":{"@id":"https:\/\/quehacerpolitico.mx\/?p=59727"},"author":{"name":"Redacci\u00f3n QP","@id":"https:\/\/quehacerpolitico.mx\/#\/schema\/person\/496d8ad2d1d3f8036101dca7ee39e585"},"headline":"M\u00e9xico debe &#8220;calibrar bien&#8221; visita de L\u00f3pez Obrador a Trump: Ruiz Massieu","datePublished":"2020-06-26T05:09:48+00:00","mainEntityOfPage":{"@id":"https:\/\/quehacerpolitico.mx\/?p=59727"},"wordCount":482,"commentCount":0,"image":{"@id":"https:\/\/quehacerpolitico.mx\/?p=59727#primaryimage"},"thumbnailUrl":"https:\/\/quehacerpolitico.mx\/wp-content\/uploads\/2020\/06\/632F62C6-448A-45B1-BBA7-6FB4C8A3F270.jpeg","articleSection":["Noticias"],"inLanguage":"es","potentialAction":[{"@type":"CommentAction","name":"Comment","target":["https:\/\/quehacerpolitico.mx\/?p=59727#respond"]}]},{"@type":"WebPage","@id":"https:\/\/quehacerpolitico.mx\/?p=59727","url":"https:\/\/quehacerpolitico.mx\/?p=59727","name":"M\u00e9xico debe \"calibrar bien\" visita de L\u00f3pez Obrador a Trump: Ruiz Massieu -","isPartOf":{"@id":"https:\/\/quehacerpolitico.mx\/#website"},"primaryImageOfPage":{"@id":"https:\/\/quehacerpolitico.mx\/?p=59727#primaryimage"},"image":{"@id":"https:\/\/quehacerpolitico.mx\/?p=59727#primaryimage"},"thumbnailUrl":"https:\/\/quehacerpolitico.mx\/wp-content\/uploads\/2020\/06\/632F62C6-448A-45B1-BBA7-6FB4C8A3F270.jpeg","datePublished":"2020-06-26T05:09:48+00:00","author":{"@id":"https:\/\/quehacerpolitico.mx\/#\/schema\/person\/496d8ad2d1d3f8036101dca7ee39e585"},"breadcrumb":{"@id":"https:\/\/quehacerpolitico.mx\/?p=59727#breadcrumb"},"inLanguage":"es","potentialAction":[{"@type":"ReadAction","target":["https:\/\/quehacerpolitico.mx\/?p=59727"]}]},{"@type":"ImageObject","inLanguage":"es","@id":"https:\/\/quehacerpolitico.mx\/?p=59727#primaryimage","url":"https:\/\/quehacerpolitico.mx\/wp-content\/uploads\/2020\/06\/632F62C6-448A-45B1-BBA7-6FB4C8A3F270.jpeg","contentUrl":"https:\/\/quehacerpolitico.mx\/wp-content\/uploads\/2020\/06\/632F62C6-448A-45B1-BBA7-6FB4C8A3F270.jpeg","width":540,"height":359},{"@type":"BreadcrumbList","@id":"https:\/\/quehacerpolitico.mx\/?p=59727#breadcrumb","itemListElement":[{"@type":"ListItem","position":1,"name":"Inicio","item":"https:\/\/quehacerpolitico.mx\/"},{"@type":"ListItem","position":2,"name":"M\u00e9xico debe &#8220;calibrar bien&#8221; visita de L\u00f3pez Obrador a Trump: Ruiz Massieu"}]},{"@type":"WebSite","@id":"https:\/\/quehacerpolitico.mx\/#website","url":"https:\/\/quehacerpolitico.mx\/","name":"","description":"","potentialAction":[{"@type":"SearchAction","target":{"@type":"EntryPoint","urlTemplate":"https:\/\/quehacerpolitico.mx\/?s={search_term_string}"},"query-input":{"@type":"PropertyValueSpecification","valueRequired":true,"valueName":"search_term_string"}}],"inLanguage":"es"},{"@type":"Person","@id":"https:\/\/quehacerpolitico.mx\/#\/schema\/person\/496d8ad2d1d3f8036101dca7ee39e585","name":"Redacci\u00f3n QP","image":{"@type":"ImageObject","inLanguage":"es","@id":"https:\/\/secure.gravatar.com\/avatar\/c7164ed6fdec453195284ad24a5ae5b6e1eed2b848477fa2a4787ba9adf39a41?s=96&d=mm&r=g","url":"https:\/\/secure.gravatar.com\/avatar\/c7164ed6fdec453195284ad24a5ae5b6e1eed2b848477fa2a4787ba9adf39a41?s=96&d=mm&r=g","contentUrl":"https:\/\/secure.gravatar.com\/avatar\/c7164ed6fdec453195284ad24a5ae5b6e1eed2b848477fa2a4787ba9adf39a41?s=96&d=mm&r=g","caption":"Redacci\u00f3n QP"},"url":"https:\/\/quehacerpolitico.mx\/?author=2"}]}},"featured_image_urls":{"full":["https:\/\/quehacerpolitico.mx\/wp-content\/uploads\/2020\/06\/632F62C6-448A-45B1-BBA7-6FB4C8A3F270.jpeg",540,359,false],"thumbnail":["https:\/\/quehacerpolitico.mx\/wp-content\/uploads\/2020\/06\/632F62C6-448A-45B1-BBA7-6FB4C8A3F270-150x150.jpeg",150,150,true],"medium":["https:\/\/quehacerpolitico.mx\/wp-content\/uploads\/2020\/06\/632F62C6-448A-45B1-BBA7-6FB4C8A3F270-300x199.jpeg",300,199,true],"medium_large":["https:\/\/quehacerpolitico.mx\/wp-content\/uploads\/2020\/06\/632F62C6-448A-45B1-BBA7-6FB4C8A3F270.jpeg",540,359,false],"large":["https:\/\/quehacerpolitico.mx\/wp-content\/uploads\/2020\/06\/632F62C6-448A-45B1-BBA7-6FB4C8A3F270.jpeg",540,359,false],"1536x1536":["https:\/\/quehacerpolitico.mx\/wp-content\/uploads\/2020\/06\/632F62C6-448A-45B1-BBA7-6FB4C8A3F270.jpeg",540,359,false],"2048x2048":["https:\/\/quehacerpolitico.mx\/wp-content\/uploads\/2020\/06\/632F62C6-448A-45B1-BBA7-6FB4C8A3F270.jpeg",540,359,false],"covernews-featured":["https:\/\/quehacerpolitico.mx\/wp-content\/uploads\/2020\/06\/632F62C6-448A-45B1-BBA7-6FB4C8A3F270.jpeg",540,359,false],"covernews-medium":["https:\/\/quehacerpolitico.mx\/wp-content\/uploads\/2020\/06\/632F62C6-448A-45B1-BBA7-6FB4C8A3F270.jpeg",511,340,false]},"author_info":{"display_name":"Redacci\u00f3n QP","author_link":"https:\/\/quehacerpolitico.mx\/?author=2"},"category_info":"<a href=\"https:\/\/quehacerpolitico.mx\/?cat=2\" rel=\"category\">Noticias<\/a>","tag_info":"Noticias","comment_count":"0","_links":{"self":[{"href":"https:\/\/quehacerpolitico.mx\/index.php?rest_route=\/wp\/v2\/posts\/59727","targetHints":{"allow":["GET"]}}],"collection":[{"href":"https:\/\/quehacerpolitico.mx\/index.php?rest_route=\/wp\/v2\/posts"}],"about":[{"href":"https:\/\/quehacerpolitico.mx\/index.php?rest_route=\/wp\/v2\/types\/post"}],"author":[{"embeddable":true,"href":"https:\/\/quehacerpolitico.mx\/index.php?rest_route=\/wp\/v2\/users\/2"}],"replies":[{"embeddable":true,"href":"https:\/\/quehacerpolitico.mx\/index.php?rest_route=%2Fwp%2Fv2%2Fcomments&post=59727"}],"version-history":[{"count":0,"href":"https:\/\/quehacerpolitico.mx\/index.php?rest_route=\/wp\/v2\/posts\/59727\/revisions"}],"wp:featuredmedia":[{"embeddable":true,"href":"https:\/\/quehacerpolitico.mx\/index.php?rest_route=\/wp\/v2\/media\/59728"}],"wp:attachment":[{"href":"https:\/\/quehacerpolitico.mx\/index.php?rest_route=%2Fwp%2Fv2%2Fmedia&parent=59727"}],"wp:term":[{"taxonomy":"category","embeddable":true,"href":"https:\/\/quehacerpolitico.mx\/index.php?rest_route=%2Fwp%2Fv2%2Fcategories&post=59727"},{"taxonomy":"post_tag","embeddable":true,"href":"https:\/\/quehacerpolitico.mx\/index.php?rest_route=%2Fwp%2Fv2%2Ftags&post=59727"}],"curies":[{"name":"wp","href":"https:\/\/api.w.org\/{rel}","templated":true}]}}