{"id":59714,"date":"2020-06-25T12:08:58","date_gmt":"2020-06-25T17:08:58","guid":{"rendered":"http:\/\/quehacerpolitico.mx\/?p=59714"},"modified":"2020-06-25T12:08:58","modified_gmt":"2020-06-25T17:08:58","slug":"linea-roja-jacqueline-morgado-lopez-obrador-viajara-a-washington-con-ebrard","status":"publish","type":"post","link":"https:\/\/quehacerpolitico.mx\/?p=59714","title":{"rendered":"L\u00ednea Roja\/\/\/Jacqueline Morgado\/\/L\u00f3pez Obrador viajar\u00e1 a Washington con Ebrard"},"content":{"rendered":"<div class=\"news-header-top\">\n<div class=\"news-data\">\n<h1 class=\"news-title\">L\u00f3pez Obrador viajar\u00e1 a Washington con Ebrard<\/h1>\n<\/div>\n<\/div>\n<div class=\"news-subtitle\">Por Jacqueline Morgado<\/div>\n<div><\/div>\n<div>Adem\u00e1s del secretario de Relaciones Exteriores, lo acompa\u00f1ar\u00e1 la secretaria de Econom\u00eda y el\u00a0coordinador de la Oficina de la Presidencia<\/div>\n<div>\n<p>El\u00a0Presidente de Mexico, Andres Manuel L\u00f3pez Obrador, revel\u00f3 este jueves que el viaje a Washington para reunirse con Donald Trump\u00a0<strong>lo har\u00e1 en un vuelo comercial<\/strong> y estar\u00e1 acompa\u00f1ado de los secretarios de Relaciones Exteriores y de Econom\u00eda.<\/p>\n<p>&#8220;No voy a ir en avi\u00f3n privado, voy a ir en avi\u00f3n de l\u00ednea. <strong>No hay forma de ir directo desde la Ciudad de M\u00e9xico, tengo que hacer escala pero vamos a estar ah\u00ed<\/strong>. Me va a acompa\u00f1ar el secretario de Relaciones Exteriores, Marcelo Ebrard; <strong>la secretaria de Econom\u00eda<\/strong>, Graciela M\u00e1rquez, y Alfonso Romo, <strong>coordinador de la Oficina de la Presidencia<\/strong>&#8220;, dijo en conferencia de prensa.<\/p>\n<p>L\u00f3pez Obrador <strong>dijo que la fecha del viaje &#8220;est\u00e1 por definirse&#8221; y reiter\u00f3 que tiene como principal objetivo conmemorar la puesta en marcha del nuevo tratado de libre comercio<\/strong> entre M\u00e9xico, Estados Unidos y Canad\u00e1 (T-MEC), que entrar\u00e1 en vigor el 1 de julio.<\/p>\n<blockquote class=\"twitter-tweet\" data-width=\"550\" data-dnt=\"true\">\n<p lang=\"es\" dir=\"ltr\">El presidente <a href=\"https:\/\/twitter.com\/lopezobrador_?ref_src=twsrc%5Etfw\">@lopezobrador_<\/a> viajar\u00eda a Washington para reunirse con Donald Trump, en un vuelo comercial, lo acompa\u00f1ar\u00edan Marcelo Ebrard, titular de <a href=\"https:\/\/twitter.com\/SRE_mx?ref_src=twsrc%5Etfw\">@SRE_mx<\/a>; Graciela M\u00e1rquez, titular de la <a href=\"https:\/\/twitter.com\/SE_mx?ref_src=twsrc%5Etfw\">@SE_mx<\/a> y Alfonso Romo (s\u00ed). <\/p>\n<p>\u00bfLlevar\u00e1 cubrebocas? \ud83e\udd14 <a href=\"https:\/\/t.co\/KurVXmMhhf\">pic.twitter.com\/KurVXmMhhf<\/a><\/p>\n<p>&mdash; Ruido en la Red (@RuidoEnLaRed) <a href=\"https:\/\/twitter.com\/RuidoEnLaRed\/status\/1276142311680827392?ref_src=twsrc%5Etfw\">June 25, 2020<\/a><\/p><\/blockquote>\n<p><script async src=\"https:\/\/platform.twitter.com\/widgets.js\" charset=\"utf-8\"><\/script><\/p>\n<p>&#8220;Nada m\u00e1s <strong>estamos esperando a que responda el Gobierno de Canad\u00e1<\/strong>, el primer ministro (Justin) Trudeau, para ver si podemos estar juntos los representantes de los tres Gobiernos. Si no es as\u00ed, ya tom\u00e9 la decisi\u00f3n de ir a Washington a entrevistarme con el presidente Trump&#8221;, expres\u00f3.<\/p>\n<p>El Mandatario mexicano <strong>perfil\u00f3 una visita r\u00e1pida, en la que solo se reunir\u00e1 con su hom\u00f3logo estadounidense, sin encuentros con la comunidad mexicana<\/strong> en Estados Unidos, para regresar r\u00e1pido a M\u00e9xico y &#8220;seguir recorriendo el pa\u00eds&#8221;.<\/p>\n<p>Adem\u00e1s de hablar sobre el T-MEC, L\u00f3pez Obrador <strong>quiere agradecer a Trump el apoyo para conseguir ventiladores<\/strong> par atender en M\u00e9xico la epidemia de COVID-19.<\/p>\n<p>&#8220;Voy a eso a Estados Unidos, a agradecer al presidente Trump por su gesto y solidaridad&#8221;, dijo el Mandatario, quien <strong>reiter\u00f3 que ha mantenido una &#8220;buena relaci\u00f3n&#8221; con su hom\u00f3logo estadounidense<\/strong> desde que asumi\u00f3 la presidencia de M\u00e9xico en diciembre de 2018.<\/p>\n<p>Frente a las cr\u00edticas recibidas por querer reunirse con un presidente contrario a los migrantes mexicanos, L\u00f3pez Obrador dijo que le &#8220;importa mucho la relaci\u00f3n con el gobierno de Estados Unidos&#8221; porque es &#8220;una relaci\u00f3n econ\u00f3mica y comercial indispensable&#8221;.<\/p>\n<p>&#8220;No voy a cuestiones pol\u00edticas o electorales. Es una visita de Estado. Tiene que ver con el inicio del tratado, que es de ayuda para M\u00e9xico. \u00bfHay riesgo? La pol\u00edtica es como caminar siempre en la cuerda floja. Hay que correr riesgos y tomar decisiones&#8221;, zanj\u00f3.<\/p>\n<p>A ra\u00edz de esta reuni\u00f3n, muchos en M\u00e9xico han rememorado el encuentro en 2016 en M\u00e9xico entre el anterior presidente mexicano, Enrique Pe\u00f1a Nieto, y Trump, entonces candidato republicano.<\/p>\n<p>Una reuni\u00f3n que tambi\u00e9n tuvo lugar a las puertas de las elecciones estadounidenses y que Trump aprovech\u00f3 para reivindicar la construcci\u00f3n de un muro fronterizo.<\/p>\n<p><strong>De visitar la Casa Blanca, ser\u00eda la primera vez que L\u00f3pez Obrador sale de M\u00e9xico desde que asumi\u00f3 el poder a finales de 2018<\/strong> y se tratar\u00eda del primer encuentro que mantiene con su hom\u00f3logo estadounidense.<\/p>\n<p>Con informaci\u00f3n de EFE<\/p>\n<\/div>\n","protected":false},"excerpt":{"rendered":"<p>L\u00f3pez Obrador viajar\u00e1 a Washington con Ebrard Por Jacqueline Morgado Adem\u00e1s del secretario de Relaciones&#8230;<\/p>\n","protected":false},"author":2,"featured_media":59715,"comment_status":"open","ping_status":"open","sticky":false,"template":"","format":"standard","meta":{"_monsterinsights_skip_tracking":false,"_monsterinsights_sitenote_active":false,"_monsterinsights_sitenote_note":"","_monsterinsights_sitenote_category":0,"footnotes":""},"categories":[2],"tags":[],"class_list":["post-59714","post","type-post","status-publish","format-standard","has-post-thumbnail","hentry","category-noticias"],"yoast_head":"<!-- This site is optimized with the Yoast SEO plugin v27.3 - https:\/\/yoast.com\/product\/yoast-seo-wordpress\/ -->\n<title>L\u00ednea Roja\/\/\/Jacqueline Morgado\/\/L\u00f3pez Obrador viajar\u00e1 a Washington con Ebrard -<\/title>\n<meta name=\"robots\" content=\"index, follow, max-snippet:-1, max-image-preview:large, max-video-preview:-1\" \/>\n<link rel=\"canonical\" href=\"https:\/\/quehacerpolitico.mx\/?p=59714\" \/>\n<meta property=\"og:locale\" content=\"es_MX\" \/>\n<meta property=\"og:type\" content=\"article\" \/>\n<meta property=\"og:title\" content=\"L\u00ednea Roja\/\/\/Jacqueline Morgado\/\/L\u00f3pez Obrador viajar\u00e1 a Washington con Ebrard -\" \/>\n<meta property=\"og:description\" content=\"L\u00f3pez Obrador viajar\u00e1 a Washington con Ebrard Por Jacqueline Morgado Adem\u00e1s del secretario de Relaciones...\" \/>\n<meta property=\"og:url\" content=\"https:\/\/quehacerpolitico.mx\/?p=59714\" \/>\n<meta property=\"article:published_time\" content=\"2020-06-25T17:08:58+00:00\" \/>\n<meta property=\"og:image\" content=\"https:\/\/quehacerpolitico.mx\/wp-content\/uploads\/2020\/06\/188C12F7-552C-41F8-BB28-EDDCF1C18233.jpeg\" \/>\n\t<meta property=\"og:image:width\" content=\"1242\" \/>\n\t<meta property=\"og:image:height\" content=\"617\" \/>\n\t<meta property=\"og:image:type\" content=\"image\/jpeg\" \/>\n<meta name=\"author\" content=\"Redacci\u00f3n QP\" \/>\n<meta name=\"twitter:card\" content=\"summary_large_image\" \/>\n<meta name=\"twitter:label1\" content=\"Escrito por\" \/>\n\t<meta name=\"twitter:data1\" content=\"Redacci\u00f3n QP\" \/>\n\t<meta name=\"twitter:label2\" content=\"Tiempo de lectura\" \/>\n\t<meta name=\"twitter:data2\" content=\"3 minutos\" \/>\n<script type=\"application\/ld+json\" class=\"yoast-schema-graph\">{\"@context\":\"https:\\\/\\\/schema.org\",\"@graph\":[{\"@type\":\"Article\",\"@id\":\"https:\\\/\\\/quehacerpolitico.mx\\\/?p=59714#article\",\"isPartOf\":{\"@id\":\"https:\\\/\\\/quehacerpolitico.mx\\\/?p=59714\"},\"author\":{\"name\":\"Redacci\u00f3n QP\",\"@id\":\"https:\\\/\\\/quehacerpolitico.mx\\\/#\\\/schema\\\/person\\\/496d8ad2d1d3f8036101dca7ee39e585\"},\"headline\":\"L\u00ednea Roja\\\/\\\/\\\/Jacqueline Morgado\\\/\\\/L\u00f3pez Obrador viajar\u00e1 a Washington con Ebrard\",\"datePublished\":\"2020-06-25T17:08:58+00:00\",\"mainEntityOfPage\":{\"@id\":\"https:\\\/\\\/quehacerpolitico.mx\\\/?p=59714\"},\"wordCount\":575,\"commentCount\":0,\"image\":{\"@id\":\"https:\\\/\\\/quehacerpolitico.mx\\\/?p=59714#primaryimage\"},\"thumbnailUrl\":\"https:\\\/\\\/quehacerpolitico.mx\\\/wp-content\\\/uploads\\\/2020\\\/06\\\/188C12F7-552C-41F8-BB28-EDDCF1C18233.jpeg\",\"articleSection\":[\"Noticias\"],\"inLanguage\":\"es\",\"potentialAction\":[{\"@type\":\"CommentAction\",\"name\":\"Comment\",\"target\":[\"https:\\\/\\\/quehacerpolitico.mx\\\/?p=59714#respond\"]}]},{\"@type\":\"WebPage\",\"@id\":\"https:\\\/\\\/quehacerpolitico.mx\\\/?p=59714\",\"url\":\"https:\\\/\\\/quehacerpolitico.mx\\\/?p=59714\",\"name\":\"L\u00ednea Roja\\\/\\\/\\\/Jacqueline Morgado\\\/\\\/L\u00f3pez Obrador viajar\u00e1 a Washington con Ebrard -\",\"isPartOf\":{\"@id\":\"https:\\\/\\\/quehacerpolitico.mx\\\/#website\"},\"primaryImageOfPage\":{\"@id\":\"https:\\\/\\\/quehacerpolitico.mx\\\/?p=59714#primaryimage\"},\"image\":{\"@id\":\"https:\\\/\\\/quehacerpolitico.mx\\\/?p=59714#primaryimage\"},\"thumbnailUrl\":\"https:\\\/\\\/quehacerpolitico.mx\\\/wp-content\\\/uploads\\\/2020\\\/06\\\/188C12F7-552C-41F8-BB28-EDDCF1C18233.jpeg\",\"datePublished\":\"2020-06-25T17:08:58+00:00\",\"author\":{\"@id\":\"https:\\\/\\\/quehacerpolitico.mx\\\/#\\\/schema\\\/person\\\/496d8ad2d1d3f8036101dca7ee39e585\"},\"breadcrumb\":{\"@id\":\"https:\\\/\\\/quehacerpolitico.mx\\\/?p=59714#breadcrumb\"},\"inLanguage\":\"es\",\"potentialAction\":[{\"@type\":\"ReadAction\",\"target\":[\"https:\\\/\\\/quehacerpolitico.mx\\\/?p=59714\"]}]},{\"@type\":\"ImageObject\",\"inLanguage\":\"es\",\"@id\":\"https:\\\/\\\/quehacerpolitico.mx\\\/?p=59714#primaryimage\",\"url\":\"https:\\\/\\\/quehacerpolitico.mx\\\/wp-content\\\/uploads\\\/2020\\\/06\\\/188C12F7-552C-41F8-BB28-EDDCF1C18233.jpeg\",\"contentUrl\":\"https:\\\/\\\/quehacerpolitico.mx\\\/wp-content\\\/uploads\\\/2020\\\/06\\\/188C12F7-552C-41F8-BB28-EDDCF1C18233.jpeg\",\"width\":1242,\"height\":617},{\"@type\":\"BreadcrumbList\",\"@id\":\"https:\\\/\\\/quehacerpolitico.mx\\\/?p=59714#breadcrumb\",\"itemListElement\":[{\"@type\":\"ListItem\",\"position\":1,\"name\":\"Inicio\",\"item\":\"https:\\\/\\\/quehacerpolitico.mx\\\/\"},{\"@type\":\"ListItem\",\"position\":2,\"name\":\"L\u00ednea Roja\\\/\\\/\\\/Jacqueline Morgado\\\/\\\/L\u00f3pez Obrador viajar\u00e1 a Washington con Ebrard\"}]},{\"@type\":\"WebSite\",\"@id\":\"https:\\\/\\\/quehacerpolitico.mx\\\/#website\",\"url\":\"https:\\\/\\\/quehacerpolitico.mx\\\/\",\"name\":\"\",\"description\":\"\",\"potentialAction\":[{\"@type\":\"SearchAction\",\"target\":{\"@type\":\"EntryPoint\",\"urlTemplate\":\"https:\\\/\\\/quehacerpolitico.mx\\\/?s={search_term_string}\"},\"query-input\":{\"@type\":\"PropertyValueSpecification\",\"valueRequired\":true,\"valueName\":\"search_term_string\"}}],\"inLanguage\":\"es\"},{\"@type\":\"Person\",\"@id\":\"https:\\\/\\\/quehacerpolitico.mx\\\/#\\\/schema\\\/person\\\/496d8ad2d1d3f8036101dca7ee39e585\",\"name\":\"Redacci\u00f3n QP\",\"image\":{\"@type\":\"ImageObject\",\"inLanguage\":\"es\",\"@id\":\"https:\\\/\\\/secure.gravatar.com\\\/avatar\\\/c7164ed6fdec453195284ad24a5ae5b6e1eed2b848477fa2a4787ba9adf39a41?s=96&d=mm&r=g\",\"url\":\"https:\\\/\\\/secure.gravatar.com\\\/avatar\\\/c7164ed6fdec453195284ad24a5ae5b6e1eed2b848477fa2a4787ba9adf39a41?s=96&d=mm&r=g\",\"contentUrl\":\"https:\\\/\\\/secure.gravatar.com\\\/avatar\\\/c7164ed6fdec453195284ad24a5ae5b6e1eed2b848477fa2a4787ba9adf39a41?s=96&d=mm&r=g\",\"caption\":\"Redacci\u00f3n QP\"},\"url\":\"https:\\\/\\\/quehacerpolitico.mx\\\/?author=2\"}]}<\/script>\n<!-- \/ Yoast SEO plugin. -->","yoast_head_json":{"title":"L\u00ednea Roja\/\/\/Jacqueline Morgado\/\/L\u00f3pez Obrador viajar\u00e1 a Washington con Ebrard -","robots":{"index":"index","follow":"follow","max-snippet":"max-snippet:-1","max-image-preview":"max-image-preview:large","max-video-preview":"max-video-preview:-1"},"canonical":"https:\/\/quehacerpolitico.mx\/?p=59714","og_locale":"es_MX","og_type":"article","og_title":"L\u00ednea Roja\/\/\/Jacqueline Morgado\/\/L\u00f3pez Obrador viajar\u00e1 a Washington con Ebrard -","og_description":"L\u00f3pez Obrador viajar\u00e1 a Washington con Ebrard Por Jacqueline Morgado Adem\u00e1s del secretario de Relaciones...","og_url":"https:\/\/quehacerpolitico.mx\/?p=59714","article_published_time":"2020-06-25T17:08:58+00:00","og_image":[{"width":1242,"height":617,"url":"https:\/\/quehacerpolitico.mx\/wp-content\/uploads\/2020\/06\/188C12F7-552C-41F8-BB28-EDDCF1C18233.jpeg","type":"image\/jpeg"}],"author":"Redacci\u00f3n QP","twitter_card":"summary_large_image","twitter_misc":{"Escrito por":"Redacci\u00f3n QP","Tiempo de lectura":"3 minutos"},"schema":{"@context":"https:\/\/schema.org","@graph":[{"@type":"Article","@id":"https:\/\/quehacerpolitico.mx\/?p=59714#article","isPartOf":{"@id":"https:\/\/quehacerpolitico.mx\/?p=59714"},"author":{"name":"Redacci\u00f3n QP","@id":"https:\/\/quehacerpolitico.mx\/#\/schema\/person\/496d8ad2d1d3f8036101dca7ee39e585"},"headline":"L\u00ednea Roja\/\/\/Jacqueline Morgado\/\/L\u00f3pez Obrador viajar\u00e1 a Washington con Ebrard","datePublished":"2020-06-25T17:08:58+00:00","mainEntityOfPage":{"@id":"https:\/\/quehacerpolitico.mx\/?p=59714"},"wordCount":575,"commentCount":0,"image":{"@id":"https:\/\/quehacerpolitico.mx\/?p=59714#primaryimage"},"thumbnailUrl":"https:\/\/quehacerpolitico.mx\/wp-content\/uploads\/2020\/06\/188C12F7-552C-41F8-BB28-EDDCF1C18233.jpeg","articleSection":["Noticias"],"inLanguage":"es","potentialAction":[{"@type":"CommentAction","name":"Comment","target":["https:\/\/quehacerpolitico.mx\/?p=59714#respond"]}]},{"@type":"WebPage","@id":"https:\/\/quehacerpolitico.mx\/?p=59714","url":"https:\/\/quehacerpolitico.mx\/?p=59714","name":"L\u00ednea Roja\/\/\/Jacqueline Morgado\/\/L\u00f3pez Obrador viajar\u00e1 a Washington con Ebrard -","isPartOf":{"@id":"https:\/\/quehacerpolitico.mx\/#website"},"primaryImageOfPage":{"@id":"https:\/\/quehacerpolitico.mx\/?p=59714#primaryimage"},"image":{"@id":"https:\/\/quehacerpolitico.mx\/?p=59714#primaryimage"},"thumbnailUrl":"https:\/\/quehacerpolitico.mx\/wp-content\/uploads\/2020\/06\/188C12F7-552C-41F8-BB28-EDDCF1C18233.jpeg","datePublished":"2020-06-25T17:08:58+00:00","author":{"@id":"https:\/\/quehacerpolitico.mx\/#\/schema\/person\/496d8ad2d1d3f8036101dca7ee39e585"},"breadcrumb":{"@id":"https:\/\/quehacerpolitico.mx\/?p=59714#breadcrumb"},"inLanguage":"es","potentialAction":[{"@type":"ReadAction","target":["https:\/\/quehacerpolitico.mx\/?p=59714"]}]},{"@type":"ImageObject","inLanguage":"es","@id":"https:\/\/quehacerpolitico.mx\/?p=59714#primaryimage","url":"https:\/\/quehacerpolitico.mx\/wp-content\/uploads\/2020\/06\/188C12F7-552C-41F8-BB28-EDDCF1C18233.jpeg","contentUrl":"https:\/\/quehacerpolitico.mx\/wp-content\/uploads\/2020\/06\/188C12F7-552C-41F8-BB28-EDDCF1C18233.jpeg","width":1242,"height":617},{"@type":"BreadcrumbList","@id":"https:\/\/quehacerpolitico.mx\/?p=59714#breadcrumb","itemListElement":[{"@type":"ListItem","position":1,"name":"Inicio","item":"https:\/\/quehacerpolitico.mx\/"},{"@type":"ListItem","position":2,"name":"L\u00ednea Roja\/\/\/Jacqueline Morgado\/\/L\u00f3pez Obrador viajar\u00e1 a Washington con Ebrard"}]},{"@type":"WebSite","@id":"https:\/\/quehacerpolitico.mx\/#website","url":"https:\/\/quehacerpolitico.mx\/","name":"","description":"","potentialAction":[{"@type":"SearchAction","target":{"@type":"EntryPoint","urlTemplate":"https:\/\/quehacerpolitico.mx\/?s={search_term_string}"},"query-input":{"@type":"PropertyValueSpecification","valueRequired":true,"valueName":"search_term_string"}}],"inLanguage":"es"},{"@type":"Person","@id":"https:\/\/quehacerpolitico.mx\/#\/schema\/person\/496d8ad2d1d3f8036101dca7ee39e585","name":"Redacci\u00f3n QP","image":{"@type":"ImageObject","inLanguage":"es","@id":"https:\/\/secure.gravatar.com\/avatar\/c7164ed6fdec453195284ad24a5ae5b6e1eed2b848477fa2a4787ba9adf39a41?s=96&d=mm&r=g","url":"https:\/\/secure.gravatar.com\/avatar\/c7164ed6fdec453195284ad24a5ae5b6e1eed2b848477fa2a4787ba9adf39a41?s=96&d=mm&r=g","contentUrl":"https:\/\/secure.gravatar.com\/avatar\/c7164ed6fdec453195284ad24a5ae5b6e1eed2b848477fa2a4787ba9adf39a41?s=96&d=mm&r=g","caption":"Redacci\u00f3n QP"},"url":"https:\/\/quehacerpolitico.mx\/?author=2"}]}},"featured_image_urls":{"full":["https:\/\/quehacerpolitico.mx\/wp-content\/uploads\/2020\/06\/188C12F7-552C-41F8-BB28-EDDCF1C18233.jpeg",1242,617,false],"thumbnail":["https:\/\/quehacerpolitico.mx\/wp-content\/uploads\/2020\/06\/188C12F7-552C-41F8-BB28-EDDCF1C18233-150x150.jpeg",150,150,true],"medium":["https:\/\/quehacerpolitico.mx\/wp-content\/uploads\/2020\/06\/188C12F7-552C-41F8-BB28-EDDCF1C18233-300x149.jpeg",300,149,true],"medium_large":["https:\/\/quehacerpolitico.mx\/wp-content\/uploads\/2020\/06\/188C12F7-552C-41F8-BB28-EDDCF1C18233-768x382.jpeg",640,318,true],"large":["https:\/\/quehacerpolitico.mx\/wp-content\/uploads\/2020\/06\/188C12F7-552C-41F8-BB28-EDDCF1C18233-1024x509.jpeg",640,318,true],"1536x1536":["https:\/\/quehacerpolitico.mx\/wp-content\/uploads\/2020\/06\/188C12F7-552C-41F8-BB28-EDDCF1C18233.jpeg",1242,617,false],"2048x2048":["https:\/\/quehacerpolitico.mx\/wp-content\/uploads\/2020\/06\/188C12F7-552C-41F8-BB28-EDDCF1C18233.jpeg",1242,617,false],"covernews-featured":["https:\/\/quehacerpolitico.mx\/wp-content\/uploads\/2020\/06\/188C12F7-552C-41F8-BB28-EDDCF1C18233.jpeg",1024,509,false],"covernews-medium":["https:\/\/quehacerpolitico.mx\/wp-content\/uploads\/2020\/06\/188C12F7-552C-41F8-BB28-EDDCF1C18233.jpeg",540,268,false]},"author_info":{"display_name":"Redacci\u00f3n QP","author_link":"https:\/\/quehacerpolitico.mx\/?author=2"},"category_info":"<a href=\"https:\/\/quehacerpolitico.mx\/?cat=2\" rel=\"category\">Noticias<\/a>","tag_info":"Noticias","comment_count":"0","_links":{"self":[{"href":"https:\/\/quehacerpolitico.mx\/index.php?rest_route=\/wp\/v2\/posts\/59714","targetHints":{"allow":["GET"]}}],"collection":[{"href":"https:\/\/quehacerpolitico.mx\/index.php?rest_route=\/wp\/v2\/posts"}],"about":[{"href":"https:\/\/quehacerpolitico.mx\/index.php?rest_route=\/wp\/v2\/types\/post"}],"author":[{"embeddable":true,"href":"https:\/\/quehacerpolitico.mx\/index.php?rest_route=\/wp\/v2\/users\/2"}],"replies":[{"embeddable":true,"href":"https:\/\/quehacerpolitico.mx\/index.php?rest_route=%2Fwp%2Fv2%2Fcomments&post=59714"}],"version-history":[{"count":0,"href":"https:\/\/quehacerpolitico.mx\/index.php?rest_route=\/wp\/v2\/posts\/59714\/revisions"}],"wp:featuredmedia":[{"embeddable":true,"href":"https:\/\/quehacerpolitico.mx\/index.php?rest_route=\/wp\/v2\/media\/59715"}],"wp:attachment":[{"href":"https:\/\/quehacerpolitico.mx\/index.php?rest_route=%2Fwp%2Fv2%2Fmedia&parent=59714"}],"wp:term":[{"taxonomy":"category","embeddable":true,"href":"https:\/\/quehacerpolitico.mx\/index.php?rest_route=%2Fwp%2Fv2%2Fcategories&post=59714"},{"taxonomy":"post_tag","embeddable":true,"href":"https:\/\/quehacerpolitico.mx\/index.php?rest_route=%2Fwp%2Fv2%2Ftags&post=59714"}],"curies":[{"name":"wp","href":"https:\/\/api.w.org\/{rel}","templated":true}]}}