{"id":59707,"date":"2020-06-25T11:37:12","date_gmt":"2020-06-25T16:37:12","guid":{"rendered":"http:\/\/quehacerpolitico.mx\/?p=59707"},"modified":"2020-06-25T11:37:12","modified_gmt":"2020-06-25T16:37:12","slug":"linea-roja-jacqueline-morgado-habra-arreglo-con-iberdrola-senala-lopez-obrador","status":"publish","type":"post","link":"https:\/\/quehacerpolitico.mx\/?p=59707","title":{"rendered":"L\u00ednea Roja\/\/\/Jacqueline Morgado\/\/\/Habr\u00e1 arreglo con Iberdrola, se\u00f1ala L\u00f3pez Obrador"},"content":{"rendered":"<h1 class=\"news-title\">Habr\u00e1 arreglo con Iberdrola, se\u00f1ala L\u00f3pez Obrador<br \/>\nPor Jacqueline Morgado<\/h1>\n<p>El Mandatario se\u00f1ala que a\u00fan no hay informaci\u00f3n oficial sobre la cancelaci\u00f3n de la construcci\u00f3n de la central t\u00e9rmica en Tuxpan<\/p>\n<p>El Presidente Andr\u00e9s Manuel L\u00f3pez Obrador asegur\u00f3 que todav\u00eda no hay ninguna informaci\u00f3n oficial sobre la cancelaci\u00f3n de la construcci\u00f3n de la central t\u00e9rmica en Tuxpan, Veracruz, por parte de Iberdrola.<\/p>\n<p>Anunci\u00f3 que recibi\u00f3 una carta de la empresa espa\u00f1ola para llegar a acuerdos con el gobierno federal, <strong>en los que se se\u00f1ala que tienen la voluntad de seguir invirtiendo en M\u00e9xico y que busca tener una reuni\u00f3n con \u00e9l, por lo que asegur\u00f3 que &#8220;va a haber arreglo&#8221;<\/strong>.<\/p>\n<blockquote class=\"twitter-tweet\" data-width=\"550\" data-dnt=\"true\">\n<p lang=\"es\" dir=\"ltr\">\u00bfQu\u00e9 dice el presidente <a href=\"https:\/\/twitter.com\/lopezobrador_?ref_src=twsrc%5Etfw\">@lopezobrador_<\/a> sobre la cancelaci\u00f3n del proyecto de construcci\u00f3n de una central el\u00e9ctrica de Iberdrola en Tuxpan, Veracruz?<\/p>\n<p>Spoiler: recibi\u00f3 una carta de los directivos de la empresa. <a href=\"https:\/\/t.co\/DzglHEaKvG\">pic.twitter.com\/DzglHEaKvG<\/a><\/p>\n<p>&mdash; Ruido en la Red (@RuidoEnLaRed) <a href=\"https:\/\/twitter.com\/RuidoEnLaRed\/status\/1276136669347893254?ref_src=twsrc%5Etfw\">June 25, 2020<\/a><\/p><\/blockquote>\n<p><script async src=\"https:\/\/platform.twitter.com\/widgets.js\" charset=\"utf-8\"><\/script><\/p>\n<p>En conferencia de prensa, el titular del Ejecutivo federal advirti\u00f3 que M\u00e9xico no es tierra de conquista, por lo que se\u00f1al\u00f3 que empresas extranjeras &#8220;no van a venir a saquearnos, eso se acabo, tenemos que cuidar el patrimonio de los mexicanos&#8221;.<\/p>\n<p>&#8220;Todav\u00eda no hay ninguna informaci\u00f3n, vamos a decir oficial, es una nota period\u00edstica. Recib\u00ed una carta de los directivos de esta empresa informando que tienen, en efecto, alrededor de 26 plantas termoel\u00e9ctricas en el pa\u00eds y que tienen la voluntad de seguir invirtiendo en M\u00e9xico, y tambi\u00e9n la disposici\u00f3n de llegar a acuerdos con el Gobierno. Ya turn\u00e9 la carta a la Secretaria de Energ\u00eda y al director de la CFE&#8221;, asever\u00f3.<\/p>\n<blockquote class=\"twitter-tweet\" data-width=\"550\" data-dnt=\"true\">\n<p lang=\"es\" dir=\"ltr\">\u201cEs una verg\u00fcenza que se llevaron a trabajar a esta empresa a una exsecretaria de Energ\u00eda\u201d.<\/p>\n<p>S\u00ed, el presidente se refiere a Iberdrola y de paso a un expresidente. <a href=\"https:\/\/t.co\/NJggfX452v\">pic.twitter.com\/NJggfX452v<\/a><\/p>\n<p>&mdash; Ruido en la Red (@RuidoEnLaRed) <a href=\"https:\/\/twitter.com\/RuidoEnLaRed\/status\/1276151036663783424?ref_src=twsrc%5Etfw\">June 25, 2020<\/a><\/p><\/blockquote>\n<p><script async src=\"https:\/\/platform.twitter.com\/widgets.js\" charset=\"utf-8\"><\/script><\/p>\n<p>&#8220;<strong>Va a haber arreglo, esta carta es con este prop\u00f3sito, de que quieren un di\u00e1logo, incluso me est\u00e1n pidiendo una entrevista. Quiero primero que lo atienda la secretaria de Energ\u00eda y el director de CFE<\/strong>. Pero ya basta, que se entienda bien, que se escuche fuerte y lejos, M\u00e9xico no es tierra de conquista, no van a venir a saquearnos, eso se acabo, tenemos que cuidar el patrimonio de los mexicanos&#8221;.<\/p>\n<p>El Mandatario asegur\u00f3 que se est\u00e1n revisando los contratos puesto que &#8220;consideramos que son otros tiempos&#8221;.<\/p>\n<blockquote><p>&#8220;M\u00e9xico no es tierra de conquista, no van a venir a saquearnos, eso se acabo, tenemos que cuidar el patrimonio de los mexicanos&#8221;<\/p><\/blockquote>\n<p>Se\u00f1al\u00f3 que en el periodo neoliberal el plan era entregar todo el mercado de la energ\u00eda de M\u00e9xico a empresas particulares, sobre todo, acus\u00f3, a empresas extranjeras, y en especial a las espa\u00f1olas.<\/p>\n<p><strong>Indic\u00f3 que se enga\u00f1\u00f3 a la poblaci\u00f3n asegurando que M\u00e9xico se iba a quedar sin energ\u00eda el\u00e9ctrica, y que se iba a bajar el precio de la luz<\/strong>.<\/p>\n<p>&#8220;Y nada de eso, no nos quedamos sin luz, al contrario, tenemos capacidad instalada para 20-30 a\u00f1os&#8221;.<\/p>\n<p>&#8220;Lo \u00faltimo fue contratar gasoductos con condiciones muy desfavorables para la CFE, todo fue hacer negocio, a costillas del erario y no se mejor\u00f3 el servicio y no baj\u00f3 el precio de la luz, y pr\u00e1cticamente se apost\u00f3 a destruir la CFE, nada m\u00e1s piensen que la CFE fue cerrando plantas, o tiene plantas que generan energ\u00eda a la mitad de su capacidad que est\u00e1n siendo subutilizadas&#8221;.<\/p>\n<p>Durante una gira por el norte del estado, el Mandatario dijo que fue la propia secretaria de Energ\u00eda, Roc\u00edo Nahle, quien le dio la noticia, y asegur\u00f3 que el proyecto, en manos de la CFE, llevar\u00e1 una importante inversi\u00f3n y empleos para la regi\u00f3n.<\/p>\n<p>Con informaci\u00f3n de SUN<\/p>\n","protected":false},"excerpt":{"rendered":"<p>Habr\u00e1 arreglo con Iberdrola, se\u00f1ala L\u00f3pez Obrador Por Jacqueline Morgado El Mandatario se\u00f1ala que a\u00fan&#8230;<\/p>\n","protected":false},"author":2,"featured_media":59708,"comment_status":"open","ping_status":"open","sticky":false,"template":"","format":"standard","meta":{"_monsterinsights_skip_tracking":false,"_monsterinsights_sitenote_active":false,"_monsterinsights_sitenote_note":"","_monsterinsights_sitenote_category":0,"footnotes":""},"categories":[2],"tags":[],"class_list":["post-59707","post","type-post","status-publish","format-standard","has-post-thumbnail","hentry","category-noticias"],"yoast_head":"<!-- This site is optimized with the Yoast SEO plugin v27.3 - https:\/\/yoast.com\/product\/yoast-seo-wordpress\/ -->\n<title>L\u00ednea Roja\/\/\/Jacqueline Morgado\/\/\/Habr\u00e1 arreglo con Iberdrola, se\u00f1ala L\u00f3pez Obrador -<\/title>\n<meta name=\"robots\" content=\"index, follow, max-snippet:-1, max-image-preview:large, max-video-preview:-1\" \/>\n<link rel=\"canonical\" href=\"https:\/\/quehacerpolitico.mx\/?p=59707\" \/>\n<meta property=\"og:locale\" content=\"es_MX\" \/>\n<meta property=\"og:type\" content=\"article\" \/>\n<meta property=\"og:title\" content=\"L\u00ednea Roja\/\/\/Jacqueline Morgado\/\/\/Habr\u00e1 arreglo con Iberdrola, se\u00f1ala L\u00f3pez Obrador -\" \/>\n<meta property=\"og:description\" content=\"Habr\u00e1 arreglo con Iberdrola, se\u00f1ala L\u00f3pez Obrador Por Jacqueline Morgado El Mandatario se\u00f1ala que a\u00fan...\" \/>\n<meta property=\"og:url\" content=\"https:\/\/quehacerpolitico.mx\/?p=59707\" \/>\n<meta property=\"article:published_time\" content=\"2020-06-25T16:37:12+00:00\" \/>\n<meta property=\"og:image\" content=\"https:\/\/quehacerpolitico.mx\/wp-content\/uploads\/2020\/06\/C246C2B1-407A-49E4-A181-E4E80C4AA472.jpeg\" \/>\n\t<meta property=\"og:image:width\" content=\"1231\" \/>\n\t<meta property=\"og:image:height\" content=\"633\" \/>\n\t<meta property=\"og:image:type\" content=\"image\/jpeg\" \/>\n<meta name=\"author\" content=\"Redacci\u00f3n QP\" \/>\n<meta name=\"twitter:card\" content=\"summary_large_image\" \/>\n<meta name=\"twitter:label1\" content=\"Escrito por\" \/>\n\t<meta name=\"twitter:data1\" content=\"Redacci\u00f3n QP\" \/>\n\t<meta name=\"twitter:label2\" content=\"Tiempo de lectura\" \/>\n\t<meta name=\"twitter:data2\" content=\"3 minutos\" \/>\n<script type=\"application\/ld+json\" class=\"yoast-schema-graph\">{\"@context\":\"https:\\\/\\\/schema.org\",\"@graph\":[{\"@type\":\"Article\",\"@id\":\"https:\\\/\\\/quehacerpolitico.mx\\\/?p=59707#article\",\"isPartOf\":{\"@id\":\"https:\\\/\\\/quehacerpolitico.mx\\\/?p=59707\"},\"author\":{\"name\":\"Redacci\u00f3n QP\",\"@id\":\"https:\\\/\\\/quehacerpolitico.mx\\\/#\\\/schema\\\/person\\\/496d8ad2d1d3f8036101dca7ee39e585\"},\"headline\":\"L\u00ednea Roja\\\/\\\/\\\/Jacqueline Morgado\\\/\\\/\\\/Habr\u00e1 arreglo con Iberdrola, se\u00f1ala L\u00f3pez Obrador\",\"datePublished\":\"2020-06-25T16:37:12+00:00\",\"mainEntityOfPage\":{\"@id\":\"https:\\\/\\\/quehacerpolitico.mx\\\/?p=59707\"},\"wordCount\":606,\"commentCount\":0,\"image\":{\"@id\":\"https:\\\/\\\/quehacerpolitico.mx\\\/?p=59707#primaryimage\"},\"thumbnailUrl\":\"https:\\\/\\\/quehacerpolitico.mx\\\/wp-content\\\/uploads\\\/2020\\\/06\\\/C246C2B1-407A-49E4-A181-E4E80C4AA472.jpeg\",\"articleSection\":[\"Noticias\"],\"inLanguage\":\"es\",\"potentialAction\":[{\"@type\":\"CommentAction\",\"name\":\"Comment\",\"target\":[\"https:\\\/\\\/quehacerpolitico.mx\\\/?p=59707#respond\"]}]},{\"@type\":\"WebPage\",\"@id\":\"https:\\\/\\\/quehacerpolitico.mx\\\/?p=59707\",\"url\":\"https:\\\/\\\/quehacerpolitico.mx\\\/?p=59707\",\"name\":\"L\u00ednea Roja\\\/\\\/\\\/Jacqueline Morgado\\\/\\\/\\\/Habr\u00e1 arreglo con Iberdrola, se\u00f1ala L\u00f3pez Obrador -\",\"isPartOf\":{\"@id\":\"https:\\\/\\\/quehacerpolitico.mx\\\/#website\"},\"primaryImageOfPage\":{\"@id\":\"https:\\\/\\\/quehacerpolitico.mx\\\/?p=59707#primaryimage\"},\"image\":{\"@id\":\"https:\\\/\\\/quehacerpolitico.mx\\\/?p=59707#primaryimage\"},\"thumbnailUrl\":\"https:\\\/\\\/quehacerpolitico.mx\\\/wp-content\\\/uploads\\\/2020\\\/06\\\/C246C2B1-407A-49E4-A181-E4E80C4AA472.jpeg\",\"datePublished\":\"2020-06-25T16:37:12+00:00\",\"author\":{\"@id\":\"https:\\\/\\\/quehacerpolitico.mx\\\/#\\\/schema\\\/person\\\/496d8ad2d1d3f8036101dca7ee39e585\"},\"breadcrumb\":{\"@id\":\"https:\\\/\\\/quehacerpolitico.mx\\\/?p=59707#breadcrumb\"},\"inLanguage\":\"es\",\"potentialAction\":[{\"@type\":\"ReadAction\",\"target\":[\"https:\\\/\\\/quehacerpolitico.mx\\\/?p=59707\"]}]},{\"@type\":\"ImageObject\",\"inLanguage\":\"es\",\"@id\":\"https:\\\/\\\/quehacerpolitico.mx\\\/?p=59707#primaryimage\",\"url\":\"https:\\\/\\\/quehacerpolitico.mx\\\/wp-content\\\/uploads\\\/2020\\\/06\\\/C246C2B1-407A-49E4-A181-E4E80C4AA472.jpeg\",\"contentUrl\":\"https:\\\/\\\/quehacerpolitico.mx\\\/wp-content\\\/uploads\\\/2020\\\/06\\\/C246C2B1-407A-49E4-A181-E4E80C4AA472.jpeg\",\"width\":1231,\"height\":633},{\"@type\":\"BreadcrumbList\",\"@id\":\"https:\\\/\\\/quehacerpolitico.mx\\\/?p=59707#breadcrumb\",\"itemListElement\":[{\"@type\":\"ListItem\",\"position\":1,\"name\":\"Inicio\",\"item\":\"https:\\\/\\\/quehacerpolitico.mx\\\/\"},{\"@type\":\"ListItem\",\"position\":2,\"name\":\"L\u00ednea Roja\\\/\\\/\\\/Jacqueline Morgado\\\/\\\/\\\/Habr\u00e1 arreglo con Iberdrola, se\u00f1ala L\u00f3pez Obrador\"}]},{\"@type\":\"WebSite\",\"@id\":\"https:\\\/\\\/quehacerpolitico.mx\\\/#website\",\"url\":\"https:\\\/\\\/quehacerpolitico.mx\\\/\",\"name\":\"\",\"description\":\"\",\"potentialAction\":[{\"@type\":\"SearchAction\",\"target\":{\"@type\":\"EntryPoint\",\"urlTemplate\":\"https:\\\/\\\/quehacerpolitico.mx\\\/?s={search_term_string}\"},\"query-input\":{\"@type\":\"PropertyValueSpecification\",\"valueRequired\":true,\"valueName\":\"search_term_string\"}}],\"inLanguage\":\"es\"},{\"@type\":\"Person\",\"@id\":\"https:\\\/\\\/quehacerpolitico.mx\\\/#\\\/schema\\\/person\\\/496d8ad2d1d3f8036101dca7ee39e585\",\"name\":\"Redacci\u00f3n QP\",\"image\":{\"@type\":\"ImageObject\",\"inLanguage\":\"es\",\"@id\":\"https:\\\/\\\/secure.gravatar.com\\\/avatar\\\/c7164ed6fdec453195284ad24a5ae5b6e1eed2b848477fa2a4787ba9adf39a41?s=96&d=mm&r=g\",\"url\":\"https:\\\/\\\/secure.gravatar.com\\\/avatar\\\/c7164ed6fdec453195284ad24a5ae5b6e1eed2b848477fa2a4787ba9adf39a41?s=96&d=mm&r=g\",\"contentUrl\":\"https:\\\/\\\/secure.gravatar.com\\\/avatar\\\/c7164ed6fdec453195284ad24a5ae5b6e1eed2b848477fa2a4787ba9adf39a41?s=96&d=mm&r=g\",\"caption\":\"Redacci\u00f3n QP\"},\"url\":\"https:\\\/\\\/quehacerpolitico.mx\\\/?author=2\"}]}<\/script>\n<!-- \/ Yoast SEO plugin. -->","yoast_head_json":{"title":"L\u00ednea Roja\/\/\/Jacqueline Morgado\/\/\/Habr\u00e1 arreglo con Iberdrola, se\u00f1ala L\u00f3pez Obrador -","robots":{"index":"index","follow":"follow","max-snippet":"max-snippet:-1","max-image-preview":"max-image-preview:large","max-video-preview":"max-video-preview:-1"},"canonical":"https:\/\/quehacerpolitico.mx\/?p=59707","og_locale":"es_MX","og_type":"article","og_title":"L\u00ednea Roja\/\/\/Jacqueline Morgado\/\/\/Habr\u00e1 arreglo con Iberdrola, se\u00f1ala L\u00f3pez Obrador -","og_description":"Habr\u00e1 arreglo con Iberdrola, se\u00f1ala L\u00f3pez Obrador Por Jacqueline Morgado El Mandatario se\u00f1ala que a\u00fan...","og_url":"https:\/\/quehacerpolitico.mx\/?p=59707","article_published_time":"2020-06-25T16:37:12+00:00","og_image":[{"width":1231,"height":633,"url":"https:\/\/quehacerpolitico.mx\/wp-content\/uploads\/2020\/06\/C246C2B1-407A-49E4-A181-E4E80C4AA472.jpeg","type":"image\/jpeg"}],"author":"Redacci\u00f3n QP","twitter_card":"summary_large_image","twitter_misc":{"Escrito por":"Redacci\u00f3n QP","Tiempo de lectura":"3 minutos"},"schema":{"@context":"https:\/\/schema.org","@graph":[{"@type":"Article","@id":"https:\/\/quehacerpolitico.mx\/?p=59707#article","isPartOf":{"@id":"https:\/\/quehacerpolitico.mx\/?p=59707"},"author":{"name":"Redacci\u00f3n QP","@id":"https:\/\/quehacerpolitico.mx\/#\/schema\/person\/496d8ad2d1d3f8036101dca7ee39e585"},"headline":"L\u00ednea Roja\/\/\/Jacqueline Morgado\/\/\/Habr\u00e1 arreglo con Iberdrola, se\u00f1ala L\u00f3pez Obrador","datePublished":"2020-06-25T16:37:12+00:00","mainEntityOfPage":{"@id":"https:\/\/quehacerpolitico.mx\/?p=59707"},"wordCount":606,"commentCount":0,"image":{"@id":"https:\/\/quehacerpolitico.mx\/?p=59707#primaryimage"},"thumbnailUrl":"https:\/\/quehacerpolitico.mx\/wp-content\/uploads\/2020\/06\/C246C2B1-407A-49E4-A181-E4E80C4AA472.jpeg","articleSection":["Noticias"],"inLanguage":"es","potentialAction":[{"@type":"CommentAction","name":"Comment","target":["https:\/\/quehacerpolitico.mx\/?p=59707#respond"]}]},{"@type":"WebPage","@id":"https:\/\/quehacerpolitico.mx\/?p=59707","url":"https:\/\/quehacerpolitico.mx\/?p=59707","name":"L\u00ednea Roja\/\/\/Jacqueline Morgado\/\/\/Habr\u00e1 arreglo con Iberdrola, se\u00f1ala L\u00f3pez Obrador -","isPartOf":{"@id":"https:\/\/quehacerpolitico.mx\/#website"},"primaryImageOfPage":{"@id":"https:\/\/quehacerpolitico.mx\/?p=59707#primaryimage"},"image":{"@id":"https:\/\/quehacerpolitico.mx\/?p=59707#primaryimage"},"thumbnailUrl":"https:\/\/quehacerpolitico.mx\/wp-content\/uploads\/2020\/06\/C246C2B1-407A-49E4-A181-E4E80C4AA472.jpeg","datePublished":"2020-06-25T16:37:12+00:00","author":{"@id":"https:\/\/quehacerpolitico.mx\/#\/schema\/person\/496d8ad2d1d3f8036101dca7ee39e585"},"breadcrumb":{"@id":"https:\/\/quehacerpolitico.mx\/?p=59707#breadcrumb"},"inLanguage":"es","potentialAction":[{"@type":"ReadAction","target":["https:\/\/quehacerpolitico.mx\/?p=59707"]}]},{"@type":"ImageObject","inLanguage":"es","@id":"https:\/\/quehacerpolitico.mx\/?p=59707#primaryimage","url":"https:\/\/quehacerpolitico.mx\/wp-content\/uploads\/2020\/06\/C246C2B1-407A-49E4-A181-E4E80C4AA472.jpeg","contentUrl":"https:\/\/quehacerpolitico.mx\/wp-content\/uploads\/2020\/06\/C246C2B1-407A-49E4-A181-E4E80C4AA472.jpeg","width":1231,"height":633},{"@type":"BreadcrumbList","@id":"https:\/\/quehacerpolitico.mx\/?p=59707#breadcrumb","itemListElement":[{"@type":"ListItem","position":1,"name":"Inicio","item":"https:\/\/quehacerpolitico.mx\/"},{"@type":"ListItem","position":2,"name":"L\u00ednea Roja\/\/\/Jacqueline Morgado\/\/\/Habr\u00e1 arreglo con Iberdrola, se\u00f1ala L\u00f3pez Obrador"}]},{"@type":"WebSite","@id":"https:\/\/quehacerpolitico.mx\/#website","url":"https:\/\/quehacerpolitico.mx\/","name":"","description":"","potentialAction":[{"@type":"SearchAction","target":{"@type":"EntryPoint","urlTemplate":"https:\/\/quehacerpolitico.mx\/?s={search_term_string}"},"query-input":{"@type":"PropertyValueSpecification","valueRequired":true,"valueName":"search_term_string"}}],"inLanguage":"es"},{"@type":"Person","@id":"https:\/\/quehacerpolitico.mx\/#\/schema\/person\/496d8ad2d1d3f8036101dca7ee39e585","name":"Redacci\u00f3n QP","image":{"@type":"ImageObject","inLanguage":"es","@id":"https:\/\/secure.gravatar.com\/avatar\/c7164ed6fdec453195284ad24a5ae5b6e1eed2b848477fa2a4787ba9adf39a41?s=96&d=mm&r=g","url":"https:\/\/secure.gravatar.com\/avatar\/c7164ed6fdec453195284ad24a5ae5b6e1eed2b848477fa2a4787ba9adf39a41?s=96&d=mm&r=g","contentUrl":"https:\/\/secure.gravatar.com\/avatar\/c7164ed6fdec453195284ad24a5ae5b6e1eed2b848477fa2a4787ba9adf39a41?s=96&d=mm&r=g","caption":"Redacci\u00f3n QP"},"url":"https:\/\/quehacerpolitico.mx\/?author=2"}]}},"featured_image_urls":{"full":["https:\/\/quehacerpolitico.mx\/wp-content\/uploads\/2020\/06\/C246C2B1-407A-49E4-A181-E4E80C4AA472.jpeg",1231,633,false],"thumbnail":["https:\/\/quehacerpolitico.mx\/wp-content\/uploads\/2020\/06\/C246C2B1-407A-49E4-A181-E4E80C4AA472-150x150.jpeg",150,150,true],"medium":["https:\/\/quehacerpolitico.mx\/wp-content\/uploads\/2020\/06\/C246C2B1-407A-49E4-A181-E4E80C4AA472-300x154.jpeg",300,154,true],"medium_large":["https:\/\/quehacerpolitico.mx\/wp-content\/uploads\/2020\/06\/C246C2B1-407A-49E4-A181-E4E80C4AA472-768x395.jpeg",640,329,true],"large":["https:\/\/quehacerpolitico.mx\/wp-content\/uploads\/2020\/06\/C246C2B1-407A-49E4-A181-E4E80C4AA472-1024x527.jpeg",640,329,true],"1536x1536":["https:\/\/quehacerpolitico.mx\/wp-content\/uploads\/2020\/06\/C246C2B1-407A-49E4-A181-E4E80C4AA472.jpeg",1231,633,false],"2048x2048":["https:\/\/quehacerpolitico.mx\/wp-content\/uploads\/2020\/06\/C246C2B1-407A-49E4-A181-E4E80C4AA472.jpeg",1231,633,false],"covernews-featured":["https:\/\/quehacerpolitico.mx\/wp-content\/uploads\/2020\/06\/C246C2B1-407A-49E4-A181-E4E80C4AA472.jpeg",1024,527,false],"covernews-medium":["https:\/\/quehacerpolitico.mx\/wp-content\/uploads\/2020\/06\/C246C2B1-407A-49E4-A181-E4E80C4AA472.jpeg",540,278,false]},"author_info":{"display_name":"Redacci\u00f3n QP","author_link":"https:\/\/quehacerpolitico.mx\/?author=2"},"category_info":"<a href=\"https:\/\/quehacerpolitico.mx\/?cat=2\" rel=\"category\">Noticias<\/a>","tag_info":"Noticias","comment_count":"0","_links":{"self":[{"href":"https:\/\/quehacerpolitico.mx\/index.php?rest_route=\/wp\/v2\/posts\/59707","targetHints":{"allow":["GET"]}}],"collection":[{"href":"https:\/\/quehacerpolitico.mx\/index.php?rest_route=\/wp\/v2\/posts"}],"about":[{"href":"https:\/\/quehacerpolitico.mx\/index.php?rest_route=\/wp\/v2\/types\/post"}],"author":[{"embeddable":true,"href":"https:\/\/quehacerpolitico.mx\/index.php?rest_route=\/wp\/v2\/users\/2"}],"replies":[{"embeddable":true,"href":"https:\/\/quehacerpolitico.mx\/index.php?rest_route=%2Fwp%2Fv2%2Fcomments&post=59707"}],"version-history":[{"count":0,"href":"https:\/\/quehacerpolitico.mx\/index.php?rest_route=\/wp\/v2\/posts\/59707\/revisions"}],"wp:featuredmedia":[{"embeddable":true,"href":"https:\/\/quehacerpolitico.mx\/index.php?rest_route=\/wp\/v2\/media\/59708"}],"wp:attachment":[{"href":"https:\/\/quehacerpolitico.mx\/index.php?rest_route=%2Fwp%2Fv2%2Fmedia&parent=59707"}],"wp:term":[{"taxonomy":"category","embeddable":true,"href":"https:\/\/quehacerpolitico.mx\/index.php?rest_route=%2Fwp%2Fv2%2Fcategories&post=59707"},{"taxonomy":"post_tag","embeddable":true,"href":"https:\/\/quehacerpolitico.mx\/index.php?rest_route=%2Fwp%2Fv2%2Ftags&post=59707"}],"curies":[{"name":"wp","href":"https:\/\/api.w.org\/{rel}","templated":true}]}}