{"id":59701,"date":"2020-06-24T15:08:10","date_gmt":"2020-06-24T20:08:10","guid":{"rendered":"http:\/\/quehacerpolitico.mx\/?p=59701"},"modified":"2020-06-24T15:08:10","modified_gmt":"2020-06-24T20:08:10","slug":"dobleces-israel-mendoza-perez-banderazo-de-salida-a-morena-ine-en-la-mira","status":"publish","type":"post","link":"https:\/\/quehacerpolitico.mx\/?p=59701","title":{"rendered":"Dobleces\/\/\/Israel Mendoza P\u00e9rez\/\/\/Banderazo de salida a Morena; INE, en la mira"},"content":{"rendered":"<h3 class=\"post-title entry-title\">Banderazo de salida a Morena; INE, en la mira<br \/>\nPor Israel Mendoza P\u00e9rez<\/h3>\n<div>Los candidatos de Morena ya tienen ariete de lujo para liberarles el paso en las elecciones intermedias. El presidente\u00a0<b>Andr\u00e9s Manuel L\u00f3pez Obrador\u00a0<\/b>se autoproclam\u00f3 el \u201cguardi\u00e1n\u201d de los comicios de 2021. En su defensa de la democracia desde Palacio y su interminable lucha antifraude \u2014iniciada hace 26 a\u00f1os en su natal Tabasco\u2014 rasp\u00f3 al Instituto Nacional Electoral (INE) y lo denosta pese a ser el mismo instituto encargado de llevar a buen camino su triunfo de 2018.<\/div>\n<div>La insinuaci\u00f3n de evitar un fraude electoral es la se\u00f1al de su desconfianza abierta hacia el \u00e1rbitro de la contienda. Los 30 millones de votos obtenidos se los atribuye como un logro personal y derrumba el sistema democr\u00e1tico del pa\u00eds. La imagen que ofreci\u00f3 a trav\u00e9s de la conferencia ma\u00f1anera es que se trata de una autoridad electoral corrupta y obediente al poder presidencial. En su ataque pasa de lado los logros democr\u00e1ticos, la transici\u00f3n en 2000 con\u00a0<b>Vicente Fox\u00a0<\/b>y la alternancia del poder en 2012 con el triunfo de\u00a0<b>Enrique Pe\u00f1a Nieto\u00a0<\/b>y la llegada de la 4-T al poder por la v\u00eda democr\u00e1tica.<\/div>\n<div>Su mensaje confunde. La autoridad electoral debe ser independiente pero si a \u00e9l no le gusta alguna situaci\u00f3n entre los participantes de la contienda denunciar\u00e1 cualquier intento de fraude \u201ccomo cualquier ciudadano\u201d. Aunque el Presidente no es cualquier ciudadano. Tiene una investidura y representa a uno de los tres poderes. As\u00ed que la elecci\u00f3n tambi\u00e9n se encuentra observada y hasta bajo amenaza de ser censurada.<\/div>\n<div>Tener desde este momento en la mira al presidente Consejero,\u00a0<b>Lorenzo C\u00f3rdova<\/b>, y a los dem\u00e1s integrantes del INE y mantenerlos en un constante golpeteo es visibilizarlos con miras hacia 2022 ya que ser\u00e1 el instituto quien convocar\u00e1 a la revocaci\u00f3n del mandato a petici\u00f3n de los ciudadanos. All\u00ed estriba una parte del choque con la autoridad electoral.<\/div>\n<div>La animadversi\u00f3n presidencial al organismo aut\u00f3nomo naci\u00f3 hace 14 a\u00f1os cuando los comicios frente a\u00a0<b>Felipe Calder\u00f3n\u00a0<\/b>fue derrotado. Desde ese momento,\u00a0<b>Luis Carlos Ugalde\u00a0<\/b>y el entonces IFE se convirtieron en los villanos favoritos del tabasque\u00f1o.<\/div>\n<div>El riesgo actual es la pretenci\u00f3n de rebasar la autonom\u00eda del INE a trav\u00e9s de una lucha medi\u00e1tica. La trampa ya est\u00e1 puesta.<\/div>\n<div>El Presidente debe dejar de lado la tentaci\u00f3n de tener injerencia en los comicios ya que ello deriva en una crisis pol\u00edtica y como efecto domin\u00f3 agudizar\u00eda los problemas econ\u00f3micos a los que se encuentra el pa\u00eds. El mejor escenario es dejar que el gobierno funcione y fomentar que los m\u00e9todos democr\u00e1ticos se pongan en pr\u00e1ctica de la mejor manera.<\/div>\n<div>Desde su llamado a las definiciones pol\u00edticas de \u201cest\u00e1s con la 4-T o est\u00e1s en contra\u201d, el Presidente puso en la palestra el tema electoral. La oposici\u00f3n se enfrentar\u00e1 a la imagen del Presidente. No estar\u00e1 en las boletas pero su presencia en la ma\u00f1anera es suficiente para guiar al partido en el poder y diezmar a sus adversarios.<\/div>\n<div>Las alianzas opositoras que se comiencen a formar no van a la lucha contra Morena y algunos de sus liderazgos emergentes. Sino contra la figura del hombre de Mascupana. Quien se mantuvo vigente durante 18 a\u00f1os montado en una estructura alterna al poder de un partido pol\u00edtico. Si alguien sabe hacer campa\u00f1as de largo aliento es Andr\u00e9s Manuel L\u00f3pez Obrador. Contra \u00e9l se enfrenta una oposici\u00f3n perdida y ahora un INE que sin dar el banderazo de inicio ya se encuentra estigmatizado.<\/div>\n","protected":false},"excerpt":{"rendered":"<p>Banderazo de salida a Morena; INE, en la mira Por Israel Mendoza P\u00e9rez Los candidatos&#8230;<\/p>\n","protected":false},"author":2,"featured_media":59702,"comment_status":"open","ping_status":"open","sticky":false,"template":"","format":"standard","meta":{"_monsterinsights_skip_tracking":false,"_monsterinsights_sitenote_active":false,"_monsterinsights_sitenote_note":"","_monsterinsights_sitenote_category":0,"footnotes":""},"categories":[2],"tags":[],"class_list":["post-59701","post","type-post","status-publish","format-standard","has-post-thumbnail","hentry","category-noticias"],"yoast_head":"<!-- This site is optimized with the Yoast SEO plugin v27.3 - https:\/\/yoast.com\/product\/yoast-seo-wordpress\/ -->\n<title>Dobleces\/\/\/Israel Mendoza P\u00e9rez\/\/\/Banderazo de salida a Morena; INE, en la mira -<\/title>\n<meta name=\"robots\" content=\"index, follow, max-snippet:-1, max-image-preview:large, max-video-preview:-1\" \/>\n<link rel=\"canonical\" href=\"https:\/\/quehacerpolitico.mx\/?p=59701\" \/>\n<meta property=\"og:locale\" content=\"es_MX\" \/>\n<meta property=\"og:type\" content=\"article\" \/>\n<meta property=\"og:title\" content=\"Dobleces\/\/\/Israel Mendoza P\u00e9rez\/\/\/Banderazo de salida a Morena; INE, en la mira -\" \/>\n<meta property=\"og:description\" content=\"Banderazo de salida a Morena; INE, en la mira Por Israel Mendoza P\u00e9rez Los candidatos...\" \/>\n<meta property=\"og:url\" content=\"https:\/\/quehacerpolitico.mx\/?p=59701\" \/>\n<meta property=\"article:published_time\" content=\"2020-06-24T20:08:10+00:00\" \/>\n<meta property=\"og:image\" content=\"https:\/\/quehacerpolitico.mx\/wp-content\/uploads\/2020\/06\/DF8482FB-DAC3-4D73-A995-89E6C781E37B.jpeg\" \/>\n\t<meta property=\"og:image:width\" content=\"1280\" \/>\n\t<meta property=\"og:image:height\" content=\"853\" \/>\n\t<meta property=\"og:image:type\" content=\"image\/jpeg\" \/>\n<meta name=\"author\" content=\"Redacci\u00f3n QP\" \/>\n<meta name=\"twitter:card\" content=\"summary_large_image\" \/>\n<meta name=\"twitter:label1\" content=\"Escrito por\" \/>\n\t<meta name=\"twitter:data1\" content=\"Redacci\u00f3n QP\" \/>\n\t<meta name=\"twitter:label2\" content=\"Tiempo de lectura\" \/>\n\t<meta name=\"twitter:data2\" content=\"3 minutos\" \/>\n<script type=\"application\/ld+json\" class=\"yoast-schema-graph\">{\"@context\":\"https:\\\/\\\/schema.org\",\"@graph\":[{\"@type\":\"Article\",\"@id\":\"https:\\\/\\\/quehacerpolitico.mx\\\/?p=59701#article\",\"isPartOf\":{\"@id\":\"https:\\\/\\\/quehacerpolitico.mx\\\/?p=59701\"},\"author\":{\"name\":\"Redacci\u00f3n QP\",\"@id\":\"https:\\\/\\\/quehacerpolitico.mx\\\/#\\\/schema\\\/person\\\/496d8ad2d1d3f8036101dca7ee39e585\"},\"headline\":\"Dobleces\\\/\\\/\\\/Israel Mendoza P\u00e9rez\\\/\\\/\\\/Banderazo de salida a Morena; INE, en la mira\",\"datePublished\":\"2020-06-24T20:08:10+00:00\",\"mainEntityOfPage\":{\"@id\":\"https:\\\/\\\/quehacerpolitico.mx\\\/?p=59701\"},\"wordCount\":637,\"commentCount\":0,\"image\":{\"@id\":\"https:\\\/\\\/quehacerpolitico.mx\\\/?p=59701#primaryimage\"},\"thumbnailUrl\":\"https:\\\/\\\/quehacerpolitico.mx\\\/wp-content\\\/uploads\\\/2020\\\/06\\\/DF8482FB-DAC3-4D73-A995-89E6C781E37B.jpeg\",\"articleSection\":[\"Noticias\"],\"inLanguage\":\"es\",\"potentialAction\":[{\"@type\":\"CommentAction\",\"name\":\"Comment\",\"target\":[\"https:\\\/\\\/quehacerpolitico.mx\\\/?p=59701#respond\"]}]},{\"@type\":\"WebPage\",\"@id\":\"https:\\\/\\\/quehacerpolitico.mx\\\/?p=59701\",\"url\":\"https:\\\/\\\/quehacerpolitico.mx\\\/?p=59701\",\"name\":\"Dobleces\\\/\\\/\\\/Israel Mendoza P\u00e9rez\\\/\\\/\\\/Banderazo de salida a Morena; INE, en la mira -\",\"isPartOf\":{\"@id\":\"https:\\\/\\\/quehacerpolitico.mx\\\/#website\"},\"primaryImageOfPage\":{\"@id\":\"https:\\\/\\\/quehacerpolitico.mx\\\/?p=59701#primaryimage\"},\"image\":{\"@id\":\"https:\\\/\\\/quehacerpolitico.mx\\\/?p=59701#primaryimage\"},\"thumbnailUrl\":\"https:\\\/\\\/quehacerpolitico.mx\\\/wp-content\\\/uploads\\\/2020\\\/06\\\/DF8482FB-DAC3-4D73-A995-89E6C781E37B.jpeg\",\"datePublished\":\"2020-06-24T20:08:10+00:00\",\"author\":{\"@id\":\"https:\\\/\\\/quehacerpolitico.mx\\\/#\\\/schema\\\/person\\\/496d8ad2d1d3f8036101dca7ee39e585\"},\"breadcrumb\":{\"@id\":\"https:\\\/\\\/quehacerpolitico.mx\\\/?p=59701#breadcrumb\"},\"inLanguage\":\"es\",\"potentialAction\":[{\"@type\":\"ReadAction\",\"target\":[\"https:\\\/\\\/quehacerpolitico.mx\\\/?p=59701\"]}]},{\"@type\":\"ImageObject\",\"inLanguage\":\"es\",\"@id\":\"https:\\\/\\\/quehacerpolitico.mx\\\/?p=59701#primaryimage\",\"url\":\"https:\\\/\\\/quehacerpolitico.mx\\\/wp-content\\\/uploads\\\/2020\\\/06\\\/DF8482FB-DAC3-4D73-A995-89E6C781E37B.jpeg\",\"contentUrl\":\"https:\\\/\\\/quehacerpolitico.mx\\\/wp-content\\\/uploads\\\/2020\\\/06\\\/DF8482FB-DAC3-4D73-A995-89E6C781E37B.jpeg\",\"width\":1280,\"height\":853},{\"@type\":\"BreadcrumbList\",\"@id\":\"https:\\\/\\\/quehacerpolitico.mx\\\/?p=59701#breadcrumb\",\"itemListElement\":[{\"@type\":\"ListItem\",\"position\":1,\"name\":\"Inicio\",\"item\":\"https:\\\/\\\/quehacerpolitico.mx\\\/\"},{\"@type\":\"ListItem\",\"position\":2,\"name\":\"Dobleces\\\/\\\/\\\/Israel Mendoza P\u00e9rez\\\/\\\/\\\/Banderazo de salida a Morena; INE, en la mira\"}]},{\"@type\":\"WebSite\",\"@id\":\"https:\\\/\\\/quehacerpolitico.mx\\\/#website\",\"url\":\"https:\\\/\\\/quehacerpolitico.mx\\\/\",\"name\":\"\",\"description\":\"\",\"potentialAction\":[{\"@type\":\"SearchAction\",\"target\":{\"@type\":\"EntryPoint\",\"urlTemplate\":\"https:\\\/\\\/quehacerpolitico.mx\\\/?s={search_term_string}\"},\"query-input\":{\"@type\":\"PropertyValueSpecification\",\"valueRequired\":true,\"valueName\":\"search_term_string\"}}],\"inLanguage\":\"es\"},{\"@type\":\"Person\",\"@id\":\"https:\\\/\\\/quehacerpolitico.mx\\\/#\\\/schema\\\/person\\\/496d8ad2d1d3f8036101dca7ee39e585\",\"name\":\"Redacci\u00f3n QP\",\"image\":{\"@type\":\"ImageObject\",\"inLanguage\":\"es\",\"@id\":\"https:\\\/\\\/secure.gravatar.com\\\/avatar\\\/c7164ed6fdec453195284ad24a5ae5b6e1eed2b848477fa2a4787ba9adf39a41?s=96&d=mm&r=g\",\"url\":\"https:\\\/\\\/secure.gravatar.com\\\/avatar\\\/c7164ed6fdec453195284ad24a5ae5b6e1eed2b848477fa2a4787ba9adf39a41?s=96&d=mm&r=g\",\"contentUrl\":\"https:\\\/\\\/secure.gravatar.com\\\/avatar\\\/c7164ed6fdec453195284ad24a5ae5b6e1eed2b848477fa2a4787ba9adf39a41?s=96&d=mm&r=g\",\"caption\":\"Redacci\u00f3n QP\"},\"url\":\"https:\\\/\\\/quehacerpolitico.mx\\\/?author=2\"}]}<\/script>\n<!-- \/ Yoast SEO plugin. -->","yoast_head_json":{"title":"Dobleces\/\/\/Israel Mendoza P\u00e9rez\/\/\/Banderazo de salida a Morena; INE, en la mira -","robots":{"index":"index","follow":"follow","max-snippet":"max-snippet:-1","max-image-preview":"max-image-preview:large","max-video-preview":"max-video-preview:-1"},"canonical":"https:\/\/quehacerpolitico.mx\/?p=59701","og_locale":"es_MX","og_type":"article","og_title":"Dobleces\/\/\/Israel Mendoza P\u00e9rez\/\/\/Banderazo de salida a Morena; INE, en la mira -","og_description":"Banderazo de salida a Morena; INE, en la mira Por Israel Mendoza P\u00e9rez Los candidatos...","og_url":"https:\/\/quehacerpolitico.mx\/?p=59701","article_published_time":"2020-06-24T20:08:10+00:00","og_image":[{"width":1280,"height":853,"url":"https:\/\/quehacerpolitico.mx\/wp-content\/uploads\/2020\/06\/DF8482FB-DAC3-4D73-A995-89E6C781E37B.jpeg","type":"image\/jpeg"}],"author":"Redacci\u00f3n QP","twitter_card":"summary_large_image","twitter_misc":{"Escrito por":"Redacci\u00f3n QP","Tiempo de lectura":"3 minutos"},"schema":{"@context":"https:\/\/schema.org","@graph":[{"@type":"Article","@id":"https:\/\/quehacerpolitico.mx\/?p=59701#article","isPartOf":{"@id":"https:\/\/quehacerpolitico.mx\/?p=59701"},"author":{"name":"Redacci\u00f3n QP","@id":"https:\/\/quehacerpolitico.mx\/#\/schema\/person\/496d8ad2d1d3f8036101dca7ee39e585"},"headline":"Dobleces\/\/\/Israel Mendoza P\u00e9rez\/\/\/Banderazo de salida a Morena; INE, en la mira","datePublished":"2020-06-24T20:08:10+00:00","mainEntityOfPage":{"@id":"https:\/\/quehacerpolitico.mx\/?p=59701"},"wordCount":637,"commentCount":0,"image":{"@id":"https:\/\/quehacerpolitico.mx\/?p=59701#primaryimage"},"thumbnailUrl":"https:\/\/quehacerpolitico.mx\/wp-content\/uploads\/2020\/06\/DF8482FB-DAC3-4D73-A995-89E6C781E37B.jpeg","articleSection":["Noticias"],"inLanguage":"es","potentialAction":[{"@type":"CommentAction","name":"Comment","target":["https:\/\/quehacerpolitico.mx\/?p=59701#respond"]}]},{"@type":"WebPage","@id":"https:\/\/quehacerpolitico.mx\/?p=59701","url":"https:\/\/quehacerpolitico.mx\/?p=59701","name":"Dobleces\/\/\/Israel Mendoza P\u00e9rez\/\/\/Banderazo de salida a Morena; INE, en la mira -","isPartOf":{"@id":"https:\/\/quehacerpolitico.mx\/#website"},"primaryImageOfPage":{"@id":"https:\/\/quehacerpolitico.mx\/?p=59701#primaryimage"},"image":{"@id":"https:\/\/quehacerpolitico.mx\/?p=59701#primaryimage"},"thumbnailUrl":"https:\/\/quehacerpolitico.mx\/wp-content\/uploads\/2020\/06\/DF8482FB-DAC3-4D73-A995-89E6C781E37B.jpeg","datePublished":"2020-06-24T20:08:10+00:00","author":{"@id":"https:\/\/quehacerpolitico.mx\/#\/schema\/person\/496d8ad2d1d3f8036101dca7ee39e585"},"breadcrumb":{"@id":"https:\/\/quehacerpolitico.mx\/?p=59701#breadcrumb"},"inLanguage":"es","potentialAction":[{"@type":"ReadAction","target":["https:\/\/quehacerpolitico.mx\/?p=59701"]}]},{"@type":"ImageObject","inLanguage":"es","@id":"https:\/\/quehacerpolitico.mx\/?p=59701#primaryimage","url":"https:\/\/quehacerpolitico.mx\/wp-content\/uploads\/2020\/06\/DF8482FB-DAC3-4D73-A995-89E6C781E37B.jpeg","contentUrl":"https:\/\/quehacerpolitico.mx\/wp-content\/uploads\/2020\/06\/DF8482FB-DAC3-4D73-A995-89E6C781E37B.jpeg","width":1280,"height":853},{"@type":"BreadcrumbList","@id":"https:\/\/quehacerpolitico.mx\/?p=59701#breadcrumb","itemListElement":[{"@type":"ListItem","position":1,"name":"Inicio","item":"https:\/\/quehacerpolitico.mx\/"},{"@type":"ListItem","position":2,"name":"Dobleces\/\/\/Israel Mendoza P\u00e9rez\/\/\/Banderazo de salida a Morena; INE, en la mira"}]},{"@type":"WebSite","@id":"https:\/\/quehacerpolitico.mx\/#website","url":"https:\/\/quehacerpolitico.mx\/","name":"","description":"","potentialAction":[{"@type":"SearchAction","target":{"@type":"EntryPoint","urlTemplate":"https:\/\/quehacerpolitico.mx\/?s={search_term_string}"},"query-input":{"@type":"PropertyValueSpecification","valueRequired":true,"valueName":"search_term_string"}}],"inLanguage":"es"},{"@type":"Person","@id":"https:\/\/quehacerpolitico.mx\/#\/schema\/person\/496d8ad2d1d3f8036101dca7ee39e585","name":"Redacci\u00f3n QP","image":{"@type":"ImageObject","inLanguage":"es","@id":"https:\/\/secure.gravatar.com\/avatar\/c7164ed6fdec453195284ad24a5ae5b6e1eed2b848477fa2a4787ba9adf39a41?s=96&d=mm&r=g","url":"https:\/\/secure.gravatar.com\/avatar\/c7164ed6fdec453195284ad24a5ae5b6e1eed2b848477fa2a4787ba9adf39a41?s=96&d=mm&r=g","contentUrl":"https:\/\/secure.gravatar.com\/avatar\/c7164ed6fdec453195284ad24a5ae5b6e1eed2b848477fa2a4787ba9adf39a41?s=96&d=mm&r=g","caption":"Redacci\u00f3n QP"},"url":"https:\/\/quehacerpolitico.mx\/?author=2"}]}},"featured_image_urls":{"full":["https:\/\/quehacerpolitico.mx\/wp-content\/uploads\/2020\/06\/DF8482FB-DAC3-4D73-A995-89E6C781E37B.jpeg",1280,853,false],"thumbnail":["https:\/\/quehacerpolitico.mx\/wp-content\/uploads\/2020\/06\/DF8482FB-DAC3-4D73-A995-89E6C781E37B-150x150.jpeg",150,150,true],"medium":["https:\/\/quehacerpolitico.mx\/wp-content\/uploads\/2020\/06\/DF8482FB-DAC3-4D73-A995-89E6C781E37B-300x200.jpeg",300,200,true],"medium_large":["https:\/\/quehacerpolitico.mx\/wp-content\/uploads\/2020\/06\/DF8482FB-DAC3-4D73-A995-89E6C781E37B-768x512.jpeg",640,427,true],"large":["https:\/\/quehacerpolitico.mx\/wp-content\/uploads\/2020\/06\/DF8482FB-DAC3-4D73-A995-89E6C781E37B-1024x682.jpeg",640,426,true],"1536x1536":["https:\/\/quehacerpolitico.mx\/wp-content\/uploads\/2020\/06\/DF8482FB-DAC3-4D73-A995-89E6C781E37B.jpeg",1280,853,false],"2048x2048":["https:\/\/quehacerpolitico.mx\/wp-content\/uploads\/2020\/06\/DF8482FB-DAC3-4D73-A995-89E6C781E37B.jpeg",1280,853,false],"covernews-featured":["https:\/\/quehacerpolitico.mx\/wp-content\/uploads\/2020\/06\/DF8482FB-DAC3-4D73-A995-89E6C781E37B.jpeg",1024,682,false],"covernews-medium":["https:\/\/quehacerpolitico.mx\/wp-content\/uploads\/2020\/06\/DF8482FB-DAC3-4D73-A995-89E6C781E37B.jpeg",510,340,false]},"author_info":{"display_name":"Redacci\u00f3n QP","author_link":"https:\/\/quehacerpolitico.mx\/?author=2"},"category_info":"<a href=\"https:\/\/quehacerpolitico.mx\/?cat=2\" rel=\"category\">Noticias<\/a>","tag_info":"Noticias","comment_count":"0","_links":{"self":[{"href":"https:\/\/quehacerpolitico.mx\/index.php?rest_route=\/wp\/v2\/posts\/59701","targetHints":{"allow":["GET"]}}],"collection":[{"href":"https:\/\/quehacerpolitico.mx\/index.php?rest_route=\/wp\/v2\/posts"}],"about":[{"href":"https:\/\/quehacerpolitico.mx\/index.php?rest_route=\/wp\/v2\/types\/post"}],"author":[{"embeddable":true,"href":"https:\/\/quehacerpolitico.mx\/index.php?rest_route=\/wp\/v2\/users\/2"}],"replies":[{"embeddable":true,"href":"https:\/\/quehacerpolitico.mx\/index.php?rest_route=%2Fwp%2Fv2%2Fcomments&post=59701"}],"version-history":[{"count":0,"href":"https:\/\/quehacerpolitico.mx\/index.php?rest_route=\/wp\/v2\/posts\/59701\/revisions"}],"wp:featuredmedia":[{"embeddable":true,"href":"https:\/\/quehacerpolitico.mx\/index.php?rest_route=\/wp\/v2\/media\/59702"}],"wp:attachment":[{"href":"https:\/\/quehacerpolitico.mx\/index.php?rest_route=%2Fwp%2Fv2%2Fmedia&parent=59701"}],"wp:term":[{"taxonomy":"category","embeddable":true,"href":"https:\/\/quehacerpolitico.mx\/index.php?rest_route=%2Fwp%2Fv2%2Fcategories&post=59701"},{"taxonomy":"post_tag","embeddable":true,"href":"https:\/\/quehacerpolitico.mx\/index.php?rest_route=%2Fwp%2Fv2%2Ftags&post=59701"}],"curies":[{"name":"wp","href":"https:\/\/api.w.org\/{rel}","templated":true}]}}