{"id":59692,"date":"2020-06-24T10:58:25","date_gmt":"2020-06-24T15:58:25","guid":{"rendered":"http:\/\/quehacerpolitico.mx\/?p=59692"},"modified":"2020-06-24T10:58:25","modified_gmt":"2020-06-24T15:58:25","slug":"linea-roja-jacqueline-morgado-adelantaran-cuatro-meses-de-pension-para-adultos-mayores","status":"publish","type":"post","link":"https:\/\/quehacerpolitico.mx\/?p=59692","title":{"rendered":"L\u00ednea Roja\/\/\/Jacqueline Morgado\/\/\/Adelantar\u00e1n cuatro meses de pensi\u00f3n para adultos mayores"},"content":{"rendered":"<h1 class=\"news-title\">Adelantar\u00e1n cuatro meses de pensi\u00f3n para adultos mayores<br \/>\nPor Jacqueline Morgado<\/h1>\n<p>Los beneficiarios recibir\u00e1n los meses de julio, agosto, septiembre y octubre en\u00a0una sola entrega<\/p>\n<p>El Presidente Andres Manuel L\u00f3pez Obrador inform\u00f3 que <strong>el 1 de julio<\/strong> -cuando se cumplen dos a\u00f1os de su triunfo electoral- <strong>se adelantar\u00e1n cuatro meses de la pensi\u00f3n para los adultos mayores<\/strong>, como parte del plan de reactivaci\u00f3n econ\u00f3mica por la crisis provocada la pandemia de coronavirus.<\/p>\n<p>En su conferencia de prensa matutina en el Antiguo Palacio del Ayuntamiento, el jefe del Ejecutivo explic\u00f3 que <strong>los beneficiarios recibir\u00e1n los meses de julio, agosto, septiembre y octubre en\u00a0una sola entrega<\/strong>, con el prop\u00f3sito de que los adultos mayores salgan de casa lo menos posible.<\/p>\n<p>&#8220;Para que los adultos mayores que reciben estos apoyos <strong>traten de estar como lo han venido haciendo, guardados, cuid\u00e1ndose, siendo cuidadosos, apapachados<\/strong> por los miembros de la familia y que tengan algo, como lo hicimos cuando empez\u00f3 la pandemia, que se adelantaron cuatro meses, ahora se van adelantar otros cuatro y as\u00ed estamos entregando todos los apoyos de bienestar&#8221;.<\/p>\n<p>Se\u00f1al\u00f3 que continuar\u00e1 con la apertura de las actividades econ\u00f3micas conforme a las recomendaciones de la Secretar\u00eda de Salud.<\/p>\n<p>&#8220;Ya vamos hacia la apertura, todo esto habla de reactivar pronto la econom\u00eda. Yo sigo sosteniendo de que va a ser una V, aunque otros est\u00e1n se\u00f1alando que va a ser una L, ca\u00edmos y que nos vamos a seguir as\u00ed durante mucho tiempo. No, va a ser una V y ya tengo los elementos e indicios de que empieza la recuperaci\u00f3n&#8221;.<\/p>\n<p>Destac\u00f3 que ayudar\u00e1 mucho la entrada en vigor del Tratado de Libre Comercio entre M\u00e9xico, Estados Unidos y Canad\u00e1 (T-MEC) a partir del 1 de julio.<\/p>\n<p>&#8220;Eso va a ser muy importante, entonces, todo nuestro apoyo, estamos atendiendo a la gente. La diferencia, y es un modelo distinto, antes con una crisis se apoyaba primero a los de arriba.<\/p>\n<p>&#8220;Y lo quiero seguir diciendo porque los neoliberales y los ventajosos inventaron la patra\u00f1a de que si llov\u00eda fuerte arriba goteaba abajo, si se les da a los de arriba se ayuda a los de abajo. Pues eso ya no se aplica, ahora es de abajo hacia arriba, porque la riqueza no es permeable no es contagiosa&#8221;.<\/p>\n<h1>Encuentro con Trump<\/h1>\n<p>El Presidente L\u00f3pez Obrador confirm\u00f3 que <strong>es muy probable que en los primeros d\u00edas de julio se encuentre con su hom\u00f3logo estadounidense<\/strong>\u00a0Donald Trump en Washington, con motivo del inicio del Tratado de Libre Comercio entre M\u00e9xico, Estados Unidos y Canad\u00e1 (T-MEC).<\/p>\n<blockquote class=\"twitter-tweet\" data-width=\"550\" data-dnt=\"true\">\n<p lang=\"es\" dir=\"ltr\">\u00bfAhora s\u00ed se subir\u00e1 a un avi\u00f3n?, \u00bfllevar\u00e1 cubrebocas? \ud83e\udd14<\/p>\n<p>El presidente <a href=\"https:\/\/twitter.com\/lopezobrador_?ref_src=twsrc%5Etfw\">@lopezobrador_<\/a> podr\u00eda viajar a Washington para reunirse con Donald Trump y Justin Trudeau, con motivo del inicio del TMEC. <\/p>\n<p>Tambi\u00e9n quiere agradecerle en persona a Trump el apoyo durante la pandemia. <a href=\"https:\/\/t.co\/4Lu6OGXAY8\">pic.twitter.com\/4Lu6OGXAY8<\/a><\/p>\n<p>&mdash; Ruido en la Red (@RuidoEnLaRed) <a href=\"https:\/\/twitter.com\/RuidoEnLaRed\/status\/1275800155074125824?ref_src=twsrc%5Etfw\">June 24, 2020<\/a><\/p><\/blockquote>\n<p><script async src=\"https:\/\/platform.twitter.com\/widgets.js\" charset=\"utf-8\"><\/script><\/p>\n<p>&#8220;Es muy probable que vaya a Washington y me re\u00fana con el presidente Trump, y va a ser pronto, nada m\u00e1s estamos esperando el definir el car\u00e1cter del encuentro, <strong>nosotros queremos que participe el primer ministro de Canad\u00e1<\/strong>, Justin Trudeau, y que la reuni\u00f3n se lleva a cabo con motivo del inicio del Tratado&#8221;.<\/p>\n<p>Con informaci\u00f3n de SUN<\/p>\n","protected":false},"excerpt":{"rendered":"<p>Adelantar\u00e1n cuatro meses de pensi\u00f3n para adultos mayores Por Jacqueline Morgado Los beneficiarios recibir\u00e1n los&#8230;<\/p>\n","protected":false},"author":2,"featured_media":59693,"comment_status":"open","ping_status":"open","sticky":false,"template":"","format":"standard","meta":{"_monsterinsights_skip_tracking":false,"_monsterinsights_sitenote_active":false,"_monsterinsights_sitenote_note":"","_monsterinsights_sitenote_category":0,"footnotes":""},"categories":[2],"tags":[],"class_list":["post-59692","post","type-post","status-publish","format-standard","has-post-thumbnail","hentry","category-noticias"],"yoast_head":"<!-- This site is optimized with the Yoast SEO plugin v27.3 - https:\/\/yoast.com\/product\/yoast-seo-wordpress\/ -->\n<title>L\u00ednea Roja\/\/\/Jacqueline Morgado\/\/\/Adelantar\u00e1n cuatro meses de pensi\u00f3n para adultos mayores -<\/title>\n<meta name=\"robots\" content=\"index, follow, max-snippet:-1, max-image-preview:large, max-video-preview:-1\" \/>\n<link rel=\"canonical\" href=\"https:\/\/quehacerpolitico.mx\/?p=59692\" \/>\n<meta property=\"og:locale\" content=\"es_MX\" \/>\n<meta property=\"og:type\" content=\"article\" \/>\n<meta property=\"og:title\" content=\"L\u00ednea Roja\/\/\/Jacqueline Morgado\/\/\/Adelantar\u00e1n cuatro meses de pensi\u00f3n para adultos mayores -\" \/>\n<meta property=\"og:description\" content=\"Adelantar\u00e1n cuatro meses de pensi\u00f3n para adultos mayores Por Jacqueline Morgado Los beneficiarios recibir\u00e1n los...\" \/>\n<meta property=\"og:url\" content=\"https:\/\/quehacerpolitico.mx\/?p=59692\" \/>\n<meta property=\"article:published_time\" content=\"2020-06-24T15:58:25+00:00\" \/>\n<meta property=\"og:image\" content=\"https:\/\/quehacerpolitico.mx\/wp-content\/uploads\/2020\/06\/8FE17240-D263-4AD3-94F3-3E2F7F1F1CB1.jpeg\" \/>\n\t<meta property=\"og:image:width\" content=\"1242\" \/>\n\t<meta property=\"og:image:height\" content=\"664\" \/>\n\t<meta property=\"og:image:type\" content=\"image\/jpeg\" \/>\n<meta name=\"author\" content=\"Redacci\u00f3n QP\" \/>\n<meta name=\"twitter:card\" content=\"summary_large_image\" \/>\n<meta name=\"twitter:label1\" content=\"Escrito por\" \/>\n\t<meta name=\"twitter:data1\" content=\"Redacci\u00f3n QP\" \/>\n\t<meta name=\"twitter:label2\" content=\"Tiempo de lectura\" \/>\n\t<meta name=\"twitter:data2\" content=\"3 minutos\" \/>\n<script type=\"application\/ld+json\" class=\"yoast-schema-graph\">{\"@context\":\"https:\\\/\\\/schema.org\",\"@graph\":[{\"@type\":\"Article\",\"@id\":\"https:\\\/\\\/quehacerpolitico.mx\\\/?p=59692#article\",\"isPartOf\":{\"@id\":\"https:\\\/\\\/quehacerpolitico.mx\\\/?p=59692\"},\"author\":{\"name\":\"Redacci\u00f3n QP\",\"@id\":\"https:\\\/\\\/quehacerpolitico.mx\\\/#\\\/schema\\\/person\\\/496d8ad2d1d3f8036101dca7ee39e585\"},\"headline\":\"L\u00ednea Roja\\\/\\\/\\\/Jacqueline Morgado\\\/\\\/\\\/Adelantar\u00e1n cuatro meses de pensi\u00f3n para adultos mayores\",\"datePublished\":\"2020-06-24T15:58:25+00:00\",\"mainEntityOfPage\":{\"@id\":\"https:\\\/\\\/quehacerpolitico.mx\\\/?p=59692\"},\"wordCount\":530,\"commentCount\":0,\"image\":{\"@id\":\"https:\\\/\\\/quehacerpolitico.mx\\\/?p=59692#primaryimage\"},\"thumbnailUrl\":\"https:\\\/\\\/quehacerpolitico.mx\\\/wp-content\\\/uploads\\\/2020\\\/06\\\/8FE17240-D263-4AD3-94F3-3E2F7F1F1CB1.jpeg\",\"articleSection\":[\"Noticias\"],\"inLanguage\":\"es\",\"potentialAction\":[{\"@type\":\"CommentAction\",\"name\":\"Comment\",\"target\":[\"https:\\\/\\\/quehacerpolitico.mx\\\/?p=59692#respond\"]}]},{\"@type\":\"WebPage\",\"@id\":\"https:\\\/\\\/quehacerpolitico.mx\\\/?p=59692\",\"url\":\"https:\\\/\\\/quehacerpolitico.mx\\\/?p=59692\",\"name\":\"L\u00ednea Roja\\\/\\\/\\\/Jacqueline Morgado\\\/\\\/\\\/Adelantar\u00e1n cuatro meses de pensi\u00f3n para adultos mayores -\",\"isPartOf\":{\"@id\":\"https:\\\/\\\/quehacerpolitico.mx\\\/#website\"},\"primaryImageOfPage\":{\"@id\":\"https:\\\/\\\/quehacerpolitico.mx\\\/?p=59692#primaryimage\"},\"image\":{\"@id\":\"https:\\\/\\\/quehacerpolitico.mx\\\/?p=59692#primaryimage\"},\"thumbnailUrl\":\"https:\\\/\\\/quehacerpolitico.mx\\\/wp-content\\\/uploads\\\/2020\\\/06\\\/8FE17240-D263-4AD3-94F3-3E2F7F1F1CB1.jpeg\",\"datePublished\":\"2020-06-24T15:58:25+00:00\",\"author\":{\"@id\":\"https:\\\/\\\/quehacerpolitico.mx\\\/#\\\/schema\\\/person\\\/496d8ad2d1d3f8036101dca7ee39e585\"},\"breadcrumb\":{\"@id\":\"https:\\\/\\\/quehacerpolitico.mx\\\/?p=59692#breadcrumb\"},\"inLanguage\":\"es\",\"potentialAction\":[{\"@type\":\"ReadAction\",\"target\":[\"https:\\\/\\\/quehacerpolitico.mx\\\/?p=59692\"]}]},{\"@type\":\"ImageObject\",\"inLanguage\":\"es\",\"@id\":\"https:\\\/\\\/quehacerpolitico.mx\\\/?p=59692#primaryimage\",\"url\":\"https:\\\/\\\/quehacerpolitico.mx\\\/wp-content\\\/uploads\\\/2020\\\/06\\\/8FE17240-D263-4AD3-94F3-3E2F7F1F1CB1.jpeg\",\"contentUrl\":\"https:\\\/\\\/quehacerpolitico.mx\\\/wp-content\\\/uploads\\\/2020\\\/06\\\/8FE17240-D263-4AD3-94F3-3E2F7F1F1CB1.jpeg\",\"width\":1242,\"height\":664},{\"@type\":\"BreadcrumbList\",\"@id\":\"https:\\\/\\\/quehacerpolitico.mx\\\/?p=59692#breadcrumb\",\"itemListElement\":[{\"@type\":\"ListItem\",\"position\":1,\"name\":\"Inicio\",\"item\":\"https:\\\/\\\/quehacerpolitico.mx\\\/\"},{\"@type\":\"ListItem\",\"position\":2,\"name\":\"L\u00ednea Roja\\\/\\\/\\\/Jacqueline Morgado\\\/\\\/\\\/Adelantar\u00e1n cuatro meses de pensi\u00f3n para adultos mayores\"}]},{\"@type\":\"WebSite\",\"@id\":\"https:\\\/\\\/quehacerpolitico.mx\\\/#website\",\"url\":\"https:\\\/\\\/quehacerpolitico.mx\\\/\",\"name\":\"\",\"description\":\"\",\"potentialAction\":[{\"@type\":\"SearchAction\",\"target\":{\"@type\":\"EntryPoint\",\"urlTemplate\":\"https:\\\/\\\/quehacerpolitico.mx\\\/?s={search_term_string}\"},\"query-input\":{\"@type\":\"PropertyValueSpecification\",\"valueRequired\":true,\"valueName\":\"search_term_string\"}}],\"inLanguage\":\"es\"},{\"@type\":\"Person\",\"@id\":\"https:\\\/\\\/quehacerpolitico.mx\\\/#\\\/schema\\\/person\\\/496d8ad2d1d3f8036101dca7ee39e585\",\"name\":\"Redacci\u00f3n QP\",\"image\":{\"@type\":\"ImageObject\",\"inLanguage\":\"es\",\"@id\":\"https:\\\/\\\/secure.gravatar.com\\\/avatar\\\/c7164ed6fdec453195284ad24a5ae5b6e1eed2b848477fa2a4787ba9adf39a41?s=96&d=mm&r=g\",\"url\":\"https:\\\/\\\/secure.gravatar.com\\\/avatar\\\/c7164ed6fdec453195284ad24a5ae5b6e1eed2b848477fa2a4787ba9adf39a41?s=96&d=mm&r=g\",\"contentUrl\":\"https:\\\/\\\/secure.gravatar.com\\\/avatar\\\/c7164ed6fdec453195284ad24a5ae5b6e1eed2b848477fa2a4787ba9adf39a41?s=96&d=mm&r=g\",\"caption\":\"Redacci\u00f3n QP\"},\"url\":\"https:\\\/\\\/quehacerpolitico.mx\\\/?author=2\"}]}<\/script>\n<!-- \/ Yoast SEO plugin. -->","yoast_head_json":{"title":"L\u00ednea Roja\/\/\/Jacqueline Morgado\/\/\/Adelantar\u00e1n cuatro meses de pensi\u00f3n para adultos mayores -","robots":{"index":"index","follow":"follow","max-snippet":"max-snippet:-1","max-image-preview":"max-image-preview:large","max-video-preview":"max-video-preview:-1"},"canonical":"https:\/\/quehacerpolitico.mx\/?p=59692","og_locale":"es_MX","og_type":"article","og_title":"L\u00ednea Roja\/\/\/Jacqueline Morgado\/\/\/Adelantar\u00e1n cuatro meses de pensi\u00f3n para adultos mayores -","og_description":"Adelantar\u00e1n cuatro meses de pensi\u00f3n para adultos mayores Por Jacqueline Morgado Los beneficiarios recibir\u00e1n los...","og_url":"https:\/\/quehacerpolitico.mx\/?p=59692","article_published_time":"2020-06-24T15:58:25+00:00","og_image":[{"width":1242,"height":664,"url":"https:\/\/quehacerpolitico.mx\/wp-content\/uploads\/2020\/06\/8FE17240-D263-4AD3-94F3-3E2F7F1F1CB1.jpeg","type":"image\/jpeg"}],"author":"Redacci\u00f3n QP","twitter_card":"summary_large_image","twitter_misc":{"Escrito por":"Redacci\u00f3n QP","Tiempo de lectura":"3 minutos"},"schema":{"@context":"https:\/\/schema.org","@graph":[{"@type":"Article","@id":"https:\/\/quehacerpolitico.mx\/?p=59692#article","isPartOf":{"@id":"https:\/\/quehacerpolitico.mx\/?p=59692"},"author":{"name":"Redacci\u00f3n QP","@id":"https:\/\/quehacerpolitico.mx\/#\/schema\/person\/496d8ad2d1d3f8036101dca7ee39e585"},"headline":"L\u00ednea Roja\/\/\/Jacqueline Morgado\/\/\/Adelantar\u00e1n cuatro meses de pensi\u00f3n para adultos mayores","datePublished":"2020-06-24T15:58:25+00:00","mainEntityOfPage":{"@id":"https:\/\/quehacerpolitico.mx\/?p=59692"},"wordCount":530,"commentCount":0,"image":{"@id":"https:\/\/quehacerpolitico.mx\/?p=59692#primaryimage"},"thumbnailUrl":"https:\/\/quehacerpolitico.mx\/wp-content\/uploads\/2020\/06\/8FE17240-D263-4AD3-94F3-3E2F7F1F1CB1.jpeg","articleSection":["Noticias"],"inLanguage":"es","potentialAction":[{"@type":"CommentAction","name":"Comment","target":["https:\/\/quehacerpolitico.mx\/?p=59692#respond"]}]},{"@type":"WebPage","@id":"https:\/\/quehacerpolitico.mx\/?p=59692","url":"https:\/\/quehacerpolitico.mx\/?p=59692","name":"L\u00ednea Roja\/\/\/Jacqueline Morgado\/\/\/Adelantar\u00e1n cuatro meses de pensi\u00f3n para adultos mayores -","isPartOf":{"@id":"https:\/\/quehacerpolitico.mx\/#website"},"primaryImageOfPage":{"@id":"https:\/\/quehacerpolitico.mx\/?p=59692#primaryimage"},"image":{"@id":"https:\/\/quehacerpolitico.mx\/?p=59692#primaryimage"},"thumbnailUrl":"https:\/\/quehacerpolitico.mx\/wp-content\/uploads\/2020\/06\/8FE17240-D263-4AD3-94F3-3E2F7F1F1CB1.jpeg","datePublished":"2020-06-24T15:58:25+00:00","author":{"@id":"https:\/\/quehacerpolitico.mx\/#\/schema\/person\/496d8ad2d1d3f8036101dca7ee39e585"},"breadcrumb":{"@id":"https:\/\/quehacerpolitico.mx\/?p=59692#breadcrumb"},"inLanguage":"es","potentialAction":[{"@type":"ReadAction","target":["https:\/\/quehacerpolitico.mx\/?p=59692"]}]},{"@type":"ImageObject","inLanguage":"es","@id":"https:\/\/quehacerpolitico.mx\/?p=59692#primaryimage","url":"https:\/\/quehacerpolitico.mx\/wp-content\/uploads\/2020\/06\/8FE17240-D263-4AD3-94F3-3E2F7F1F1CB1.jpeg","contentUrl":"https:\/\/quehacerpolitico.mx\/wp-content\/uploads\/2020\/06\/8FE17240-D263-4AD3-94F3-3E2F7F1F1CB1.jpeg","width":1242,"height":664},{"@type":"BreadcrumbList","@id":"https:\/\/quehacerpolitico.mx\/?p=59692#breadcrumb","itemListElement":[{"@type":"ListItem","position":1,"name":"Inicio","item":"https:\/\/quehacerpolitico.mx\/"},{"@type":"ListItem","position":2,"name":"L\u00ednea Roja\/\/\/Jacqueline Morgado\/\/\/Adelantar\u00e1n cuatro meses de pensi\u00f3n para adultos mayores"}]},{"@type":"WebSite","@id":"https:\/\/quehacerpolitico.mx\/#website","url":"https:\/\/quehacerpolitico.mx\/","name":"","description":"","potentialAction":[{"@type":"SearchAction","target":{"@type":"EntryPoint","urlTemplate":"https:\/\/quehacerpolitico.mx\/?s={search_term_string}"},"query-input":{"@type":"PropertyValueSpecification","valueRequired":true,"valueName":"search_term_string"}}],"inLanguage":"es"},{"@type":"Person","@id":"https:\/\/quehacerpolitico.mx\/#\/schema\/person\/496d8ad2d1d3f8036101dca7ee39e585","name":"Redacci\u00f3n QP","image":{"@type":"ImageObject","inLanguage":"es","@id":"https:\/\/secure.gravatar.com\/avatar\/c7164ed6fdec453195284ad24a5ae5b6e1eed2b848477fa2a4787ba9adf39a41?s=96&d=mm&r=g","url":"https:\/\/secure.gravatar.com\/avatar\/c7164ed6fdec453195284ad24a5ae5b6e1eed2b848477fa2a4787ba9adf39a41?s=96&d=mm&r=g","contentUrl":"https:\/\/secure.gravatar.com\/avatar\/c7164ed6fdec453195284ad24a5ae5b6e1eed2b848477fa2a4787ba9adf39a41?s=96&d=mm&r=g","caption":"Redacci\u00f3n QP"},"url":"https:\/\/quehacerpolitico.mx\/?author=2"}]}},"featured_image_urls":{"full":["https:\/\/quehacerpolitico.mx\/wp-content\/uploads\/2020\/06\/8FE17240-D263-4AD3-94F3-3E2F7F1F1CB1.jpeg",1242,664,false],"thumbnail":["https:\/\/quehacerpolitico.mx\/wp-content\/uploads\/2020\/06\/8FE17240-D263-4AD3-94F3-3E2F7F1F1CB1-150x150.jpeg",150,150,true],"medium":["https:\/\/quehacerpolitico.mx\/wp-content\/uploads\/2020\/06\/8FE17240-D263-4AD3-94F3-3E2F7F1F1CB1-300x160.jpeg",300,160,true],"medium_large":["https:\/\/quehacerpolitico.mx\/wp-content\/uploads\/2020\/06\/8FE17240-D263-4AD3-94F3-3E2F7F1F1CB1-768x411.jpeg",640,343,true],"large":["https:\/\/quehacerpolitico.mx\/wp-content\/uploads\/2020\/06\/8FE17240-D263-4AD3-94F3-3E2F7F1F1CB1-1024x547.jpeg",640,342,true],"1536x1536":["https:\/\/quehacerpolitico.mx\/wp-content\/uploads\/2020\/06\/8FE17240-D263-4AD3-94F3-3E2F7F1F1CB1.jpeg",1242,664,false],"2048x2048":["https:\/\/quehacerpolitico.mx\/wp-content\/uploads\/2020\/06\/8FE17240-D263-4AD3-94F3-3E2F7F1F1CB1.jpeg",1242,664,false],"covernews-featured":["https:\/\/quehacerpolitico.mx\/wp-content\/uploads\/2020\/06\/8FE17240-D263-4AD3-94F3-3E2F7F1F1CB1.jpeg",1024,547,false],"covernews-medium":["https:\/\/quehacerpolitico.mx\/wp-content\/uploads\/2020\/06\/8FE17240-D263-4AD3-94F3-3E2F7F1F1CB1.jpeg",540,289,false]},"author_info":{"display_name":"Redacci\u00f3n QP","author_link":"https:\/\/quehacerpolitico.mx\/?author=2"},"category_info":"<a href=\"https:\/\/quehacerpolitico.mx\/?cat=2\" rel=\"category\">Noticias<\/a>","tag_info":"Noticias","comment_count":"0","_links":{"self":[{"href":"https:\/\/quehacerpolitico.mx\/index.php?rest_route=\/wp\/v2\/posts\/59692","targetHints":{"allow":["GET"]}}],"collection":[{"href":"https:\/\/quehacerpolitico.mx\/index.php?rest_route=\/wp\/v2\/posts"}],"about":[{"href":"https:\/\/quehacerpolitico.mx\/index.php?rest_route=\/wp\/v2\/types\/post"}],"author":[{"embeddable":true,"href":"https:\/\/quehacerpolitico.mx\/index.php?rest_route=\/wp\/v2\/users\/2"}],"replies":[{"embeddable":true,"href":"https:\/\/quehacerpolitico.mx\/index.php?rest_route=%2Fwp%2Fv2%2Fcomments&post=59692"}],"version-history":[{"count":0,"href":"https:\/\/quehacerpolitico.mx\/index.php?rest_route=\/wp\/v2\/posts\/59692\/revisions"}],"wp:featuredmedia":[{"embeddable":true,"href":"https:\/\/quehacerpolitico.mx\/index.php?rest_route=\/wp\/v2\/media\/59693"}],"wp:attachment":[{"href":"https:\/\/quehacerpolitico.mx\/index.php?rest_route=%2Fwp%2Fv2%2Fmedia&parent=59692"}],"wp:term":[{"taxonomy":"category","embeddable":true,"href":"https:\/\/quehacerpolitico.mx\/index.php?rest_route=%2Fwp%2Fv2%2Fcategories&post=59692"},{"taxonomy":"post_tag","embeddable":true,"href":"https:\/\/quehacerpolitico.mx\/index.php?rest_route=%2Fwp%2Fv2%2Ftags&post=59692"}],"curies":[{"name":"wp","href":"https:\/\/api.w.org\/{rel}","templated":true}]}}