{"id":59686,"date":"2020-06-24T10:24:57","date_gmt":"2020-06-24T15:24:57","guid":{"rendered":"http:\/\/quehacerpolitico.mx\/?p=59686"},"modified":"2020-06-24T10:24:57","modified_gmt":"2020-06-24T15:24:57","slug":"linea-roja-jacqueline-morgado-sismo-fue-percibido-por-mas-de-46-millones-de-personas-proteccion-civil","status":"publish","type":"post","link":"https:\/\/quehacerpolitico.mx\/?p=59686","title":{"rendered":"L\u00ednea Roja\/\/\/Jacqueline Morgado\/\/\/Sismo fue percibido por m\u00e1s de 46 millones de personas: Protecci\u00f3n Civil"},"content":{"rendered":"<h1 class=\"news-title\">Sismo fue percibido por m\u00e1s de 46 millones de personas: Protecci\u00f3n Civil<br \/>\nPor Jacqueline Morgado<\/h1>\n<p>Hasta el momento se han registrado mil 571 r\u00e9plicas, siendo la mayor magnitud la que se registr\u00f3 a las 21:33 horas del martes con una magnitud 5.5<\/p>\n<p><strong>David Le\u00f3n Romero<\/strong>, coordinador general de <strong>Protecci\u00f3n Civil<\/strong>, inform\u00f3 que a consecuencia del sismo\u00a0de magnitud 7.5 que se registr\u00f3 la ma\u00f1ana del martes <strong>se contabilizan hasta el momento seis muertos -todo en Oaxaca- y 23 lesionados.<\/strong><\/p>\n<p>En conferencia de prensa, el titular de Protecci\u00f3n Civil, inform\u00f3 que el sismo fue percibido por m\u00e1s de 46 millones de personas y que <strong>hasta el momento se han registrado mil 571 r\u00e9plicas,<\/strong>siendo la mayor magnitud la que se registr\u00f3 a las 21:33 horas de ayer con una magnitud 5.5.<\/p>\n<p>Detall\u00f3 que tambi\u00e9n por el sismo <strong>hay 42 municipios con alg\u00fan tipo de afectaci\u00f3n, dos mil 136 personas reportan afectaci\u00f3n a sus inmuebles y hasta el momento 534 viviendas se registran con afectaciones con alg\u00fan tipo de da\u00f1o,<\/strong> as\u00ed como 21 hospitales que registran da\u00f1os menores.<\/p>\n<blockquote class=\"twitter-tweet\" data-width=\"550\" data-dnt=\"true\">\n<p lang=\"es\" dir=\"ltr\">\u00bfC\u00f3mo funcion\u00f3 el sistema de alertamiento s\u00edsmico ayer?<\/p>\n<p>David Le\u00f3n Romero, coordinador nacional de <a href=\"https:\/\/twitter.com\/CNPC_MX?ref_src=twsrc%5Etfw\">@CNPC_MX<\/a> lo explica. <a href=\"https:\/\/t.co\/nlBQcs0RWU\">pic.twitter.com\/nlBQcs0RWU<\/a><\/p>\n<p>&mdash; Ruido en la Red (@RuidoEnLaRed) <a href=\"https:\/\/twitter.com\/RuidoEnLaRed\/status\/1275779922233942018?ref_src=twsrc%5Etfw\">June 24, 2020<\/a><\/p><\/blockquote>\n<p><script async src=\"https:\/\/platform.twitter.com\/widgets.js\" charset=\"utf-8\"><\/script><\/p>\n<p>&#8220;En cuanto a los efectos que ha dejado este sismo en el territorio lamentamos profundamente la p\u00e9rdida de seis vidas humanas en el estado de Oaxaca; en cuanto a personas lesionadas hemos registrado 23; dos mil 136 personas que han tenido alguna afectaci\u00f3n en sus inmuebles; 534 viviendas con alg\u00fan tipo de da\u00f1os; da\u00f1os menores en 21 hospitales&#8221;.<\/p>\n<p>En el Antiguo Palacio del Ayuntamiento de la Ciudad de M\u00e9xico,\u00a0el titular de Protecci\u00f3n Civil detall\u00f3 que se reportan tambi\u00e9n <strong>139 personas\u00a0en 12 albergues<\/strong>.<\/p>\n<p>Le\u00f3n inform\u00f3 que se contabilizaron 13 reportes de fallas en el servicio el\u00e9ctrico, lo cual, asegur\u00f3 se reestableci\u00f3 de inmediato, as\u00ed como el incendio en la refiner\u00eda &#8220;Antonio Doval\u00ed Jaime&#8221; en Salina Cruz, Oaxaca, el cual fue sofocado de inmediato.<\/p>\n<p>Indic\u00f3 que al segundo 10 de haberse generado el sismo, la Ciudad de M\u00e9xico ya hab\u00eda recibido una alerta, lo que ayud\u00f3 a que la poblaci\u00f3n de la capital desalojara viviendas e inmuebles para protegerse.<\/p>\n<p>&#8220;Existe un sistema de alertamiento s\u00edsmico mexicano que el d\u00eda de ayer funcion\u00f3 casi a la perfecci\u00f3n. Un extraordinario esfuerzo de Ciudad de M\u00e9xico en Ciudad de M\u00e9xico&#8221;.<\/p>\n<p>Resalt\u00f3 que durante y tras el sismo se ha mantenido comunicaci\u00f3n estrecha con la jefa de Gobierno de la Ciudad de M\u00e9xico, Claudia Sheinbaum, y con el gobernador de Oaxaca, Alejandro Murat.<\/p>\n<p>Con informaci\u00f3n de SUN<\/p>\n","protected":false},"excerpt":{"rendered":"<p>Sismo fue percibido por m\u00e1s de 46 millones de personas: Protecci\u00f3n Civil Por Jacqueline Morgado&#8230;<\/p>\n","protected":false},"author":2,"featured_media":59688,"comment_status":"open","ping_status":"open","sticky":false,"template":"","format":"standard","meta":{"_monsterinsights_skip_tracking":false,"_monsterinsights_sitenote_active":false,"_monsterinsights_sitenote_note":"","_monsterinsights_sitenote_category":0,"footnotes":""},"categories":[2],"tags":[],"class_list":["post-59686","post","type-post","status-publish","format-standard","has-post-thumbnail","hentry","category-noticias"],"yoast_head":"<!-- This site is optimized with the Yoast SEO plugin v27.3 - https:\/\/yoast.com\/product\/yoast-seo-wordpress\/ -->\n<title>L\u00ednea Roja\/\/\/Jacqueline Morgado\/\/\/Sismo fue percibido por m\u00e1s de 46 millones de personas: Protecci\u00f3n Civil -<\/title>\n<meta name=\"robots\" content=\"index, follow, max-snippet:-1, max-image-preview:large, max-video-preview:-1\" \/>\n<link rel=\"canonical\" href=\"https:\/\/quehacerpolitico.mx\/?p=59686\" \/>\n<meta property=\"og:locale\" content=\"es_MX\" \/>\n<meta property=\"og:type\" content=\"article\" \/>\n<meta property=\"og:title\" content=\"L\u00ednea Roja\/\/\/Jacqueline Morgado\/\/\/Sismo fue percibido por m\u00e1s de 46 millones de personas: Protecci\u00f3n Civil -\" \/>\n<meta property=\"og:description\" content=\"Sismo fue percibido por m\u00e1s de 46 millones de personas: Protecci\u00f3n Civil Por Jacqueline Morgado...\" \/>\n<meta property=\"og:url\" content=\"https:\/\/quehacerpolitico.mx\/?p=59686\" \/>\n<meta property=\"article:published_time\" content=\"2020-06-24T15:24:57+00:00\" \/>\n<meta property=\"og:image\" content=\"https:\/\/quehacerpolitico.mx\/wp-content\/uploads\/2020\/06\/CBC82685-200A-483A-8A26-4E0BD37197BA.jpeg\" \/>\n\t<meta property=\"og:image:width\" content=\"1220\" \/>\n\t<meta property=\"og:image:height\" content=\"657\" \/>\n\t<meta property=\"og:image:type\" content=\"image\/jpeg\" \/>\n<meta name=\"author\" content=\"Redacci\u00f3n QP\" \/>\n<meta name=\"twitter:card\" content=\"summary_large_image\" \/>\n<meta name=\"twitter:label1\" content=\"Escrito por\" \/>\n\t<meta name=\"twitter:data1\" content=\"Redacci\u00f3n QP\" \/>\n\t<meta name=\"twitter:label2\" content=\"Tiempo de lectura\" \/>\n\t<meta name=\"twitter:data2\" content=\"2 minutos\" \/>\n<script type=\"application\/ld+json\" class=\"yoast-schema-graph\">{\"@context\":\"https:\\\/\\\/schema.org\",\"@graph\":[{\"@type\":\"Article\",\"@id\":\"https:\\\/\\\/quehacerpolitico.mx\\\/?p=59686#article\",\"isPartOf\":{\"@id\":\"https:\\\/\\\/quehacerpolitico.mx\\\/?p=59686\"},\"author\":{\"name\":\"Redacci\u00f3n QP\",\"@id\":\"https:\\\/\\\/quehacerpolitico.mx\\\/#\\\/schema\\\/person\\\/496d8ad2d1d3f8036101dca7ee39e585\"},\"headline\":\"L\u00ednea Roja\\\/\\\/\\\/Jacqueline Morgado\\\/\\\/\\\/Sismo fue percibido por m\u00e1s de 46 millones de personas: Protecci\u00f3n Civil\",\"datePublished\":\"2020-06-24T15:24:57+00:00\",\"mainEntityOfPage\":{\"@id\":\"https:\\\/\\\/quehacerpolitico.mx\\\/?p=59686\"},\"wordCount\":439,\"commentCount\":0,\"image\":{\"@id\":\"https:\\\/\\\/quehacerpolitico.mx\\\/?p=59686#primaryimage\"},\"thumbnailUrl\":\"https:\\\/\\\/quehacerpolitico.mx\\\/wp-content\\\/uploads\\\/2020\\\/06\\\/CBC82685-200A-483A-8A26-4E0BD37197BA.jpeg\",\"articleSection\":[\"Noticias\"],\"inLanguage\":\"es\",\"potentialAction\":[{\"@type\":\"CommentAction\",\"name\":\"Comment\",\"target\":[\"https:\\\/\\\/quehacerpolitico.mx\\\/?p=59686#respond\"]}]},{\"@type\":\"WebPage\",\"@id\":\"https:\\\/\\\/quehacerpolitico.mx\\\/?p=59686\",\"url\":\"https:\\\/\\\/quehacerpolitico.mx\\\/?p=59686\",\"name\":\"L\u00ednea Roja\\\/\\\/\\\/Jacqueline Morgado\\\/\\\/\\\/Sismo fue percibido por m\u00e1s de 46 millones de personas: Protecci\u00f3n Civil -\",\"isPartOf\":{\"@id\":\"https:\\\/\\\/quehacerpolitico.mx\\\/#website\"},\"primaryImageOfPage\":{\"@id\":\"https:\\\/\\\/quehacerpolitico.mx\\\/?p=59686#primaryimage\"},\"image\":{\"@id\":\"https:\\\/\\\/quehacerpolitico.mx\\\/?p=59686#primaryimage\"},\"thumbnailUrl\":\"https:\\\/\\\/quehacerpolitico.mx\\\/wp-content\\\/uploads\\\/2020\\\/06\\\/CBC82685-200A-483A-8A26-4E0BD37197BA.jpeg\",\"datePublished\":\"2020-06-24T15:24:57+00:00\",\"author\":{\"@id\":\"https:\\\/\\\/quehacerpolitico.mx\\\/#\\\/schema\\\/person\\\/496d8ad2d1d3f8036101dca7ee39e585\"},\"breadcrumb\":{\"@id\":\"https:\\\/\\\/quehacerpolitico.mx\\\/?p=59686#breadcrumb\"},\"inLanguage\":\"es\",\"potentialAction\":[{\"@type\":\"ReadAction\",\"target\":[\"https:\\\/\\\/quehacerpolitico.mx\\\/?p=59686\"]}]},{\"@type\":\"ImageObject\",\"inLanguage\":\"es\",\"@id\":\"https:\\\/\\\/quehacerpolitico.mx\\\/?p=59686#primaryimage\",\"url\":\"https:\\\/\\\/quehacerpolitico.mx\\\/wp-content\\\/uploads\\\/2020\\\/06\\\/CBC82685-200A-483A-8A26-4E0BD37197BA.jpeg\",\"contentUrl\":\"https:\\\/\\\/quehacerpolitico.mx\\\/wp-content\\\/uploads\\\/2020\\\/06\\\/CBC82685-200A-483A-8A26-4E0BD37197BA.jpeg\",\"width\":1220,\"height\":657},{\"@type\":\"BreadcrumbList\",\"@id\":\"https:\\\/\\\/quehacerpolitico.mx\\\/?p=59686#breadcrumb\",\"itemListElement\":[{\"@type\":\"ListItem\",\"position\":1,\"name\":\"Inicio\",\"item\":\"https:\\\/\\\/quehacerpolitico.mx\\\/\"},{\"@type\":\"ListItem\",\"position\":2,\"name\":\"L\u00ednea Roja\\\/\\\/\\\/Jacqueline Morgado\\\/\\\/\\\/Sismo fue percibido por m\u00e1s de 46 millones de personas: Protecci\u00f3n Civil\"}]},{\"@type\":\"WebSite\",\"@id\":\"https:\\\/\\\/quehacerpolitico.mx\\\/#website\",\"url\":\"https:\\\/\\\/quehacerpolitico.mx\\\/\",\"name\":\"\",\"description\":\"\",\"potentialAction\":[{\"@type\":\"SearchAction\",\"target\":{\"@type\":\"EntryPoint\",\"urlTemplate\":\"https:\\\/\\\/quehacerpolitico.mx\\\/?s={search_term_string}\"},\"query-input\":{\"@type\":\"PropertyValueSpecification\",\"valueRequired\":true,\"valueName\":\"search_term_string\"}}],\"inLanguage\":\"es\"},{\"@type\":\"Person\",\"@id\":\"https:\\\/\\\/quehacerpolitico.mx\\\/#\\\/schema\\\/person\\\/496d8ad2d1d3f8036101dca7ee39e585\",\"name\":\"Redacci\u00f3n QP\",\"image\":{\"@type\":\"ImageObject\",\"inLanguage\":\"es\",\"@id\":\"https:\\\/\\\/secure.gravatar.com\\\/avatar\\\/c7164ed6fdec453195284ad24a5ae5b6e1eed2b848477fa2a4787ba9adf39a41?s=96&d=mm&r=g\",\"url\":\"https:\\\/\\\/secure.gravatar.com\\\/avatar\\\/c7164ed6fdec453195284ad24a5ae5b6e1eed2b848477fa2a4787ba9adf39a41?s=96&d=mm&r=g\",\"contentUrl\":\"https:\\\/\\\/secure.gravatar.com\\\/avatar\\\/c7164ed6fdec453195284ad24a5ae5b6e1eed2b848477fa2a4787ba9adf39a41?s=96&d=mm&r=g\",\"caption\":\"Redacci\u00f3n QP\"},\"url\":\"https:\\\/\\\/quehacerpolitico.mx\\\/?author=2\"}]}<\/script>\n<!-- \/ Yoast SEO plugin. -->","yoast_head_json":{"title":"L\u00ednea Roja\/\/\/Jacqueline Morgado\/\/\/Sismo fue percibido por m\u00e1s de 46 millones de personas: Protecci\u00f3n Civil -","robots":{"index":"index","follow":"follow","max-snippet":"max-snippet:-1","max-image-preview":"max-image-preview:large","max-video-preview":"max-video-preview:-1"},"canonical":"https:\/\/quehacerpolitico.mx\/?p=59686","og_locale":"es_MX","og_type":"article","og_title":"L\u00ednea Roja\/\/\/Jacqueline Morgado\/\/\/Sismo fue percibido por m\u00e1s de 46 millones de personas: Protecci\u00f3n Civil -","og_description":"Sismo fue percibido por m\u00e1s de 46 millones de personas: Protecci\u00f3n Civil Por Jacqueline Morgado...","og_url":"https:\/\/quehacerpolitico.mx\/?p=59686","article_published_time":"2020-06-24T15:24:57+00:00","og_image":[{"width":1220,"height":657,"url":"https:\/\/quehacerpolitico.mx\/wp-content\/uploads\/2020\/06\/CBC82685-200A-483A-8A26-4E0BD37197BA.jpeg","type":"image\/jpeg"}],"author":"Redacci\u00f3n QP","twitter_card":"summary_large_image","twitter_misc":{"Escrito por":"Redacci\u00f3n QP","Tiempo de lectura":"2 minutos"},"schema":{"@context":"https:\/\/schema.org","@graph":[{"@type":"Article","@id":"https:\/\/quehacerpolitico.mx\/?p=59686#article","isPartOf":{"@id":"https:\/\/quehacerpolitico.mx\/?p=59686"},"author":{"name":"Redacci\u00f3n QP","@id":"https:\/\/quehacerpolitico.mx\/#\/schema\/person\/496d8ad2d1d3f8036101dca7ee39e585"},"headline":"L\u00ednea Roja\/\/\/Jacqueline Morgado\/\/\/Sismo fue percibido por m\u00e1s de 46 millones de personas: Protecci\u00f3n Civil","datePublished":"2020-06-24T15:24:57+00:00","mainEntityOfPage":{"@id":"https:\/\/quehacerpolitico.mx\/?p=59686"},"wordCount":439,"commentCount":0,"image":{"@id":"https:\/\/quehacerpolitico.mx\/?p=59686#primaryimage"},"thumbnailUrl":"https:\/\/quehacerpolitico.mx\/wp-content\/uploads\/2020\/06\/CBC82685-200A-483A-8A26-4E0BD37197BA.jpeg","articleSection":["Noticias"],"inLanguage":"es","potentialAction":[{"@type":"CommentAction","name":"Comment","target":["https:\/\/quehacerpolitico.mx\/?p=59686#respond"]}]},{"@type":"WebPage","@id":"https:\/\/quehacerpolitico.mx\/?p=59686","url":"https:\/\/quehacerpolitico.mx\/?p=59686","name":"L\u00ednea Roja\/\/\/Jacqueline Morgado\/\/\/Sismo fue percibido por m\u00e1s de 46 millones de personas: Protecci\u00f3n Civil -","isPartOf":{"@id":"https:\/\/quehacerpolitico.mx\/#website"},"primaryImageOfPage":{"@id":"https:\/\/quehacerpolitico.mx\/?p=59686#primaryimage"},"image":{"@id":"https:\/\/quehacerpolitico.mx\/?p=59686#primaryimage"},"thumbnailUrl":"https:\/\/quehacerpolitico.mx\/wp-content\/uploads\/2020\/06\/CBC82685-200A-483A-8A26-4E0BD37197BA.jpeg","datePublished":"2020-06-24T15:24:57+00:00","author":{"@id":"https:\/\/quehacerpolitico.mx\/#\/schema\/person\/496d8ad2d1d3f8036101dca7ee39e585"},"breadcrumb":{"@id":"https:\/\/quehacerpolitico.mx\/?p=59686#breadcrumb"},"inLanguage":"es","potentialAction":[{"@type":"ReadAction","target":["https:\/\/quehacerpolitico.mx\/?p=59686"]}]},{"@type":"ImageObject","inLanguage":"es","@id":"https:\/\/quehacerpolitico.mx\/?p=59686#primaryimage","url":"https:\/\/quehacerpolitico.mx\/wp-content\/uploads\/2020\/06\/CBC82685-200A-483A-8A26-4E0BD37197BA.jpeg","contentUrl":"https:\/\/quehacerpolitico.mx\/wp-content\/uploads\/2020\/06\/CBC82685-200A-483A-8A26-4E0BD37197BA.jpeg","width":1220,"height":657},{"@type":"BreadcrumbList","@id":"https:\/\/quehacerpolitico.mx\/?p=59686#breadcrumb","itemListElement":[{"@type":"ListItem","position":1,"name":"Inicio","item":"https:\/\/quehacerpolitico.mx\/"},{"@type":"ListItem","position":2,"name":"L\u00ednea Roja\/\/\/Jacqueline Morgado\/\/\/Sismo fue percibido por m\u00e1s de 46 millones de personas: Protecci\u00f3n Civil"}]},{"@type":"WebSite","@id":"https:\/\/quehacerpolitico.mx\/#website","url":"https:\/\/quehacerpolitico.mx\/","name":"","description":"","potentialAction":[{"@type":"SearchAction","target":{"@type":"EntryPoint","urlTemplate":"https:\/\/quehacerpolitico.mx\/?s={search_term_string}"},"query-input":{"@type":"PropertyValueSpecification","valueRequired":true,"valueName":"search_term_string"}}],"inLanguage":"es"},{"@type":"Person","@id":"https:\/\/quehacerpolitico.mx\/#\/schema\/person\/496d8ad2d1d3f8036101dca7ee39e585","name":"Redacci\u00f3n QP","image":{"@type":"ImageObject","inLanguage":"es","@id":"https:\/\/secure.gravatar.com\/avatar\/c7164ed6fdec453195284ad24a5ae5b6e1eed2b848477fa2a4787ba9adf39a41?s=96&d=mm&r=g","url":"https:\/\/secure.gravatar.com\/avatar\/c7164ed6fdec453195284ad24a5ae5b6e1eed2b848477fa2a4787ba9adf39a41?s=96&d=mm&r=g","contentUrl":"https:\/\/secure.gravatar.com\/avatar\/c7164ed6fdec453195284ad24a5ae5b6e1eed2b848477fa2a4787ba9adf39a41?s=96&d=mm&r=g","caption":"Redacci\u00f3n QP"},"url":"https:\/\/quehacerpolitico.mx\/?author=2"}]}},"featured_image_urls":{"full":["https:\/\/quehacerpolitico.mx\/wp-content\/uploads\/2020\/06\/CBC82685-200A-483A-8A26-4E0BD37197BA.jpeg",1220,657,false],"thumbnail":["https:\/\/quehacerpolitico.mx\/wp-content\/uploads\/2020\/06\/CBC82685-200A-483A-8A26-4E0BD37197BA-150x150.jpeg",150,150,true],"medium":["https:\/\/quehacerpolitico.mx\/wp-content\/uploads\/2020\/06\/CBC82685-200A-483A-8A26-4E0BD37197BA-300x162.jpeg",300,162,true],"medium_large":["https:\/\/quehacerpolitico.mx\/wp-content\/uploads\/2020\/06\/CBC82685-200A-483A-8A26-4E0BD37197BA-768x414.jpeg",640,345,true],"large":["https:\/\/quehacerpolitico.mx\/wp-content\/uploads\/2020\/06\/CBC82685-200A-483A-8A26-4E0BD37197BA-1024x551.jpeg",640,344,true],"1536x1536":["https:\/\/quehacerpolitico.mx\/wp-content\/uploads\/2020\/06\/CBC82685-200A-483A-8A26-4E0BD37197BA.jpeg",1220,657,false],"2048x2048":["https:\/\/quehacerpolitico.mx\/wp-content\/uploads\/2020\/06\/CBC82685-200A-483A-8A26-4E0BD37197BA.jpeg",1220,657,false],"covernews-featured":["https:\/\/quehacerpolitico.mx\/wp-content\/uploads\/2020\/06\/CBC82685-200A-483A-8A26-4E0BD37197BA.jpeg",1024,551,false],"covernews-medium":["https:\/\/quehacerpolitico.mx\/wp-content\/uploads\/2020\/06\/CBC82685-200A-483A-8A26-4E0BD37197BA.jpeg",540,291,false]},"author_info":{"display_name":"Redacci\u00f3n QP","author_link":"https:\/\/quehacerpolitico.mx\/?author=2"},"category_info":"<a href=\"https:\/\/quehacerpolitico.mx\/?cat=2\" rel=\"category\">Noticias<\/a>","tag_info":"Noticias","comment_count":"0","_links":{"self":[{"href":"https:\/\/quehacerpolitico.mx\/index.php?rest_route=\/wp\/v2\/posts\/59686","targetHints":{"allow":["GET"]}}],"collection":[{"href":"https:\/\/quehacerpolitico.mx\/index.php?rest_route=\/wp\/v2\/posts"}],"about":[{"href":"https:\/\/quehacerpolitico.mx\/index.php?rest_route=\/wp\/v2\/types\/post"}],"author":[{"embeddable":true,"href":"https:\/\/quehacerpolitico.mx\/index.php?rest_route=\/wp\/v2\/users\/2"}],"replies":[{"embeddable":true,"href":"https:\/\/quehacerpolitico.mx\/index.php?rest_route=%2Fwp%2Fv2%2Fcomments&post=59686"}],"version-history":[{"count":0,"href":"https:\/\/quehacerpolitico.mx\/index.php?rest_route=\/wp\/v2\/posts\/59686\/revisions"}],"wp:featuredmedia":[{"embeddable":true,"href":"https:\/\/quehacerpolitico.mx\/index.php?rest_route=\/wp\/v2\/media\/59688"}],"wp:attachment":[{"href":"https:\/\/quehacerpolitico.mx\/index.php?rest_route=%2Fwp%2Fv2%2Fmedia&parent=59686"}],"wp:term":[{"taxonomy":"category","embeddable":true,"href":"https:\/\/quehacerpolitico.mx\/index.php?rest_route=%2Fwp%2Fv2%2Fcategories&post=59686"},{"taxonomy":"post_tag","embeddable":true,"href":"https:\/\/quehacerpolitico.mx\/index.php?rest_route=%2Fwp%2Fv2%2Ftags&post=59686"}],"curies":[{"name":"wp","href":"https:\/\/api.w.org\/{rel}","templated":true}]}}