{"id":59676,"date":"2020-06-24T09:25:02","date_gmt":"2020-06-24T14:25:02","guid":{"rendered":"http:\/\/quehacerpolitico.mx\/?p=59676"},"modified":"2020-06-24T09:25:02","modified_gmt":"2020-06-24T14:25:02","slug":"linea-roja-jacqueline-morgado-a-la-baja-delitos-de-alto-impacto-en-la-cdmx-afirma-sheinbaum-ante-amlo","status":"publish","type":"post","link":"https:\/\/quehacerpolitico.mx\/?p=59676","title":{"rendered":"L\u00ednea Roja\/\/\/Jacqueline Morgado\/\/\/A la baja delitos de alto impacto en la CDMX afirma Sheinbaum ante AMLO"},"content":{"rendered":"<h1>A la baja delitos de alto impacto en la CDMX afirma Sheinbaum ante AMLO<br \/>\nPor Jacqueline Morgado<\/h1>\n<p>La jefa de gobierno se\u00f1ala que entre enero de 2019 y enero de 2020 se registr\u00f3 una reducci\u00f3n del 27%<\/p>\n<p>La jefa de gobierno de la Ciudad de M\u00e9xico, Claudia Sheinbaum, destac\u00f3 este mi\u00e9rcoles, ante el presidente Andr\u00e9s Manuel L\u00f3pez Obrador, una reducci\u00f3n de delitos de alto impacto en capital mexicana.<\/p>\n<p>Durante la conferencia matutina del mandatario, en esta ocasi\u00f3n desde el Antiguo Palacio del Ayuntamiento, en la Ciudad de M\u00e9xico, la funcionaria se\u00f1al\u00f3 que entre enero de 2019 y enero de 2020 se registr\u00f3 una reducci\u00f3n del 27% de todos los delitos de alto impacto en la ciudad.<\/p>\n<p>A\u00f1adi\u00f3 que entre junio de 2019 y 2020, la reducci\u00f3n fue mayor, alrededor de 44%.<\/p>\n<p>En cuanto al homicidio doloso, Claudia Sheinbaum se\u00f1al\u00f3 que de mayo de 2019 a junio de 2020 tambi\u00e9n ha habido una reducci\u00f3n. Destac\u00f3 tambi\u00e9n una reducci\u00f3n en el robo a casa habitaci\u00f3n con violencia, aunque, admiti\u00f3, se trata de uno de los delitos que no se ha logrado disminuir con mayor \u00e9nfasis.<\/p>\n<div id=\"attachment_2563777\" class=\"wp-caption alignnone amp-wp-783f6d8\"><img decoding=\"async\" class=\"i-amphtml-fill-content i-amphtml-replaced-content\" src=\"https:\/\/i2.wp.com\/noticieros.televisa.com\/wp-content\/uploads\/2020\/06\/grafico-delitos-ciudad-mexico.jpg?resize=1080%2C609&amp;ssl=1\" sizes=\"(max-width: 414px) 414px, 100vw\" srcset=\"https:\/\/i2.wp.com\/noticieros.televisa.com\/wp-content\/uploads\/2020\/06\/grafico-delitos-ciudad-mexico.jpg?w=1080&amp;ssl=1 1080w, https:\/\/i2.wp.com\/noticieros.televisa.com\/wp-content\/uploads\/2020\/06\/grafico-delitos-ciudad-mexico.jpg?resize=300%2C169&amp;ssl=1 300w, https:\/\/i2.wp.com\/noticieros.televisa.com\/wp-content\/uploads\/2020\/06\/grafico-delitos-ciudad-mexico.jpg?resize=640%2C360&amp;ssl=1 640w\" alt=\"Foto: Sheinbaum destaca ante AMLO reducci\u00f3n de delitos de alto impacto en CDMX\" aria-describedby=\"caption-attachment-2563777\" \/><\/p>\n<p id=\"caption-attachment-2563777\" class=\"wp-caption-text\"><em><strong>Sheinbaum destaca ante AMLO reducci\u00f3n de delitos de alto impacto en CDMX. (Presidencia de la Rep\u00fablica)<\/strong><\/em><\/p>\n<\/div>\n<p>Sobre el robo a cuentahabientes, la jefa de gobierno dijo que luego de registrarse una tendencia a la alza a mediados de 2019, comenz\u00f3 a registrarse una importante disminuci\u00f3n en la incidencia de este delito.<\/p>\n<blockquote class=\"twitter-tweet\" data-width=\"550\" data-dnt=\"true\">\n<p lang=\"es\" dir=\"ltr\">\ud83d\udccc La Jefa de Gobierno <a href=\"https:\/\/twitter.com\/Claudiashein?ref_src=twsrc%5Etfw\">@Claudiashein<\/a> informa que en CDMX hubo una reducci\u00f3n del 27% en delitos de alto impacto durante 2019 y lo que va de 2020. <a href=\"https:\/\/t.co\/xalbShU0G0\">pic.twitter.com\/xalbShU0G0<\/a><\/p>\n<p>&mdash; Ruido en la Red (@RuidoEnLaRed) <a href=\"https:\/\/twitter.com\/RuidoEnLaRed\/status\/1275769199940390915?ref_src=twsrc%5Etfw\">June 24, 2020<\/a><\/p><\/blockquote>\n<p><script async src=\"https:\/\/platform.twitter.com\/widgets.js\" charset=\"utf-8\"><\/script><\/p>\n<p>Se refiri\u00f3 tambi\u00e9n a otros delitos, en los que tambi\u00e9n se han registrado reducciones, como el robo a negocio con violencia, robo a bordo de microb\u00fas, robo a transe\u00fante en v\u00eda p\u00fablica, robo de veh\u00edculo con violencia o sin violencia.<\/p>\n<p><em>Con informaci\u00f3n de Presidencia de la Rep\u00fablica<\/em><\/p>\n","protected":false},"excerpt":{"rendered":"<p>A la baja delitos de alto impacto en la CDMX afirma Sheinbaum ante AMLO Por&#8230;<\/p>\n","protected":false},"author":2,"featured_media":59678,"comment_status":"open","ping_status":"open","sticky":false,"template":"","format":"standard","meta":{"_monsterinsights_skip_tracking":false,"_monsterinsights_sitenote_active":false,"_monsterinsights_sitenote_note":"","_monsterinsights_sitenote_category":0,"footnotes":""},"categories":[55],"tags":[],"class_list":["post-59676","post","type-post","status-publish","format-standard","has-post-thumbnail","hentry","category-cdmx"],"yoast_head":"<!-- This site is optimized with the Yoast SEO plugin v27.3 - https:\/\/yoast.com\/product\/yoast-seo-wordpress\/ -->\n<title>L\u00ednea Roja\/\/\/Jacqueline Morgado\/\/\/A la baja delitos de alto impacto en la CDMX afirma Sheinbaum ante AMLO -<\/title>\n<meta name=\"robots\" content=\"index, follow, max-snippet:-1, max-image-preview:large, max-video-preview:-1\" \/>\n<link rel=\"canonical\" href=\"https:\/\/quehacerpolitico.mx\/?p=59676\" \/>\n<meta property=\"og:locale\" content=\"es_MX\" \/>\n<meta property=\"og:type\" content=\"article\" \/>\n<meta property=\"og:title\" content=\"L\u00ednea Roja\/\/\/Jacqueline Morgado\/\/\/A la baja delitos de alto impacto en la CDMX afirma Sheinbaum ante AMLO -\" \/>\n<meta property=\"og:description\" content=\"A la baja delitos de alto impacto en la CDMX afirma Sheinbaum ante AMLO Por...\" \/>\n<meta property=\"og:url\" content=\"https:\/\/quehacerpolitico.mx\/?p=59676\" \/>\n<meta property=\"article:published_time\" content=\"2020-06-24T14:25:02+00:00\" \/>\n<meta property=\"og:image\" content=\"https:\/\/quehacerpolitico.mx\/wp-content\/uploads\/2020\/06\/B85C68F5-61C8-475F-A888-16FA507E83D9.jpeg\" \/>\n\t<meta property=\"og:image:width\" content=\"1242\" \/>\n\t<meta property=\"og:image:height\" content=\"850\" \/>\n\t<meta property=\"og:image:type\" content=\"image\/jpeg\" \/>\n<meta name=\"author\" content=\"Redacci\u00f3n QP\" \/>\n<meta name=\"twitter:card\" content=\"summary_large_image\" \/>\n<meta name=\"twitter:label1\" content=\"Escrito por\" \/>\n\t<meta name=\"twitter:data1\" content=\"Redacci\u00f3n QP\" \/>\n\t<meta name=\"twitter:label2\" content=\"Tiempo de lectura\" \/>\n\t<meta name=\"twitter:data2\" content=\"2 minutos\" \/>\n<script type=\"application\/ld+json\" class=\"yoast-schema-graph\">{\"@context\":\"https:\\\/\\\/schema.org\",\"@graph\":[{\"@type\":\"Article\",\"@id\":\"https:\\\/\\\/quehacerpolitico.mx\\\/?p=59676#article\",\"isPartOf\":{\"@id\":\"https:\\\/\\\/quehacerpolitico.mx\\\/?p=59676\"},\"author\":{\"name\":\"Redacci\u00f3n QP\",\"@id\":\"https:\\\/\\\/quehacerpolitico.mx\\\/#\\\/schema\\\/person\\\/496d8ad2d1d3f8036101dca7ee39e585\"},\"headline\":\"L\u00ednea Roja\\\/\\\/\\\/Jacqueline Morgado\\\/\\\/\\\/A la baja delitos de alto impacto en la CDMX afirma Sheinbaum ante AMLO\",\"datePublished\":\"2020-06-24T14:25:02+00:00\",\"mainEntityOfPage\":{\"@id\":\"https:\\\/\\\/quehacerpolitico.mx\\\/?p=59676\"},\"wordCount\":325,\"commentCount\":0,\"image\":{\"@id\":\"https:\\\/\\\/quehacerpolitico.mx\\\/?p=59676#primaryimage\"},\"thumbnailUrl\":\"https:\\\/\\\/quehacerpolitico.mx\\\/wp-content\\\/uploads\\\/2020\\\/06\\\/B85C68F5-61C8-475F-A888-16FA507E83D9.jpeg\",\"articleSection\":[\"CDMX\"],\"inLanguage\":\"es\",\"potentialAction\":[{\"@type\":\"CommentAction\",\"name\":\"Comment\",\"target\":[\"https:\\\/\\\/quehacerpolitico.mx\\\/?p=59676#respond\"]}]},{\"@type\":\"WebPage\",\"@id\":\"https:\\\/\\\/quehacerpolitico.mx\\\/?p=59676\",\"url\":\"https:\\\/\\\/quehacerpolitico.mx\\\/?p=59676\",\"name\":\"L\u00ednea Roja\\\/\\\/\\\/Jacqueline Morgado\\\/\\\/\\\/A la baja delitos de alto impacto en la CDMX afirma Sheinbaum ante AMLO -\",\"isPartOf\":{\"@id\":\"https:\\\/\\\/quehacerpolitico.mx\\\/#website\"},\"primaryImageOfPage\":{\"@id\":\"https:\\\/\\\/quehacerpolitico.mx\\\/?p=59676#primaryimage\"},\"image\":{\"@id\":\"https:\\\/\\\/quehacerpolitico.mx\\\/?p=59676#primaryimage\"},\"thumbnailUrl\":\"https:\\\/\\\/quehacerpolitico.mx\\\/wp-content\\\/uploads\\\/2020\\\/06\\\/B85C68F5-61C8-475F-A888-16FA507E83D9.jpeg\",\"datePublished\":\"2020-06-24T14:25:02+00:00\",\"author\":{\"@id\":\"https:\\\/\\\/quehacerpolitico.mx\\\/#\\\/schema\\\/person\\\/496d8ad2d1d3f8036101dca7ee39e585\"},\"breadcrumb\":{\"@id\":\"https:\\\/\\\/quehacerpolitico.mx\\\/?p=59676#breadcrumb\"},\"inLanguage\":\"es\",\"potentialAction\":[{\"@type\":\"ReadAction\",\"target\":[\"https:\\\/\\\/quehacerpolitico.mx\\\/?p=59676\"]}]},{\"@type\":\"ImageObject\",\"inLanguage\":\"es\",\"@id\":\"https:\\\/\\\/quehacerpolitico.mx\\\/?p=59676#primaryimage\",\"url\":\"https:\\\/\\\/quehacerpolitico.mx\\\/wp-content\\\/uploads\\\/2020\\\/06\\\/B85C68F5-61C8-475F-A888-16FA507E83D9.jpeg\",\"contentUrl\":\"https:\\\/\\\/quehacerpolitico.mx\\\/wp-content\\\/uploads\\\/2020\\\/06\\\/B85C68F5-61C8-475F-A888-16FA507E83D9.jpeg\",\"width\":1242,\"height\":850},{\"@type\":\"BreadcrumbList\",\"@id\":\"https:\\\/\\\/quehacerpolitico.mx\\\/?p=59676#breadcrumb\",\"itemListElement\":[{\"@type\":\"ListItem\",\"position\":1,\"name\":\"Inicio\",\"item\":\"https:\\\/\\\/quehacerpolitico.mx\\\/\"},{\"@type\":\"ListItem\",\"position\":2,\"name\":\"L\u00ednea Roja\\\/\\\/\\\/Jacqueline Morgado\\\/\\\/\\\/A la baja delitos de alto impacto en la CDMX afirma Sheinbaum ante AMLO\"}]},{\"@type\":\"WebSite\",\"@id\":\"https:\\\/\\\/quehacerpolitico.mx\\\/#website\",\"url\":\"https:\\\/\\\/quehacerpolitico.mx\\\/\",\"name\":\"\",\"description\":\"\",\"potentialAction\":[{\"@type\":\"SearchAction\",\"target\":{\"@type\":\"EntryPoint\",\"urlTemplate\":\"https:\\\/\\\/quehacerpolitico.mx\\\/?s={search_term_string}\"},\"query-input\":{\"@type\":\"PropertyValueSpecification\",\"valueRequired\":true,\"valueName\":\"search_term_string\"}}],\"inLanguage\":\"es\"},{\"@type\":\"Person\",\"@id\":\"https:\\\/\\\/quehacerpolitico.mx\\\/#\\\/schema\\\/person\\\/496d8ad2d1d3f8036101dca7ee39e585\",\"name\":\"Redacci\u00f3n QP\",\"image\":{\"@type\":\"ImageObject\",\"inLanguage\":\"es\",\"@id\":\"https:\\\/\\\/secure.gravatar.com\\\/avatar\\\/c7164ed6fdec453195284ad24a5ae5b6e1eed2b848477fa2a4787ba9adf39a41?s=96&d=mm&r=g\",\"url\":\"https:\\\/\\\/secure.gravatar.com\\\/avatar\\\/c7164ed6fdec453195284ad24a5ae5b6e1eed2b848477fa2a4787ba9adf39a41?s=96&d=mm&r=g\",\"contentUrl\":\"https:\\\/\\\/secure.gravatar.com\\\/avatar\\\/c7164ed6fdec453195284ad24a5ae5b6e1eed2b848477fa2a4787ba9adf39a41?s=96&d=mm&r=g\",\"caption\":\"Redacci\u00f3n QP\"},\"url\":\"https:\\\/\\\/quehacerpolitico.mx\\\/?author=2\"}]}<\/script>\n<!-- \/ Yoast SEO plugin. -->","yoast_head_json":{"title":"L\u00ednea Roja\/\/\/Jacqueline Morgado\/\/\/A la baja delitos de alto impacto en la CDMX afirma Sheinbaum ante AMLO -","robots":{"index":"index","follow":"follow","max-snippet":"max-snippet:-1","max-image-preview":"max-image-preview:large","max-video-preview":"max-video-preview:-1"},"canonical":"https:\/\/quehacerpolitico.mx\/?p=59676","og_locale":"es_MX","og_type":"article","og_title":"L\u00ednea Roja\/\/\/Jacqueline Morgado\/\/\/A la baja delitos de alto impacto en la CDMX afirma Sheinbaum ante AMLO -","og_description":"A la baja delitos de alto impacto en la CDMX afirma Sheinbaum ante AMLO Por...","og_url":"https:\/\/quehacerpolitico.mx\/?p=59676","article_published_time":"2020-06-24T14:25:02+00:00","og_image":[{"width":1242,"height":850,"url":"https:\/\/quehacerpolitico.mx\/wp-content\/uploads\/2020\/06\/B85C68F5-61C8-475F-A888-16FA507E83D9.jpeg","type":"image\/jpeg"}],"author":"Redacci\u00f3n QP","twitter_card":"summary_large_image","twitter_misc":{"Escrito por":"Redacci\u00f3n QP","Tiempo de lectura":"2 minutos"},"schema":{"@context":"https:\/\/schema.org","@graph":[{"@type":"Article","@id":"https:\/\/quehacerpolitico.mx\/?p=59676#article","isPartOf":{"@id":"https:\/\/quehacerpolitico.mx\/?p=59676"},"author":{"name":"Redacci\u00f3n QP","@id":"https:\/\/quehacerpolitico.mx\/#\/schema\/person\/496d8ad2d1d3f8036101dca7ee39e585"},"headline":"L\u00ednea Roja\/\/\/Jacqueline Morgado\/\/\/A la baja delitos de alto impacto en la CDMX afirma Sheinbaum ante AMLO","datePublished":"2020-06-24T14:25:02+00:00","mainEntityOfPage":{"@id":"https:\/\/quehacerpolitico.mx\/?p=59676"},"wordCount":325,"commentCount":0,"image":{"@id":"https:\/\/quehacerpolitico.mx\/?p=59676#primaryimage"},"thumbnailUrl":"https:\/\/quehacerpolitico.mx\/wp-content\/uploads\/2020\/06\/B85C68F5-61C8-475F-A888-16FA507E83D9.jpeg","articleSection":["CDMX"],"inLanguage":"es","potentialAction":[{"@type":"CommentAction","name":"Comment","target":["https:\/\/quehacerpolitico.mx\/?p=59676#respond"]}]},{"@type":"WebPage","@id":"https:\/\/quehacerpolitico.mx\/?p=59676","url":"https:\/\/quehacerpolitico.mx\/?p=59676","name":"L\u00ednea Roja\/\/\/Jacqueline Morgado\/\/\/A la baja delitos de alto impacto en la CDMX afirma Sheinbaum ante AMLO -","isPartOf":{"@id":"https:\/\/quehacerpolitico.mx\/#website"},"primaryImageOfPage":{"@id":"https:\/\/quehacerpolitico.mx\/?p=59676#primaryimage"},"image":{"@id":"https:\/\/quehacerpolitico.mx\/?p=59676#primaryimage"},"thumbnailUrl":"https:\/\/quehacerpolitico.mx\/wp-content\/uploads\/2020\/06\/B85C68F5-61C8-475F-A888-16FA507E83D9.jpeg","datePublished":"2020-06-24T14:25:02+00:00","author":{"@id":"https:\/\/quehacerpolitico.mx\/#\/schema\/person\/496d8ad2d1d3f8036101dca7ee39e585"},"breadcrumb":{"@id":"https:\/\/quehacerpolitico.mx\/?p=59676#breadcrumb"},"inLanguage":"es","potentialAction":[{"@type":"ReadAction","target":["https:\/\/quehacerpolitico.mx\/?p=59676"]}]},{"@type":"ImageObject","inLanguage":"es","@id":"https:\/\/quehacerpolitico.mx\/?p=59676#primaryimage","url":"https:\/\/quehacerpolitico.mx\/wp-content\/uploads\/2020\/06\/B85C68F5-61C8-475F-A888-16FA507E83D9.jpeg","contentUrl":"https:\/\/quehacerpolitico.mx\/wp-content\/uploads\/2020\/06\/B85C68F5-61C8-475F-A888-16FA507E83D9.jpeg","width":1242,"height":850},{"@type":"BreadcrumbList","@id":"https:\/\/quehacerpolitico.mx\/?p=59676#breadcrumb","itemListElement":[{"@type":"ListItem","position":1,"name":"Inicio","item":"https:\/\/quehacerpolitico.mx\/"},{"@type":"ListItem","position":2,"name":"L\u00ednea Roja\/\/\/Jacqueline Morgado\/\/\/A la baja delitos de alto impacto en la CDMX afirma Sheinbaum ante AMLO"}]},{"@type":"WebSite","@id":"https:\/\/quehacerpolitico.mx\/#website","url":"https:\/\/quehacerpolitico.mx\/","name":"","description":"","potentialAction":[{"@type":"SearchAction","target":{"@type":"EntryPoint","urlTemplate":"https:\/\/quehacerpolitico.mx\/?s={search_term_string}"},"query-input":{"@type":"PropertyValueSpecification","valueRequired":true,"valueName":"search_term_string"}}],"inLanguage":"es"},{"@type":"Person","@id":"https:\/\/quehacerpolitico.mx\/#\/schema\/person\/496d8ad2d1d3f8036101dca7ee39e585","name":"Redacci\u00f3n QP","image":{"@type":"ImageObject","inLanguage":"es","@id":"https:\/\/secure.gravatar.com\/avatar\/c7164ed6fdec453195284ad24a5ae5b6e1eed2b848477fa2a4787ba9adf39a41?s=96&d=mm&r=g","url":"https:\/\/secure.gravatar.com\/avatar\/c7164ed6fdec453195284ad24a5ae5b6e1eed2b848477fa2a4787ba9adf39a41?s=96&d=mm&r=g","contentUrl":"https:\/\/secure.gravatar.com\/avatar\/c7164ed6fdec453195284ad24a5ae5b6e1eed2b848477fa2a4787ba9adf39a41?s=96&d=mm&r=g","caption":"Redacci\u00f3n QP"},"url":"https:\/\/quehacerpolitico.mx\/?author=2"}]}},"featured_image_urls":{"full":["https:\/\/quehacerpolitico.mx\/wp-content\/uploads\/2020\/06\/B85C68F5-61C8-475F-A888-16FA507E83D9.jpeg",1242,850,false],"thumbnail":["https:\/\/quehacerpolitico.mx\/wp-content\/uploads\/2020\/06\/B85C68F5-61C8-475F-A888-16FA507E83D9-150x150.jpeg",150,150,true],"medium":["https:\/\/quehacerpolitico.mx\/wp-content\/uploads\/2020\/06\/B85C68F5-61C8-475F-A888-16FA507E83D9-300x205.jpeg",300,205,true],"medium_large":["https:\/\/quehacerpolitico.mx\/wp-content\/uploads\/2020\/06\/B85C68F5-61C8-475F-A888-16FA507E83D9-768x526.jpeg",640,438,true],"large":["https:\/\/quehacerpolitico.mx\/wp-content\/uploads\/2020\/06\/B85C68F5-61C8-475F-A888-16FA507E83D9-1024x701.jpeg",640,438,true],"1536x1536":["https:\/\/quehacerpolitico.mx\/wp-content\/uploads\/2020\/06\/B85C68F5-61C8-475F-A888-16FA507E83D9.jpeg",1242,850,false],"2048x2048":["https:\/\/quehacerpolitico.mx\/wp-content\/uploads\/2020\/06\/B85C68F5-61C8-475F-A888-16FA507E83D9.jpeg",1242,850,false],"covernews-featured":["https:\/\/quehacerpolitico.mx\/wp-content\/uploads\/2020\/06\/B85C68F5-61C8-475F-A888-16FA507E83D9.jpeg",1024,701,false],"covernews-medium":["https:\/\/quehacerpolitico.mx\/wp-content\/uploads\/2020\/06\/B85C68F5-61C8-475F-A888-16FA507E83D9.jpeg",497,340,false]},"author_info":{"display_name":"Redacci\u00f3n QP","author_link":"https:\/\/quehacerpolitico.mx\/?author=2"},"category_info":"<a href=\"https:\/\/quehacerpolitico.mx\/?cat=55\" rel=\"category\">CDMX<\/a>","tag_info":"CDMX","comment_count":"0","_links":{"self":[{"href":"https:\/\/quehacerpolitico.mx\/index.php?rest_route=\/wp\/v2\/posts\/59676","targetHints":{"allow":["GET"]}}],"collection":[{"href":"https:\/\/quehacerpolitico.mx\/index.php?rest_route=\/wp\/v2\/posts"}],"about":[{"href":"https:\/\/quehacerpolitico.mx\/index.php?rest_route=\/wp\/v2\/types\/post"}],"author":[{"embeddable":true,"href":"https:\/\/quehacerpolitico.mx\/index.php?rest_route=\/wp\/v2\/users\/2"}],"replies":[{"embeddable":true,"href":"https:\/\/quehacerpolitico.mx\/index.php?rest_route=%2Fwp%2Fv2%2Fcomments&post=59676"}],"version-history":[{"count":0,"href":"https:\/\/quehacerpolitico.mx\/index.php?rest_route=\/wp\/v2\/posts\/59676\/revisions"}],"wp:featuredmedia":[{"embeddable":true,"href":"https:\/\/quehacerpolitico.mx\/index.php?rest_route=\/wp\/v2\/media\/59678"}],"wp:attachment":[{"href":"https:\/\/quehacerpolitico.mx\/index.php?rest_route=%2Fwp%2Fv2%2Fmedia&parent=59676"}],"wp:term":[{"taxonomy":"category","embeddable":true,"href":"https:\/\/quehacerpolitico.mx\/index.php?rest_route=%2Fwp%2Fv2%2Fcategories&post=59676"},{"taxonomy":"post_tag","embeddable":true,"href":"https:\/\/quehacerpolitico.mx\/index.php?rest_route=%2Fwp%2Fv2%2Ftags&post=59676"}],"curies":[{"name":"wp","href":"https:\/\/api.w.org\/{rel}","templated":true}]}}