{"id":59670,"date":"2020-06-24T08:58:32","date_gmt":"2020-06-24T13:58:32","guid":{"rendered":"http:\/\/quehacerpolitico.mx\/?p=59670"},"modified":"2020-06-24T08:58:32","modified_gmt":"2020-06-24T13:58:32","slug":"dobleces-israel-mendoza-perez-alfaro-ya-tiene-rival","status":"publish","type":"post","link":"https:\/\/quehacerpolitico.mx\/?p=59670","title":{"rendered":"Dobleces\/\/\/Israel Mendoza P\u00e9rez\/\/\/Alfaro ya tiene rival"},"content":{"rendered":"<h3 class=\"post-title entry-title\">Alfaro ya tiene rival<br \/>\nPor Israel Mendoza P\u00e9rez<\/h3>\n<div>En la disputa por la alcald\u00eda de Guadalajara se marca una tendencia hacia una lucha bipartidista. Por un lado, el partido Movimiento Ciudadano, con el gobernador\u00a0<b>Enrique Alfaro<\/b>, como operador de la maquinaria pol\u00edtica de\u00a0<b>Dante Delgado<\/b>. Por la otra parte, el ex delegado federal\u00a0<b>Carlos Lomel\u00ed\u00a0<\/b>quien de acuerdo con las recientes encuestas se ubica con un 63 por ciento de intenci\u00f3n de voto frente a sus contrincantes.<\/div>\n<div>En estas elecciones intermedias, la evaluaci\u00f3n del gobierno de Alfaro es significativa y el inminente cambio de reglas cocinado desde el Congreso de Jalisco, que preside la morenista\u00a0<b>Erika P\u00e9rez Garc\u00eda<\/b>, la arena pol\u00edtica de la entidad comienza a movilizarse para una contienda en la que los \u00fanicos dos competidores fuertes van por la conquista de Guadalajara.<\/div>\n<div>De un lado del tablero se encuentra un partido desgastado, pues aunque aclararon desde abril que no utilizar\u00edan como carta de presentaci\u00f3n al gobernador del estado, Enrique Alfaro, los \u00faltimos movimientos del mandatario sin duda mermar\u00e1n su avance rumbo a los comicios de 2021.<\/div>\n<div>El anticipo no s\u00f3lo radica en el endeudamiento millonario en el que se ha sumido a los jaliscienses, ni en los abusos de autoridad registrados por toda la entidad, o la ola de inseguridad que los queja, a esto se suma la historia electoral marcada por un constante castigo para la fuerza pol\u00edtica en el poder. En eso radica la lucha por una de las alcald\u00edas m\u00e1s codiciadas.<\/div>\n<div>Por la pura referencia a lo que se enfrenta Enrique Alfaro es un ejemplo de su futuro pol\u00edtico. El proceso intermedio de 2015 estuvo marcado por la estrepitosa ca\u00edda de\u00a0<b>Arist\u00f3teles Sandoval\u00a0<\/b>frente a Movimiento Ciudadano; mientras que Acci\u00f3n Nacional perdi\u00f3 la gracia del electorado de la mano de\u00a0<b>Emilio Gonz\u00e1lez\u00a0<\/b>en 2009. Esa ha sido la suerte de sus antecesores. El escenario parece que no cambia. Aunque Lomel\u00ed Bola\u00f1os no se ha destapado como aspirante a\u00fan, fuentes internas de Morena afirman que estar\u00eda en la contienda por Guadalajara en las elecciones del a\u00f1o pr\u00f3ximo, encamin\u00e1ndose rumbo al 2024 por la gubernatura de Jalisco. As\u00ed se presenta uno de los adversarios visibles al gobernador.<\/div>\n<div>En lo que hace a Jalisco, Lomel\u00ed Bola\u00f1os ha dicho que \u201clos errores del gobernador Enrique Alfaro lo han enfilado al precipicio\u201d y ha hecho un reiterado llamado a la unidad en Morena, advirtiendo que un partido dividido ayudar\u00eda a un debilitado Movimiento Ciudadano.<\/div>\n<div>Ahora el panorama se antoja m\u00e1s que complicado para el partido de Dante Delgado, pues adem\u00e1s de tener a cuestas los tropiezos de Alfaro, tampoco ha sido capaz de consolidar su estructura y s\u00f3lo suma unos cuantos liderazgos reales, escenario que ha proporcionado un caldo de cultivo id\u00f3neo para el fortalecimiento de Lomel\u00ed Bola\u00f1os.<\/div>\n<div>Y es que no es casual que buena parte de la ciudadan\u00eda vea a Lomel\u00ed Bola\u00f1os como uno de los principales destinatarios de su voto, pues adem\u00e1s de los donativos de\u00a0<i>kits\u00a0<\/i>para prevenir contagios por Covid-19, as\u00ed como las miles de pruebas para su oportuna detecci\u00f3n, cercanos a su equipo comentan que ahora analiza la instalaci\u00f3n de rociadores para sanitizar parques en la urbe.<\/div>\n<div>La propuesta, cuentan, est\u00e1 ligada al alarmante cantidad de enfermos, que llega a los 5 mil casos confirmados en toda la entidad, por lo que buscar\u00eda que estos espacios p\u00fablicos no representen un riesgo para los tapat\u00edos, m\u00e1s a\u00fan ahora que se entr\u00f3 a la etapa de \u201cresponsabilidad individual\u201d.<\/div>\n<div>Las aguas est\u00e1n agitadas y no falta mucho para que ambos frentes den a conocer sus propuestas, las cuales tendr\u00e1n que pasar por el minucioso tamiz de unos jaliscienses involucrados en la escena pol\u00edtica.<\/div>\n","protected":false},"excerpt":{"rendered":"<p>Alfaro ya tiene rival Por Israel Mendoza P\u00e9rez En la disputa por la alcald\u00eda de&#8230;<\/p>\n","protected":false},"author":2,"featured_media":59671,"comment_status":"open","ping_status":"open","sticky":false,"template":"","format":"standard","meta":{"_monsterinsights_skip_tracking":false,"_monsterinsights_sitenote_active":false,"_monsterinsights_sitenote_note":"","_monsterinsights_sitenote_category":0,"footnotes":""},"categories":[2],"tags":[],"class_list":["post-59670","post","type-post","status-publish","format-standard","has-post-thumbnail","hentry","category-noticias"],"yoast_head":"<!-- This site is optimized with the Yoast SEO plugin v27.3 - https:\/\/yoast.com\/product\/yoast-seo-wordpress\/ -->\n<title>Dobleces\/\/\/Israel Mendoza P\u00e9rez\/\/\/Alfaro ya tiene rival -<\/title>\n<meta name=\"robots\" content=\"index, follow, max-snippet:-1, max-image-preview:large, max-video-preview:-1\" \/>\n<link rel=\"canonical\" href=\"https:\/\/quehacerpolitico.mx\/?p=59670\" \/>\n<meta property=\"og:locale\" content=\"es_MX\" \/>\n<meta property=\"og:type\" content=\"article\" \/>\n<meta property=\"og:title\" content=\"Dobleces\/\/\/Israel Mendoza P\u00e9rez\/\/\/Alfaro ya tiene rival -\" \/>\n<meta property=\"og:description\" content=\"Alfaro ya tiene rival Por Israel Mendoza P\u00e9rez En la disputa por la alcald\u00eda de...\" \/>\n<meta property=\"og:url\" content=\"https:\/\/quehacerpolitico.mx\/?p=59670\" \/>\n<meta property=\"article:published_time\" content=\"2020-06-24T13:58:32+00:00\" \/>\n<meta property=\"og:image\" content=\"https:\/\/quehacerpolitico.mx\/wp-content\/uploads\/2020\/06\/6B03AB6D-0A06-4B1D-BF23-D4509F234062.jpeg\" \/>\n\t<meta property=\"og:image:width\" content=\"600\" \/>\n\t<meta property=\"og:image:height\" content=\"400\" \/>\n\t<meta property=\"og:image:type\" content=\"image\/jpeg\" \/>\n<meta name=\"author\" content=\"Redacci\u00f3n QP\" \/>\n<meta name=\"twitter:card\" content=\"summary_large_image\" \/>\n<meta name=\"twitter:label1\" content=\"Escrito por\" \/>\n\t<meta name=\"twitter:data1\" content=\"Redacci\u00f3n QP\" \/>\n\t<meta name=\"twitter:label2\" content=\"Tiempo de lectura\" \/>\n\t<meta name=\"twitter:data2\" content=\"3 minutos\" \/>\n<script type=\"application\/ld+json\" class=\"yoast-schema-graph\">{\"@context\":\"https:\\\/\\\/schema.org\",\"@graph\":[{\"@type\":\"Article\",\"@id\":\"https:\\\/\\\/quehacerpolitico.mx\\\/?p=59670#article\",\"isPartOf\":{\"@id\":\"https:\\\/\\\/quehacerpolitico.mx\\\/?p=59670\"},\"author\":{\"name\":\"Redacci\u00f3n QP\",\"@id\":\"https:\\\/\\\/quehacerpolitico.mx\\\/#\\\/schema\\\/person\\\/496d8ad2d1d3f8036101dca7ee39e585\"},\"headline\":\"Dobleces\\\/\\\/\\\/Israel Mendoza P\u00e9rez\\\/\\\/\\\/Alfaro ya tiene rival\",\"datePublished\":\"2020-06-24T13:58:32+00:00\",\"mainEntityOfPage\":{\"@id\":\"https:\\\/\\\/quehacerpolitico.mx\\\/?p=59670\"},\"wordCount\":655,\"commentCount\":0,\"image\":{\"@id\":\"https:\\\/\\\/quehacerpolitico.mx\\\/?p=59670#primaryimage\"},\"thumbnailUrl\":\"https:\\\/\\\/quehacerpolitico.mx\\\/wp-content\\\/uploads\\\/2020\\\/06\\\/6B03AB6D-0A06-4B1D-BF23-D4509F234062.jpeg\",\"articleSection\":[\"Noticias\"],\"inLanguage\":\"es\",\"potentialAction\":[{\"@type\":\"CommentAction\",\"name\":\"Comment\",\"target\":[\"https:\\\/\\\/quehacerpolitico.mx\\\/?p=59670#respond\"]}]},{\"@type\":\"WebPage\",\"@id\":\"https:\\\/\\\/quehacerpolitico.mx\\\/?p=59670\",\"url\":\"https:\\\/\\\/quehacerpolitico.mx\\\/?p=59670\",\"name\":\"Dobleces\\\/\\\/\\\/Israel Mendoza P\u00e9rez\\\/\\\/\\\/Alfaro ya tiene rival -\",\"isPartOf\":{\"@id\":\"https:\\\/\\\/quehacerpolitico.mx\\\/#website\"},\"primaryImageOfPage\":{\"@id\":\"https:\\\/\\\/quehacerpolitico.mx\\\/?p=59670#primaryimage\"},\"image\":{\"@id\":\"https:\\\/\\\/quehacerpolitico.mx\\\/?p=59670#primaryimage\"},\"thumbnailUrl\":\"https:\\\/\\\/quehacerpolitico.mx\\\/wp-content\\\/uploads\\\/2020\\\/06\\\/6B03AB6D-0A06-4B1D-BF23-D4509F234062.jpeg\",\"datePublished\":\"2020-06-24T13:58:32+00:00\",\"author\":{\"@id\":\"https:\\\/\\\/quehacerpolitico.mx\\\/#\\\/schema\\\/person\\\/496d8ad2d1d3f8036101dca7ee39e585\"},\"breadcrumb\":{\"@id\":\"https:\\\/\\\/quehacerpolitico.mx\\\/?p=59670#breadcrumb\"},\"inLanguage\":\"es\",\"potentialAction\":[{\"@type\":\"ReadAction\",\"target\":[\"https:\\\/\\\/quehacerpolitico.mx\\\/?p=59670\"]}]},{\"@type\":\"ImageObject\",\"inLanguage\":\"es\",\"@id\":\"https:\\\/\\\/quehacerpolitico.mx\\\/?p=59670#primaryimage\",\"url\":\"https:\\\/\\\/quehacerpolitico.mx\\\/wp-content\\\/uploads\\\/2020\\\/06\\\/6B03AB6D-0A06-4B1D-BF23-D4509F234062.jpeg\",\"contentUrl\":\"https:\\\/\\\/quehacerpolitico.mx\\\/wp-content\\\/uploads\\\/2020\\\/06\\\/6B03AB6D-0A06-4B1D-BF23-D4509F234062.jpeg\",\"width\":600,\"height\":400},{\"@type\":\"BreadcrumbList\",\"@id\":\"https:\\\/\\\/quehacerpolitico.mx\\\/?p=59670#breadcrumb\",\"itemListElement\":[{\"@type\":\"ListItem\",\"position\":1,\"name\":\"Inicio\",\"item\":\"https:\\\/\\\/quehacerpolitico.mx\\\/\"},{\"@type\":\"ListItem\",\"position\":2,\"name\":\"Dobleces\\\/\\\/\\\/Israel Mendoza P\u00e9rez\\\/\\\/\\\/Alfaro ya tiene rival\"}]},{\"@type\":\"WebSite\",\"@id\":\"https:\\\/\\\/quehacerpolitico.mx\\\/#website\",\"url\":\"https:\\\/\\\/quehacerpolitico.mx\\\/\",\"name\":\"\",\"description\":\"\",\"potentialAction\":[{\"@type\":\"SearchAction\",\"target\":{\"@type\":\"EntryPoint\",\"urlTemplate\":\"https:\\\/\\\/quehacerpolitico.mx\\\/?s={search_term_string}\"},\"query-input\":{\"@type\":\"PropertyValueSpecification\",\"valueRequired\":true,\"valueName\":\"search_term_string\"}}],\"inLanguage\":\"es\"},{\"@type\":\"Person\",\"@id\":\"https:\\\/\\\/quehacerpolitico.mx\\\/#\\\/schema\\\/person\\\/496d8ad2d1d3f8036101dca7ee39e585\",\"name\":\"Redacci\u00f3n QP\",\"image\":{\"@type\":\"ImageObject\",\"inLanguage\":\"es\",\"@id\":\"https:\\\/\\\/secure.gravatar.com\\\/avatar\\\/c7164ed6fdec453195284ad24a5ae5b6e1eed2b848477fa2a4787ba9adf39a41?s=96&d=mm&r=g\",\"url\":\"https:\\\/\\\/secure.gravatar.com\\\/avatar\\\/c7164ed6fdec453195284ad24a5ae5b6e1eed2b848477fa2a4787ba9adf39a41?s=96&d=mm&r=g\",\"contentUrl\":\"https:\\\/\\\/secure.gravatar.com\\\/avatar\\\/c7164ed6fdec453195284ad24a5ae5b6e1eed2b848477fa2a4787ba9adf39a41?s=96&d=mm&r=g\",\"caption\":\"Redacci\u00f3n QP\"},\"url\":\"https:\\\/\\\/quehacerpolitico.mx\\\/?author=2\"}]}<\/script>\n<!-- \/ Yoast SEO plugin. -->","yoast_head_json":{"title":"Dobleces\/\/\/Israel Mendoza P\u00e9rez\/\/\/Alfaro ya tiene rival -","robots":{"index":"index","follow":"follow","max-snippet":"max-snippet:-1","max-image-preview":"max-image-preview:large","max-video-preview":"max-video-preview:-1"},"canonical":"https:\/\/quehacerpolitico.mx\/?p=59670","og_locale":"es_MX","og_type":"article","og_title":"Dobleces\/\/\/Israel Mendoza P\u00e9rez\/\/\/Alfaro ya tiene rival -","og_description":"Alfaro ya tiene rival Por Israel Mendoza P\u00e9rez En la disputa por la alcald\u00eda de...","og_url":"https:\/\/quehacerpolitico.mx\/?p=59670","article_published_time":"2020-06-24T13:58:32+00:00","og_image":[{"width":600,"height":400,"url":"https:\/\/quehacerpolitico.mx\/wp-content\/uploads\/2020\/06\/6B03AB6D-0A06-4B1D-BF23-D4509F234062.jpeg","type":"image\/jpeg"}],"author":"Redacci\u00f3n QP","twitter_card":"summary_large_image","twitter_misc":{"Escrito por":"Redacci\u00f3n QP","Tiempo de lectura":"3 minutos"},"schema":{"@context":"https:\/\/schema.org","@graph":[{"@type":"Article","@id":"https:\/\/quehacerpolitico.mx\/?p=59670#article","isPartOf":{"@id":"https:\/\/quehacerpolitico.mx\/?p=59670"},"author":{"name":"Redacci\u00f3n QP","@id":"https:\/\/quehacerpolitico.mx\/#\/schema\/person\/496d8ad2d1d3f8036101dca7ee39e585"},"headline":"Dobleces\/\/\/Israel Mendoza P\u00e9rez\/\/\/Alfaro ya tiene rival","datePublished":"2020-06-24T13:58:32+00:00","mainEntityOfPage":{"@id":"https:\/\/quehacerpolitico.mx\/?p=59670"},"wordCount":655,"commentCount":0,"image":{"@id":"https:\/\/quehacerpolitico.mx\/?p=59670#primaryimage"},"thumbnailUrl":"https:\/\/quehacerpolitico.mx\/wp-content\/uploads\/2020\/06\/6B03AB6D-0A06-4B1D-BF23-D4509F234062.jpeg","articleSection":["Noticias"],"inLanguage":"es","potentialAction":[{"@type":"CommentAction","name":"Comment","target":["https:\/\/quehacerpolitico.mx\/?p=59670#respond"]}]},{"@type":"WebPage","@id":"https:\/\/quehacerpolitico.mx\/?p=59670","url":"https:\/\/quehacerpolitico.mx\/?p=59670","name":"Dobleces\/\/\/Israel Mendoza P\u00e9rez\/\/\/Alfaro ya tiene rival -","isPartOf":{"@id":"https:\/\/quehacerpolitico.mx\/#website"},"primaryImageOfPage":{"@id":"https:\/\/quehacerpolitico.mx\/?p=59670#primaryimage"},"image":{"@id":"https:\/\/quehacerpolitico.mx\/?p=59670#primaryimage"},"thumbnailUrl":"https:\/\/quehacerpolitico.mx\/wp-content\/uploads\/2020\/06\/6B03AB6D-0A06-4B1D-BF23-D4509F234062.jpeg","datePublished":"2020-06-24T13:58:32+00:00","author":{"@id":"https:\/\/quehacerpolitico.mx\/#\/schema\/person\/496d8ad2d1d3f8036101dca7ee39e585"},"breadcrumb":{"@id":"https:\/\/quehacerpolitico.mx\/?p=59670#breadcrumb"},"inLanguage":"es","potentialAction":[{"@type":"ReadAction","target":["https:\/\/quehacerpolitico.mx\/?p=59670"]}]},{"@type":"ImageObject","inLanguage":"es","@id":"https:\/\/quehacerpolitico.mx\/?p=59670#primaryimage","url":"https:\/\/quehacerpolitico.mx\/wp-content\/uploads\/2020\/06\/6B03AB6D-0A06-4B1D-BF23-D4509F234062.jpeg","contentUrl":"https:\/\/quehacerpolitico.mx\/wp-content\/uploads\/2020\/06\/6B03AB6D-0A06-4B1D-BF23-D4509F234062.jpeg","width":600,"height":400},{"@type":"BreadcrumbList","@id":"https:\/\/quehacerpolitico.mx\/?p=59670#breadcrumb","itemListElement":[{"@type":"ListItem","position":1,"name":"Inicio","item":"https:\/\/quehacerpolitico.mx\/"},{"@type":"ListItem","position":2,"name":"Dobleces\/\/\/Israel Mendoza P\u00e9rez\/\/\/Alfaro ya tiene rival"}]},{"@type":"WebSite","@id":"https:\/\/quehacerpolitico.mx\/#website","url":"https:\/\/quehacerpolitico.mx\/","name":"","description":"","potentialAction":[{"@type":"SearchAction","target":{"@type":"EntryPoint","urlTemplate":"https:\/\/quehacerpolitico.mx\/?s={search_term_string}"},"query-input":{"@type":"PropertyValueSpecification","valueRequired":true,"valueName":"search_term_string"}}],"inLanguage":"es"},{"@type":"Person","@id":"https:\/\/quehacerpolitico.mx\/#\/schema\/person\/496d8ad2d1d3f8036101dca7ee39e585","name":"Redacci\u00f3n QP","image":{"@type":"ImageObject","inLanguage":"es","@id":"https:\/\/secure.gravatar.com\/avatar\/c7164ed6fdec453195284ad24a5ae5b6e1eed2b848477fa2a4787ba9adf39a41?s=96&d=mm&r=g","url":"https:\/\/secure.gravatar.com\/avatar\/c7164ed6fdec453195284ad24a5ae5b6e1eed2b848477fa2a4787ba9adf39a41?s=96&d=mm&r=g","contentUrl":"https:\/\/secure.gravatar.com\/avatar\/c7164ed6fdec453195284ad24a5ae5b6e1eed2b848477fa2a4787ba9adf39a41?s=96&d=mm&r=g","caption":"Redacci\u00f3n QP"},"url":"https:\/\/quehacerpolitico.mx\/?author=2"}]}},"featured_image_urls":{"full":["https:\/\/quehacerpolitico.mx\/wp-content\/uploads\/2020\/06\/6B03AB6D-0A06-4B1D-BF23-D4509F234062.jpeg",600,400,false],"thumbnail":["https:\/\/quehacerpolitico.mx\/wp-content\/uploads\/2020\/06\/6B03AB6D-0A06-4B1D-BF23-D4509F234062-150x150.jpeg",150,150,true],"medium":["https:\/\/quehacerpolitico.mx\/wp-content\/uploads\/2020\/06\/6B03AB6D-0A06-4B1D-BF23-D4509F234062-300x200.jpeg",300,200,true],"medium_large":["https:\/\/quehacerpolitico.mx\/wp-content\/uploads\/2020\/06\/6B03AB6D-0A06-4B1D-BF23-D4509F234062.jpeg",600,400,false],"large":["https:\/\/quehacerpolitico.mx\/wp-content\/uploads\/2020\/06\/6B03AB6D-0A06-4B1D-BF23-D4509F234062.jpeg",600,400,false],"1536x1536":["https:\/\/quehacerpolitico.mx\/wp-content\/uploads\/2020\/06\/6B03AB6D-0A06-4B1D-BF23-D4509F234062.jpeg",600,400,false],"2048x2048":["https:\/\/quehacerpolitico.mx\/wp-content\/uploads\/2020\/06\/6B03AB6D-0A06-4B1D-BF23-D4509F234062.jpeg",600,400,false],"covernews-featured":["https:\/\/quehacerpolitico.mx\/wp-content\/uploads\/2020\/06\/6B03AB6D-0A06-4B1D-BF23-D4509F234062.jpeg",600,400,false],"covernews-medium":["https:\/\/quehacerpolitico.mx\/wp-content\/uploads\/2020\/06\/6B03AB6D-0A06-4B1D-BF23-D4509F234062.jpeg",510,340,false]},"author_info":{"display_name":"Redacci\u00f3n QP","author_link":"https:\/\/quehacerpolitico.mx\/?author=2"},"category_info":"<a href=\"https:\/\/quehacerpolitico.mx\/?cat=2\" rel=\"category\">Noticias<\/a>","tag_info":"Noticias","comment_count":"0","_links":{"self":[{"href":"https:\/\/quehacerpolitico.mx\/index.php?rest_route=\/wp\/v2\/posts\/59670","targetHints":{"allow":["GET"]}}],"collection":[{"href":"https:\/\/quehacerpolitico.mx\/index.php?rest_route=\/wp\/v2\/posts"}],"about":[{"href":"https:\/\/quehacerpolitico.mx\/index.php?rest_route=\/wp\/v2\/types\/post"}],"author":[{"embeddable":true,"href":"https:\/\/quehacerpolitico.mx\/index.php?rest_route=\/wp\/v2\/users\/2"}],"replies":[{"embeddable":true,"href":"https:\/\/quehacerpolitico.mx\/index.php?rest_route=%2Fwp%2Fv2%2Fcomments&post=59670"}],"version-history":[{"count":0,"href":"https:\/\/quehacerpolitico.mx\/index.php?rest_route=\/wp\/v2\/posts\/59670\/revisions"}],"wp:featuredmedia":[{"embeddable":true,"href":"https:\/\/quehacerpolitico.mx\/index.php?rest_route=\/wp\/v2\/media\/59671"}],"wp:attachment":[{"href":"https:\/\/quehacerpolitico.mx\/index.php?rest_route=%2Fwp%2Fv2%2Fmedia&parent=59670"}],"wp:term":[{"taxonomy":"category","embeddable":true,"href":"https:\/\/quehacerpolitico.mx\/index.php?rest_route=%2Fwp%2Fv2%2Fcategories&post=59670"},{"taxonomy":"post_tag","embeddable":true,"href":"https:\/\/quehacerpolitico.mx\/index.php?rest_route=%2Fwp%2Fv2%2Ftags&post=59670"}],"curies":[{"name":"wp","href":"https:\/\/api.w.org\/{rel}","templated":true}]}}