{"id":59663,"date":"2020-06-23T21:46:37","date_gmt":"2020-06-24T02:46:37","guid":{"rendered":"http:\/\/quehacerpolitico.mx\/?p=59663"},"modified":"2020-06-23T21:46:37","modified_gmt":"2020-06-24T02:46:37","slug":"juez-suspende-obras-del-tren-maya-en-tramo-de-palenque-chiapas","status":"publish","type":"post","link":"https:\/\/quehacerpolitico.mx\/?p=59663","title":{"rendered":"Juez suspende obras del Tren Maya en tramo de Palenque, Chiapas"},"content":{"rendered":"<h1 class=\"news-title\">Juez suspende obras del Tren Maya en tramo de Palenque, Chiapas<br \/>\nPor Redacci\u00f3n QP<\/h1>\n<p>El recurso permite que \u00fanicamente se realicen labores de mantenimiento en las v\u00edas existentes, pero no se realicen nuevas modificaciones<\/p>\n<p>Una juez federal suspendi\u00f3 indefinidamente las obras del Tren Maya\u00a0en el tramo correspondiente a Palenque, inform\u00f3 la organizaci\u00f3n Indignaci\u00f3n, Promoci\u00f3n y Defensa de los Derechos Humanos A.C.<\/p>\n<p>La juez Segundo de Distrito de Amparo y Juicios Penales Federales en Chiapas concedi\u00f3 una suspensi\u00f3n definitiva a la comunidad ind\u00edgena Ch&#8217;ol <strong>para que \u00fanicamente se realicen labores de mantenimiento en las v\u00edas existentes, pero no se realicen nuevas modificaciones.<\/strong><\/p>\n<p>El juez se\u00f1al\u00f3 que de permitir que se contin\u00faen las obras del Tren Maya durante la contingencia por el COVID-19, la comunidad quejosa quedar\u00eda expuesta a afectaciones a su salud.<\/p>\n<p>&#8220;Colisiona con el derecho a la salud de los quejosos ante el fen\u00f3menos de salud imperante en el pa\u00eds, reconocido a nivel nacional, estatal y municipal, lo cual constituye un hecho notorio, en la medida que en el diverso Acuerdo General de 31 de marzo de 2020 se reconoce la existencia de la pandemia y la necesidad de establecer medidas de distanciamiento personal&#8221;, indic\u00f3.<\/p>\n<p>La suspensi\u00f3n permanecer\u00e1 vigente hasta que la juez dicte sentencia de amparo, a menos que un tribunal federal decida revocarla en las pr\u00f3ximas semanas.<\/p>\n<p>El amparo fue presentado desde el pasado 7 de mayo y en su demanda, integrantes de varias comunidades Ch&#8217;ol argumentaron violaciones a su derecho a la salud, as\u00ed como afectaciones ambientales y a sus derechos como comunidades ind\u00edgenas por la continuaci\u00f3n de las obras durante la pandemia.<\/p>\n<p>Con informaci\u00f3n de SUN<\/p>\n","protected":false},"excerpt":{"rendered":"<p>Juez suspende obras del Tren Maya en tramo de Palenque, Chiapas Por Redacci\u00f3n QP El&#8230;<\/p>\n","protected":false},"author":2,"featured_media":59664,"comment_status":"open","ping_status":"open","sticky":false,"template":"","format":"standard","meta":{"_monsterinsights_skip_tracking":false,"_monsterinsights_sitenote_active":false,"_monsterinsights_sitenote_note":"","_monsterinsights_sitenote_category":0,"footnotes":""},"categories":[2],"tags":[],"class_list":["post-59663","post","type-post","status-publish","format-standard","has-post-thumbnail","hentry","category-noticias"],"yoast_head":"<!-- This site is optimized with the Yoast SEO plugin v27.3 - https:\/\/yoast.com\/product\/yoast-seo-wordpress\/ -->\n<title>Juez suspende obras del Tren Maya en tramo de Palenque, Chiapas -<\/title>\n<meta name=\"robots\" content=\"index, follow, max-snippet:-1, max-image-preview:large, max-video-preview:-1\" \/>\n<link rel=\"canonical\" href=\"https:\/\/quehacerpolitico.mx\/?p=59663\" \/>\n<meta property=\"og:locale\" content=\"es_MX\" \/>\n<meta property=\"og:type\" content=\"article\" \/>\n<meta property=\"og:title\" content=\"Juez suspende obras del Tren Maya en tramo de Palenque, Chiapas -\" \/>\n<meta property=\"og:description\" content=\"Juez suspende obras del Tren Maya en tramo de Palenque, Chiapas Por Redacci\u00f3n QP El...\" \/>\n<meta property=\"og:url\" content=\"https:\/\/quehacerpolitico.mx\/?p=59663\" \/>\n<meta property=\"article:published_time\" content=\"2020-06-24T02:46:37+00:00\" \/>\n<meta property=\"og:image\" content=\"https:\/\/quehacerpolitico.mx\/wp-content\/uploads\/2020\/06\/D9A5D7C4-8ACE-4C54-A6B1-0A6BCB273628.jpeg\" \/>\n\t<meta property=\"og:image:width\" content=\"803\" \/>\n\t<meta property=\"og:image:height\" content=\"382\" \/>\n\t<meta property=\"og:image:type\" content=\"image\/jpeg\" \/>\n<meta name=\"author\" content=\"Redacci\u00f3n QP\" \/>\n<meta name=\"twitter:card\" content=\"summary_large_image\" \/>\n<meta name=\"twitter:label1\" content=\"Escrito por\" \/>\n\t<meta name=\"twitter:data1\" content=\"Redacci\u00f3n QP\" \/>\n\t<meta name=\"twitter:label2\" content=\"Tiempo de lectura\" \/>\n\t<meta name=\"twitter:data2\" content=\"1 minuto\" \/>\n<script type=\"application\/ld+json\" class=\"yoast-schema-graph\">{\"@context\":\"https:\\\/\\\/schema.org\",\"@graph\":[{\"@type\":\"Article\",\"@id\":\"https:\\\/\\\/quehacerpolitico.mx\\\/?p=59663#article\",\"isPartOf\":{\"@id\":\"https:\\\/\\\/quehacerpolitico.mx\\\/?p=59663\"},\"author\":{\"name\":\"Redacci\u00f3n QP\",\"@id\":\"https:\\\/\\\/quehacerpolitico.mx\\\/#\\\/schema\\\/person\\\/496d8ad2d1d3f8036101dca7ee39e585\"},\"headline\":\"Juez suspende obras del Tren Maya en tramo de Palenque, Chiapas\",\"datePublished\":\"2020-06-24T02:46:37+00:00\",\"mainEntityOfPage\":{\"@id\":\"https:\\\/\\\/quehacerpolitico.mx\\\/?p=59663\"},\"wordCount\":300,\"commentCount\":0,\"image\":{\"@id\":\"https:\\\/\\\/quehacerpolitico.mx\\\/?p=59663#primaryimage\"},\"thumbnailUrl\":\"https:\\\/\\\/quehacerpolitico.mx\\\/wp-content\\\/uploads\\\/2020\\\/06\\\/D9A5D7C4-8ACE-4C54-A6B1-0A6BCB273628.jpeg\",\"articleSection\":[\"Noticias\"],\"inLanguage\":\"es\",\"potentialAction\":[{\"@type\":\"CommentAction\",\"name\":\"Comment\",\"target\":[\"https:\\\/\\\/quehacerpolitico.mx\\\/?p=59663#respond\"]}]},{\"@type\":\"WebPage\",\"@id\":\"https:\\\/\\\/quehacerpolitico.mx\\\/?p=59663\",\"url\":\"https:\\\/\\\/quehacerpolitico.mx\\\/?p=59663\",\"name\":\"Juez suspende obras del Tren Maya en tramo de Palenque, Chiapas -\",\"isPartOf\":{\"@id\":\"https:\\\/\\\/quehacerpolitico.mx\\\/#website\"},\"primaryImageOfPage\":{\"@id\":\"https:\\\/\\\/quehacerpolitico.mx\\\/?p=59663#primaryimage\"},\"image\":{\"@id\":\"https:\\\/\\\/quehacerpolitico.mx\\\/?p=59663#primaryimage\"},\"thumbnailUrl\":\"https:\\\/\\\/quehacerpolitico.mx\\\/wp-content\\\/uploads\\\/2020\\\/06\\\/D9A5D7C4-8ACE-4C54-A6B1-0A6BCB273628.jpeg\",\"datePublished\":\"2020-06-24T02:46:37+00:00\",\"author\":{\"@id\":\"https:\\\/\\\/quehacerpolitico.mx\\\/#\\\/schema\\\/person\\\/496d8ad2d1d3f8036101dca7ee39e585\"},\"breadcrumb\":{\"@id\":\"https:\\\/\\\/quehacerpolitico.mx\\\/?p=59663#breadcrumb\"},\"inLanguage\":\"es\",\"potentialAction\":[{\"@type\":\"ReadAction\",\"target\":[\"https:\\\/\\\/quehacerpolitico.mx\\\/?p=59663\"]}]},{\"@type\":\"ImageObject\",\"inLanguage\":\"es\",\"@id\":\"https:\\\/\\\/quehacerpolitico.mx\\\/?p=59663#primaryimage\",\"url\":\"https:\\\/\\\/quehacerpolitico.mx\\\/wp-content\\\/uploads\\\/2020\\\/06\\\/D9A5D7C4-8ACE-4C54-A6B1-0A6BCB273628.jpeg\",\"contentUrl\":\"https:\\\/\\\/quehacerpolitico.mx\\\/wp-content\\\/uploads\\\/2020\\\/06\\\/D9A5D7C4-8ACE-4C54-A6B1-0A6BCB273628.jpeg\",\"width\":803,\"height\":382},{\"@type\":\"BreadcrumbList\",\"@id\":\"https:\\\/\\\/quehacerpolitico.mx\\\/?p=59663#breadcrumb\",\"itemListElement\":[{\"@type\":\"ListItem\",\"position\":1,\"name\":\"Inicio\",\"item\":\"https:\\\/\\\/quehacerpolitico.mx\\\/\"},{\"@type\":\"ListItem\",\"position\":2,\"name\":\"Juez suspende obras del Tren Maya en tramo de Palenque, Chiapas\"}]},{\"@type\":\"WebSite\",\"@id\":\"https:\\\/\\\/quehacerpolitico.mx\\\/#website\",\"url\":\"https:\\\/\\\/quehacerpolitico.mx\\\/\",\"name\":\"\",\"description\":\"\",\"potentialAction\":[{\"@type\":\"SearchAction\",\"target\":{\"@type\":\"EntryPoint\",\"urlTemplate\":\"https:\\\/\\\/quehacerpolitico.mx\\\/?s={search_term_string}\"},\"query-input\":{\"@type\":\"PropertyValueSpecification\",\"valueRequired\":true,\"valueName\":\"search_term_string\"}}],\"inLanguage\":\"es\"},{\"@type\":\"Person\",\"@id\":\"https:\\\/\\\/quehacerpolitico.mx\\\/#\\\/schema\\\/person\\\/496d8ad2d1d3f8036101dca7ee39e585\",\"name\":\"Redacci\u00f3n QP\",\"image\":{\"@type\":\"ImageObject\",\"inLanguage\":\"es\",\"@id\":\"https:\\\/\\\/secure.gravatar.com\\\/avatar\\\/c7164ed6fdec453195284ad24a5ae5b6e1eed2b848477fa2a4787ba9adf39a41?s=96&d=mm&r=g\",\"url\":\"https:\\\/\\\/secure.gravatar.com\\\/avatar\\\/c7164ed6fdec453195284ad24a5ae5b6e1eed2b848477fa2a4787ba9adf39a41?s=96&d=mm&r=g\",\"contentUrl\":\"https:\\\/\\\/secure.gravatar.com\\\/avatar\\\/c7164ed6fdec453195284ad24a5ae5b6e1eed2b848477fa2a4787ba9adf39a41?s=96&d=mm&r=g\",\"caption\":\"Redacci\u00f3n QP\"},\"url\":\"https:\\\/\\\/quehacerpolitico.mx\\\/?author=2\"}]}<\/script>\n<!-- \/ Yoast SEO plugin. -->","yoast_head_json":{"title":"Juez suspende obras del Tren Maya en tramo de Palenque, Chiapas -","robots":{"index":"index","follow":"follow","max-snippet":"max-snippet:-1","max-image-preview":"max-image-preview:large","max-video-preview":"max-video-preview:-1"},"canonical":"https:\/\/quehacerpolitico.mx\/?p=59663","og_locale":"es_MX","og_type":"article","og_title":"Juez suspende obras del Tren Maya en tramo de Palenque, Chiapas -","og_description":"Juez suspende obras del Tren Maya en tramo de Palenque, Chiapas Por Redacci\u00f3n QP El...","og_url":"https:\/\/quehacerpolitico.mx\/?p=59663","article_published_time":"2020-06-24T02:46:37+00:00","og_image":[{"width":803,"height":382,"url":"https:\/\/quehacerpolitico.mx\/wp-content\/uploads\/2020\/06\/D9A5D7C4-8ACE-4C54-A6B1-0A6BCB273628.jpeg","type":"image\/jpeg"}],"author":"Redacci\u00f3n QP","twitter_card":"summary_large_image","twitter_misc":{"Escrito por":"Redacci\u00f3n QP","Tiempo de lectura":"1 minuto"},"schema":{"@context":"https:\/\/schema.org","@graph":[{"@type":"Article","@id":"https:\/\/quehacerpolitico.mx\/?p=59663#article","isPartOf":{"@id":"https:\/\/quehacerpolitico.mx\/?p=59663"},"author":{"name":"Redacci\u00f3n QP","@id":"https:\/\/quehacerpolitico.mx\/#\/schema\/person\/496d8ad2d1d3f8036101dca7ee39e585"},"headline":"Juez suspende obras del Tren Maya en tramo de Palenque, Chiapas","datePublished":"2020-06-24T02:46:37+00:00","mainEntityOfPage":{"@id":"https:\/\/quehacerpolitico.mx\/?p=59663"},"wordCount":300,"commentCount":0,"image":{"@id":"https:\/\/quehacerpolitico.mx\/?p=59663#primaryimage"},"thumbnailUrl":"https:\/\/quehacerpolitico.mx\/wp-content\/uploads\/2020\/06\/D9A5D7C4-8ACE-4C54-A6B1-0A6BCB273628.jpeg","articleSection":["Noticias"],"inLanguage":"es","potentialAction":[{"@type":"CommentAction","name":"Comment","target":["https:\/\/quehacerpolitico.mx\/?p=59663#respond"]}]},{"@type":"WebPage","@id":"https:\/\/quehacerpolitico.mx\/?p=59663","url":"https:\/\/quehacerpolitico.mx\/?p=59663","name":"Juez suspende obras del Tren Maya en tramo de Palenque, Chiapas -","isPartOf":{"@id":"https:\/\/quehacerpolitico.mx\/#website"},"primaryImageOfPage":{"@id":"https:\/\/quehacerpolitico.mx\/?p=59663#primaryimage"},"image":{"@id":"https:\/\/quehacerpolitico.mx\/?p=59663#primaryimage"},"thumbnailUrl":"https:\/\/quehacerpolitico.mx\/wp-content\/uploads\/2020\/06\/D9A5D7C4-8ACE-4C54-A6B1-0A6BCB273628.jpeg","datePublished":"2020-06-24T02:46:37+00:00","author":{"@id":"https:\/\/quehacerpolitico.mx\/#\/schema\/person\/496d8ad2d1d3f8036101dca7ee39e585"},"breadcrumb":{"@id":"https:\/\/quehacerpolitico.mx\/?p=59663#breadcrumb"},"inLanguage":"es","potentialAction":[{"@type":"ReadAction","target":["https:\/\/quehacerpolitico.mx\/?p=59663"]}]},{"@type":"ImageObject","inLanguage":"es","@id":"https:\/\/quehacerpolitico.mx\/?p=59663#primaryimage","url":"https:\/\/quehacerpolitico.mx\/wp-content\/uploads\/2020\/06\/D9A5D7C4-8ACE-4C54-A6B1-0A6BCB273628.jpeg","contentUrl":"https:\/\/quehacerpolitico.mx\/wp-content\/uploads\/2020\/06\/D9A5D7C4-8ACE-4C54-A6B1-0A6BCB273628.jpeg","width":803,"height":382},{"@type":"BreadcrumbList","@id":"https:\/\/quehacerpolitico.mx\/?p=59663#breadcrumb","itemListElement":[{"@type":"ListItem","position":1,"name":"Inicio","item":"https:\/\/quehacerpolitico.mx\/"},{"@type":"ListItem","position":2,"name":"Juez suspende obras del Tren Maya en tramo de Palenque, Chiapas"}]},{"@type":"WebSite","@id":"https:\/\/quehacerpolitico.mx\/#website","url":"https:\/\/quehacerpolitico.mx\/","name":"","description":"","potentialAction":[{"@type":"SearchAction","target":{"@type":"EntryPoint","urlTemplate":"https:\/\/quehacerpolitico.mx\/?s={search_term_string}"},"query-input":{"@type":"PropertyValueSpecification","valueRequired":true,"valueName":"search_term_string"}}],"inLanguage":"es"},{"@type":"Person","@id":"https:\/\/quehacerpolitico.mx\/#\/schema\/person\/496d8ad2d1d3f8036101dca7ee39e585","name":"Redacci\u00f3n QP","image":{"@type":"ImageObject","inLanguage":"es","@id":"https:\/\/secure.gravatar.com\/avatar\/c7164ed6fdec453195284ad24a5ae5b6e1eed2b848477fa2a4787ba9adf39a41?s=96&d=mm&r=g","url":"https:\/\/secure.gravatar.com\/avatar\/c7164ed6fdec453195284ad24a5ae5b6e1eed2b848477fa2a4787ba9adf39a41?s=96&d=mm&r=g","contentUrl":"https:\/\/secure.gravatar.com\/avatar\/c7164ed6fdec453195284ad24a5ae5b6e1eed2b848477fa2a4787ba9adf39a41?s=96&d=mm&r=g","caption":"Redacci\u00f3n QP"},"url":"https:\/\/quehacerpolitico.mx\/?author=2"}]}},"featured_image_urls":{"full":["https:\/\/quehacerpolitico.mx\/wp-content\/uploads\/2020\/06\/D9A5D7C4-8ACE-4C54-A6B1-0A6BCB273628.jpeg",803,382,false],"thumbnail":["https:\/\/quehacerpolitico.mx\/wp-content\/uploads\/2020\/06\/D9A5D7C4-8ACE-4C54-A6B1-0A6BCB273628-150x150.jpeg",150,150,true],"medium":["https:\/\/quehacerpolitico.mx\/wp-content\/uploads\/2020\/06\/D9A5D7C4-8ACE-4C54-A6B1-0A6BCB273628-300x143.jpeg",300,143,true],"medium_large":["https:\/\/quehacerpolitico.mx\/wp-content\/uploads\/2020\/06\/D9A5D7C4-8ACE-4C54-A6B1-0A6BCB273628-768x365.jpeg",640,304,true],"large":["https:\/\/quehacerpolitico.mx\/wp-content\/uploads\/2020\/06\/D9A5D7C4-8ACE-4C54-A6B1-0A6BCB273628.jpeg",640,304,false],"1536x1536":["https:\/\/quehacerpolitico.mx\/wp-content\/uploads\/2020\/06\/D9A5D7C4-8ACE-4C54-A6B1-0A6BCB273628.jpeg",803,382,false],"2048x2048":["https:\/\/quehacerpolitico.mx\/wp-content\/uploads\/2020\/06\/D9A5D7C4-8ACE-4C54-A6B1-0A6BCB273628.jpeg",803,382,false],"covernews-featured":["https:\/\/quehacerpolitico.mx\/wp-content\/uploads\/2020\/06\/D9A5D7C4-8ACE-4C54-A6B1-0A6BCB273628.jpeg",803,382,false],"covernews-medium":["https:\/\/quehacerpolitico.mx\/wp-content\/uploads\/2020\/06\/D9A5D7C4-8ACE-4C54-A6B1-0A6BCB273628.jpeg",540,257,false]},"author_info":{"display_name":"Redacci\u00f3n QP","author_link":"https:\/\/quehacerpolitico.mx\/?author=2"},"category_info":"<a href=\"https:\/\/quehacerpolitico.mx\/?cat=2\" rel=\"category\">Noticias<\/a>","tag_info":"Noticias","comment_count":"0","_links":{"self":[{"href":"https:\/\/quehacerpolitico.mx\/index.php?rest_route=\/wp\/v2\/posts\/59663","targetHints":{"allow":["GET"]}}],"collection":[{"href":"https:\/\/quehacerpolitico.mx\/index.php?rest_route=\/wp\/v2\/posts"}],"about":[{"href":"https:\/\/quehacerpolitico.mx\/index.php?rest_route=\/wp\/v2\/types\/post"}],"author":[{"embeddable":true,"href":"https:\/\/quehacerpolitico.mx\/index.php?rest_route=\/wp\/v2\/users\/2"}],"replies":[{"embeddable":true,"href":"https:\/\/quehacerpolitico.mx\/index.php?rest_route=%2Fwp%2Fv2%2Fcomments&post=59663"}],"version-history":[{"count":0,"href":"https:\/\/quehacerpolitico.mx\/index.php?rest_route=\/wp\/v2\/posts\/59663\/revisions"}],"wp:featuredmedia":[{"embeddable":true,"href":"https:\/\/quehacerpolitico.mx\/index.php?rest_route=\/wp\/v2\/media\/59664"}],"wp:attachment":[{"href":"https:\/\/quehacerpolitico.mx\/index.php?rest_route=%2Fwp%2Fv2%2Fmedia&parent=59663"}],"wp:term":[{"taxonomy":"category","embeddable":true,"href":"https:\/\/quehacerpolitico.mx\/index.php?rest_route=%2Fwp%2Fv2%2Fcategories&post=59663"},{"taxonomy":"post_tag","embeddable":true,"href":"https:\/\/quehacerpolitico.mx\/index.php?rest_route=%2Fwp%2Fv2%2Ftags&post=59663"}],"curies":[{"name":"wp","href":"https:\/\/api.w.org\/{rel}","templated":true}]}}