{"id":59646,"date":"2020-06-23T18:13:23","date_gmt":"2020-06-23T23:13:23","guid":{"rendered":"http:\/\/quehacerpolitico.mx\/?p=59646"},"modified":"2020-06-23T18:13:23","modified_gmt":"2020-06-23T23:13:23","slug":"linea-roja-jacqueline-morgado-presidente-amlo-informa-danos-en-estados-de-la-republica-mexicana","status":"publish","type":"post","link":"https:\/\/quehacerpolitico.mx\/?p=59646","title":{"rendered":"L\u00ednea Roja\/\/\/Jacqueline Morgado\/\/\/Presidente AMLO informa da\u00f1os en estados de la Rep\u00fablica Mexicana"},"content":{"rendered":"<p>Presidente AMLO informa da\u00f1os en estados de la Rep\u00fablica Mexicana<br \/>\nPor Jacqueline Morgado<\/p>\n<p>El Presidente confirm\u00f3 que Oaxaca, Chiapas, Guerrero, Ciudad de M\u00e9xico, Estado de M\u00e9xico, Morelos y Puebla no sufrieron da\u00f1os mayores<\/p>\n<p>El Presidente Andres Manuel L\u00f3pez Obrador inform\u00f3 que, hasta el momento, no hay da\u00f1os graves en los estados donde se percibi\u00f3 el sismo de magnitud 7.5, con epicentro al sureste de Crucecita, Oaxaca.<\/p>\n<p>El Mandatario public\u00f3 dos videos en su cuenta de Twitter donde habla con el coordinador nacional de Protecci\u00f3n Civil, David Le\u00f3n Romero, <strong>quien le confirm\u00f3 que las entidades de Oaxaca, Chiapas, Guerrero, Ciudad de M\u00e9xico, Estado de M\u00e9xico, Puebla y Morelos no registraron da\u00f1os mayores, salvo algunos derrumbes de bardas<\/strong>.<\/p>\n<p>Adem\u00e1s, L\u00f3pez Obrador llam\u00f3 a la ciudadan\u00eda\u00a0 a actuar con precauci\u00f3n ante posibles r\u00e9plicas, sin angustiarse o desesperarse.<\/p>\n<blockquote class=\"twitter-tweet\" data-width=\"550\" data-dnt=\"true\">\n<p lang=\"es\" dir=\"ltr\">Segundo mensaje al pueblo de M\u00e9xico. <a href=\"https:\/\/t.co\/ASUHeM8iYD\">pic.twitter.com\/ASUHeM8iYD<\/a><\/p>\n<p>&mdash; Andr\u00e9s Manuel (@lopezobrador_) <a href=\"https:\/\/twitter.com\/lopezobrador_\/status\/1275462130951548929?ref_src=twsrc%5Etfw\">June 23, 2020<\/a><\/p><\/blockquote>\n<p><script async src=\"https:\/\/platform.twitter.com\/widgets.js\" charset=\"utf-8\"><\/script><\/p>\n","protected":false},"excerpt":{"rendered":"<p>Presidente AMLO informa da\u00f1os en estados de la Rep\u00fablica Mexicana Por Jacqueline Morgado El Presidente&#8230;<\/p>\n","protected":false},"author":2,"featured_media":59648,"comment_status":"open","ping_status":"open","sticky":false,"template":"","format":"standard","meta":{"_monsterinsights_skip_tracking":false,"_monsterinsights_sitenote_active":false,"_monsterinsights_sitenote_note":"","_monsterinsights_sitenote_category":0,"footnotes":""},"categories":[2],"tags":[],"class_list":["post-59646","post","type-post","status-publish","format-standard","has-post-thumbnail","hentry","category-noticias"],"yoast_head":"<!-- This site is optimized with the Yoast SEO plugin v27.3 - https:\/\/yoast.com\/product\/yoast-seo-wordpress\/ -->\n<title>L\u00ednea Roja\/\/\/Jacqueline Morgado\/\/\/Presidente AMLO informa da\u00f1os en estados de la Rep\u00fablica Mexicana -<\/title>\n<meta name=\"robots\" content=\"index, follow, max-snippet:-1, max-image-preview:large, max-video-preview:-1\" \/>\n<link rel=\"canonical\" href=\"https:\/\/quehacerpolitico.mx\/?p=59646\" \/>\n<meta property=\"og:locale\" content=\"es_MX\" \/>\n<meta property=\"og:type\" content=\"article\" \/>\n<meta property=\"og:title\" content=\"L\u00ednea Roja\/\/\/Jacqueline Morgado\/\/\/Presidente AMLO informa da\u00f1os en estados de la Rep\u00fablica Mexicana -\" \/>\n<meta property=\"og:description\" content=\"Presidente AMLO informa da\u00f1os en estados de la Rep\u00fablica Mexicana Por Jacqueline Morgado El Presidente...\" \/>\n<meta property=\"og:url\" content=\"https:\/\/quehacerpolitico.mx\/?p=59646\" \/>\n<meta property=\"article:published_time\" content=\"2020-06-23T23:13:23+00:00\" \/>\n<meta property=\"og:image\" content=\"https:\/\/quehacerpolitico.mx\/wp-content\/uploads\/2020\/06\/5A952FED-60D0-4A90-8F79-602237FD45D5.jpeg\" \/>\n\t<meta property=\"og:image:width\" content=\"1237\" \/>\n\t<meta property=\"og:image:height\" content=\"699\" \/>\n\t<meta property=\"og:image:type\" content=\"image\/jpeg\" \/>\n<meta name=\"author\" content=\"Redacci\u00f3n QP\" \/>\n<meta name=\"twitter:card\" content=\"summary_large_image\" \/>\n<meta name=\"twitter:label1\" content=\"Escrito por\" \/>\n\t<meta name=\"twitter:data1\" content=\"Redacci\u00f3n QP\" \/>\n\t<meta name=\"twitter:label2\" content=\"Tiempo de lectura\" \/>\n\t<meta name=\"twitter:data2\" content=\"1 minuto\" \/>\n<script type=\"application\/ld+json\" class=\"yoast-schema-graph\">{\"@context\":\"https:\\\/\\\/schema.org\",\"@graph\":[{\"@type\":\"Article\",\"@id\":\"https:\\\/\\\/quehacerpolitico.mx\\\/?p=59646#article\",\"isPartOf\":{\"@id\":\"https:\\\/\\\/quehacerpolitico.mx\\\/?p=59646\"},\"author\":{\"name\":\"Redacci\u00f3n QP\",\"@id\":\"https:\\\/\\\/quehacerpolitico.mx\\\/#\\\/schema\\\/person\\\/496d8ad2d1d3f8036101dca7ee39e585\"},\"headline\":\"L\u00ednea Roja\\\/\\\/\\\/Jacqueline Morgado\\\/\\\/\\\/Presidente AMLO informa da\u00f1os en estados de la Rep\u00fablica Mexicana\",\"datePublished\":\"2020-06-23T23:13:23+00:00\",\"mainEntityOfPage\":{\"@id\":\"https:\\\/\\\/quehacerpolitico.mx\\\/?p=59646\"},\"wordCount\":173,\"commentCount\":0,\"image\":{\"@id\":\"https:\\\/\\\/quehacerpolitico.mx\\\/?p=59646#primaryimage\"},\"thumbnailUrl\":\"https:\\\/\\\/quehacerpolitico.mx\\\/wp-content\\\/uploads\\\/2020\\\/06\\\/5A952FED-60D0-4A90-8F79-602237FD45D5.jpeg\",\"articleSection\":[\"Noticias\"],\"inLanguage\":\"es\",\"potentialAction\":[{\"@type\":\"CommentAction\",\"name\":\"Comment\",\"target\":[\"https:\\\/\\\/quehacerpolitico.mx\\\/?p=59646#respond\"]}]},{\"@type\":\"WebPage\",\"@id\":\"https:\\\/\\\/quehacerpolitico.mx\\\/?p=59646\",\"url\":\"https:\\\/\\\/quehacerpolitico.mx\\\/?p=59646\",\"name\":\"L\u00ednea Roja\\\/\\\/\\\/Jacqueline Morgado\\\/\\\/\\\/Presidente AMLO informa da\u00f1os en estados de la Rep\u00fablica Mexicana -\",\"isPartOf\":{\"@id\":\"https:\\\/\\\/quehacerpolitico.mx\\\/#website\"},\"primaryImageOfPage\":{\"@id\":\"https:\\\/\\\/quehacerpolitico.mx\\\/?p=59646#primaryimage\"},\"image\":{\"@id\":\"https:\\\/\\\/quehacerpolitico.mx\\\/?p=59646#primaryimage\"},\"thumbnailUrl\":\"https:\\\/\\\/quehacerpolitico.mx\\\/wp-content\\\/uploads\\\/2020\\\/06\\\/5A952FED-60D0-4A90-8F79-602237FD45D5.jpeg\",\"datePublished\":\"2020-06-23T23:13:23+00:00\",\"author\":{\"@id\":\"https:\\\/\\\/quehacerpolitico.mx\\\/#\\\/schema\\\/person\\\/496d8ad2d1d3f8036101dca7ee39e585\"},\"breadcrumb\":{\"@id\":\"https:\\\/\\\/quehacerpolitico.mx\\\/?p=59646#breadcrumb\"},\"inLanguage\":\"es\",\"potentialAction\":[{\"@type\":\"ReadAction\",\"target\":[\"https:\\\/\\\/quehacerpolitico.mx\\\/?p=59646\"]}]},{\"@type\":\"ImageObject\",\"inLanguage\":\"es\",\"@id\":\"https:\\\/\\\/quehacerpolitico.mx\\\/?p=59646#primaryimage\",\"url\":\"https:\\\/\\\/quehacerpolitico.mx\\\/wp-content\\\/uploads\\\/2020\\\/06\\\/5A952FED-60D0-4A90-8F79-602237FD45D5.jpeg\",\"contentUrl\":\"https:\\\/\\\/quehacerpolitico.mx\\\/wp-content\\\/uploads\\\/2020\\\/06\\\/5A952FED-60D0-4A90-8F79-602237FD45D5.jpeg\",\"width\":1237,\"height\":699},{\"@type\":\"BreadcrumbList\",\"@id\":\"https:\\\/\\\/quehacerpolitico.mx\\\/?p=59646#breadcrumb\",\"itemListElement\":[{\"@type\":\"ListItem\",\"position\":1,\"name\":\"Inicio\",\"item\":\"https:\\\/\\\/quehacerpolitico.mx\\\/\"},{\"@type\":\"ListItem\",\"position\":2,\"name\":\"L\u00ednea Roja\\\/\\\/\\\/Jacqueline Morgado\\\/\\\/\\\/Presidente AMLO informa da\u00f1os en estados de la Rep\u00fablica Mexicana\"}]},{\"@type\":\"WebSite\",\"@id\":\"https:\\\/\\\/quehacerpolitico.mx\\\/#website\",\"url\":\"https:\\\/\\\/quehacerpolitico.mx\\\/\",\"name\":\"\",\"description\":\"\",\"potentialAction\":[{\"@type\":\"SearchAction\",\"target\":{\"@type\":\"EntryPoint\",\"urlTemplate\":\"https:\\\/\\\/quehacerpolitico.mx\\\/?s={search_term_string}\"},\"query-input\":{\"@type\":\"PropertyValueSpecification\",\"valueRequired\":true,\"valueName\":\"search_term_string\"}}],\"inLanguage\":\"es\"},{\"@type\":\"Person\",\"@id\":\"https:\\\/\\\/quehacerpolitico.mx\\\/#\\\/schema\\\/person\\\/496d8ad2d1d3f8036101dca7ee39e585\",\"name\":\"Redacci\u00f3n QP\",\"image\":{\"@type\":\"ImageObject\",\"inLanguage\":\"es\",\"@id\":\"https:\\\/\\\/secure.gravatar.com\\\/avatar\\\/c7164ed6fdec453195284ad24a5ae5b6e1eed2b848477fa2a4787ba9adf39a41?s=96&d=mm&r=g\",\"url\":\"https:\\\/\\\/secure.gravatar.com\\\/avatar\\\/c7164ed6fdec453195284ad24a5ae5b6e1eed2b848477fa2a4787ba9adf39a41?s=96&d=mm&r=g\",\"contentUrl\":\"https:\\\/\\\/secure.gravatar.com\\\/avatar\\\/c7164ed6fdec453195284ad24a5ae5b6e1eed2b848477fa2a4787ba9adf39a41?s=96&d=mm&r=g\",\"caption\":\"Redacci\u00f3n QP\"},\"url\":\"https:\\\/\\\/quehacerpolitico.mx\\\/?author=2\"}]}<\/script>\n<!-- \/ Yoast SEO plugin. -->","yoast_head_json":{"title":"L\u00ednea Roja\/\/\/Jacqueline Morgado\/\/\/Presidente AMLO informa da\u00f1os en estados de la Rep\u00fablica Mexicana -","robots":{"index":"index","follow":"follow","max-snippet":"max-snippet:-1","max-image-preview":"max-image-preview:large","max-video-preview":"max-video-preview:-1"},"canonical":"https:\/\/quehacerpolitico.mx\/?p=59646","og_locale":"es_MX","og_type":"article","og_title":"L\u00ednea Roja\/\/\/Jacqueline Morgado\/\/\/Presidente AMLO informa da\u00f1os en estados de la Rep\u00fablica Mexicana -","og_description":"Presidente AMLO informa da\u00f1os en estados de la Rep\u00fablica Mexicana Por Jacqueline Morgado El Presidente...","og_url":"https:\/\/quehacerpolitico.mx\/?p=59646","article_published_time":"2020-06-23T23:13:23+00:00","og_image":[{"width":1237,"height":699,"url":"https:\/\/quehacerpolitico.mx\/wp-content\/uploads\/2020\/06\/5A952FED-60D0-4A90-8F79-602237FD45D5.jpeg","type":"image\/jpeg"}],"author":"Redacci\u00f3n QP","twitter_card":"summary_large_image","twitter_misc":{"Escrito por":"Redacci\u00f3n QP","Tiempo de lectura":"1 minuto"},"schema":{"@context":"https:\/\/schema.org","@graph":[{"@type":"Article","@id":"https:\/\/quehacerpolitico.mx\/?p=59646#article","isPartOf":{"@id":"https:\/\/quehacerpolitico.mx\/?p=59646"},"author":{"name":"Redacci\u00f3n QP","@id":"https:\/\/quehacerpolitico.mx\/#\/schema\/person\/496d8ad2d1d3f8036101dca7ee39e585"},"headline":"L\u00ednea Roja\/\/\/Jacqueline Morgado\/\/\/Presidente AMLO informa da\u00f1os en estados de la Rep\u00fablica Mexicana","datePublished":"2020-06-23T23:13:23+00:00","mainEntityOfPage":{"@id":"https:\/\/quehacerpolitico.mx\/?p=59646"},"wordCount":173,"commentCount":0,"image":{"@id":"https:\/\/quehacerpolitico.mx\/?p=59646#primaryimage"},"thumbnailUrl":"https:\/\/quehacerpolitico.mx\/wp-content\/uploads\/2020\/06\/5A952FED-60D0-4A90-8F79-602237FD45D5.jpeg","articleSection":["Noticias"],"inLanguage":"es","potentialAction":[{"@type":"CommentAction","name":"Comment","target":["https:\/\/quehacerpolitico.mx\/?p=59646#respond"]}]},{"@type":"WebPage","@id":"https:\/\/quehacerpolitico.mx\/?p=59646","url":"https:\/\/quehacerpolitico.mx\/?p=59646","name":"L\u00ednea Roja\/\/\/Jacqueline Morgado\/\/\/Presidente AMLO informa da\u00f1os en estados de la Rep\u00fablica Mexicana -","isPartOf":{"@id":"https:\/\/quehacerpolitico.mx\/#website"},"primaryImageOfPage":{"@id":"https:\/\/quehacerpolitico.mx\/?p=59646#primaryimage"},"image":{"@id":"https:\/\/quehacerpolitico.mx\/?p=59646#primaryimage"},"thumbnailUrl":"https:\/\/quehacerpolitico.mx\/wp-content\/uploads\/2020\/06\/5A952FED-60D0-4A90-8F79-602237FD45D5.jpeg","datePublished":"2020-06-23T23:13:23+00:00","author":{"@id":"https:\/\/quehacerpolitico.mx\/#\/schema\/person\/496d8ad2d1d3f8036101dca7ee39e585"},"breadcrumb":{"@id":"https:\/\/quehacerpolitico.mx\/?p=59646#breadcrumb"},"inLanguage":"es","potentialAction":[{"@type":"ReadAction","target":["https:\/\/quehacerpolitico.mx\/?p=59646"]}]},{"@type":"ImageObject","inLanguage":"es","@id":"https:\/\/quehacerpolitico.mx\/?p=59646#primaryimage","url":"https:\/\/quehacerpolitico.mx\/wp-content\/uploads\/2020\/06\/5A952FED-60D0-4A90-8F79-602237FD45D5.jpeg","contentUrl":"https:\/\/quehacerpolitico.mx\/wp-content\/uploads\/2020\/06\/5A952FED-60D0-4A90-8F79-602237FD45D5.jpeg","width":1237,"height":699},{"@type":"BreadcrumbList","@id":"https:\/\/quehacerpolitico.mx\/?p=59646#breadcrumb","itemListElement":[{"@type":"ListItem","position":1,"name":"Inicio","item":"https:\/\/quehacerpolitico.mx\/"},{"@type":"ListItem","position":2,"name":"L\u00ednea Roja\/\/\/Jacqueline Morgado\/\/\/Presidente AMLO informa da\u00f1os en estados de la Rep\u00fablica Mexicana"}]},{"@type":"WebSite","@id":"https:\/\/quehacerpolitico.mx\/#website","url":"https:\/\/quehacerpolitico.mx\/","name":"","description":"","potentialAction":[{"@type":"SearchAction","target":{"@type":"EntryPoint","urlTemplate":"https:\/\/quehacerpolitico.mx\/?s={search_term_string}"},"query-input":{"@type":"PropertyValueSpecification","valueRequired":true,"valueName":"search_term_string"}}],"inLanguage":"es"},{"@type":"Person","@id":"https:\/\/quehacerpolitico.mx\/#\/schema\/person\/496d8ad2d1d3f8036101dca7ee39e585","name":"Redacci\u00f3n QP","image":{"@type":"ImageObject","inLanguage":"es","@id":"https:\/\/secure.gravatar.com\/avatar\/c7164ed6fdec453195284ad24a5ae5b6e1eed2b848477fa2a4787ba9adf39a41?s=96&d=mm&r=g","url":"https:\/\/secure.gravatar.com\/avatar\/c7164ed6fdec453195284ad24a5ae5b6e1eed2b848477fa2a4787ba9adf39a41?s=96&d=mm&r=g","contentUrl":"https:\/\/secure.gravatar.com\/avatar\/c7164ed6fdec453195284ad24a5ae5b6e1eed2b848477fa2a4787ba9adf39a41?s=96&d=mm&r=g","caption":"Redacci\u00f3n QP"},"url":"https:\/\/quehacerpolitico.mx\/?author=2"}]}},"featured_image_urls":{"full":["https:\/\/quehacerpolitico.mx\/wp-content\/uploads\/2020\/06\/5A952FED-60D0-4A90-8F79-602237FD45D5.jpeg",1237,699,false],"thumbnail":["https:\/\/quehacerpolitico.mx\/wp-content\/uploads\/2020\/06\/5A952FED-60D0-4A90-8F79-602237FD45D5-150x150.jpeg",150,150,true],"medium":["https:\/\/quehacerpolitico.mx\/wp-content\/uploads\/2020\/06\/5A952FED-60D0-4A90-8F79-602237FD45D5-300x170.jpeg",300,170,true],"medium_large":["https:\/\/quehacerpolitico.mx\/wp-content\/uploads\/2020\/06\/5A952FED-60D0-4A90-8F79-602237FD45D5-768x434.jpeg",640,362,true],"large":["https:\/\/quehacerpolitico.mx\/wp-content\/uploads\/2020\/06\/5A952FED-60D0-4A90-8F79-602237FD45D5-1024x579.jpeg",640,362,true],"1536x1536":["https:\/\/quehacerpolitico.mx\/wp-content\/uploads\/2020\/06\/5A952FED-60D0-4A90-8F79-602237FD45D5.jpeg",1237,699,false],"2048x2048":["https:\/\/quehacerpolitico.mx\/wp-content\/uploads\/2020\/06\/5A952FED-60D0-4A90-8F79-602237FD45D5.jpeg",1237,699,false],"covernews-featured":["https:\/\/quehacerpolitico.mx\/wp-content\/uploads\/2020\/06\/5A952FED-60D0-4A90-8F79-602237FD45D5.jpeg",1024,579,false],"covernews-medium":["https:\/\/quehacerpolitico.mx\/wp-content\/uploads\/2020\/06\/5A952FED-60D0-4A90-8F79-602237FD45D5.jpeg",540,305,false]},"author_info":{"display_name":"Redacci\u00f3n QP","author_link":"https:\/\/quehacerpolitico.mx\/?author=2"},"category_info":"<a href=\"https:\/\/quehacerpolitico.mx\/?cat=2\" rel=\"category\">Noticias<\/a>","tag_info":"Noticias","comment_count":"0","_links":{"self":[{"href":"https:\/\/quehacerpolitico.mx\/index.php?rest_route=\/wp\/v2\/posts\/59646","targetHints":{"allow":["GET"]}}],"collection":[{"href":"https:\/\/quehacerpolitico.mx\/index.php?rest_route=\/wp\/v2\/posts"}],"about":[{"href":"https:\/\/quehacerpolitico.mx\/index.php?rest_route=\/wp\/v2\/types\/post"}],"author":[{"embeddable":true,"href":"https:\/\/quehacerpolitico.mx\/index.php?rest_route=\/wp\/v2\/users\/2"}],"replies":[{"embeddable":true,"href":"https:\/\/quehacerpolitico.mx\/index.php?rest_route=%2Fwp%2Fv2%2Fcomments&post=59646"}],"version-history":[{"count":0,"href":"https:\/\/quehacerpolitico.mx\/index.php?rest_route=\/wp\/v2\/posts\/59646\/revisions"}],"wp:featuredmedia":[{"embeddable":true,"href":"https:\/\/quehacerpolitico.mx\/index.php?rest_route=\/wp\/v2\/media\/59648"}],"wp:attachment":[{"href":"https:\/\/quehacerpolitico.mx\/index.php?rest_route=%2Fwp%2Fv2%2Fmedia&parent=59646"}],"wp:term":[{"taxonomy":"category","embeddable":true,"href":"https:\/\/quehacerpolitico.mx\/index.php?rest_route=%2Fwp%2Fv2%2Fcategories&post=59646"},{"taxonomy":"post_tag","embeddable":true,"href":"https:\/\/quehacerpolitico.mx\/index.php?rest_route=%2Fwp%2Fv2%2Ftags&post=59646"}],"curies":[{"name":"wp","href":"https:\/\/api.w.org\/{rel}","templated":true}]}}